{"id":41053,"date":"2026-01-13T11:21:40","date_gmt":"2026-01-13T14:21:40","guid":{"rendered":"https:\/\/portalmf.com.br\/?p=41053"},"modified":"2026-01-13T11:21:41","modified_gmt":"2026-01-13T14:21:41","slug":"noite-da-beleza-negra-elege-a-45a-deusa-do-ebano-do-ile-aiye","status":"publish","type":"post","link":"https:\/\/portalmf.com.br\/index.php\/2026\/01\/13\/noite-da-beleza-negra-elege-a-45a-deusa-do-ebano-do-ile-aiye\/","title":{"rendered":"Noite da Beleza Negra elege a 45\u00aa Deusa do \u00c9bano do Il\u00ea Aiy\u00ea"},"content":{"rendered":"\n<p>Nem toda coroa brilha, mas algumas sustentam o mundo. No dia 17 de janeiro, \u00e0s 22h, a Senzala do Barro Preto, no Curuzu, volta a ser territ\u00f3rio sagrado de afirma\u00e7\u00e3o, mem\u00f3ria e cultura preta com a realiza\u00e7\u00e3o da&nbsp;<strong>45\u00aa Noite da Beleza Negra do Il\u00ea Aiy\u00ea<\/strong>, que eleger\u00e1 a Deusa do \u00c9bano 2026. Inspirada no tema do Carnaval do bloco, \u201cTurbantes e Cocares: a hist\u00f3ria de resist\u00eancia do povo afro e ind\u00edgena de Maric\u00e1\u201d, a cerim\u00f4nia destaca que h\u00e1 coroas que n\u00e3o pesam, mas libertam, feitas de tecido, pena, f\u00e9 e dignidade, erguidas por cabe\u00e7as que nunca se curvaram.<\/p>\n\n\n\n<p>Em meio a processos hist\u00f3ricos de exclus\u00e3o e silenciamento, express\u00f5es culturais negras e ind\u00edgenas seguiram vivas, reinventando-se como formas de resist\u00eancia e perman\u00eancia. Nesta edi\u00e7\u00e3o, a Noite da Beleza Negra evidencia esse di\u00e1logo ancestral, reconhecendo a for\u00e7a compartilhada entre povos que transformaram identidade, espiritualidade e arte em legado. O Curuzu, cora\u00e7\u00e3o pulsante da negritude em Salvador, mais uma vez se transforma em palco de um concurso que desloca a beleza do campo da apar\u00eancia para o da consci\u00eancia pol\u00edtica.<\/p>\n\n\n\n<p>Durante a noite, 15 candidatas sobem ao palco para disputar o t\u00edtulo de Rainha do Il\u00ea Aiy\u00ea, primeiro bloco afro do Brasil, levando dan\u00e7a, presen\u00e7a, ancestralidade, carisma e energia:&nbsp;Bruna Christine, Camila Silva, Camila Morena, Carol Xavier, Cec\u00edlia Cadile, Dandara Nam\u00edbia, Joana Sousa, Larissa Oliveira, Mavih Souza, Nayara Temporal, Rafaela Rosa, Ra\u00edssa Batista, Sarah Moraes, Stephanie Ingrid e Thuane Vit\u00f3ria. A vencedora receber\u00e1 a coroa das m\u00e3os da atual Rainha, Lorena Bispo, que se despede do reinado ap\u00f3s conduzi-lo com eleg\u00e2ncia, respeito e forte conex\u00e3o com o p\u00fablico.<\/p>\n\n\n\n<p><strong>TURBANTES E COCARES: O ENCONTRO DE COROAS &#8211;&nbsp;<\/strong>Com roteiro e dire\u00e7\u00e3o art\u00edstica de Ridson Reis, a 45\u00aa Noite da Beleza Negra prop\u00f5e uma travessia c\u00eanica que entende a beleza como rito e afirma\u00e7\u00e3o coletiva. A concep\u00e7\u00e3o da cerim\u00f4nia parte da compreens\u00e3o de que o evento \u00e9 resultado de uma constru\u00e7\u00e3o hist\u00f3rica cont\u00ednua, marcada pela est\u00e9tica negra enquanto ato pol\u00edtico. Segundo o diretor, a montagem aprofunda imagens e valoriza os elementos que sustentam o espet\u00e1culo ao longo das \u00faltimas edi\u00e7\u00f5es, como o canto, a percuss\u00e3o, a dan\u00e7a e a presen\u00e7a da mulher negra como express\u00e3o de realeza e continuidade.<\/p>\n\n\n\n<p><em>\u201cEste ano, o espet\u00e1culo nasce de escolhas muito conscientes. Os turbantes e cocares aparecem n\u00e3o como est\u00e9tica, mas como heran\u00e7a, resist\u00eancia e pertencimento. Cada edi\u00e7\u00e3o tem sua pr\u00f3pria respira\u00e7\u00e3o. A deste ano est\u00e1 mais madura, mais segura do que quer dizer. E o resultado \u00e9 um espet\u00e1culo mais direto, pulsante e mais conectado com o que o Il\u00ea representa hoje. Cada cena est\u00e1 ali porque precisa estar e cada artista em cena est\u00e1 sustentando um sentido\u201d<\/em>, avalia Ridson.<\/p>\n\n\n\n<p>A cerim\u00f4nia estabelece um di\u00e1logo direto com o tema do Carnaval 2026 do Il\u00ea Aiy\u00ea, que este ano completa 52 anos de hist\u00f3ria, ao aproximar as trajet\u00f3rias do povo negro e dos povos ind\u00edgenas a partir da hist\u00f3ria de Maric\u00e1, no Rio de Janeiro. A proposta ressalta que turbantes e cocares n\u00e3o operam como ornamento, mas como s\u00edmbolos de mem\u00f3ria, resist\u00eancia e direitos forjados na luta.<\/p>\n\n\n\n<p>A identidade visual do Il\u00ea Aiy\u00ea tem a assinatura de Mund\u00e3o, artista e designer respons\u00e1vel pelas estampas e pela cria\u00e7\u00e3o da identidade visual do bloco. J\u00e1 Dete Lima, fundadora e estilista do Il\u00ea, \u00e9 refer\u00eancia na constru\u00e7\u00e3o da moda negra como linguagem pol\u00edtica, de resist\u00eancia e pertencimento que estruturam a Noite da Beleza Negra.<\/p>\n\n\n\n<p>O evento tamb\u00e9m se curva para homenagear Arany Santana, co-fundadora do Il\u00ea Aiy\u00ea, mulher que transformou perman\u00eancia em gesto pol\u00edtico e mem\u00f3ria em a\u00e7\u00e3o cotidiana. Nascida no Rec\u00f4ncavo e forjada no Curuzu, Arany construiu, ao longo de d\u00e9cadas, uma trajet\u00f3ria que iluminou caminhos, protegeu saberes e fez da cultura um territ\u00f3rio de cuidado, for\u00e7a e continuidade. Sua presen\u00e7a sustenta essa hist\u00f3ria n\u00e3o como lembran\u00e7a, mas como pulsa\u00e7\u00e3o viva.<\/p>\n\n\n\n<figure class=\"wp-block-image size-large\"><img fetchpriority=\"high\" decoding=\"async\" width=\"1024\" height=\"682\" src=\"https:\/\/portalmf.com.br\/wp-content\/uploads\/2026\/01\/FOTO1-Credito-Estudio-Casa-de-Mainha-1024x682.jpeg\" alt=\"\" class=\"wp-image-41055\" srcset=\"https:\/\/portalmf.com.br\/wp-content\/uploads\/2026\/01\/FOTO1-Credito-Estudio-Casa-de-Mainha-1024x682.jpeg 1024w, https:\/\/portalmf.com.br\/wp-content\/uploads\/2026\/01\/FOTO1-Credito-Estudio-Casa-de-Mainha-300x200.jpeg 300w, https:\/\/portalmf.com.br\/wp-content\/uploads\/2026\/01\/FOTO1-Credito-Estudio-Casa-de-Mainha-768x512.jpeg 768w, https:\/\/portalmf.com.br\/wp-content\/uploads\/2026\/01\/FOTO1-Credito-Estudio-Casa-de-Mainha-1536x1023.jpeg 1536w, https:\/\/portalmf.com.br\/wp-content\/uploads\/2026\/01\/FOTO1-Credito-Estudio-Casa-de-Mainha-696x464.jpeg 696w, https:\/\/portalmf.com.br\/wp-content\/uploads\/2026\/01\/FOTO1-Credito-Estudio-Casa-de-Mainha-1068x712.jpeg 1068w, https:\/\/portalmf.com.br\/wp-content\/uploads\/2026\/01\/FOTO1-Credito-Estudio-Casa-de-Mainha.jpeg 1600w\" sizes=\"(max-width: 1024px) 100vw, 1024px\" \/><figcaption class=\"wp-element-caption\"><strong>Foto: Casa de Mainha<\/strong><\/figcaption><\/figure>\n\n\n\n<p><strong>ATRA\u00c7\u00d5ES QUE ENGRANDECEM A NOITE &#8211;<\/strong>&nbsp;A pot\u00eancia musical da noite ganha for\u00e7a com a participa\u00e7\u00e3o de&nbsp;Aiace, Sued Nunes e Tigan\u00e1 Santana, tr\u00eas artistas que constroem pontes entre ancestralidade e futuro. Aiace, uma das vozes mais marcantes da m\u00fasica baiana contempor\u00e2nea, leva ao palco sua trajet\u00f3ria de 20 anos marcada por profundidade est\u00e9tica, t\u00e9cnica vocal e compromisso com a transforma\u00e7\u00e3o coletiva. Sued Nunes, destaque da nova cena feminina do Rec\u00f4ncavo Baiano, apresenta can\u00e7\u00f5es atravessadas pela negritude, f\u00e9 e for\u00e7a da cultura afro-brasileira, enquanto Tigan\u00e1 Santana amplia a dimens\u00e3o filos\u00f3fica e sonora da noite ao unir l\u00ednguas africanas, pesquisa acad\u00eamica e experimenta\u00e7\u00e3o musical.<\/p>\n\n\n\n<p>A celebra\u00e7\u00e3o tamb\u00e9m re\u00fane&nbsp;Denise Correia,&nbsp;Gab Ferruz&nbsp;e&nbsp;Riane Mascarenhas, artistas que transitam entre teatro, canto e musicalidades afro-diasp\u00f3ricas. Denise Correia, atriz e cantora com trajet\u00f3ria s\u00f3lida no teatro, cinema e televis\u00e3o, conduz o p\u00fablico por uma experi\u00eancia c\u00eanica de mem\u00f3ria e emo\u00e7\u00e3o. Gab Ferruz, representante da Nova MPB afro-pop, reafirma sua for\u00e7a vocal e est\u00e9tica conectada \u00e0 ancestralidade, enquanto Riane Mascarenhas, cantora, baixista e compositora de Cachoeira, traz o reggae como linguagem de resist\u00eancia, afeto e consci\u00eancia social.<\/p>\n\n\n\n<p>Na sequ\u00eancia de apresenta\u00e7\u00f5es, sobem ao palco&nbsp;<strong>Tonho Mat\u00e9ria<\/strong>,&nbsp;<strong>Koanza (Suliv\u00e3 Bispo)<\/strong>&nbsp;e, para encerrar com chave de ouro,&nbsp;<strong>Banjo Novo<\/strong>, em uma programa\u00e7\u00e3o que traduz a diversidade e a vitalidade da cena cultural baiana. Tonho Mat\u00e9ria, refer\u00eancia hist\u00f3rica do samba-reggae e da m\u00fasica afro-baiana, carrega d\u00e9cadas de inova\u00e7\u00e3o, engajamento e presen\u00e7a internacional. Koanza, personagem criada por Suliv\u00e3 Bispo, une humor, arte-educa\u00e7\u00e3o e cr\u00edtica social a partir do Curuzu, enquanto o Banjo Novo transforma o samba raiz em encontro coletivo, ancestral e urbano, celebrando a mem\u00f3ria viva da cidade.<\/p>\n\n\n\n<p><strong>DO CURUZU PARA O MUNDO &#8211;<\/strong>&nbsp;A Band\u2019Aiy\u00ea, anfitri\u00e3 da noite, apresenta m\u00fasicas vencedoras da 51\u00aa edi\u00e7\u00e3o do Festival de M\u00fasica Negra, al\u00e9m de cl\u00e1ssicos que atravessam gera\u00e7\u00f5es. Integram o repert\u00f3rio&nbsp;<em>Curuzu Mainha<\/em>, que levou o primeiro lugar na categoria \u201cTema\u201d,&nbsp;<em>Malassombrada<\/em>, vencedora da categoria \u201cPoesia\u201d, e can\u00e7\u00f5es como&nbsp;<em>O Mais Belo dos Belos<\/em>,&nbsp;<em>Nzinga Brasileira<\/em>,&nbsp;<em>Heran\u00e7a e Cren\u00e7a<\/em>&nbsp;e&nbsp;<em>Senzala do Amor<\/em>. Cada composi\u00e7\u00e3o reafirma o samba-afro como ato pol\u00edtico de exist\u00eancia e instrumento de combate ao racismo no Brasil.<\/p>\n\n\n\n<p>Os ingressos est\u00e3o \u00e0 venda pela plataforma MeuBilhete, e, refor\u00e7ando o compromisso com a democratiza\u00e7\u00e3o do acesso, a 45\u00aa Noite da Beleza Negra ser\u00e1 transmitida ao vivo pela TVE, TV Brasil e pelo canal da TVE no YouTube, permitindo que a energia do Curuzu atravesse telas, ruas e fronteiras.<\/p>\n\n\n\n<p>A 45\u00aa Noite da Beleza Negra 2026 \u00e9 uma realiza\u00e7\u00e3o da Associa\u00e7\u00e3o Cultural Bloco Carnavalesco Il\u00ea Aiy\u00ea e do Governo Federal, com produ\u00e7\u00e3o da Caderno 2 Produ\u00e7\u00f5es e da Central Black Entretenimento. O evento conta com patroc\u00ednio da Belov, por meio da Lei Federal de Incentivo \u00e0 Cultura \u2013 Lei Rouanet, e da Bahiag\u00e1s; apoio institucional da Prefeitura de Salvador, por meio do Procultura; apoio financeiro do Governo do Estado da Bahia, por meio do Edital de Eventos Calendarizados do Fundo de Cultura da Bahia, Secretaria da Cultura e Secretaria da Fazenda; al\u00e9m do apoio da ITS Brasil, Macaco Gordo e TVE Bahia.<\/p>\n","protected":false},"excerpt":{"rendered":"<p>Nem toda coroa brilha, mas algumas sustentam o mundo. No dia 17 de janeiro, \u00e0s 22h, a Senzala do Barro Preto, no Curuzu, volta a ser territ\u00f3rio sagrado de afirma\u00e7\u00e3o, mem\u00f3ria e cultura preta com a realiza\u00e7\u00e3o da&nbsp;45\u00aa Noite da Beleza Negra do Il\u00ea Aiy\u00ea, que eleger\u00e1 a Deusa do \u00c9bano 2026. Inspirada no tema [&hellip;]<\/p>\n","protected":false},"author":3,"featured_media":41054,"comment_status":"open","ping_status":"open","sticky":false,"template":"","format":"standard","meta":{"_monsterinsights_skip_tracking":false,"_monsterinsights_sitenote_active":false,"_monsterinsights_sitenote_note":"","_monsterinsights_sitenote_category":0,"footnotes":""},"categories":[44,48],"tags":[],"yoast_head":"<!-- This site is optimized with the Yoast SEO plugin v22.9 - https:\/\/yoast.com\/wordpress\/plugins\/seo\/ -->\n<title>Noite da Beleza Negra elege a 45\u00aa Deusa do \u00c9bano do Il\u00ea Aiy\u00ea - Portal MF<\/title>\n<meta name=\"robots\" content=\"index, follow, max-snippet:-1, max-image-preview:large, max-video-preview:-1\" \/>\n<link rel=\"canonical\" href=\"https:\/\/portalmf.com.br\/index.php\/2026\/01\/13\/noite-da-beleza-negra-elege-a-45a-deusa-do-ebano-do-ile-aiye\/\" \/>\n<meta property=\"og:locale\" content=\"pt_BR\" \/>\n<meta property=\"og:type\" content=\"article\" \/>\n<meta property=\"og:title\" content=\"Noite da Beleza Negra elege a 45\u00aa Deusa do \u00c9bano do Il\u00ea Aiy\u00ea - Portal MF\" \/>\n<meta property=\"og:description\" content=\"Nem toda coroa brilha, mas algumas sustentam o mundo. No dia 17 de janeiro, \u00e0s 22h, a Senzala do Barro Preto, no Curuzu, volta a ser territ\u00f3rio sagrado de afirma\u00e7\u00e3o, mem\u00f3ria e cultura preta com a realiza\u00e7\u00e3o da&nbsp;45\u00aa Noite da Beleza Negra do Il\u00ea Aiy\u00ea, que eleger\u00e1 a Deusa do \u00c9bano 2026. Inspirada no tema [&hellip;]\" \/>\n<meta property=\"og:url\" content=\"https:\/\/portalmf.com.br\/index.php\/2026\/01\/13\/noite-da-beleza-negra-elege-a-45a-deusa-do-ebano-do-ile-aiye\/\" \/>\n<meta property=\"og:site_name\" content=\"Portal MF\" \/>\n<meta property=\"article:author\" content=\"https:\/\/www.facebook.com\/portalmfoficial\" \/>\n<meta property=\"article:published_time\" content=\"2026-01-13T14:21:40+00:00\" \/>\n<meta property=\"article:modified_time\" content=\"2026-01-13T14:21:41+00:00\" \/>\n<meta property=\"og:image\" content=\"https:\/\/portalmf.com.br\/wp-content\/uploads\/2026\/01\/FOTO2-Credito-Estudio-Casa-de-Mainha.jpeg\" \/>\n\t<meta property=\"og:image:width\" content=\"799\" \/>\n\t<meta property=\"og:image:height\" content=\"533\" \/>\n\t<meta property=\"og:image:type\" content=\"image\/jpeg\" \/>\n<meta name=\"author\" content=\"Reda\u00e7\u00e3o Portal MF\" \/>\n<meta name=\"twitter:card\" content=\"summary_large_image\" \/>\n<meta name=\"twitter:creator\" content=\"@https:\/\/x.com\/portalmfoficial\" \/>\n<meta name=\"twitter:label1\" content=\"Escrito por\" \/>\n\t<meta name=\"twitter:data1\" content=\"Reda\u00e7\u00e3o Portal MF\" \/>\n\t<meta name=\"twitter:label2\" content=\"Est. tempo de leitura\" \/>\n\t<meta name=\"twitter:data2\" content=\"7 minutos\" \/>\n<script type=\"application\/ld+json\" class=\"yoast-schema-graph\">{\"@context\":\"https:\/\/schema.org\",\"@graph\":[{\"@type\":\"WebPage\",\"@id\":\"https:\/\/portalmf.com.br\/index.php\/2026\/01\/13\/noite-da-beleza-negra-elege-a-45a-deusa-do-ebano-do-ile-aiye\/\",\"url\":\"https:\/\/portalmf.com.br\/index.php\/2026\/01\/13\/noite-da-beleza-negra-elege-a-45a-deusa-do-ebano-do-ile-aiye\/\",\"name\":\"Noite da Beleza Negra elege a 45\u00aa Deusa do \u00c9bano do Il\u00ea Aiy\u00ea - Portal MF\",\"isPartOf\":{\"@id\":\"https:\/\/portalmf.com.br\/#website\"},\"primaryImageOfPage\":{\"@id\":\"https:\/\/portalmf.com.br\/index.php\/2026\/01\/13\/noite-da-beleza-negra-elege-a-45a-deusa-do-ebano-do-ile-aiye\/#primaryimage\"},\"image\":{\"@id\":\"https:\/\/portalmf.com.br\/index.php\/2026\/01\/13\/noite-da-beleza-negra-elege-a-45a-deusa-do-ebano-do-ile-aiye\/#primaryimage\"},\"thumbnailUrl\":\"https:\/\/portalmf.com.br\/wp-content\/uploads\/2026\/01\/FOTO2-Credito-Estudio-Casa-de-Mainha.jpeg\",\"datePublished\":\"2026-01-13T14:21:40+00:00\",\"dateModified\":\"2026-01-13T14:21:41+00:00\",\"author\":{\"@id\":\"https:\/\/portalmf.com.br\/#\/schema\/person\/9ec101baf56233e53520c26de5d6f6f0\"},\"breadcrumb\":{\"@id\":\"https:\/\/portalmf.com.br\/index.php\/2026\/01\/13\/noite-da-beleza-negra-elege-a-45a-deusa-do-ebano-do-ile-aiye\/#breadcrumb\"},\"inLanguage\":\"pt-BR\",\"potentialAction\":[{\"@type\":\"ReadAction\",\"target\":[\"https:\/\/portalmf.com.br\/index.php\/2026\/01\/13\/noite-da-beleza-negra-elege-a-45a-deusa-do-ebano-do-ile-aiye\/\"]}]},{\"@type\":\"ImageObject\",\"inLanguage\":\"pt-BR\",\"@id\":\"https:\/\/portalmf.com.br\/index.php\/2026\/01\/13\/noite-da-beleza-negra-elege-a-45a-deusa-do-ebano-do-ile-aiye\/#primaryimage\",\"url\":\"https:\/\/portalmf.com.br\/wp-content\/uploads\/2026\/01\/FOTO2-Credito-Estudio-Casa-de-Mainha.jpeg\",\"contentUrl\":\"https:\/\/portalmf.com.br\/wp-content\/uploads\/2026\/01\/FOTO2-Credito-Estudio-Casa-de-Mainha.jpeg\",\"width\":799,\"height\":533},{\"@type\":\"BreadcrumbList\",\"@id\":\"https:\/\/portalmf.com.br\/index.php\/2026\/01\/13\/noite-da-beleza-negra-elege-a-45a-deusa-do-ebano-do-ile-aiye\/#breadcrumb\",\"itemListElement\":[{\"@type\":\"ListItem\",\"position\":1,\"name\":\"In\u00edcio\",\"item\":\"https:\/\/portalmf.com.br\/\"},{\"@type\":\"ListItem\",\"position\":2,\"name\":\"Noite da Beleza Negra elege a 45\u00aa Deusa do \u00c9bano do Il\u00ea Aiy\u00ea\"}]},{\"@type\":\"WebSite\",\"@id\":\"https:\/\/portalmf.com.br\/#website\",\"url\":\"https:\/\/portalmf.com.br\/\",\"name\":\"Portal MF\",\"description\":\"Voc\u00ea conectado com a informa\u00e7\u00e3o\",\"potentialAction\":[{\"@type\":\"SearchAction\",\"target\":{\"@type\":\"EntryPoint\",\"urlTemplate\":\"https:\/\/portalmf.com.br\/?s={search_term_string}\"},\"query-input\":\"required name=search_term_string\"}],\"inLanguage\":\"pt-BR\"},{\"@type\":\"Person\",\"@id\":\"https:\/\/portalmf.com.br\/#\/schema\/person\/9ec101baf56233e53520c26de5d6f6f0\",\"name\":\"Reda\u00e7\u00e3o Portal MF\",\"image\":{\"@type\":\"ImageObject\",\"inLanguage\":\"pt-BR\",\"@id\":\"https:\/\/portalmf.com.br\/#\/schema\/person\/image\/\",\"url\":\"https:\/\/secure.gravatar.com\/avatar\/41b9aaeb2100835f7c64362330f74c7f?s=96&d=mm&r=g\",\"contentUrl\":\"https:\/\/secure.gravatar.com\/avatar\/41b9aaeb2100835f7c64362330f74c7f?s=96&d=mm&r=g\",\"caption\":\"Reda\u00e7\u00e3o Portal MF\"},\"description\":\"Sejam bem-vindos o portal de informa\u00e7\u00f5es de entretenimento de Feira de Santana, desde 2006 realiza coberturas dos principais eventos com entrevistas exclusivas com as principais personalidades mundiais. Fique conectado tamb\u00e9m nas redes sociais.\",\"sameAs\":[\"http:\/\/www.portalmf.com.br\/\",\"https:\/\/www.facebook.com\/portalmfoficial\",\"https:\/\/www.instagram.com\/portalmf\/\",\"https:\/\/x.com\/https:\/\/x.com\/portalmfoficial\",\"https:\/\/www.youtube.com\/@portalmfoficial\"],\"url\":\"https:\/\/portalmf.com.br\/index.php\/author\/junior\/\"}]}<\/script>\n<!-- \/ Yoast SEO plugin. -->","yoast_head_json":{"title":"Noite da Beleza Negra elege a 45\u00aa Deusa do \u00c9bano do Il\u00ea Aiy\u00ea - Portal MF","robots":{"index":"index","follow":"follow","max-snippet":"max-snippet:-1","max-image-preview":"max-image-preview:large","max-video-preview":"max-video-preview:-1"},"canonical":"https:\/\/portalmf.com.br\/index.php\/2026\/01\/13\/noite-da-beleza-negra-elege-a-45a-deusa-do-ebano-do-ile-aiye\/","og_locale":"pt_BR","og_type":"article","og_title":"Noite da Beleza Negra elege a 45\u00aa Deusa do \u00c9bano do Il\u00ea Aiy\u00ea - Portal MF","og_description":"Nem toda coroa brilha, mas algumas sustentam o mundo. No dia 17 de janeiro, \u00e0s 22h, a Senzala do Barro Preto, no Curuzu, volta a ser territ\u00f3rio sagrado de afirma\u00e7\u00e3o, mem\u00f3ria e cultura preta com a realiza\u00e7\u00e3o da&nbsp;45\u00aa Noite da Beleza Negra do Il\u00ea Aiy\u00ea, que eleger\u00e1 a Deusa do \u00c9bano 2026. Inspirada no tema [&hellip;]","og_url":"https:\/\/portalmf.com.br\/index.php\/2026\/01\/13\/noite-da-beleza-negra-elege-a-45a-deusa-do-ebano-do-ile-aiye\/","og_site_name":"Portal MF","article_author":"https:\/\/www.facebook.com\/portalmfoficial","article_published_time":"2026-01-13T14:21:40+00:00","article_modified_time":"2026-01-13T14:21:41+00:00","og_image":[{"width":799,"height":533,"url":"https:\/\/portalmf.com.br\/wp-content\/uploads\/2026\/01\/FOTO2-Credito-Estudio-Casa-de-Mainha.jpeg","type":"image\/jpeg"}],"author":"Reda\u00e7\u00e3o Portal MF","twitter_card":"summary_large_image","twitter_creator":"@https:\/\/x.com\/portalmfoficial","twitter_misc":{"Escrito por":"Reda\u00e7\u00e3o Portal MF","Est. tempo de leitura":"7 minutos"},"schema":{"@context":"https:\/\/schema.org","@graph":[{"@type":"WebPage","@id":"https:\/\/portalmf.com.br\/index.php\/2026\/01\/13\/noite-da-beleza-negra-elege-a-45a-deusa-do-ebano-do-ile-aiye\/","url":"https:\/\/portalmf.com.br\/index.php\/2026\/01\/13\/noite-da-beleza-negra-elege-a-45a-deusa-do-ebano-do-ile-aiye\/","name":"Noite da Beleza Negra elege a 45\u00aa Deusa do \u00c9bano do Il\u00ea Aiy\u00ea - Portal MF","isPartOf":{"@id":"https:\/\/portalmf.com.br\/#website"},"primaryImageOfPage":{"@id":"https:\/\/portalmf.com.br\/index.php\/2026\/01\/13\/noite-da-beleza-negra-elege-a-45a-deusa-do-ebano-do-ile-aiye\/#primaryimage"},"image":{"@id":"https:\/\/portalmf.com.br\/index.php\/2026\/01\/13\/noite-da-beleza-negra-elege-a-45a-deusa-do-ebano-do-ile-aiye\/#primaryimage"},"thumbnailUrl":"https:\/\/portalmf.com.br\/wp-content\/uploads\/2026\/01\/FOTO2-Credito-Estudio-Casa-de-Mainha.jpeg","datePublished":"2026-01-13T14:21:40+00:00","dateModified":"2026-01-13T14:21:41+00:00","author":{"@id":"https:\/\/portalmf.com.br\/#\/schema\/person\/9ec101baf56233e53520c26de5d6f6f0"},"breadcrumb":{"@id":"https:\/\/portalmf.com.br\/index.php\/2026\/01\/13\/noite-da-beleza-negra-elege-a-45a-deusa-do-ebano-do-ile-aiye\/#breadcrumb"},"inLanguage":"pt-BR","potentialAction":[{"@type":"ReadAction","target":["https:\/\/portalmf.com.br\/index.php\/2026\/01\/13\/noite-da-beleza-negra-elege-a-45a-deusa-do-ebano-do-ile-aiye\/"]}]},{"@type":"ImageObject","inLanguage":"pt-BR","@id":"https:\/\/portalmf.com.br\/index.php\/2026\/01\/13\/noite-da-beleza-negra-elege-a-45a-deusa-do-ebano-do-ile-aiye\/#primaryimage","url":"https:\/\/portalmf.com.br\/wp-content\/uploads\/2026\/01\/FOTO2-Credito-Estudio-Casa-de-Mainha.jpeg","contentUrl":"https:\/\/portalmf.com.br\/wp-content\/uploads\/2026\/01\/FOTO2-Credito-Estudio-Casa-de-Mainha.jpeg","width":799,"height":533},{"@type":"BreadcrumbList","@id":"https:\/\/portalmf.com.br\/index.php\/2026\/01\/13\/noite-da-beleza-negra-elege-a-45a-deusa-do-ebano-do-ile-aiye\/#breadcrumb","itemListElement":[{"@type":"ListItem","position":1,"name":"In\u00edcio","item":"https:\/\/portalmf.com.br\/"},{"@type":"ListItem","position":2,"name":"Noite da Beleza Negra elege a 45\u00aa Deusa do \u00c9bano do Il\u00ea Aiy\u00ea"}]},{"@type":"WebSite","@id":"https:\/\/portalmf.com.br\/#website","url":"https:\/\/portalmf.com.br\/","name":"Portal MF","description":"Voc\u00ea conectado com a informa\u00e7\u00e3o","potentialAction":[{"@type":"SearchAction","target":{"@type":"EntryPoint","urlTemplate":"https:\/\/portalmf.com.br\/?s={search_term_string}"},"query-input":"required name=search_term_string"}],"inLanguage":"pt-BR"},{"@type":"Person","@id":"https:\/\/portalmf.com.br\/#\/schema\/person\/9ec101baf56233e53520c26de5d6f6f0","name":"Reda\u00e7\u00e3o Portal MF","image":{"@type":"ImageObject","inLanguage":"pt-BR","@id":"https:\/\/portalmf.com.br\/#\/schema\/person\/image\/","url":"https:\/\/secure.gravatar.com\/avatar\/41b9aaeb2100835f7c64362330f74c7f?s=96&d=mm&r=g","contentUrl":"https:\/\/secure.gravatar.com\/avatar\/41b9aaeb2100835f7c64362330f74c7f?s=96&d=mm&r=g","caption":"Reda\u00e7\u00e3o Portal MF"},"description":"Sejam bem-vindos o portal de informa\u00e7\u00f5es de entretenimento de Feira de Santana, desde 2006 realiza coberturas dos principais eventos com entrevistas exclusivas com as principais personalidades mundiais. Fique conectado tamb\u00e9m nas redes sociais.","sameAs":["http:\/\/www.portalmf.com.br\/","https:\/\/www.facebook.com\/portalmfoficial","https:\/\/www.instagram.com\/portalmf\/","https:\/\/x.com\/https:\/\/x.com\/portalmfoficial","https:\/\/www.youtube.com\/@portalmfoficial"],"url":"https:\/\/portalmf.com.br\/index.php\/author\/junior\/"}]}},"_links":{"self":[{"href":"https:\/\/portalmf.com.br\/index.php\/wp-json\/wp\/v2\/posts\/41053"}],"collection":[{"href":"https:\/\/portalmf.com.br\/index.php\/wp-json\/wp\/v2\/posts"}],"about":[{"href":"https:\/\/portalmf.com.br\/index.php\/wp-json\/wp\/v2\/types\/post"}],"author":[{"embeddable":true,"href":"https:\/\/portalmf.com.br\/index.php\/wp-json\/wp\/v2\/users\/3"}],"replies":[{"embeddable":true,"href":"https:\/\/portalmf.com.br\/index.php\/wp-json\/wp\/v2\/comments?post=41053"}],"version-history":[{"count":1,"href":"https:\/\/portalmf.com.br\/index.php\/wp-json\/wp\/v2\/posts\/41053\/revisions"}],"predecessor-version":[{"id":41056,"href":"https:\/\/portalmf.com.br\/index.php\/wp-json\/wp\/v2\/posts\/41053\/revisions\/41056"}],"wp:featuredmedia":[{"embeddable":true,"href":"https:\/\/portalmf.com.br\/index.php\/wp-json\/wp\/v2\/media\/41054"}],"wp:attachment":[{"href":"https:\/\/portalmf.com.br\/index.php\/wp-json\/wp\/v2\/media?parent=41053"}],"wp:term":[{"taxonomy":"category","embeddable":true,"href":"https:\/\/portalmf.com.br\/index.php\/wp-json\/wp\/v2\/categories?post=41053"},{"taxonomy":"post_tag","embeddable":true,"href":"https:\/\/portalmf.com.br\/index.php\/wp-json\/wp\/v2\/tags?post=41053"}],"curies":[{"name":"wp","href":"https:\/\/api.w.org\/{rel}","templated":true}]}}