{"id":41049,"date":"2026-01-13T11:09:53","date_gmt":"2026-01-13T14:09:53","guid":{"rendered":"https:\/\/portalmf.com.br\/?p=41049"},"modified":"2026-01-13T11:10:39","modified_gmt":"2026-01-13T14:10:39","slug":"luiz-caldas-promete-previa-do-carnaval-com-magia-e-energia","status":"publish","type":"post","link":"https:\/\/portalmf.com.br\/index.php\/2026\/01\/13\/luiz-caldas-promete-previa-do-carnaval-com-magia-e-energia\/","title":{"rendered":"Luiz Caldas promete pr\u00e9via do Carnaval com magia e energia"},"content":{"rendered":"\n<p>Na v\u00e9spera de seu anivers\u00e1rio de 63 anos (19\/01), Luiz Caldas anuncia tr\u00eas horas de show na sua tradicional e concorrida Festa Magia no pr\u00f3ximo domingo (18) a partir das 16 horas no Museu de Arte Moderna (MAM). O recado revela sua vitalidade e alegria de comemorar a sua vida cantando e dan\u00e7ando ao lado do seu p\u00fablico fiel, como vem fazendo ao longo dos \u00faltimos anos.<\/p>\n\n\n\n<p>Mais do que celebrar sua vida e carreira, ele conta que vai fazer do encontro uma pr\u00e9via do Carnaval com um repert\u00f3rio na medida para seus f\u00e3s pularem muito e sentirem toda a energia que toma conta de Salvador nesse per\u00edodo do ano. \u201c \u00c9 um show com can\u00e7\u00f5es emblem\u00e1ticas, um repert\u00f3rio que conta hist\u00f3rias, atravessa \u00e9pocas e, ao mesmo tempo, \u00e9 fresco. Vai ter muita m\u00fasica boa, minhas e de meus colegas da Ax\u00e9 Music. Ser\u00e1 uma festa linda dentro do nosso ver\u00e3o, que \u00e9 muito bonito\u201d.<\/p>\n\n\n\n<p>Se no palco o mestre d\u00e1 um show que deixa a plateia extasiada, ao seu redor, o cen\u00e1rio tamb\u00e9m promete arrancar suspiros. \u00c9 ao p\u00f4r do sol, no bel\u00edssimo cen\u00e1rio do MAM, que Luiz inicia sua apresenta\u00e7\u00e3o e faz a real magia acontecer. <\/p>\n\n\n\n<p><em>\u201cEu adoro preparar espet\u00e1culos diferentes, mas que mant\u00eam a mesma energia e magia. O cen\u00e1rio do MAM completa tudo: aquele visual j\u00e1 \u00e9 um espet\u00e1culo \u00e0 parte\u201d,<\/em><\/p>\n\n\n\n<p>Can\u00e7\u00f5es esperadas como \u201cTieta\u201d, \u201cMagia\u201d, \u201cAjay\u00f4\u201d, \u201cO que \u00e9 que essa nega quer\u201d dialogam com surpresas e instantes de cria\u00e7\u00e3o espont\u00e2nea, numa comunh\u00e3o que traduz a ess\u00eancia desse encontro t\u00e3o esperado com o criador da Ax\u00e9 Music. O convite de Luiz para seu p\u00fablico \u00e9 para que, juntos, fa\u00e7am a m\u00e1gica acontecer. \u201cSer\u00e3o tr\u00eas horas de muita m\u00fasica. Preparem-se\u201d, brinca ele.<\/p>\n\n\n\n<p>E a festa n\u00e3o para por a\u00ed. No dia 8 de fevereiro, Luiz Caldas retorna com o Baile do Luiz, na Ch\u00e1cara Baluarte, mais um evento consagrado do seu calend\u00e1rio de ver\u00e3o, refor\u00e7ando a tradi\u00e7\u00e3o de encontros marcados por m\u00fasica, dan\u00e7a e celebra\u00e7\u00e3o coletiva.<\/p>\n","protected":false},"excerpt":{"rendered":"<p>Na v\u00e9spera de seu anivers\u00e1rio de 63 anos (19\/01), Luiz Caldas anuncia tr\u00eas horas de show na sua tradicional e concorrida Festa Magia no pr\u00f3ximo domingo (18) a partir das 16 horas no Museu de Arte Moderna (MAM). O recado revela sua vitalidade e alegria de comemorar a sua vida cantando e dan\u00e7ando ao lado [&hellip;]<\/p>\n","protected":false},"author":3,"featured_media":41050,"comment_status":"open","ping_status":"open","sticky":false,"template":"","format":"standard","meta":{"_monsterinsights_skip_tracking":false,"_monsterinsights_sitenote_active":false,"_monsterinsights_sitenote_note":"","_monsterinsights_sitenote_category":0,"footnotes":""},"categories":[44,48],"tags":[],"yoast_head":"<!-- This site is optimized with the Yoast SEO plugin v22.9 - https:\/\/yoast.com\/wordpress\/plugins\/seo\/ -->\n<title>Luiz Caldas promete pr\u00e9via do Carnaval com magia e energia - Portal MF<\/title>\n<meta name=\"robots\" content=\"index, follow, max-snippet:-1, max-image-preview:large, max-video-preview:-1\" \/>\n<link rel=\"canonical\" href=\"https:\/\/portalmf.com.br\/index.php\/2026\/01\/13\/luiz-caldas-promete-previa-do-carnaval-com-magia-e-energia\/\" \/>\n<meta property=\"og:locale\" content=\"pt_BR\" \/>\n<meta property=\"og:type\" content=\"article\" \/>\n<meta property=\"og:title\" content=\"Luiz Caldas promete pr\u00e9via do Carnaval com magia e energia - Portal MF\" \/>\n<meta property=\"og:description\" content=\"Na v\u00e9spera de seu anivers\u00e1rio de 63 anos (19\/01), Luiz Caldas anuncia tr\u00eas horas de show na sua tradicional e concorrida Festa Magia no pr\u00f3ximo domingo (18) a partir das 16 horas no Museu de Arte Moderna (MAM). O recado revela sua vitalidade e alegria de comemorar a sua vida cantando e dan\u00e7ando ao lado [&hellip;]\" \/>\n<meta property=\"og:url\" content=\"https:\/\/portalmf.com.br\/index.php\/2026\/01\/13\/luiz-caldas-promete-previa-do-carnaval-com-magia-e-energia\/\" \/>\n<meta property=\"og:site_name\" content=\"Portal MF\" \/>\n<meta property=\"article:author\" content=\"https:\/\/www.facebook.com\/portalmfoficial\" \/>\n<meta property=\"article:published_time\" content=\"2026-01-13T14:09:53+00:00\" \/>\n<meta property=\"article:modified_time\" content=\"2026-01-13T14:10:39+00:00\" \/>\n<meta property=\"og:image\" content=\"https:\/\/portalmf.com.br\/wp-content\/uploads\/2026\/01\/Luiz-Caldas-promete-previa-do-Carnaval-com-magia-e-energia-no-proximo-domingo_.jpeg\" \/>\n\t<meta property=\"og:image:width\" content=\"1280\" \/>\n\t<meta property=\"og:image:height\" content=\"853\" \/>\n\t<meta property=\"og:image:type\" content=\"image\/jpeg\" \/>\n<meta name=\"author\" content=\"Reda\u00e7\u00e3o Portal MF\" \/>\n<meta name=\"twitter:card\" content=\"summary_large_image\" \/>\n<meta name=\"twitter:creator\" content=\"@https:\/\/x.com\/portalmfoficial\" \/>\n<meta name=\"twitter:label1\" content=\"Escrito por\" \/>\n\t<meta name=\"twitter:data1\" content=\"Reda\u00e7\u00e3o Portal MF\" \/>\n\t<meta name=\"twitter:label2\" content=\"Est. tempo de leitura\" \/>\n\t<meta name=\"twitter:data2\" content=\"3 minutos\" \/>\n<script type=\"application\/ld+json\" class=\"yoast-schema-graph\">{\"@context\":\"https:\/\/schema.org\",\"@graph\":[{\"@type\":\"WebPage\",\"@id\":\"https:\/\/portalmf.com.br\/index.php\/2026\/01\/13\/luiz-caldas-promete-previa-do-carnaval-com-magia-e-energia\/\",\"url\":\"https:\/\/portalmf.com.br\/index.php\/2026\/01\/13\/luiz-caldas-promete-previa-do-carnaval-com-magia-e-energia\/\",\"name\":\"Luiz Caldas promete pr\u00e9via do Carnaval com magia e energia - Portal MF\",\"isPartOf\":{\"@id\":\"https:\/\/portalmf.com.br\/#website\"},\"primaryImageOfPage\":{\"@id\":\"https:\/\/portalmf.com.br\/index.php\/2026\/01\/13\/luiz-caldas-promete-previa-do-carnaval-com-magia-e-energia\/#primaryimage\"},\"image\":{\"@id\":\"https:\/\/portalmf.com.br\/index.php\/2026\/01\/13\/luiz-caldas-promete-previa-do-carnaval-com-magia-e-energia\/#primaryimage\"},\"thumbnailUrl\":\"https:\/\/portalmf.com.br\/wp-content\/uploads\/2026\/01\/Luiz-Caldas-promete-previa-do-Carnaval-com-magia-e-energia-no-proximo-domingo_.jpeg\",\"datePublished\":\"2026-01-13T14:09:53+00:00\",\"dateModified\":\"2026-01-13T14:10:39+00:00\",\"author\":{\"@id\":\"https:\/\/portalmf.com.br\/#\/schema\/person\/9ec101baf56233e53520c26de5d6f6f0\"},\"breadcrumb\":{\"@id\":\"https:\/\/portalmf.com.br\/index.php\/2026\/01\/13\/luiz-caldas-promete-previa-do-carnaval-com-magia-e-energia\/#breadcrumb\"},\"inLanguage\":\"pt-BR\",\"potentialAction\":[{\"@type\":\"ReadAction\",\"target\":[\"https:\/\/portalmf.com.br\/index.php\/2026\/01\/13\/luiz-caldas-promete-previa-do-carnaval-com-magia-e-energia\/\"]}]},{\"@type\":\"ImageObject\",\"inLanguage\":\"pt-BR\",\"@id\":\"https:\/\/portalmf.com.br\/index.php\/2026\/01\/13\/luiz-caldas-promete-previa-do-carnaval-com-magia-e-energia\/#primaryimage\",\"url\":\"https:\/\/portalmf.com.br\/wp-content\/uploads\/2026\/01\/Luiz-Caldas-promete-previa-do-Carnaval-com-magia-e-energia-no-proximo-domingo_.jpeg\",\"contentUrl\":\"https:\/\/portalmf.com.br\/wp-content\/uploads\/2026\/01\/Luiz-Caldas-promete-previa-do-Carnaval-com-magia-e-energia-no-proximo-domingo_.jpeg\",\"width\":1280,\"height\":853},{\"@type\":\"BreadcrumbList\",\"@id\":\"https:\/\/portalmf.com.br\/index.php\/2026\/01\/13\/luiz-caldas-promete-previa-do-carnaval-com-magia-e-energia\/#breadcrumb\",\"itemListElement\":[{\"@type\":\"ListItem\",\"position\":1,\"name\":\"In\u00edcio\",\"item\":\"https:\/\/portalmf.com.br\/\"},{\"@type\":\"ListItem\",\"position\":2,\"name\":\"Luiz Caldas promete pr\u00e9via do Carnaval com magia e energia\"}]},{\"@type\":\"WebSite\",\"@id\":\"https:\/\/portalmf.com.br\/#website\",\"url\":\"https:\/\/portalmf.com.br\/\",\"name\":\"Portal MF\",\"description\":\"Voc\u00ea conectado com a informa\u00e7\u00e3o\",\"potentialAction\":[{\"@type\":\"SearchAction\",\"target\":{\"@type\":\"EntryPoint\",\"urlTemplate\":\"https:\/\/portalmf.com.br\/?s={search_term_string}\"},\"query-input\":\"required name=search_term_string\"}],\"inLanguage\":\"pt-BR\"},{\"@type\":\"Person\",\"@id\":\"https:\/\/portalmf.com.br\/#\/schema\/person\/9ec101baf56233e53520c26de5d6f6f0\",\"name\":\"Reda\u00e7\u00e3o Portal MF\",\"image\":{\"@type\":\"ImageObject\",\"inLanguage\":\"pt-BR\",\"@id\":\"https:\/\/portalmf.com.br\/#\/schema\/person\/image\/\",\"url\":\"https:\/\/secure.gravatar.com\/avatar\/41b9aaeb2100835f7c64362330f74c7f?s=96&d=mm&r=g\",\"contentUrl\":\"https:\/\/secure.gravatar.com\/avatar\/41b9aaeb2100835f7c64362330f74c7f?s=96&d=mm&r=g\",\"caption\":\"Reda\u00e7\u00e3o Portal MF\"},\"description\":\"Sejam bem-vindos o portal de informa\u00e7\u00f5es de entretenimento de Feira de Santana, desde 2006 realiza coberturas dos principais eventos com entrevistas exclusivas com as principais personalidades mundiais. Fique conectado tamb\u00e9m nas redes sociais.\",\"sameAs\":[\"http:\/\/www.portalmf.com.br\/\",\"https:\/\/www.facebook.com\/portalmfoficial\",\"https:\/\/www.instagram.com\/portalmf\/\",\"https:\/\/x.com\/https:\/\/x.com\/portalmfoficial\",\"https:\/\/www.youtube.com\/@portalmfoficial\"],\"url\":\"https:\/\/portalmf.com.br\/index.php\/author\/junior\/\"}]}<\/script>\n<!-- \/ Yoast SEO plugin. -->","yoast_head_json":{"title":"Luiz Caldas promete pr\u00e9via do Carnaval com magia e energia - Portal MF","robots":{"index":"index","follow":"follow","max-snippet":"max-snippet:-1","max-image-preview":"max-image-preview:large","max-video-preview":"max-video-preview:-1"},"canonical":"https:\/\/portalmf.com.br\/index.php\/2026\/01\/13\/luiz-caldas-promete-previa-do-carnaval-com-magia-e-energia\/","og_locale":"pt_BR","og_type":"article","og_title":"Luiz Caldas promete pr\u00e9via do Carnaval com magia e energia - Portal MF","og_description":"Na v\u00e9spera de seu anivers\u00e1rio de 63 anos (19\/01), Luiz Caldas anuncia tr\u00eas horas de show na sua tradicional e concorrida Festa Magia no pr\u00f3ximo domingo (18) a partir das 16 horas no Museu de Arte Moderna (MAM). O recado revela sua vitalidade e alegria de comemorar a sua vida cantando e dan\u00e7ando ao lado [&hellip;]","og_url":"https:\/\/portalmf.com.br\/index.php\/2026\/01\/13\/luiz-caldas-promete-previa-do-carnaval-com-magia-e-energia\/","og_site_name":"Portal MF","article_author":"https:\/\/www.facebook.com\/portalmfoficial","article_published_time":"2026-01-13T14:09:53+00:00","article_modified_time":"2026-01-13T14:10:39+00:00","og_image":[{"width":1280,"height":853,"url":"https:\/\/portalmf.com.br\/wp-content\/uploads\/2026\/01\/Luiz-Caldas-promete-previa-do-Carnaval-com-magia-e-energia-no-proximo-domingo_.jpeg","type":"image\/jpeg"}],"author":"Reda\u00e7\u00e3o Portal MF","twitter_card":"summary_large_image","twitter_creator":"@https:\/\/x.com\/portalmfoficial","twitter_misc":{"Escrito por":"Reda\u00e7\u00e3o Portal MF","Est. tempo de leitura":"3 minutos"},"schema":{"@context":"https:\/\/schema.org","@graph":[{"@type":"WebPage","@id":"https:\/\/portalmf.com.br\/index.php\/2026\/01\/13\/luiz-caldas-promete-previa-do-carnaval-com-magia-e-energia\/","url":"https:\/\/portalmf.com.br\/index.php\/2026\/01\/13\/luiz-caldas-promete-previa-do-carnaval-com-magia-e-energia\/","name":"Luiz Caldas promete pr\u00e9via do Carnaval com magia e energia - Portal MF","isPartOf":{"@id":"https:\/\/portalmf.com.br\/#website"},"primaryImageOfPage":{"@id":"https:\/\/portalmf.com.br\/index.php\/2026\/01\/13\/luiz-caldas-promete-previa-do-carnaval-com-magia-e-energia\/#primaryimage"},"image":{"@id":"https:\/\/portalmf.com.br\/index.php\/2026\/01\/13\/luiz-caldas-promete-previa-do-carnaval-com-magia-e-energia\/#primaryimage"},"thumbnailUrl":"https:\/\/portalmf.com.br\/wp-content\/uploads\/2026\/01\/Luiz-Caldas-promete-previa-do-Carnaval-com-magia-e-energia-no-proximo-domingo_.jpeg","datePublished":"2026-01-13T14:09:53+00:00","dateModified":"2026-01-13T14:10:39+00:00","author":{"@id":"https:\/\/portalmf.com.br\/#\/schema\/person\/9ec101baf56233e53520c26de5d6f6f0"},"breadcrumb":{"@id":"https:\/\/portalmf.com.br\/index.php\/2026\/01\/13\/luiz-caldas-promete-previa-do-carnaval-com-magia-e-energia\/#breadcrumb"},"inLanguage":"pt-BR","potentialAction":[{"@type":"ReadAction","target":["https:\/\/portalmf.com.br\/index.php\/2026\/01\/13\/luiz-caldas-promete-previa-do-carnaval-com-magia-e-energia\/"]}]},{"@type":"ImageObject","inLanguage":"pt-BR","@id":"https:\/\/portalmf.com.br\/index.php\/2026\/01\/13\/luiz-caldas-promete-previa-do-carnaval-com-magia-e-energia\/#primaryimage","url":"https:\/\/portalmf.com.br\/wp-content\/uploads\/2026\/01\/Luiz-Caldas-promete-previa-do-Carnaval-com-magia-e-energia-no-proximo-domingo_.jpeg","contentUrl":"https:\/\/portalmf.com.br\/wp-content\/uploads\/2026\/01\/Luiz-Caldas-promete-previa-do-Carnaval-com-magia-e-energia-no-proximo-domingo_.jpeg","width":1280,"height":853},{"@type":"BreadcrumbList","@id":"https:\/\/portalmf.com.br\/index.php\/2026\/01\/13\/luiz-caldas-promete-previa-do-carnaval-com-magia-e-energia\/#breadcrumb","itemListElement":[{"@type":"ListItem","position":1,"name":"In\u00edcio","item":"https:\/\/portalmf.com.br\/"},{"@type":"ListItem","position":2,"name":"Luiz Caldas promete pr\u00e9via do Carnaval com magia e energia"}]},{"@type":"WebSite","@id":"https:\/\/portalmf.com.br\/#website","url":"https:\/\/portalmf.com.br\/","name":"Portal MF","description":"Voc\u00ea conectado com a informa\u00e7\u00e3o","potentialAction":[{"@type":"SearchAction","target":{"@type":"EntryPoint","urlTemplate":"https:\/\/portalmf.com.br\/?s={search_term_string}"},"query-input":"required name=search_term_string"}],"inLanguage":"pt-BR"},{"@type":"Person","@id":"https:\/\/portalmf.com.br\/#\/schema\/person\/9ec101baf56233e53520c26de5d6f6f0","name":"Reda\u00e7\u00e3o Portal MF","image":{"@type":"ImageObject","inLanguage":"pt-BR","@id":"https:\/\/portalmf.com.br\/#\/schema\/person\/image\/","url":"https:\/\/secure.gravatar.com\/avatar\/41b9aaeb2100835f7c64362330f74c7f?s=96&d=mm&r=g","contentUrl":"https:\/\/secure.gravatar.com\/avatar\/41b9aaeb2100835f7c64362330f74c7f?s=96&d=mm&r=g","caption":"Reda\u00e7\u00e3o Portal MF"},"description":"Sejam bem-vindos o portal de informa\u00e7\u00f5es de entretenimento de Feira de Santana, desde 2006 realiza coberturas dos principais eventos com entrevistas exclusivas com as principais personalidades mundiais. Fique conectado tamb\u00e9m nas redes sociais.","sameAs":["http:\/\/www.portalmf.com.br\/","https:\/\/www.facebook.com\/portalmfoficial","https:\/\/www.instagram.com\/portalmf\/","https:\/\/x.com\/https:\/\/x.com\/portalmfoficial","https:\/\/www.youtube.com\/@portalmfoficial"],"url":"https:\/\/portalmf.com.br\/index.php\/author\/junior\/"}]}},"_links":{"self":[{"href":"https:\/\/portalmf.com.br\/index.php\/wp-json\/wp\/v2\/posts\/41049"}],"collection":[{"href":"https:\/\/portalmf.com.br\/index.php\/wp-json\/wp\/v2\/posts"}],"about":[{"href":"https:\/\/portalmf.com.br\/index.php\/wp-json\/wp\/v2\/types\/post"}],"author":[{"embeddable":true,"href":"https:\/\/portalmf.com.br\/index.php\/wp-json\/wp\/v2\/users\/3"}],"replies":[{"embeddable":true,"href":"https:\/\/portalmf.com.br\/index.php\/wp-json\/wp\/v2\/comments?post=41049"}],"version-history":[{"count":2,"href":"https:\/\/portalmf.com.br\/index.php\/wp-json\/wp\/v2\/posts\/41049\/revisions"}],"predecessor-version":[{"id":41052,"href":"https:\/\/portalmf.com.br\/index.php\/wp-json\/wp\/v2\/posts\/41049\/revisions\/41052"}],"wp:featuredmedia":[{"embeddable":true,"href":"https:\/\/portalmf.com.br\/index.php\/wp-json\/wp\/v2\/media\/41050"}],"wp:attachment":[{"href":"https:\/\/portalmf.com.br\/index.php\/wp-json\/wp\/v2\/media?parent=41049"}],"wp:term":[{"taxonomy":"category","embeddable":true,"href":"https:\/\/portalmf.com.br\/index.php\/wp-json\/wp\/v2\/categories?post=41049"},{"taxonomy":"post_tag","embeddable":true,"href":"https:\/\/portalmf.com.br\/index.php\/wp-json\/wp\/v2\/tags?post=41049"}],"curies":[{"name":"wp","href":"https:\/\/api.w.org\/{rel}","templated":true}]}}