{"id":4103,"date":"2022-09-07T14:47:00","date_gmt":"2022-09-07T17:47:00","guid":{"rendered":"http:\/\/portalmf.com.br\/?p=4103"},"modified":"2022-09-09T14:49:29","modified_gmt":"2022-09-09T17:49:29","slug":"ze-chico-participa-de-carreata-nos-bairros-jardim-cruzeiro-e-sobradinho","status":"publish","type":"post","link":"https:\/\/portalmf.com.br\/index.php\/2022\/09\/07\/ze-chico-participa-de-carreata-nos-bairros-jardim-cruzeiro-e-sobradinho\/","title":{"rendered":"Z\u00e9 Chico participa de carreata nos bairros Jardim Cruzeiro e Sobradinho"},"content":{"rendered":"\n<p>A noite desta ter\u00e7a-feira (06) ficou marcada pela grande carreata do candidato a deputado federal pelo Uni\u00e3o Brasil, Z\u00e9 Chico (4470), nos bairros Jardim Cruzeiro e Sobradinho. Autoridades, apoiadores e lideran\u00e7as pol\u00edticas de Feira e regi\u00e3o acompanharam Z\u00e9 Chico durante a carreata.<\/p>\n\n\n\n<p>Os apoiadores percorreram v\u00e1rias vias das localidades, como as ruas Volunt\u00e1rios da P\u00e1tria, Andara\u00ed e Juazeiro para apresentar o projeto pol\u00edtico de Z\u00e9 Chico para o pleito de outubro pr\u00f3ximo.<\/p>\n\n\n\n<p>O movimento ficou marcado pela alegria dos eleitores ao dialogar e encontrar com o candidato \u00e0 C\u00e2mara dos Deputados, que uma vez mais agradeceu pelo apoio e confian\u00e7a dos moradores dos bairros que receberam a sua comitiva.<\/p>\n","protected":false},"excerpt":{"rendered":"<p>A noite desta ter\u00e7a-feira (06) ficou marcada pela grande carreata do candidato a deputado federal pelo Uni\u00e3o Brasil, Z\u00e9 Chico (4470), nos bairros Jardim Cruzeiro e Sobradinho. Autoridades, apoiadores e lideran\u00e7as pol\u00edticas de Feira e regi\u00e3o acompanharam Z\u00e9 Chico durante a carreata. Os apoiadores percorreram v\u00e1rias vias das localidades, como as ruas Volunt\u00e1rios da P\u00e1tria, [&hellip;]<\/p>\n","protected":false},"author":2,"featured_media":4104,"comment_status":"open","ping_status":"open","sticky":false,"template":"","format":"standard","meta":{"_monsterinsights_skip_tracking":false,"_monsterinsights_sitenote_active":false,"_monsterinsights_sitenote_note":"","_monsterinsights_sitenote_category":0,"footnotes":""},"categories":[34],"tags":[66,67],"yoast_head":"<!-- This site is optimized with the Yoast SEO plugin v22.9 - https:\/\/yoast.com\/wordpress\/plugins\/seo\/ -->\n<title>Z\u00e9 Chico participa de carreata nos bairros Jardim Cruzeiro e Sobradinho - Portal MF<\/title>\n<meta name=\"robots\" content=\"index, follow, max-snippet:-1, max-image-preview:large, max-video-preview:-1\" \/>\n<link rel=\"canonical\" href=\"https:\/\/portalmf.com.br\/index.php\/2022\/09\/07\/ze-chico-participa-de-carreata-nos-bairros-jardim-cruzeiro-e-sobradinho\/\" \/>\n<meta property=\"og:locale\" content=\"pt_BR\" \/>\n<meta property=\"og:type\" content=\"article\" \/>\n<meta property=\"og:title\" content=\"Z\u00e9 Chico participa de carreata nos bairros Jardim Cruzeiro e Sobradinho - Portal MF\" \/>\n<meta property=\"og:description\" content=\"A noite desta ter\u00e7a-feira (06) ficou marcada pela grande carreata do candidato a deputado federal pelo Uni\u00e3o Brasil, Z\u00e9 Chico (4470), nos bairros Jardim Cruzeiro e Sobradinho. Autoridades, apoiadores e lideran\u00e7as pol\u00edticas de Feira e regi\u00e3o acompanharam Z\u00e9 Chico durante a carreata. Os apoiadores percorreram v\u00e1rias vias das localidades, como as ruas Volunt\u00e1rios da P\u00e1tria, [&hellip;]\" \/>\n<meta property=\"og:url\" content=\"https:\/\/portalmf.com.br\/index.php\/2022\/09\/07\/ze-chico-participa-de-carreata-nos-bairros-jardim-cruzeiro-e-sobradinho\/\" \/>\n<meta property=\"og:site_name\" content=\"Portal MF\" \/>\n<meta property=\"article:author\" content=\"reginaldojrfsa\" \/>\n<meta property=\"article:published_time\" content=\"2022-09-07T17:47:00+00:00\" \/>\n<meta property=\"article:modified_time\" content=\"2022-09-09T17:49:29+00:00\" \/>\n<meta property=\"og:image\" content=\"https:\/\/portalmf.com.br\/wp-content\/uploads\/2022\/09\/Ze-Chico-participa-de-carreata-nos-bairros-Jardim-Cruzeiro-e-Sobradinho.jpeg\" \/>\n\t<meta property=\"og:image:width\" content=\"958\" \/>\n\t<meta property=\"og:image:height\" content=\"797\" \/>\n\t<meta property=\"og:image:type\" content=\"image\/jpeg\" \/>\n<meta name=\"author\" content=\"Reginaldo J\u00fanior\" \/>\n<meta name=\"twitter:card\" content=\"summary_large_image\" \/>\n<meta name=\"twitter:creator\" content=\"@reginaldojrmf\" \/>\n<meta name=\"twitter:label1\" content=\"Escrito por\" \/>\n\t<meta name=\"twitter:data1\" content=\"Reginaldo J\u00fanior\" \/>\n\t<meta name=\"twitter:label2\" content=\"Est. tempo de leitura\" \/>\n\t<meta name=\"twitter:data2\" content=\"1 minuto\" \/>\n<script type=\"application\/ld+json\" class=\"yoast-schema-graph\">{\"@context\":\"https:\/\/schema.org\",\"@graph\":[{\"@type\":\"WebPage\",\"@id\":\"https:\/\/portalmf.com.br\/index.php\/2022\/09\/07\/ze-chico-participa-de-carreata-nos-bairros-jardim-cruzeiro-e-sobradinho\/\",\"url\":\"https:\/\/portalmf.com.br\/index.php\/2022\/09\/07\/ze-chico-participa-de-carreata-nos-bairros-jardim-cruzeiro-e-sobradinho\/\",\"name\":\"Z\u00e9 Chico participa de carreata nos bairros Jardim Cruzeiro e Sobradinho - Portal MF\",\"isPartOf\":{\"@id\":\"https:\/\/portalmf.com.br\/#website\"},\"primaryImageOfPage\":{\"@id\":\"https:\/\/portalmf.com.br\/index.php\/2022\/09\/07\/ze-chico-participa-de-carreata-nos-bairros-jardim-cruzeiro-e-sobradinho\/#primaryimage\"},\"image\":{\"@id\":\"https:\/\/portalmf.com.br\/index.php\/2022\/09\/07\/ze-chico-participa-de-carreata-nos-bairros-jardim-cruzeiro-e-sobradinho\/#primaryimage\"},\"thumbnailUrl\":\"https:\/\/portalmf.com.br\/wp-content\/uploads\/2022\/09\/Ze-Chico-participa-de-carreata-nos-bairros-Jardim-Cruzeiro-e-Sobradinho.jpeg\",\"datePublished\":\"2022-09-07T17:47:00+00:00\",\"dateModified\":\"2022-09-09T17:49:29+00:00\",\"author\":{\"@id\":\"https:\/\/portalmf.com.br\/#\/schema\/person\/11c82086fe8abc05a19147e964587285\"},\"breadcrumb\":{\"@id\":\"https:\/\/portalmf.com.br\/index.php\/2022\/09\/07\/ze-chico-participa-de-carreata-nos-bairros-jardim-cruzeiro-e-sobradinho\/#breadcrumb\"},\"inLanguage\":\"pt-BR\",\"potentialAction\":[{\"@type\":\"ReadAction\",\"target\":[\"https:\/\/portalmf.com.br\/index.php\/2022\/09\/07\/ze-chico-participa-de-carreata-nos-bairros-jardim-cruzeiro-e-sobradinho\/\"]}]},{\"@type\":\"ImageObject\",\"inLanguage\":\"pt-BR\",\"@id\":\"https:\/\/portalmf.com.br\/index.php\/2022\/09\/07\/ze-chico-participa-de-carreata-nos-bairros-jardim-cruzeiro-e-sobradinho\/#primaryimage\",\"url\":\"https:\/\/portalmf.com.br\/wp-content\/uploads\/2022\/09\/Ze-Chico-participa-de-carreata-nos-bairros-Jardim-Cruzeiro-e-Sobradinho.jpeg\",\"contentUrl\":\"https:\/\/portalmf.com.br\/wp-content\/uploads\/2022\/09\/Ze-Chico-participa-de-carreata-nos-bairros-Jardim-Cruzeiro-e-Sobradinho.jpeg\",\"width\":958,\"height\":797},{\"@type\":\"BreadcrumbList\",\"@id\":\"https:\/\/portalmf.com.br\/index.php\/2022\/09\/07\/ze-chico-participa-de-carreata-nos-bairros-jardim-cruzeiro-e-sobradinho\/#breadcrumb\",\"itemListElement\":[{\"@type\":\"ListItem\",\"position\":1,\"name\":\"In\u00edcio\",\"item\":\"https:\/\/portalmf.com.br\/\"},{\"@type\":\"ListItem\",\"position\":2,\"name\":\"Z\u00e9 Chico participa de carreata nos bairros Jardim Cruzeiro e Sobradinho\"}]},{\"@type\":\"WebSite\",\"@id\":\"https:\/\/portalmf.com.br\/#website\",\"url\":\"https:\/\/portalmf.com.br\/\",\"name\":\"Portal MF\",\"description\":\"Voc\u00ea conectado com a informa\u00e7\u00e3o\",\"potentialAction\":[{\"@type\":\"SearchAction\",\"target\":{\"@type\":\"EntryPoint\",\"urlTemplate\":\"https:\/\/portalmf.com.br\/?s={search_term_string}\"},\"query-input\":\"required name=search_term_string\"}],\"inLanguage\":\"pt-BR\"},{\"@type\":\"Person\",\"@id\":\"https:\/\/portalmf.com.br\/#\/schema\/person\/11c82086fe8abc05a19147e964587285\",\"name\":\"Reginaldo J\u00fanior\",\"image\":{\"@type\":\"ImageObject\",\"inLanguage\":\"pt-BR\",\"@id\":\"https:\/\/portalmf.com.br\/#\/schema\/person\/image\/\",\"url\":\"https:\/\/secure.gravatar.com\/avatar\/32a3c797cd0ac47cc53b8644c62776f9?s=96&d=mm&r=g\",\"contentUrl\":\"https:\/\/secure.gravatar.com\/avatar\/32a3c797cd0ac47cc53b8644c62776f9?s=96&d=mm&r=g\",\"caption\":\"Reginaldo J\u00fanior\"},\"description\":\"Jornalista e idealizador Portal MF\",\"sameAs\":[\"https:\/\/portalmf.com.br\/index.php\/author\/reginaldojr\/\",\"reginaldojrfsa\",\"reginaldojuniormf\",\"https:\/\/x.com\/reginaldojrmf\"],\"url\":\"https:\/\/portalmf.com.br\/index.php\/author\/reginaldojr\/\"}]}<\/script>\n<!-- \/ Yoast SEO plugin. -->","yoast_head_json":{"title":"Z\u00e9 Chico participa de carreata nos bairros Jardim Cruzeiro e Sobradinho - Portal MF","robots":{"index":"index","follow":"follow","max-snippet":"max-snippet:-1","max-image-preview":"max-image-preview:large","max-video-preview":"max-video-preview:-1"},"canonical":"https:\/\/portalmf.com.br\/index.php\/2022\/09\/07\/ze-chico-participa-de-carreata-nos-bairros-jardim-cruzeiro-e-sobradinho\/","og_locale":"pt_BR","og_type":"article","og_title":"Z\u00e9 Chico participa de carreata nos bairros Jardim Cruzeiro e Sobradinho - Portal MF","og_description":"A noite desta ter\u00e7a-feira (06) ficou marcada pela grande carreata do candidato a deputado federal pelo Uni\u00e3o Brasil, Z\u00e9 Chico (4470), nos bairros Jardim Cruzeiro e Sobradinho. Autoridades, apoiadores e lideran\u00e7as pol\u00edticas de Feira e regi\u00e3o acompanharam Z\u00e9 Chico durante a carreata. Os apoiadores percorreram v\u00e1rias vias das localidades, como as ruas Volunt\u00e1rios da P\u00e1tria, [&hellip;]","og_url":"https:\/\/portalmf.com.br\/index.php\/2022\/09\/07\/ze-chico-participa-de-carreata-nos-bairros-jardim-cruzeiro-e-sobradinho\/","og_site_name":"Portal MF","article_author":"reginaldojrfsa","article_published_time":"2022-09-07T17:47:00+00:00","article_modified_time":"2022-09-09T17:49:29+00:00","og_image":[{"width":958,"height":797,"url":"https:\/\/portalmf.com.br\/wp-content\/uploads\/2022\/09\/Ze-Chico-participa-de-carreata-nos-bairros-Jardim-Cruzeiro-e-Sobradinho.jpeg","type":"image\/jpeg"}],"author":"Reginaldo J\u00fanior","twitter_card":"summary_large_image","twitter_creator":"@reginaldojrmf","twitter_misc":{"Escrito por":"Reginaldo J\u00fanior","Est. tempo de leitura":"1 minuto"},"schema":{"@context":"https:\/\/schema.org","@graph":[{"@type":"WebPage","@id":"https:\/\/portalmf.com.br\/index.php\/2022\/09\/07\/ze-chico-participa-de-carreata-nos-bairros-jardim-cruzeiro-e-sobradinho\/","url":"https:\/\/portalmf.com.br\/index.php\/2022\/09\/07\/ze-chico-participa-de-carreata-nos-bairros-jardim-cruzeiro-e-sobradinho\/","name":"Z\u00e9 Chico participa de carreata nos bairros Jardim Cruzeiro e Sobradinho - Portal MF","isPartOf":{"@id":"https:\/\/portalmf.com.br\/#website"},"primaryImageOfPage":{"@id":"https:\/\/portalmf.com.br\/index.php\/2022\/09\/07\/ze-chico-participa-de-carreata-nos-bairros-jardim-cruzeiro-e-sobradinho\/#primaryimage"},"image":{"@id":"https:\/\/portalmf.com.br\/index.php\/2022\/09\/07\/ze-chico-participa-de-carreata-nos-bairros-jardim-cruzeiro-e-sobradinho\/#primaryimage"},"thumbnailUrl":"https:\/\/portalmf.com.br\/wp-content\/uploads\/2022\/09\/Ze-Chico-participa-de-carreata-nos-bairros-Jardim-Cruzeiro-e-Sobradinho.jpeg","datePublished":"2022-09-07T17:47:00+00:00","dateModified":"2022-09-09T17:49:29+00:00","author":{"@id":"https:\/\/portalmf.com.br\/#\/schema\/person\/11c82086fe8abc05a19147e964587285"},"breadcrumb":{"@id":"https:\/\/portalmf.com.br\/index.php\/2022\/09\/07\/ze-chico-participa-de-carreata-nos-bairros-jardim-cruzeiro-e-sobradinho\/#breadcrumb"},"inLanguage":"pt-BR","potentialAction":[{"@type":"ReadAction","target":["https:\/\/portalmf.com.br\/index.php\/2022\/09\/07\/ze-chico-participa-de-carreata-nos-bairros-jardim-cruzeiro-e-sobradinho\/"]}]},{"@type":"ImageObject","inLanguage":"pt-BR","@id":"https:\/\/portalmf.com.br\/index.php\/2022\/09\/07\/ze-chico-participa-de-carreata-nos-bairros-jardim-cruzeiro-e-sobradinho\/#primaryimage","url":"https:\/\/portalmf.com.br\/wp-content\/uploads\/2022\/09\/Ze-Chico-participa-de-carreata-nos-bairros-Jardim-Cruzeiro-e-Sobradinho.jpeg","contentUrl":"https:\/\/portalmf.com.br\/wp-content\/uploads\/2022\/09\/Ze-Chico-participa-de-carreata-nos-bairros-Jardim-Cruzeiro-e-Sobradinho.jpeg","width":958,"height":797},{"@type":"BreadcrumbList","@id":"https:\/\/portalmf.com.br\/index.php\/2022\/09\/07\/ze-chico-participa-de-carreata-nos-bairros-jardim-cruzeiro-e-sobradinho\/#breadcrumb","itemListElement":[{"@type":"ListItem","position":1,"name":"In\u00edcio","item":"https:\/\/portalmf.com.br\/"},{"@type":"ListItem","position":2,"name":"Z\u00e9 Chico participa de carreata nos bairros Jardim Cruzeiro e Sobradinho"}]},{"@type":"WebSite","@id":"https:\/\/portalmf.com.br\/#website","url":"https:\/\/portalmf.com.br\/","name":"Portal MF","description":"Voc\u00ea conectado com a informa\u00e7\u00e3o","potentialAction":[{"@type":"SearchAction","target":{"@type":"EntryPoint","urlTemplate":"https:\/\/portalmf.com.br\/?s={search_term_string}"},"query-input":"required name=search_term_string"}],"inLanguage":"pt-BR"},{"@type":"Person","@id":"https:\/\/portalmf.com.br\/#\/schema\/person\/11c82086fe8abc05a19147e964587285","name":"Reginaldo J\u00fanior","image":{"@type":"ImageObject","inLanguage":"pt-BR","@id":"https:\/\/portalmf.com.br\/#\/schema\/person\/image\/","url":"https:\/\/secure.gravatar.com\/avatar\/32a3c797cd0ac47cc53b8644c62776f9?s=96&d=mm&r=g","contentUrl":"https:\/\/secure.gravatar.com\/avatar\/32a3c797cd0ac47cc53b8644c62776f9?s=96&d=mm&r=g","caption":"Reginaldo J\u00fanior"},"description":"Jornalista e idealizador Portal MF","sameAs":["https:\/\/portalmf.com.br\/index.php\/author\/reginaldojr\/","reginaldojrfsa","reginaldojuniormf","https:\/\/x.com\/reginaldojrmf"],"url":"https:\/\/portalmf.com.br\/index.php\/author\/reginaldojr\/"}]}},"_links":{"self":[{"href":"https:\/\/portalmf.com.br\/index.php\/wp-json\/wp\/v2\/posts\/4103"}],"collection":[{"href":"https:\/\/portalmf.com.br\/index.php\/wp-json\/wp\/v2\/posts"}],"about":[{"href":"https:\/\/portalmf.com.br\/index.php\/wp-json\/wp\/v2\/types\/post"}],"author":[{"embeddable":true,"href":"https:\/\/portalmf.com.br\/index.php\/wp-json\/wp\/v2\/users\/2"}],"replies":[{"embeddable":true,"href":"https:\/\/portalmf.com.br\/index.php\/wp-json\/wp\/v2\/comments?post=4103"}],"version-history":[{"count":1,"href":"https:\/\/portalmf.com.br\/index.php\/wp-json\/wp\/v2\/posts\/4103\/revisions"}],"predecessor-version":[{"id":4105,"href":"https:\/\/portalmf.com.br\/index.php\/wp-json\/wp\/v2\/posts\/4103\/revisions\/4105"}],"wp:featuredmedia":[{"embeddable":true,"href":"https:\/\/portalmf.com.br\/index.php\/wp-json\/wp\/v2\/media\/4104"}],"wp:attachment":[{"href":"https:\/\/portalmf.com.br\/index.php\/wp-json\/wp\/v2\/media?parent=4103"}],"wp:term":[{"taxonomy":"category","embeddable":true,"href":"https:\/\/portalmf.com.br\/index.php\/wp-json\/wp\/v2\/categories?post=4103"},{"taxonomy":"post_tag","embeddable":true,"href":"https:\/\/portalmf.com.br\/index.php\/wp-json\/wp\/v2\/tags?post=4103"}],"curies":[{"name":"wp","href":"https:\/\/api.w.org\/{rel}","templated":true}]}}