{"id":41015,"date":"2026-01-12T08:13:45","date_gmt":"2026-01-12T11:13:45","guid":{"rendered":"https:\/\/portalmf.com.br\/?p=41015"},"modified":"2026-01-12T08:13:46","modified_gmt":"2026-01-12T11:13:46","slug":"45a-noite-da-beleza-negra-abre-venda-de-ingressos","status":"publish","type":"post","link":"https:\/\/portalmf.com.br\/index.php\/2026\/01\/12\/45a-noite-da-beleza-negra-abre-venda-de-ingressos\/","title":{"rendered":"45\u00aa Noite da Beleza Negra abre venda de ingressos"},"content":{"rendered":"\n<p>A 45\u00aa Noite da Beleza Negra, uma das celebra\u00e7\u00f5es mais emblem\u00e1ticas do ver\u00e3o de Salvador anuncia abertura da venda de ingressos na plataforma <a href=\"https:\/\/beta.meubilhete.com.br\/45-noite-da-beleza-negra-do-ile-aiye?utm_source=ig&amp;utm_content=link_in_bio&amp;utm_medium=social\">Meu Bilhete.<\/a><\/p>\n\n\n\n<p>Com realiza\u00e7\u00e3o no pr\u00f3ximo s\u00e1bado, 17 de janeiro, na Senzala do Barro Preto, a festa tem abertura dos port\u00f5es \u00e0s 20h30 e se reafirma como um dos acontecimentos mais potentes de exalta\u00e7\u00e3o da est\u00e9tica, da cultura e da identidade negra no Brasil.<\/p>\n\n\n\n<p>Criada pelo Il\u00ea Aiy\u00ea, a Noite da Beleza Negra vai muito al\u00e9m de um concurso: \u00e9 uma a\u00e7\u00e3o hist\u00f3rica de valoriza\u00e7\u00e3o da mulher negra, um rito de afirma\u00e7\u00e3o, pertencimento e ancestralidade. Ao longo da noite, dan\u00e7a, m\u00fasica, performance e emo\u00e7\u00e3o se unem para celebrar trajet\u00f3rias, sonhos e heran\u00e7as que atravessam gera\u00e7\u00f5es, transformando o palco em espa\u00e7o de resist\u00eancia, beleza e realeza negra.<\/p>\n\n\n\n<p>Nesta edi\u00e7\u00e3o, concorrem ao t\u00edtulo Bruna Christine, Camila Silva, Camila Morena, Carol Xavier, Cec\u00edlia Cadile, Dandara Nam\u00edbia, Joana Sousa, Larissa Oliveira, Mavih Souza, Nayara Temporal, Rafaela Rosa, Ra\u00edssa Batista, Sarah Moraes, Stephanie Ingrid e Thuane Vit\u00f3ria, mulheres que representam a diversidade, a for\u00e7a e a continuidade do legado do Il\u00ea Aiy\u00ea e da cultura afro-brasileira.<\/p>\n\n\n\n<p>A 45\u00aa Noite da Beleza Negra 2026 \u00e9 uma realiza\u00e7\u00e3o da Associa\u00e7\u00e3o Cultural Bloco Carnavalesco Il\u00ea Aiy\u00ea e do Governo Federal, com produ\u00e7\u00e3o da Caderno 2 Produ\u00e7\u00f5es e da Central Black Entretenimento. O evento conta com patroc\u00ednio da Belov, por meio da Lei Federal de Incentivo \u00e0 Cultura \u2013 Lei Rouanet, e da Bahiag\u00e1s; apoio institucional da Prefeitura de Salvador, por meio do Procultura; apoio financeiro do Governo do Estado da Bahia, por meio do Edital de Eventos Calendarizados do Fundo de Cultura da Bahia, Secretaria da Cultura e Secretaria da Fazenda; al\u00e9m do apoio da ITS Brasil, Macaco Gordo e TVE Bahia.<\/p>\n","protected":false},"excerpt":{"rendered":"<p>A 45\u00aa Noite da Beleza Negra, uma das celebra\u00e7\u00f5es mais emblem\u00e1ticas do ver\u00e3o de Salvador anuncia abertura da venda de ingressos na plataforma Meu Bilhete. Com realiza\u00e7\u00e3o no pr\u00f3ximo s\u00e1bado, 17 de janeiro, na Senzala do Barro Preto, a festa tem abertura dos port\u00f5es \u00e0s 20h30 e se reafirma como um dos acontecimentos mais potentes [&hellip;]<\/p>\n","protected":false},"author":3,"featured_media":41016,"comment_status":"open","ping_status":"open","sticky":false,"template":"","format":"standard","meta":{"_monsterinsights_skip_tracking":false,"_monsterinsights_sitenote_active":false,"_monsterinsights_sitenote_note":"","_monsterinsights_sitenote_category":0,"footnotes":""},"categories":[44,47],"tags":[],"yoast_head":"<!-- This site is optimized with the Yoast SEO plugin v22.9 - https:\/\/yoast.com\/wordpress\/plugins\/seo\/ -->\n<title>45\u00aa Noite da Beleza Negra abre venda de ingressos - Portal MF<\/title>\n<meta name=\"robots\" content=\"index, follow, max-snippet:-1, max-image-preview:large, max-video-preview:-1\" \/>\n<link rel=\"canonical\" href=\"https:\/\/portalmf.com.br\/index.php\/2026\/01\/12\/45a-noite-da-beleza-negra-abre-venda-de-ingressos\/\" \/>\n<meta property=\"og:locale\" content=\"pt_BR\" \/>\n<meta property=\"og:type\" content=\"article\" \/>\n<meta property=\"og:title\" content=\"45\u00aa Noite da Beleza Negra abre venda de ingressos - Portal MF\" \/>\n<meta property=\"og:description\" content=\"A 45\u00aa Noite da Beleza Negra, uma das celebra\u00e7\u00f5es mais emblem\u00e1ticas do ver\u00e3o de Salvador anuncia abertura da venda de ingressos na plataforma Meu Bilhete. Com realiza\u00e7\u00e3o no pr\u00f3ximo s\u00e1bado, 17 de janeiro, na Senzala do Barro Preto, a festa tem abertura dos port\u00f5es \u00e0s 20h30 e se reafirma como um dos acontecimentos mais potentes [&hellip;]\" \/>\n<meta property=\"og:url\" content=\"https:\/\/portalmf.com.br\/index.php\/2026\/01\/12\/45a-noite-da-beleza-negra-abre-venda-de-ingressos\/\" \/>\n<meta property=\"og:site_name\" content=\"Portal MF\" \/>\n<meta property=\"article:author\" content=\"https:\/\/www.facebook.com\/portalmfoficial\" \/>\n<meta property=\"article:published_time\" content=\"2026-01-12T11:13:45+00:00\" \/>\n<meta property=\"article:modified_time\" content=\"2026-01-12T11:13:46+00:00\" \/>\n<meta property=\"og:image\" content=\"https:\/\/portalmf.com.br\/wp-content\/uploads\/2026\/01\/45a-Noite-da-Beleza-Negra-abre-venda-de-ingressos.jpeg\" \/>\n\t<meta property=\"og:image:width\" content=\"1600\" \/>\n\t<meta property=\"og:image:height\" content=\"1066\" \/>\n\t<meta property=\"og:image:type\" content=\"image\/jpeg\" \/>\n<meta name=\"author\" content=\"Reda\u00e7\u00e3o Portal MF\" \/>\n<meta name=\"twitter:card\" content=\"summary_large_image\" \/>\n<meta name=\"twitter:creator\" content=\"@https:\/\/x.com\/portalmfoficial\" \/>\n<meta name=\"twitter:label1\" content=\"Escrito por\" \/>\n\t<meta name=\"twitter:data1\" content=\"Reda\u00e7\u00e3o Portal MF\" \/>\n\t<meta name=\"twitter:label2\" content=\"Est. tempo de leitura\" \/>\n\t<meta name=\"twitter:data2\" content=\"2 minutos\" \/>\n<script type=\"application\/ld+json\" class=\"yoast-schema-graph\">{\"@context\":\"https:\/\/schema.org\",\"@graph\":[{\"@type\":\"WebPage\",\"@id\":\"https:\/\/portalmf.com.br\/index.php\/2026\/01\/12\/45a-noite-da-beleza-negra-abre-venda-de-ingressos\/\",\"url\":\"https:\/\/portalmf.com.br\/index.php\/2026\/01\/12\/45a-noite-da-beleza-negra-abre-venda-de-ingressos\/\",\"name\":\"45\u00aa Noite da Beleza Negra abre venda de ingressos - Portal MF\",\"isPartOf\":{\"@id\":\"https:\/\/portalmf.com.br\/#website\"},\"primaryImageOfPage\":{\"@id\":\"https:\/\/portalmf.com.br\/index.php\/2026\/01\/12\/45a-noite-da-beleza-negra-abre-venda-de-ingressos\/#primaryimage\"},\"image\":{\"@id\":\"https:\/\/portalmf.com.br\/index.php\/2026\/01\/12\/45a-noite-da-beleza-negra-abre-venda-de-ingressos\/#primaryimage\"},\"thumbnailUrl\":\"https:\/\/portalmf.com.br\/wp-content\/uploads\/2026\/01\/45a-Noite-da-Beleza-Negra-abre-venda-de-ingressos.jpeg\",\"datePublished\":\"2026-01-12T11:13:45+00:00\",\"dateModified\":\"2026-01-12T11:13:46+00:00\",\"author\":{\"@id\":\"https:\/\/portalmf.com.br\/#\/schema\/person\/9ec101baf56233e53520c26de5d6f6f0\"},\"breadcrumb\":{\"@id\":\"https:\/\/portalmf.com.br\/index.php\/2026\/01\/12\/45a-noite-da-beleza-negra-abre-venda-de-ingressos\/#breadcrumb\"},\"inLanguage\":\"pt-BR\",\"potentialAction\":[{\"@type\":\"ReadAction\",\"target\":[\"https:\/\/portalmf.com.br\/index.php\/2026\/01\/12\/45a-noite-da-beleza-negra-abre-venda-de-ingressos\/\"]}]},{\"@type\":\"ImageObject\",\"inLanguage\":\"pt-BR\",\"@id\":\"https:\/\/portalmf.com.br\/index.php\/2026\/01\/12\/45a-noite-da-beleza-negra-abre-venda-de-ingressos\/#primaryimage\",\"url\":\"https:\/\/portalmf.com.br\/wp-content\/uploads\/2026\/01\/45a-Noite-da-Beleza-Negra-abre-venda-de-ingressos.jpeg\",\"contentUrl\":\"https:\/\/portalmf.com.br\/wp-content\/uploads\/2026\/01\/45a-Noite-da-Beleza-Negra-abre-venda-de-ingressos.jpeg\",\"width\":1600,\"height\":1066},{\"@type\":\"BreadcrumbList\",\"@id\":\"https:\/\/portalmf.com.br\/index.php\/2026\/01\/12\/45a-noite-da-beleza-negra-abre-venda-de-ingressos\/#breadcrumb\",\"itemListElement\":[{\"@type\":\"ListItem\",\"position\":1,\"name\":\"In\u00edcio\",\"item\":\"https:\/\/portalmf.com.br\/\"},{\"@type\":\"ListItem\",\"position\":2,\"name\":\"45\u00aa Noite da Beleza Negra abre venda de ingressos\"}]},{\"@type\":\"WebSite\",\"@id\":\"https:\/\/portalmf.com.br\/#website\",\"url\":\"https:\/\/portalmf.com.br\/\",\"name\":\"Portal MF\",\"description\":\"Voc\u00ea conectado com a informa\u00e7\u00e3o\",\"potentialAction\":[{\"@type\":\"SearchAction\",\"target\":{\"@type\":\"EntryPoint\",\"urlTemplate\":\"https:\/\/portalmf.com.br\/?s={search_term_string}\"},\"query-input\":\"required name=search_term_string\"}],\"inLanguage\":\"pt-BR\"},{\"@type\":\"Person\",\"@id\":\"https:\/\/portalmf.com.br\/#\/schema\/person\/9ec101baf56233e53520c26de5d6f6f0\",\"name\":\"Reda\u00e7\u00e3o Portal MF\",\"image\":{\"@type\":\"ImageObject\",\"inLanguage\":\"pt-BR\",\"@id\":\"https:\/\/portalmf.com.br\/#\/schema\/person\/image\/\",\"url\":\"https:\/\/secure.gravatar.com\/avatar\/41b9aaeb2100835f7c64362330f74c7f?s=96&d=mm&r=g\",\"contentUrl\":\"https:\/\/secure.gravatar.com\/avatar\/41b9aaeb2100835f7c64362330f74c7f?s=96&d=mm&r=g\",\"caption\":\"Reda\u00e7\u00e3o Portal MF\"},\"description\":\"Sejam bem-vindos o portal de informa\u00e7\u00f5es de entretenimento de Feira de Santana, desde 2006 realiza coberturas dos principais eventos com entrevistas exclusivas com as principais personalidades mundiais. Fique conectado tamb\u00e9m nas redes sociais.\",\"sameAs\":[\"http:\/\/www.portalmf.com.br\/\",\"https:\/\/www.facebook.com\/portalmfoficial\",\"https:\/\/www.instagram.com\/portalmf\/\",\"https:\/\/x.com\/https:\/\/x.com\/portalmfoficial\",\"https:\/\/www.youtube.com\/@portalmfoficial\"],\"url\":\"https:\/\/portalmf.com.br\/index.php\/author\/junior\/\"}]}<\/script>\n<!-- \/ Yoast SEO plugin. -->","yoast_head_json":{"title":"45\u00aa Noite da Beleza Negra abre venda de ingressos - Portal MF","robots":{"index":"index","follow":"follow","max-snippet":"max-snippet:-1","max-image-preview":"max-image-preview:large","max-video-preview":"max-video-preview:-1"},"canonical":"https:\/\/portalmf.com.br\/index.php\/2026\/01\/12\/45a-noite-da-beleza-negra-abre-venda-de-ingressos\/","og_locale":"pt_BR","og_type":"article","og_title":"45\u00aa Noite da Beleza Negra abre venda de ingressos - Portal MF","og_description":"A 45\u00aa Noite da Beleza Negra, uma das celebra\u00e7\u00f5es mais emblem\u00e1ticas do ver\u00e3o de Salvador anuncia abertura da venda de ingressos na plataforma Meu Bilhete. Com realiza\u00e7\u00e3o no pr\u00f3ximo s\u00e1bado, 17 de janeiro, na Senzala do Barro Preto, a festa tem abertura dos port\u00f5es \u00e0s 20h30 e se reafirma como um dos acontecimentos mais potentes [&hellip;]","og_url":"https:\/\/portalmf.com.br\/index.php\/2026\/01\/12\/45a-noite-da-beleza-negra-abre-venda-de-ingressos\/","og_site_name":"Portal MF","article_author":"https:\/\/www.facebook.com\/portalmfoficial","article_published_time":"2026-01-12T11:13:45+00:00","article_modified_time":"2026-01-12T11:13:46+00:00","og_image":[{"width":1600,"height":1066,"url":"https:\/\/portalmf.com.br\/wp-content\/uploads\/2026\/01\/45a-Noite-da-Beleza-Negra-abre-venda-de-ingressos.jpeg","type":"image\/jpeg"}],"author":"Reda\u00e7\u00e3o Portal MF","twitter_card":"summary_large_image","twitter_creator":"@https:\/\/x.com\/portalmfoficial","twitter_misc":{"Escrito por":"Reda\u00e7\u00e3o Portal MF","Est. tempo de leitura":"2 minutos"},"schema":{"@context":"https:\/\/schema.org","@graph":[{"@type":"WebPage","@id":"https:\/\/portalmf.com.br\/index.php\/2026\/01\/12\/45a-noite-da-beleza-negra-abre-venda-de-ingressos\/","url":"https:\/\/portalmf.com.br\/index.php\/2026\/01\/12\/45a-noite-da-beleza-negra-abre-venda-de-ingressos\/","name":"45\u00aa Noite da Beleza Negra abre venda de ingressos - Portal MF","isPartOf":{"@id":"https:\/\/portalmf.com.br\/#website"},"primaryImageOfPage":{"@id":"https:\/\/portalmf.com.br\/index.php\/2026\/01\/12\/45a-noite-da-beleza-negra-abre-venda-de-ingressos\/#primaryimage"},"image":{"@id":"https:\/\/portalmf.com.br\/index.php\/2026\/01\/12\/45a-noite-da-beleza-negra-abre-venda-de-ingressos\/#primaryimage"},"thumbnailUrl":"https:\/\/portalmf.com.br\/wp-content\/uploads\/2026\/01\/45a-Noite-da-Beleza-Negra-abre-venda-de-ingressos.jpeg","datePublished":"2026-01-12T11:13:45+00:00","dateModified":"2026-01-12T11:13:46+00:00","author":{"@id":"https:\/\/portalmf.com.br\/#\/schema\/person\/9ec101baf56233e53520c26de5d6f6f0"},"breadcrumb":{"@id":"https:\/\/portalmf.com.br\/index.php\/2026\/01\/12\/45a-noite-da-beleza-negra-abre-venda-de-ingressos\/#breadcrumb"},"inLanguage":"pt-BR","potentialAction":[{"@type":"ReadAction","target":["https:\/\/portalmf.com.br\/index.php\/2026\/01\/12\/45a-noite-da-beleza-negra-abre-venda-de-ingressos\/"]}]},{"@type":"ImageObject","inLanguage":"pt-BR","@id":"https:\/\/portalmf.com.br\/index.php\/2026\/01\/12\/45a-noite-da-beleza-negra-abre-venda-de-ingressos\/#primaryimage","url":"https:\/\/portalmf.com.br\/wp-content\/uploads\/2026\/01\/45a-Noite-da-Beleza-Negra-abre-venda-de-ingressos.jpeg","contentUrl":"https:\/\/portalmf.com.br\/wp-content\/uploads\/2026\/01\/45a-Noite-da-Beleza-Negra-abre-venda-de-ingressos.jpeg","width":1600,"height":1066},{"@type":"BreadcrumbList","@id":"https:\/\/portalmf.com.br\/index.php\/2026\/01\/12\/45a-noite-da-beleza-negra-abre-venda-de-ingressos\/#breadcrumb","itemListElement":[{"@type":"ListItem","position":1,"name":"In\u00edcio","item":"https:\/\/portalmf.com.br\/"},{"@type":"ListItem","position":2,"name":"45\u00aa Noite da Beleza Negra abre venda de ingressos"}]},{"@type":"WebSite","@id":"https:\/\/portalmf.com.br\/#website","url":"https:\/\/portalmf.com.br\/","name":"Portal MF","description":"Voc\u00ea conectado com a informa\u00e7\u00e3o","potentialAction":[{"@type":"SearchAction","target":{"@type":"EntryPoint","urlTemplate":"https:\/\/portalmf.com.br\/?s={search_term_string}"},"query-input":"required name=search_term_string"}],"inLanguage":"pt-BR"},{"@type":"Person","@id":"https:\/\/portalmf.com.br\/#\/schema\/person\/9ec101baf56233e53520c26de5d6f6f0","name":"Reda\u00e7\u00e3o Portal MF","image":{"@type":"ImageObject","inLanguage":"pt-BR","@id":"https:\/\/portalmf.com.br\/#\/schema\/person\/image\/","url":"https:\/\/secure.gravatar.com\/avatar\/41b9aaeb2100835f7c64362330f74c7f?s=96&d=mm&r=g","contentUrl":"https:\/\/secure.gravatar.com\/avatar\/41b9aaeb2100835f7c64362330f74c7f?s=96&d=mm&r=g","caption":"Reda\u00e7\u00e3o Portal MF"},"description":"Sejam bem-vindos o portal de informa\u00e7\u00f5es de entretenimento de Feira de Santana, desde 2006 realiza coberturas dos principais eventos com entrevistas exclusivas com as principais personalidades mundiais. Fique conectado tamb\u00e9m nas redes sociais.","sameAs":["http:\/\/www.portalmf.com.br\/","https:\/\/www.facebook.com\/portalmfoficial","https:\/\/www.instagram.com\/portalmf\/","https:\/\/x.com\/https:\/\/x.com\/portalmfoficial","https:\/\/www.youtube.com\/@portalmfoficial"],"url":"https:\/\/portalmf.com.br\/index.php\/author\/junior\/"}]}},"_links":{"self":[{"href":"https:\/\/portalmf.com.br\/index.php\/wp-json\/wp\/v2\/posts\/41015"}],"collection":[{"href":"https:\/\/portalmf.com.br\/index.php\/wp-json\/wp\/v2\/posts"}],"about":[{"href":"https:\/\/portalmf.com.br\/index.php\/wp-json\/wp\/v2\/types\/post"}],"author":[{"embeddable":true,"href":"https:\/\/portalmf.com.br\/index.php\/wp-json\/wp\/v2\/users\/3"}],"replies":[{"embeddable":true,"href":"https:\/\/portalmf.com.br\/index.php\/wp-json\/wp\/v2\/comments?post=41015"}],"version-history":[{"count":1,"href":"https:\/\/portalmf.com.br\/index.php\/wp-json\/wp\/v2\/posts\/41015\/revisions"}],"predecessor-version":[{"id":41017,"href":"https:\/\/portalmf.com.br\/index.php\/wp-json\/wp\/v2\/posts\/41015\/revisions\/41017"}],"wp:featuredmedia":[{"embeddable":true,"href":"https:\/\/portalmf.com.br\/index.php\/wp-json\/wp\/v2\/media\/41016"}],"wp:attachment":[{"href":"https:\/\/portalmf.com.br\/index.php\/wp-json\/wp\/v2\/media?parent=41015"}],"wp:term":[{"taxonomy":"category","embeddable":true,"href":"https:\/\/portalmf.com.br\/index.php\/wp-json\/wp\/v2\/categories?post=41015"},{"taxonomy":"post_tag","embeddable":true,"href":"https:\/\/portalmf.com.br\/index.php\/wp-json\/wp\/v2\/tags?post=41015"}],"curies":[{"name":"wp","href":"https:\/\/api.w.org\/{rel}","templated":true}]}}