{"id":41005,"date":"2026-01-12T07:11:02","date_gmt":"2026-01-12T10:11:02","guid":{"rendered":"https:\/\/portalmf.com.br\/?p=41005"},"modified":"2026-01-12T07:11:04","modified_gmt":"2026-01-12T10:11:04","slug":"olodum-recebe-e-o-tchan-e-gilmelandia-na-segunda-edicao-da-bencao-do-olodum","status":"publish","type":"post","link":"https:\/\/portalmf.com.br\/index.php\/2026\/01\/12\/olodum-recebe-e-o-tchan-e-gilmelandia-na-segunda-edicao-da-bencao-do-olodum\/","title":{"rendered":"Olodum recebe \u00c9 o Tchan e Gilm\u00e9l\u00e2ndia na segunda edi\u00e7\u00e3o da Ben\u00e7\u00e3o do Olodum"},"content":{"rendered":"\n<p>O Olodum realiza no dia 13 de janeiro a segunda edi\u00e7\u00e3o da Ben\u00e7\u00e3o do Olodum, na Pra\u00e7a das Artes Mestre Neguinho do Samba, no Pelourinho, com participa\u00e7\u00f5es do \u00c9 o Tchan e Gilm\u00e9l\u00e2ndia. O evento integra a programa\u00e7\u00e3o do Ver\u00e3o do Olodum 2026, tem acesso do p\u00fablico a partir das 19h.<\/p>\n\n\n\n<p>O Olodum mant\u00e9m atua\u00e7\u00e3o cont\u00ednua na m\u00fasica e em projetos culturais ao longo do ano, com a\u00e7\u00f5es que atravessam o ver\u00e3o e o Carnaval. No per\u00edodo pr\u00e9-carnavalesco, o grupo intensifica sua agenda de ensaios abertos, mantendo o Centro Hist\u00f3rico como espa\u00e7o de encontro com o p\u00fablico.<\/p>\n\n\n\n<p>A Ben\u00e7\u00e3o do Olodum segue at\u00e9 fevereiro, sempre \u00e0s ter\u00e7as-feiras, reunindo a banda, convidados e o p\u00fablico em ensaios que fazem parte da prepara\u00e7\u00e3o para o Carnaval 2026.<\/p>\n","protected":false},"excerpt":{"rendered":"<p>O Olodum realiza no dia 13 de janeiro a segunda edi\u00e7\u00e3o da Ben\u00e7\u00e3o do Olodum, na Pra\u00e7a das Artes Mestre Neguinho do Samba, no Pelourinho, com participa\u00e7\u00f5es do \u00c9 o Tchan e Gilm\u00e9l\u00e2ndia. O evento integra a programa\u00e7\u00e3o do Ver\u00e3o do Olodum 2026, tem acesso do p\u00fablico a partir das 19h. O Olodum mant\u00e9m atua\u00e7\u00e3o [&hellip;]<\/p>\n","protected":false},"author":3,"featured_media":18674,"comment_status":"open","ping_status":"open","sticky":false,"template":"","format":"standard","meta":{"_monsterinsights_skip_tracking":false,"_monsterinsights_sitenote_active":false,"_monsterinsights_sitenote_note":"","_monsterinsights_sitenote_category":0,"footnotes":""},"categories":[44,47],"tags":[],"yoast_head":"<!-- This site is optimized with the Yoast SEO plugin v22.9 - https:\/\/yoast.com\/wordpress\/plugins\/seo\/ -->\n<title>Olodum recebe \u00c9 o Tchan e Gilm\u00e9l\u00e2ndia na segunda edi\u00e7\u00e3o da Ben\u00e7\u00e3o do Olodum - Portal MF<\/title>\n<meta name=\"robots\" content=\"index, follow, max-snippet:-1, max-image-preview:large, max-video-preview:-1\" \/>\n<link rel=\"canonical\" href=\"https:\/\/portalmf.com.br\/index.php\/2026\/01\/12\/olodum-recebe-e-o-tchan-e-gilmelandia-na-segunda-edicao-da-bencao-do-olodum\/\" \/>\n<meta property=\"og:locale\" content=\"pt_BR\" \/>\n<meta property=\"og:type\" content=\"article\" \/>\n<meta property=\"og:title\" content=\"Olodum recebe \u00c9 o Tchan e Gilm\u00e9l\u00e2ndia na segunda edi\u00e7\u00e3o da Ben\u00e7\u00e3o do Olodum - Portal MF\" \/>\n<meta property=\"og:description\" content=\"O Olodum realiza no dia 13 de janeiro a segunda edi\u00e7\u00e3o da Ben\u00e7\u00e3o do Olodum, na Pra\u00e7a das Artes Mestre Neguinho do Samba, no Pelourinho, com participa\u00e7\u00f5es do \u00c9 o Tchan e Gilm\u00e9l\u00e2ndia. O evento integra a programa\u00e7\u00e3o do Ver\u00e3o do Olodum 2026, tem acesso do p\u00fablico a partir das 19h. O Olodum mant\u00e9m atua\u00e7\u00e3o [&hellip;]\" \/>\n<meta property=\"og:url\" content=\"https:\/\/portalmf.com.br\/index.php\/2026\/01\/12\/olodum-recebe-e-o-tchan-e-gilmelandia-na-segunda-edicao-da-bencao-do-olodum\/\" \/>\n<meta property=\"og:site_name\" content=\"Portal MF\" \/>\n<meta property=\"article:author\" content=\"https:\/\/www.facebook.com\/portalmfoficial\" \/>\n<meta property=\"article:published_time\" content=\"2026-01-12T10:11:02+00:00\" \/>\n<meta property=\"article:modified_time\" content=\"2026-01-12T10:11:04+00:00\" \/>\n<meta property=\"og:image\" content=\"https:\/\/portalmf.com.br\/wp-content\/uploads\/2023\/10\/Bloco-Olodum-realiza-primeiro-ensaio-para-o-Carnaval-2024.jpeg\" \/>\n\t<meta property=\"og:image:width\" content=\"1600\" \/>\n\t<meta property=\"og:image:height\" content=\"1066\" \/>\n\t<meta property=\"og:image:type\" content=\"image\/jpeg\" \/>\n<meta name=\"author\" content=\"Reda\u00e7\u00e3o Portal MF\" \/>\n<meta name=\"twitter:card\" content=\"summary_large_image\" \/>\n<meta name=\"twitter:creator\" content=\"@https:\/\/x.com\/portalmfoficial\" \/>\n<meta name=\"twitter:label1\" content=\"Escrito por\" \/>\n\t<meta name=\"twitter:data1\" content=\"Reda\u00e7\u00e3o Portal MF\" \/>\n\t<meta name=\"twitter:label2\" content=\"Est. tempo de leitura\" \/>\n\t<meta name=\"twitter:data2\" content=\"1 minuto\" \/>\n<script type=\"application\/ld+json\" class=\"yoast-schema-graph\">{\"@context\":\"https:\/\/schema.org\",\"@graph\":[{\"@type\":\"WebPage\",\"@id\":\"https:\/\/portalmf.com.br\/index.php\/2026\/01\/12\/olodum-recebe-e-o-tchan-e-gilmelandia-na-segunda-edicao-da-bencao-do-olodum\/\",\"url\":\"https:\/\/portalmf.com.br\/index.php\/2026\/01\/12\/olodum-recebe-e-o-tchan-e-gilmelandia-na-segunda-edicao-da-bencao-do-olodum\/\",\"name\":\"Olodum recebe \u00c9 o Tchan e Gilm\u00e9l\u00e2ndia na segunda edi\u00e7\u00e3o da Ben\u00e7\u00e3o do Olodum - Portal MF\",\"isPartOf\":{\"@id\":\"https:\/\/portalmf.com.br\/#website\"},\"primaryImageOfPage\":{\"@id\":\"https:\/\/portalmf.com.br\/index.php\/2026\/01\/12\/olodum-recebe-e-o-tchan-e-gilmelandia-na-segunda-edicao-da-bencao-do-olodum\/#primaryimage\"},\"image\":{\"@id\":\"https:\/\/portalmf.com.br\/index.php\/2026\/01\/12\/olodum-recebe-e-o-tchan-e-gilmelandia-na-segunda-edicao-da-bencao-do-olodum\/#primaryimage\"},\"thumbnailUrl\":\"https:\/\/portalmf.com.br\/wp-content\/uploads\/2023\/10\/Bloco-Olodum-realiza-primeiro-ensaio-para-o-Carnaval-2024.jpeg\",\"datePublished\":\"2026-01-12T10:11:02+00:00\",\"dateModified\":\"2026-01-12T10:11:04+00:00\",\"author\":{\"@id\":\"https:\/\/portalmf.com.br\/#\/schema\/person\/9ec101baf56233e53520c26de5d6f6f0\"},\"breadcrumb\":{\"@id\":\"https:\/\/portalmf.com.br\/index.php\/2026\/01\/12\/olodum-recebe-e-o-tchan-e-gilmelandia-na-segunda-edicao-da-bencao-do-olodum\/#breadcrumb\"},\"inLanguage\":\"pt-BR\",\"potentialAction\":[{\"@type\":\"ReadAction\",\"target\":[\"https:\/\/portalmf.com.br\/index.php\/2026\/01\/12\/olodum-recebe-e-o-tchan-e-gilmelandia-na-segunda-edicao-da-bencao-do-olodum\/\"]}]},{\"@type\":\"ImageObject\",\"inLanguage\":\"pt-BR\",\"@id\":\"https:\/\/portalmf.com.br\/index.php\/2026\/01\/12\/olodum-recebe-e-o-tchan-e-gilmelandia-na-segunda-edicao-da-bencao-do-olodum\/#primaryimage\",\"url\":\"https:\/\/portalmf.com.br\/wp-content\/uploads\/2023\/10\/Bloco-Olodum-realiza-primeiro-ensaio-para-o-Carnaval-2024.jpeg\",\"contentUrl\":\"https:\/\/portalmf.com.br\/wp-content\/uploads\/2023\/10\/Bloco-Olodum-realiza-primeiro-ensaio-para-o-Carnaval-2024.jpeg\",\"width\":1600,\"height\":1066},{\"@type\":\"BreadcrumbList\",\"@id\":\"https:\/\/portalmf.com.br\/index.php\/2026\/01\/12\/olodum-recebe-e-o-tchan-e-gilmelandia-na-segunda-edicao-da-bencao-do-olodum\/#breadcrumb\",\"itemListElement\":[{\"@type\":\"ListItem\",\"position\":1,\"name\":\"In\u00edcio\",\"item\":\"https:\/\/portalmf.com.br\/\"},{\"@type\":\"ListItem\",\"position\":2,\"name\":\"Olodum recebe \u00c9 o Tchan e Gilm\u00e9l\u00e2ndia na segunda edi\u00e7\u00e3o da Ben\u00e7\u00e3o do Olodum\"}]},{\"@type\":\"WebSite\",\"@id\":\"https:\/\/portalmf.com.br\/#website\",\"url\":\"https:\/\/portalmf.com.br\/\",\"name\":\"Portal MF\",\"description\":\"Voc\u00ea conectado com a informa\u00e7\u00e3o\",\"potentialAction\":[{\"@type\":\"SearchAction\",\"target\":{\"@type\":\"EntryPoint\",\"urlTemplate\":\"https:\/\/portalmf.com.br\/?s={search_term_string}\"},\"query-input\":\"required name=search_term_string\"}],\"inLanguage\":\"pt-BR\"},{\"@type\":\"Person\",\"@id\":\"https:\/\/portalmf.com.br\/#\/schema\/person\/9ec101baf56233e53520c26de5d6f6f0\",\"name\":\"Reda\u00e7\u00e3o Portal MF\",\"image\":{\"@type\":\"ImageObject\",\"inLanguage\":\"pt-BR\",\"@id\":\"https:\/\/portalmf.com.br\/#\/schema\/person\/image\/\",\"url\":\"https:\/\/secure.gravatar.com\/avatar\/41b9aaeb2100835f7c64362330f74c7f?s=96&d=mm&r=g\",\"contentUrl\":\"https:\/\/secure.gravatar.com\/avatar\/41b9aaeb2100835f7c64362330f74c7f?s=96&d=mm&r=g\",\"caption\":\"Reda\u00e7\u00e3o Portal MF\"},\"description\":\"Sejam bem-vindos o portal de informa\u00e7\u00f5es de entretenimento de Feira de Santana, desde 2006 realiza coberturas dos principais eventos com entrevistas exclusivas com as principais personalidades mundiais. Fique conectado tamb\u00e9m nas redes sociais.\",\"sameAs\":[\"http:\/\/www.portalmf.com.br\/\",\"https:\/\/www.facebook.com\/portalmfoficial\",\"https:\/\/www.instagram.com\/portalmf\/\",\"https:\/\/x.com\/https:\/\/x.com\/portalmfoficial\",\"https:\/\/www.youtube.com\/@portalmfoficial\"],\"url\":\"https:\/\/portalmf.com.br\/index.php\/author\/junior\/\"}]}<\/script>\n<!-- \/ Yoast SEO plugin. -->","yoast_head_json":{"title":"Olodum recebe \u00c9 o Tchan e Gilm\u00e9l\u00e2ndia na segunda edi\u00e7\u00e3o da Ben\u00e7\u00e3o do Olodum - Portal MF","robots":{"index":"index","follow":"follow","max-snippet":"max-snippet:-1","max-image-preview":"max-image-preview:large","max-video-preview":"max-video-preview:-1"},"canonical":"https:\/\/portalmf.com.br\/index.php\/2026\/01\/12\/olodum-recebe-e-o-tchan-e-gilmelandia-na-segunda-edicao-da-bencao-do-olodum\/","og_locale":"pt_BR","og_type":"article","og_title":"Olodum recebe \u00c9 o Tchan e Gilm\u00e9l\u00e2ndia na segunda edi\u00e7\u00e3o da Ben\u00e7\u00e3o do Olodum - Portal MF","og_description":"O Olodum realiza no dia 13 de janeiro a segunda edi\u00e7\u00e3o da Ben\u00e7\u00e3o do Olodum, na Pra\u00e7a das Artes Mestre Neguinho do Samba, no Pelourinho, com participa\u00e7\u00f5es do \u00c9 o Tchan e Gilm\u00e9l\u00e2ndia. O evento integra a programa\u00e7\u00e3o do Ver\u00e3o do Olodum 2026, tem acesso do p\u00fablico a partir das 19h. O Olodum mant\u00e9m atua\u00e7\u00e3o [&hellip;]","og_url":"https:\/\/portalmf.com.br\/index.php\/2026\/01\/12\/olodum-recebe-e-o-tchan-e-gilmelandia-na-segunda-edicao-da-bencao-do-olodum\/","og_site_name":"Portal MF","article_author":"https:\/\/www.facebook.com\/portalmfoficial","article_published_time":"2026-01-12T10:11:02+00:00","article_modified_time":"2026-01-12T10:11:04+00:00","og_image":[{"width":1600,"height":1066,"url":"https:\/\/portalmf.com.br\/wp-content\/uploads\/2023\/10\/Bloco-Olodum-realiza-primeiro-ensaio-para-o-Carnaval-2024.jpeg","type":"image\/jpeg"}],"author":"Reda\u00e7\u00e3o Portal MF","twitter_card":"summary_large_image","twitter_creator":"@https:\/\/x.com\/portalmfoficial","twitter_misc":{"Escrito por":"Reda\u00e7\u00e3o Portal MF","Est. tempo de leitura":"1 minuto"},"schema":{"@context":"https:\/\/schema.org","@graph":[{"@type":"WebPage","@id":"https:\/\/portalmf.com.br\/index.php\/2026\/01\/12\/olodum-recebe-e-o-tchan-e-gilmelandia-na-segunda-edicao-da-bencao-do-olodum\/","url":"https:\/\/portalmf.com.br\/index.php\/2026\/01\/12\/olodum-recebe-e-o-tchan-e-gilmelandia-na-segunda-edicao-da-bencao-do-olodum\/","name":"Olodum recebe \u00c9 o Tchan e Gilm\u00e9l\u00e2ndia na segunda edi\u00e7\u00e3o da Ben\u00e7\u00e3o do Olodum - Portal MF","isPartOf":{"@id":"https:\/\/portalmf.com.br\/#website"},"primaryImageOfPage":{"@id":"https:\/\/portalmf.com.br\/index.php\/2026\/01\/12\/olodum-recebe-e-o-tchan-e-gilmelandia-na-segunda-edicao-da-bencao-do-olodum\/#primaryimage"},"image":{"@id":"https:\/\/portalmf.com.br\/index.php\/2026\/01\/12\/olodum-recebe-e-o-tchan-e-gilmelandia-na-segunda-edicao-da-bencao-do-olodum\/#primaryimage"},"thumbnailUrl":"https:\/\/portalmf.com.br\/wp-content\/uploads\/2023\/10\/Bloco-Olodum-realiza-primeiro-ensaio-para-o-Carnaval-2024.jpeg","datePublished":"2026-01-12T10:11:02+00:00","dateModified":"2026-01-12T10:11:04+00:00","author":{"@id":"https:\/\/portalmf.com.br\/#\/schema\/person\/9ec101baf56233e53520c26de5d6f6f0"},"breadcrumb":{"@id":"https:\/\/portalmf.com.br\/index.php\/2026\/01\/12\/olodum-recebe-e-o-tchan-e-gilmelandia-na-segunda-edicao-da-bencao-do-olodum\/#breadcrumb"},"inLanguage":"pt-BR","potentialAction":[{"@type":"ReadAction","target":["https:\/\/portalmf.com.br\/index.php\/2026\/01\/12\/olodum-recebe-e-o-tchan-e-gilmelandia-na-segunda-edicao-da-bencao-do-olodum\/"]}]},{"@type":"ImageObject","inLanguage":"pt-BR","@id":"https:\/\/portalmf.com.br\/index.php\/2026\/01\/12\/olodum-recebe-e-o-tchan-e-gilmelandia-na-segunda-edicao-da-bencao-do-olodum\/#primaryimage","url":"https:\/\/portalmf.com.br\/wp-content\/uploads\/2023\/10\/Bloco-Olodum-realiza-primeiro-ensaio-para-o-Carnaval-2024.jpeg","contentUrl":"https:\/\/portalmf.com.br\/wp-content\/uploads\/2023\/10\/Bloco-Olodum-realiza-primeiro-ensaio-para-o-Carnaval-2024.jpeg","width":1600,"height":1066},{"@type":"BreadcrumbList","@id":"https:\/\/portalmf.com.br\/index.php\/2026\/01\/12\/olodum-recebe-e-o-tchan-e-gilmelandia-na-segunda-edicao-da-bencao-do-olodum\/#breadcrumb","itemListElement":[{"@type":"ListItem","position":1,"name":"In\u00edcio","item":"https:\/\/portalmf.com.br\/"},{"@type":"ListItem","position":2,"name":"Olodum recebe \u00c9 o Tchan e Gilm\u00e9l\u00e2ndia na segunda edi\u00e7\u00e3o da Ben\u00e7\u00e3o do Olodum"}]},{"@type":"WebSite","@id":"https:\/\/portalmf.com.br\/#website","url":"https:\/\/portalmf.com.br\/","name":"Portal MF","description":"Voc\u00ea conectado com a informa\u00e7\u00e3o","potentialAction":[{"@type":"SearchAction","target":{"@type":"EntryPoint","urlTemplate":"https:\/\/portalmf.com.br\/?s={search_term_string}"},"query-input":"required name=search_term_string"}],"inLanguage":"pt-BR"},{"@type":"Person","@id":"https:\/\/portalmf.com.br\/#\/schema\/person\/9ec101baf56233e53520c26de5d6f6f0","name":"Reda\u00e7\u00e3o Portal MF","image":{"@type":"ImageObject","inLanguage":"pt-BR","@id":"https:\/\/portalmf.com.br\/#\/schema\/person\/image\/","url":"https:\/\/secure.gravatar.com\/avatar\/41b9aaeb2100835f7c64362330f74c7f?s=96&d=mm&r=g","contentUrl":"https:\/\/secure.gravatar.com\/avatar\/41b9aaeb2100835f7c64362330f74c7f?s=96&d=mm&r=g","caption":"Reda\u00e7\u00e3o Portal MF"},"description":"Sejam bem-vindos o portal de informa\u00e7\u00f5es de entretenimento de Feira de Santana, desde 2006 realiza coberturas dos principais eventos com entrevistas exclusivas com as principais personalidades mundiais. Fique conectado tamb\u00e9m nas redes sociais.","sameAs":["http:\/\/www.portalmf.com.br\/","https:\/\/www.facebook.com\/portalmfoficial","https:\/\/www.instagram.com\/portalmf\/","https:\/\/x.com\/https:\/\/x.com\/portalmfoficial","https:\/\/www.youtube.com\/@portalmfoficial"],"url":"https:\/\/portalmf.com.br\/index.php\/author\/junior\/"}]}},"_links":{"self":[{"href":"https:\/\/portalmf.com.br\/index.php\/wp-json\/wp\/v2\/posts\/41005"}],"collection":[{"href":"https:\/\/portalmf.com.br\/index.php\/wp-json\/wp\/v2\/posts"}],"about":[{"href":"https:\/\/portalmf.com.br\/index.php\/wp-json\/wp\/v2\/types\/post"}],"author":[{"embeddable":true,"href":"https:\/\/portalmf.com.br\/index.php\/wp-json\/wp\/v2\/users\/3"}],"replies":[{"embeddable":true,"href":"https:\/\/portalmf.com.br\/index.php\/wp-json\/wp\/v2\/comments?post=41005"}],"version-history":[{"count":1,"href":"https:\/\/portalmf.com.br\/index.php\/wp-json\/wp\/v2\/posts\/41005\/revisions"}],"predecessor-version":[{"id":41006,"href":"https:\/\/portalmf.com.br\/index.php\/wp-json\/wp\/v2\/posts\/41005\/revisions\/41006"}],"wp:featuredmedia":[{"embeddable":true,"href":"https:\/\/portalmf.com.br\/index.php\/wp-json\/wp\/v2\/media\/18674"}],"wp:attachment":[{"href":"https:\/\/portalmf.com.br\/index.php\/wp-json\/wp\/v2\/media?parent=41005"}],"wp:term":[{"taxonomy":"category","embeddable":true,"href":"https:\/\/portalmf.com.br\/index.php\/wp-json\/wp\/v2\/categories?post=41005"},{"taxonomy":"post_tag","embeddable":true,"href":"https:\/\/portalmf.com.br\/index.php\/wp-json\/wp\/v2\/tags?post=41005"}],"curies":[{"name":"wp","href":"https:\/\/api.w.org\/{rel}","templated":true}]}}