{"id":40920,"date":"2026-01-09T10:06:11","date_gmt":"2026-01-09T13:06:11","guid":{"rendered":"https:\/\/portalmf.com.br\/?p=40920"},"modified":"2026-01-09T10:06:11","modified_gmt":"2026-01-09T13:06:11","slug":"folioes-do-bloco-camaleao-se-preparam-para-maratona-de-carnaval","status":"publish","type":"post","link":"https:\/\/portalmf.com.br\/index.php\/2026\/01\/09\/folioes-do-bloco-camaleao-se-preparam-para-maratona-de-carnaval\/","title":{"rendered":"Foli\u00f5es do Bloco Camale\u00e3o se preparam para maratona de Carnaval"},"content":{"rendered":"\n<p>O Camale\u00e3o vai celebrar, em 2026, 47 anos de muita energia, alegria e emo\u00e7\u00e3o. O bloco, comandado por Bell Marques, segue sendo reconhecido por sua lideran\u00e7a e por despertar o desejo de baianos e turistas que querem viver uma experi\u00eancia \u00fanica no Carnaval de Salvador.<\/p>\n\n\n\n<p>Pensando em celebrar as quase cinco d\u00e9cadas sendo refer\u00eancia, o bloco, ao lado do anfitri\u00e3o da festa, Bell Marques, convoca os f\u00e3s a se prepararem para a maratona de Carnaval com a Corrida 100% Voc\u00ea.<\/p>\n\n\n\n<p>A corrida, que acontece neste domingo, dia 11, no Centro de Conven\u00e7\u00f5es de Salvador, vai aquecer o p\u00fablico ao som de uma das vozes mais marcantes da folia baiana e dar um gostinho do que acontecer\u00e1 no circuito Barra\/Ondina, em fevereiro.<\/p>\n\n\n\n<p>A corrida surge como um verdadeiro sin\u00f4nimo de sa\u00fade e bem-estar, unindo a oportunidade de assistir a um show \u00e0 pr\u00e1tica esportiva, associando duas grandes paix\u00f5es: o esporte e a m\u00fasica. Muitos foli\u00f5es, inspirados por Bell Marques, passaram a correr para fazer parte desse movimento, motivados pela energia e vitalidade que ele transmite.<\/p>\n\n\n\n<p>Bell \u00e9 exemplo dessa vitalidade, j\u00e1 que pratica a corrida como esporte e demonstra, na pr\u00e1tica, sua paix\u00e3o tanto pelo exerc\u00edcio f\u00edsico quanto pela m\u00fasica, criando uma forte associa\u00e7\u00e3o entre os dois universos. Sua participa\u00e7\u00e3o ativa refor\u00e7a essa conex\u00e3o e inspira o p\u00fablico.<\/p>\n\n\n\n<p>Nesse contexto, ocorre uma troca natural: o corredor passa a gostar de ax\u00e9, enquanto o axezeiro descobre o prazer de correr, fortalecendo um movimento que une sa\u00fade, divers\u00e3o e m\u00fasica em uma experi\u00eancia \u00fanica.<\/p>\n\n\n\n<p>Al\u00e9m de Bell Marques, a Corrida 100% Voc\u00ea contar\u00e1 ainda com a apresenta\u00e7\u00e3o da dupla Rafa e Pipo Marques, filhos do artista e respons\u00e1veis por levar adiante o legado do pai na m\u00fasica.<\/p>\n\n\n\n<p>Os abad\u00e1s do Camale\u00e3o est\u00e3o sendo vendidos na Central do Carnaval, no 3\u00ba piso do Shopping da Bahia, ou atrav\u00e9s do site. J\u00e1 a Corrida 100% Voc\u00ea est\u00e1 dispon\u00edvel para compra pelo site cemporcentosports.com. Se voc\u00ea ainda n\u00e3o garantiu o seu, corra e n\u00e3o perca tempo.<\/p>\n","protected":false},"excerpt":{"rendered":"<p>O Camale\u00e3o vai celebrar, em 2026, 47 anos de muita energia, alegria e emo\u00e7\u00e3o. O bloco, comandado por Bell Marques, segue sendo reconhecido por sua lideran\u00e7a e por despertar o desejo de baianos e turistas que querem viver uma experi\u00eancia \u00fanica no Carnaval de Salvador. Pensando em celebrar as quase cinco d\u00e9cadas sendo refer\u00eancia, o [&hellip;]<\/p>\n","protected":false},"author":3,"featured_media":40922,"comment_status":"open","ping_status":"open","sticky":false,"template":"","format":"standard","meta":{"_monsterinsights_skip_tracking":false,"_monsterinsights_sitenote_active":false,"_monsterinsights_sitenote_note":"","_monsterinsights_sitenote_category":0,"footnotes":""},"categories":[44],"tags":[],"yoast_head":"<!-- This site is optimized with the Yoast SEO plugin v22.9 - https:\/\/yoast.com\/wordpress\/plugins\/seo\/ -->\n<title>Foli\u00f5es do Bloco Camale\u00e3o se preparam para maratona de Carnaval - Portal MF<\/title>\n<meta name=\"robots\" content=\"index, follow, max-snippet:-1, max-image-preview:large, max-video-preview:-1\" \/>\n<link rel=\"canonical\" href=\"https:\/\/portalmf.com.br\/index.php\/2026\/01\/09\/folioes-do-bloco-camaleao-se-preparam-para-maratona-de-carnaval\/\" \/>\n<meta property=\"og:locale\" content=\"pt_BR\" \/>\n<meta property=\"og:type\" content=\"article\" \/>\n<meta property=\"og:title\" content=\"Foli\u00f5es do Bloco Camale\u00e3o se preparam para maratona de Carnaval - Portal MF\" \/>\n<meta property=\"og:description\" content=\"O Camale\u00e3o vai celebrar, em 2026, 47 anos de muita energia, alegria e emo\u00e7\u00e3o. O bloco, comandado por Bell Marques, segue sendo reconhecido por sua lideran\u00e7a e por despertar o desejo de baianos e turistas que querem viver uma experi\u00eancia \u00fanica no Carnaval de Salvador. Pensando em celebrar as quase cinco d\u00e9cadas sendo refer\u00eancia, o [&hellip;]\" \/>\n<meta property=\"og:url\" content=\"https:\/\/portalmf.com.br\/index.php\/2026\/01\/09\/folioes-do-bloco-camaleao-se-preparam-para-maratona-de-carnaval\/\" \/>\n<meta property=\"og:site_name\" content=\"Portal MF\" \/>\n<meta property=\"article:author\" content=\"https:\/\/www.facebook.com\/portalmfoficial\" \/>\n<meta property=\"article:published_time\" content=\"2026-01-09T13:06:11+00:00\" \/>\n<meta property=\"og:image\" content=\"https:\/\/portalmf.com.br\/wp-content\/uploads\/2026\/01\/Folioes-do-Bloco-Camaleao-se-preparam-para-maratona-de-Carnaval_-1.jpeg\" \/>\n\t<meta property=\"og:image:width\" content=\"1600\" \/>\n\t<meta property=\"og:image:height\" content=\"1066\" \/>\n\t<meta property=\"og:image:type\" content=\"image\/jpeg\" \/>\n<meta name=\"author\" content=\"Reda\u00e7\u00e3o Portal MF\" \/>\n<meta name=\"twitter:card\" content=\"summary_large_image\" \/>\n<meta name=\"twitter:creator\" content=\"@https:\/\/x.com\/portalmfoficial\" \/>\n<meta name=\"twitter:label1\" content=\"Escrito por\" \/>\n\t<meta name=\"twitter:data1\" content=\"Reda\u00e7\u00e3o Portal MF\" \/>\n\t<meta name=\"twitter:label2\" content=\"Est. tempo de leitura\" \/>\n\t<meta name=\"twitter:data2\" content=\"3 minutos\" \/>\n<script type=\"application\/ld+json\" class=\"yoast-schema-graph\">{\"@context\":\"https:\/\/schema.org\",\"@graph\":[{\"@type\":\"WebPage\",\"@id\":\"https:\/\/portalmf.com.br\/index.php\/2026\/01\/09\/folioes-do-bloco-camaleao-se-preparam-para-maratona-de-carnaval\/\",\"url\":\"https:\/\/portalmf.com.br\/index.php\/2026\/01\/09\/folioes-do-bloco-camaleao-se-preparam-para-maratona-de-carnaval\/\",\"name\":\"Foli\u00f5es do Bloco Camale\u00e3o se preparam para maratona de Carnaval - Portal MF\",\"isPartOf\":{\"@id\":\"https:\/\/portalmf.com.br\/#website\"},\"primaryImageOfPage\":{\"@id\":\"https:\/\/portalmf.com.br\/index.php\/2026\/01\/09\/folioes-do-bloco-camaleao-se-preparam-para-maratona-de-carnaval\/#primaryimage\"},\"image\":{\"@id\":\"https:\/\/portalmf.com.br\/index.php\/2026\/01\/09\/folioes-do-bloco-camaleao-se-preparam-para-maratona-de-carnaval\/#primaryimage\"},\"thumbnailUrl\":\"https:\/\/portalmf.com.br\/wp-content\/uploads\/2026\/01\/Folioes-do-Bloco-Camaleao-se-preparam-para-maratona-de-Carnaval_-1.jpeg\",\"datePublished\":\"2026-01-09T13:06:11+00:00\",\"dateModified\":\"2026-01-09T13:06:11+00:00\",\"author\":{\"@id\":\"https:\/\/portalmf.com.br\/#\/schema\/person\/9ec101baf56233e53520c26de5d6f6f0\"},\"breadcrumb\":{\"@id\":\"https:\/\/portalmf.com.br\/index.php\/2026\/01\/09\/folioes-do-bloco-camaleao-se-preparam-para-maratona-de-carnaval\/#breadcrumb\"},\"inLanguage\":\"pt-BR\",\"potentialAction\":[{\"@type\":\"ReadAction\",\"target\":[\"https:\/\/portalmf.com.br\/index.php\/2026\/01\/09\/folioes-do-bloco-camaleao-se-preparam-para-maratona-de-carnaval\/\"]}]},{\"@type\":\"ImageObject\",\"inLanguage\":\"pt-BR\",\"@id\":\"https:\/\/portalmf.com.br\/index.php\/2026\/01\/09\/folioes-do-bloco-camaleao-se-preparam-para-maratona-de-carnaval\/#primaryimage\",\"url\":\"https:\/\/portalmf.com.br\/wp-content\/uploads\/2026\/01\/Folioes-do-Bloco-Camaleao-se-preparam-para-maratona-de-Carnaval_-1.jpeg\",\"contentUrl\":\"https:\/\/portalmf.com.br\/wp-content\/uploads\/2026\/01\/Folioes-do-Bloco-Camaleao-se-preparam-para-maratona-de-Carnaval_-1.jpeg\",\"width\":1600,\"height\":1066},{\"@type\":\"BreadcrumbList\",\"@id\":\"https:\/\/portalmf.com.br\/index.php\/2026\/01\/09\/folioes-do-bloco-camaleao-se-preparam-para-maratona-de-carnaval\/#breadcrumb\",\"itemListElement\":[{\"@type\":\"ListItem\",\"position\":1,\"name\":\"In\u00edcio\",\"item\":\"https:\/\/portalmf.com.br\/\"},{\"@type\":\"ListItem\",\"position\":2,\"name\":\"Foli\u00f5es do Bloco Camale\u00e3o se preparam para maratona de Carnaval\"}]},{\"@type\":\"WebSite\",\"@id\":\"https:\/\/portalmf.com.br\/#website\",\"url\":\"https:\/\/portalmf.com.br\/\",\"name\":\"Portal MF\",\"description\":\"Voc\u00ea conectado com a informa\u00e7\u00e3o\",\"potentialAction\":[{\"@type\":\"SearchAction\",\"target\":{\"@type\":\"EntryPoint\",\"urlTemplate\":\"https:\/\/portalmf.com.br\/?s={search_term_string}\"},\"query-input\":\"required name=search_term_string\"}],\"inLanguage\":\"pt-BR\"},{\"@type\":\"Person\",\"@id\":\"https:\/\/portalmf.com.br\/#\/schema\/person\/9ec101baf56233e53520c26de5d6f6f0\",\"name\":\"Reda\u00e7\u00e3o Portal MF\",\"image\":{\"@type\":\"ImageObject\",\"inLanguage\":\"pt-BR\",\"@id\":\"https:\/\/portalmf.com.br\/#\/schema\/person\/image\/\",\"url\":\"https:\/\/secure.gravatar.com\/avatar\/41b9aaeb2100835f7c64362330f74c7f?s=96&d=mm&r=g\",\"contentUrl\":\"https:\/\/secure.gravatar.com\/avatar\/41b9aaeb2100835f7c64362330f74c7f?s=96&d=mm&r=g\",\"caption\":\"Reda\u00e7\u00e3o Portal MF\"},\"description\":\"Sejam bem-vindos o portal de informa\u00e7\u00f5es de entretenimento de Feira de Santana, desde 2006 realiza coberturas dos principais eventos com entrevistas exclusivas com as principais personalidades mundiais. Fique conectado tamb\u00e9m nas redes sociais.\",\"sameAs\":[\"http:\/\/www.portalmf.com.br\/\",\"https:\/\/www.facebook.com\/portalmfoficial\",\"https:\/\/www.instagram.com\/portalmf\/\",\"https:\/\/x.com\/https:\/\/x.com\/portalmfoficial\",\"https:\/\/www.youtube.com\/@portalmfoficial\"],\"url\":\"https:\/\/portalmf.com.br\/index.php\/author\/junior\/\"}]}<\/script>\n<!-- \/ Yoast SEO plugin. -->","yoast_head_json":{"title":"Foli\u00f5es do Bloco Camale\u00e3o se preparam para maratona de Carnaval - Portal MF","robots":{"index":"index","follow":"follow","max-snippet":"max-snippet:-1","max-image-preview":"max-image-preview:large","max-video-preview":"max-video-preview:-1"},"canonical":"https:\/\/portalmf.com.br\/index.php\/2026\/01\/09\/folioes-do-bloco-camaleao-se-preparam-para-maratona-de-carnaval\/","og_locale":"pt_BR","og_type":"article","og_title":"Foli\u00f5es do Bloco Camale\u00e3o se preparam para maratona de Carnaval - Portal MF","og_description":"O Camale\u00e3o vai celebrar, em 2026, 47 anos de muita energia, alegria e emo\u00e7\u00e3o. O bloco, comandado por Bell Marques, segue sendo reconhecido por sua lideran\u00e7a e por despertar o desejo de baianos e turistas que querem viver uma experi\u00eancia \u00fanica no Carnaval de Salvador. Pensando em celebrar as quase cinco d\u00e9cadas sendo refer\u00eancia, o [&hellip;]","og_url":"https:\/\/portalmf.com.br\/index.php\/2026\/01\/09\/folioes-do-bloco-camaleao-se-preparam-para-maratona-de-carnaval\/","og_site_name":"Portal MF","article_author":"https:\/\/www.facebook.com\/portalmfoficial","article_published_time":"2026-01-09T13:06:11+00:00","og_image":[{"width":1600,"height":1066,"url":"https:\/\/portalmf.com.br\/wp-content\/uploads\/2026\/01\/Folioes-do-Bloco-Camaleao-se-preparam-para-maratona-de-Carnaval_-1.jpeg","type":"image\/jpeg"}],"author":"Reda\u00e7\u00e3o Portal MF","twitter_card":"summary_large_image","twitter_creator":"@https:\/\/x.com\/portalmfoficial","twitter_misc":{"Escrito por":"Reda\u00e7\u00e3o Portal MF","Est. tempo de leitura":"3 minutos"},"schema":{"@context":"https:\/\/schema.org","@graph":[{"@type":"WebPage","@id":"https:\/\/portalmf.com.br\/index.php\/2026\/01\/09\/folioes-do-bloco-camaleao-se-preparam-para-maratona-de-carnaval\/","url":"https:\/\/portalmf.com.br\/index.php\/2026\/01\/09\/folioes-do-bloco-camaleao-se-preparam-para-maratona-de-carnaval\/","name":"Foli\u00f5es do Bloco Camale\u00e3o se preparam para maratona de Carnaval - Portal MF","isPartOf":{"@id":"https:\/\/portalmf.com.br\/#website"},"primaryImageOfPage":{"@id":"https:\/\/portalmf.com.br\/index.php\/2026\/01\/09\/folioes-do-bloco-camaleao-se-preparam-para-maratona-de-carnaval\/#primaryimage"},"image":{"@id":"https:\/\/portalmf.com.br\/index.php\/2026\/01\/09\/folioes-do-bloco-camaleao-se-preparam-para-maratona-de-carnaval\/#primaryimage"},"thumbnailUrl":"https:\/\/portalmf.com.br\/wp-content\/uploads\/2026\/01\/Folioes-do-Bloco-Camaleao-se-preparam-para-maratona-de-Carnaval_-1.jpeg","datePublished":"2026-01-09T13:06:11+00:00","dateModified":"2026-01-09T13:06:11+00:00","author":{"@id":"https:\/\/portalmf.com.br\/#\/schema\/person\/9ec101baf56233e53520c26de5d6f6f0"},"breadcrumb":{"@id":"https:\/\/portalmf.com.br\/index.php\/2026\/01\/09\/folioes-do-bloco-camaleao-se-preparam-para-maratona-de-carnaval\/#breadcrumb"},"inLanguage":"pt-BR","potentialAction":[{"@type":"ReadAction","target":["https:\/\/portalmf.com.br\/index.php\/2026\/01\/09\/folioes-do-bloco-camaleao-se-preparam-para-maratona-de-carnaval\/"]}]},{"@type":"ImageObject","inLanguage":"pt-BR","@id":"https:\/\/portalmf.com.br\/index.php\/2026\/01\/09\/folioes-do-bloco-camaleao-se-preparam-para-maratona-de-carnaval\/#primaryimage","url":"https:\/\/portalmf.com.br\/wp-content\/uploads\/2026\/01\/Folioes-do-Bloco-Camaleao-se-preparam-para-maratona-de-Carnaval_-1.jpeg","contentUrl":"https:\/\/portalmf.com.br\/wp-content\/uploads\/2026\/01\/Folioes-do-Bloco-Camaleao-se-preparam-para-maratona-de-Carnaval_-1.jpeg","width":1600,"height":1066},{"@type":"BreadcrumbList","@id":"https:\/\/portalmf.com.br\/index.php\/2026\/01\/09\/folioes-do-bloco-camaleao-se-preparam-para-maratona-de-carnaval\/#breadcrumb","itemListElement":[{"@type":"ListItem","position":1,"name":"In\u00edcio","item":"https:\/\/portalmf.com.br\/"},{"@type":"ListItem","position":2,"name":"Foli\u00f5es do Bloco Camale\u00e3o se preparam para maratona de Carnaval"}]},{"@type":"WebSite","@id":"https:\/\/portalmf.com.br\/#website","url":"https:\/\/portalmf.com.br\/","name":"Portal MF","description":"Voc\u00ea conectado com a informa\u00e7\u00e3o","potentialAction":[{"@type":"SearchAction","target":{"@type":"EntryPoint","urlTemplate":"https:\/\/portalmf.com.br\/?s={search_term_string}"},"query-input":"required name=search_term_string"}],"inLanguage":"pt-BR"},{"@type":"Person","@id":"https:\/\/portalmf.com.br\/#\/schema\/person\/9ec101baf56233e53520c26de5d6f6f0","name":"Reda\u00e7\u00e3o Portal MF","image":{"@type":"ImageObject","inLanguage":"pt-BR","@id":"https:\/\/portalmf.com.br\/#\/schema\/person\/image\/","url":"https:\/\/secure.gravatar.com\/avatar\/41b9aaeb2100835f7c64362330f74c7f?s=96&d=mm&r=g","contentUrl":"https:\/\/secure.gravatar.com\/avatar\/41b9aaeb2100835f7c64362330f74c7f?s=96&d=mm&r=g","caption":"Reda\u00e7\u00e3o Portal MF"},"description":"Sejam bem-vindos o portal de informa\u00e7\u00f5es de entretenimento de Feira de Santana, desde 2006 realiza coberturas dos principais eventos com entrevistas exclusivas com as principais personalidades mundiais. Fique conectado tamb\u00e9m nas redes sociais.","sameAs":["http:\/\/www.portalmf.com.br\/","https:\/\/www.facebook.com\/portalmfoficial","https:\/\/www.instagram.com\/portalmf\/","https:\/\/x.com\/https:\/\/x.com\/portalmfoficial","https:\/\/www.youtube.com\/@portalmfoficial"],"url":"https:\/\/portalmf.com.br\/index.php\/author\/junior\/"}]}},"_links":{"self":[{"href":"https:\/\/portalmf.com.br\/index.php\/wp-json\/wp\/v2\/posts\/40920"}],"collection":[{"href":"https:\/\/portalmf.com.br\/index.php\/wp-json\/wp\/v2\/posts"}],"about":[{"href":"https:\/\/portalmf.com.br\/index.php\/wp-json\/wp\/v2\/types\/post"}],"author":[{"embeddable":true,"href":"https:\/\/portalmf.com.br\/index.php\/wp-json\/wp\/v2\/users\/3"}],"replies":[{"embeddable":true,"href":"https:\/\/portalmf.com.br\/index.php\/wp-json\/wp\/v2\/comments?post=40920"}],"version-history":[{"count":1,"href":"https:\/\/portalmf.com.br\/index.php\/wp-json\/wp\/v2\/posts\/40920\/revisions"}],"predecessor-version":[{"id":40923,"href":"https:\/\/portalmf.com.br\/index.php\/wp-json\/wp\/v2\/posts\/40920\/revisions\/40923"}],"wp:featuredmedia":[{"embeddable":true,"href":"https:\/\/portalmf.com.br\/index.php\/wp-json\/wp\/v2\/media\/40922"}],"wp:attachment":[{"href":"https:\/\/portalmf.com.br\/index.php\/wp-json\/wp\/v2\/media?parent=40920"}],"wp:term":[{"taxonomy":"category","embeddable":true,"href":"https:\/\/portalmf.com.br\/index.php\/wp-json\/wp\/v2\/categories?post=40920"},{"taxonomy":"post_tag","embeddable":true,"href":"https:\/\/portalmf.com.br\/index.php\/wp-json\/wp\/v2\/tags?post=40920"}],"curies":[{"name":"wp","href":"https:\/\/api.w.org\/{rel}","templated":true}]}}