{"id":40917,"date":"2026-01-07T09:58:59","date_gmt":"2026-01-07T12:58:59","guid":{"rendered":"https:\/\/portalmf.com.br\/?p=40917"},"modified":"2026-01-09T10:02:48","modified_gmt":"2026-01-09T13:02:48","slug":"baile-da-santinha-anuncia-o-kannalha-como-atracao-de-abertura","status":"publish","type":"post","link":"https:\/\/portalmf.com.br\/index.php\/2026\/01\/07\/baile-da-santinha-anuncia-o-kannalha-como-atracao-de-abertura\/","title":{"rendered":"Baile da Santinha anuncia O Kannalha como atra\u00e7\u00e3o de abertura"},"content":{"rendered":"\n<p>O gigante L\u00e9o Santana vai chegar com tudo no ver\u00e3o. O Baile da Santinha, que acontecer\u00e1 nesta sexta-feira, dia 9 de janeiro, no Wet Eventos, acaba de anunciar O kannalha como atra\u00e7\u00e3o de abertura.<\/p>\n\n\n\n<p>\u2018O maior baile do Brasil\u2019 vai \u2018ferver\u2019 Salvador e fazer a alegria de baianos e turistas que buscam divers\u00e3o e boa m\u00fasica, com uma megaestrutura, conforto e a experi\u00eancia imersiva, com tem\u00e1tica e cenografia especial, do jeito que s\u00f3 o Baile da Santinha oferece!<\/p>\n\n\n\n<p>Trazendo todo o molho que s\u00f3 o baiano tem, O Kannalha se une a um time de peso para tornar a edi\u00e7\u00e3o de 2026 inesquec\u00edvel! O evento contar\u00e1 ainda com shows de Thiaguinho, Ludmilla e Natanzinho Lima, al\u00e9m de um megashow de L\u00e9o Santana, que levar\u00e1 os maiores hits de sua carreira para o palco do Baile e vai amanhecer o dia com o p\u00fablico.<\/p>\n\n\n\n<p>\u201cA edi\u00e7\u00e3o de 2026 do Baile vai ser inesquec\u00edvel! Convidei amigos especiais, que s\u00e3o artistas \u00fanicos, para fazermos uma noite especial para a galera de Salvador. Al\u00e9m de Thiaguinho, Ludmilla e Natanzinho Lima, teremos agora o puro suco da Bahia com o pagod\u00e3o d\u2019O Kannalha. Vai ser muito massa! Espero encontrar todos os meus f\u00e3s por l\u00e1, para juntos amanhecermos o dia\u201d, comentou animado o GG L\u00e9o Santana.<\/p>\n\n\n\n<p>Se voc\u00ea ainda n\u00e3o garantiu o seu ingresso, corra! As \u00faltimas unidades ainda est\u00e3o dispon\u00edveis e as vendas est\u00e3o acontecendo na loja do Bora Tickets, no 2\u00ba piso do Shopping da Bahia ou no site www.boratickets.com.br .<\/p>\n\n\n\n<p>Para mais informa\u00e7\u00f5es acesse @bailedasantinha @leosantana e @ssaproducoes.<\/p>\n","protected":false},"excerpt":{"rendered":"<p>O gigante L\u00e9o Santana vai chegar com tudo no ver\u00e3o. O Baile da Santinha, que acontecer\u00e1 nesta sexta-feira, dia 9 de janeiro, no Wet Eventos, acaba de anunciar O kannalha como atra\u00e7\u00e3o de abertura. \u2018O maior baile do Brasil\u2019 vai \u2018ferver\u2019 Salvador e fazer a alegria de baianos e turistas que buscam divers\u00e3o e boa [&hellip;]<\/p>\n","protected":false},"author":3,"featured_media":40918,"comment_status":"open","ping_status":"open","sticky":false,"template":"","format":"standard","meta":{"_monsterinsights_skip_tracking":false,"_monsterinsights_sitenote_active":false,"_monsterinsights_sitenote_note":"","_monsterinsights_sitenote_category":0,"footnotes":""},"categories":[1],"tags":[],"yoast_head":"<!-- This site is optimized with the Yoast SEO plugin v22.9 - https:\/\/yoast.com\/wordpress\/plugins\/seo\/ -->\n<title>Baile da Santinha anuncia O Kannalha como atra\u00e7\u00e3o de abertura - Portal MF<\/title>\n<meta name=\"robots\" content=\"index, follow, max-snippet:-1, max-image-preview:large, max-video-preview:-1\" \/>\n<link rel=\"canonical\" href=\"https:\/\/portalmf.com.br\/index.php\/2026\/01\/07\/baile-da-santinha-anuncia-o-kannalha-como-atracao-de-abertura\/\" \/>\n<meta property=\"og:locale\" content=\"pt_BR\" \/>\n<meta property=\"og:type\" content=\"article\" \/>\n<meta property=\"og:title\" content=\"Baile da Santinha anuncia O Kannalha como atra\u00e7\u00e3o de abertura - Portal MF\" \/>\n<meta property=\"og:description\" content=\"O gigante L\u00e9o Santana vai chegar com tudo no ver\u00e3o. O Baile da Santinha, que acontecer\u00e1 nesta sexta-feira, dia 9 de janeiro, no Wet Eventos, acaba de anunciar O kannalha como atra\u00e7\u00e3o de abertura. \u2018O maior baile do Brasil\u2019 vai \u2018ferver\u2019 Salvador e fazer a alegria de baianos e turistas que buscam divers\u00e3o e boa [&hellip;]\" \/>\n<meta property=\"og:url\" content=\"https:\/\/portalmf.com.br\/index.php\/2026\/01\/07\/baile-da-santinha-anuncia-o-kannalha-como-atracao-de-abertura\/\" \/>\n<meta property=\"og:site_name\" content=\"Portal MF\" \/>\n<meta property=\"article:author\" content=\"https:\/\/www.facebook.com\/portalmfoficial\" \/>\n<meta property=\"article:published_time\" content=\"2026-01-07T12:58:59+00:00\" \/>\n<meta property=\"article:modified_time\" content=\"2026-01-09T13:02:48+00:00\" \/>\n<meta property=\"og:image\" content=\"https:\/\/portalmf.com.br\/wp-content\/uploads\/2026\/01\/O-Kannalha-Credito-Matheus-Caratt-e1767963719904.jpg\" \/>\n\t<meta property=\"og:image:width\" content=\"1200\" \/>\n\t<meta property=\"og:image:height\" content=\"948\" \/>\n\t<meta property=\"og:image:type\" content=\"image\/jpeg\" \/>\n<meta name=\"author\" content=\"Reda\u00e7\u00e3o Portal MF\" \/>\n<meta name=\"twitter:card\" content=\"summary_large_image\" \/>\n<meta name=\"twitter:creator\" content=\"@https:\/\/x.com\/portalmfoficial\" \/>\n<meta name=\"twitter:label1\" content=\"Escrito por\" \/>\n\t<meta name=\"twitter:data1\" content=\"Reda\u00e7\u00e3o Portal MF\" \/>\n\t<meta name=\"twitter:label2\" content=\"Est. tempo de leitura\" \/>\n\t<meta name=\"twitter:data2\" content=\"2 minutos\" \/>\n<script type=\"application\/ld+json\" class=\"yoast-schema-graph\">{\"@context\":\"https:\/\/schema.org\",\"@graph\":[{\"@type\":\"WebPage\",\"@id\":\"https:\/\/portalmf.com.br\/index.php\/2026\/01\/07\/baile-da-santinha-anuncia-o-kannalha-como-atracao-de-abertura\/\",\"url\":\"https:\/\/portalmf.com.br\/index.php\/2026\/01\/07\/baile-da-santinha-anuncia-o-kannalha-como-atracao-de-abertura\/\",\"name\":\"Baile da Santinha anuncia O Kannalha como atra\u00e7\u00e3o de abertura - Portal MF\",\"isPartOf\":{\"@id\":\"https:\/\/portalmf.com.br\/#website\"},\"primaryImageOfPage\":{\"@id\":\"https:\/\/portalmf.com.br\/index.php\/2026\/01\/07\/baile-da-santinha-anuncia-o-kannalha-como-atracao-de-abertura\/#primaryimage\"},\"image\":{\"@id\":\"https:\/\/portalmf.com.br\/index.php\/2026\/01\/07\/baile-da-santinha-anuncia-o-kannalha-como-atracao-de-abertura\/#primaryimage\"},\"thumbnailUrl\":\"https:\/\/portalmf.com.br\/wp-content\/uploads\/2026\/01\/O-Kannalha-Credito-Matheus-Caratt-e1767963719904.jpg\",\"datePublished\":\"2026-01-07T12:58:59+00:00\",\"dateModified\":\"2026-01-09T13:02:48+00:00\",\"author\":{\"@id\":\"https:\/\/portalmf.com.br\/#\/schema\/person\/9ec101baf56233e53520c26de5d6f6f0\"},\"breadcrumb\":{\"@id\":\"https:\/\/portalmf.com.br\/index.php\/2026\/01\/07\/baile-da-santinha-anuncia-o-kannalha-como-atracao-de-abertura\/#breadcrumb\"},\"inLanguage\":\"pt-BR\",\"potentialAction\":[{\"@type\":\"ReadAction\",\"target\":[\"https:\/\/portalmf.com.br\/index.php\/2026\/01\/07\/baile-da-santinha-anuncia-o-kannalha-como-atracao-de-abertura\/\"]}]},{\"@type\":\"ImageObject\",\"inLanguage\":\"pt-BR\",\"@id\":\"https:\/\/portalmf.com.br\/index.php\/2026\/01\/07\/baile-da-santinha-anuncia-o-kannalha-como-atracao-de-abertura\/#primaryimage\",\"url\":\"https:\/\/portalmf.com.br\/wp-content\/uploads\/2026\/01\/O-Kannalha-Credito-Matheus-Caratt-e1767963719904.jpg\",\"contentUrl\":\"https:\/\/portalmf.com.br\/wp-content\/uploads\/2026\/01\/O-Kannalha-Credito-Matheus-Caratt-e1767963719904.jpg\",\"width\":1200,\"height\":948},{\"@type\":\"BreadcrumbList\",\"@id\":\"https:\/\/portalmf.com.br\/index.php\/2026\/01\/07\/baile-da-santinha-anuncia-o-kannalha-como-atracao-de-abertura\/#breadcrumb\",\"itemListElement\":[{\"@type\":\"ListItem\",\"position\":1,\"name\":\"In\u00edcio\",\"item\":\"https:\/\/portalmf.com.br\/\"},{\"@type\":\"ListItem\",\"position\":2,\"name\":\"Baile da Santinha anuncia O Kannalha como atra\u00e7\u00e3o de abertura\"}]},{\"@type\":\"WebSite\",\"@id\":\"https:\/\/portalmf.com.br\/#website\",\"url\":\"https:\/\/portalmf.com.br\/\",\"name\":\"Portal MF\",\"description\":\"Voc\u00ea conectado com a informa\u00e7\u00e3o\",\"potentialAction\":[{\"@type\":\"SearchAction\",\"target\":{\"@type\":\"EntryPoint\",\"urlTemplate\":\"https:\/\/portalmf.com.br\/?s={search_term_string}\"},\"query-input\":\"required name=search_term_string\"}],\"inLanguage\":\"pt-BR\"},{\"@type\":\"Person\",\"@id\":\"https:\/\/portalmf.com.br\/#\/schema\/person\/9ec101baf56233e53520c26de5d6f6f0\",\"name\":\"Reda\u00e7\u00e3o Portal MF\",\"image\":{\"@type\":\"ImageObject\",\"inLanguage\":\"pt-BR\",\"@id\":\"https:\/\/portalmf.com.br\/#\/schema\/person\/image\/\",\"url\":\"https:\/\/secure.gravatar.com\/avatar\/41b9aaeb2100835f7c64362330f74c7f?s=96&d=mm&r=g\",\"contentUrl\":\"https:\/\/secure.gravatar.com\/avatar\/41b9aaeb2100835f7c64362330f74c7f?s=96&d=mm&r=g\",\"caption\":\"Reda\u00e7\u00e3o Portal MF\"},\"description\":\"Sejam bem-vindos o portal de informa\u00e7\u00f5es de entretenimento de Feira de Santana, desde 2006 realiza coberturas dos principais eventos com entrevistas exclusivas com as principais personalidades mundiais. Fique conectado tamb\u00e9m nas redes sociais.\",\"sameAs\":[\"http:\/\/www.portalmf.com.br\/\",\"https:\/\/www.facebook.com\/portalmfoficial\",\"https:\/\/www.instagram.com\/portalmf\/\",\"https:\/\/x.com\/https:\/\/x.com\/portalmfoficial\",\"https:\/\/www.youtube.com\/@portalmfoficial\"],\"url\":\"https:\/\/portalmf.com.br\/index.php\/author\/junior\/\"}]}<\/script>\n<!-- \/ Yoast SEO plugin. -->","yoast_head_json":{"title":"Baile da Santinha anuncia O Kannalha como atra\u00e7\u00e3o de abertura - Portal MF","robots":{"index":"index","follow":"follow","max-snippet":"max-snippet:-1","max-image-preview":"max-image-preview:large","max-video-preview":"max-video-preview:-1"},"canonical":"https:\/\/portalmf.com.br\/index.php\/2026\/01\/07\/baile-da-santinha-anuncia-o-kannalha-como-atracao-de-abertura\/","og_locale":"pt_BR","og_type":"article","og_title":"Baile da Santinha anuncia O Kannalha como atra\u00e7\u00e3o de abertura - Portal MF","og_description":"O gigante L\u00e9o Santana vai chegar com tudo no ver\u00e3o. O Baile da Santinha, que acontecer\u00e1 nesta sexta-feira, dia 9 de janeiro, no Wet Eventos, acaba de anunciar O kannalha como atra\u00e7\u00e3o de abertura. \u2018O maior baile do Brasil\u2019 vai \u2018ferver\u2019 Salvador e fazer a alegria de baianos e turistas que buscam divers\u00e3o e boa [&hellip;]","og_url":"https:\/\/portalmf.com.br\/index.php\/2026\/01\/07\/baile-da-santinha-anuncia-o-kannalha-como-atracao-de-abertura\/","og_site_name":"Portal MF","article_author":"https:\/\/www.facebook.com\/portalmfoficial","article_published_time":"2026-01-07T12:58:59+00:00","article_modified_time":"2026-01-09T13:02:48+00:00","og_image":[{"width":1200,"height":948,"url":"https:\/\/portalmf.com.br\/wp-content\/uploads\/2026\/01\/O-Kannalha-Credito-Matheus-Caratt-e1767963719904.jpg","type":"image\/jpeg"}],"author":"Reda\u00e7\u00e3o Portal MF","twitter_card":"summary_large_image","twitter_creator":"@https:\/\/x.com\/portalmfoficial","twitter_misc":{"Escrito por":"Reda\u00e7\u00e3o Portal MF","Est. tempo de leitura":"2 minutos"},"schema":{"@context":"https:\/\/schema.org","@graph":[{"@type":"WebPage","@id":"https:\/\/portalmf.com.br\/index.php\/2026\/01\/07\/baile-da-santinha-anuncia-o-kannalha-como-atracao-de-abertura\/","url":"https:\/\/portalmf.com.br\/index.php\/2026\/01\/07\/baile-da-santinha-anuncia-o-kannalha-como-atracao-de-abertura\/","name":"Baile da Santinha anuncia O Kannalha como atra\u00e7\u00e3o de abertura - Portal MF","isPartOf":{"@id":"https:\/\/portalmf.com.br\/#website"},"primaryImageOfPage":{"@id":"https:\/\/portalmf.com.br\/index.php\/2026\/01\/07\/baile-da-santinha-anuncia-o-kannalha-como-atracao-de-abertura\/#primaryimage"},"image":{"@id":"https:\/\/portalmf.com.br\/index.php\/2026\/01\/07\/baile-da-santinha-anuncia-o-kannalha-como-atracao-de-abertura\/#primaryimage"},"thumbnailUrl":"https:\/\/portalmf.com.br\/wp-content\/uploads\/2026\/01\/O-Kannalha-Credito-Matheus-Caratt-e1767963719904.jpg","datePublished":"2026-01-07T12:58:59+00:00","dateModified":"2026-01-09T13:02:48+00:00","author":{"@id":"https:\/\/portalmf.com.br\/#\/schema\/person\/9ec101baf56233e53520c26de5d6f6f0"},"breadcrumb":{"@id":"https:\/\/portalmf.com.br\/index.php\/2026\/01\/07\/baile-da-santinha-anuncia-o-kannalha-como-atracao-de-abertura\/#breadcrumb"},"inLanguage":"pt-BR","potentialAction":[{"@type":"ReadAction","target":["https:\/\/portalmf.com.br\/index.php\/2026\/01\/07\/baile-da-santinha-anuncia-o-kannalha-como-atracao-de-abertura\/"]}]},{"@type":"ImageObject","inLanguage":"pt-BR","@id":"https:\/\/portalmf.com.br\/index.php\/2026\/01\/07\/baile-da-santinha-anuncia-o-kannalha-como-atracao-de-abertura\/#primaryimage","url":"https:\/\/portalmf.com.br\/wp-content\/uploads\/2026\/01\/O-Kannalha-Credito-Matheus-Caratt-e1767963719904.jpg","contentUrl":"https:\/\/portalmf.com.br\/wp-content\/uploads\/2026\/01\/O-Kannalha-Credito-Matheus-Caratt-e1767963719904.jpg","width":1200,"height":948},{"@type":"BreadcrumbList","@id":"https:\/\/portalmf.com.br\/index.php\/2026\/01\/07\/baile-da-santinha-anuncia-o-kannalha-como-atracao-de-abertura\/#breadcrumb","itemListElement":[{"@type":"ListItem","position":1,"name":"In\u00edcio","item":"https:\/\/portalmf.com.br\/"},{"@type":"ListItem","position":2,"name":"Baile da Santinha anuncia O Kannalha como atra\u00e7\u00e3o de abertura"}]},{"@type":"WebSite","@id":"https:\/\/portalmf.com.br\/#website","url":"https:\/\/portalmf.com.br\/","name":"Portal MF","description":"Voc\u00ea conectado com a informa\u00e7\u00e3o","potentialAction":[{"@type":"SearchAction","target":{"@type":"EntryPoint","urlTemplate":"https:\/\/portalmf.com.br\/?s={search_term_string}"},"query-input":"required name=search_term_string"}],"inLanguage":"pt-BR"},{"@type":"Person","@id":"https:\/\/portalmf.com.br\/#\/schema\/person\/9ec101baf56233e53520c26de5d6f6f0","name":"Reda\u00e7\u00e3o Portal MF","image":{"@type":"ImageObject","inLanguage":"pt-BR","@id":"https:\/\/portalmf.com.br\/#\/schema\/person\/image\/","url":"https:\/\/secure.gravatar.com\/avatar\/41b9aaeb2100835f7c64362330f74c7f?s=96&d=mm&r=g","contentUrl":"https:\/\/secure.gravatar.com\/avatar\/41b9aaeb2100835f7c64362330f74c7f?s=96&d=mm&r=g","caption":"Reda\u00e7\u00e3o Portal MF"},"description":"Sejam bem-vindos o portal de informa\u00e7\u00f5es de entretenimento de Feira de Santana, desde 2006 realiza coberturas dos principais eventos com entrevistas exclusivas com as principais personalidades mundiais. Fique conectado tamb\u00e9m nas redes sociais.","sameAs":["http:\/\/www.portalmf.com.br\/","https:\/\/www.facebook.com\/portalmfoficial","https:\/\/www.instagram.com\/portalmf\/","https:\/\/x.com\/https:\/\/x.com\/portalmfoficial","https:\/\/www.youtube.com\/@portalmfoficial"],"url":"https:\/\/portalmf.com.br\/index.php\/author\/junior\/"}]}},"_links":{"self":[{"href":"https:\/\/portalmf.com.br\/index.php\/wp-json\/wp\/v2\/posts\/40917"}],"collection":[{"href":"https:\/\/portalmf.com.br\/index.php\/wp-json\/wp\/v2\/posts"}],"about":[{"href":"https:\/\/portalmf.com.br\/index.php\/wp-json\/wp\/v2\/types\/post"}],"author":[{"embeddable":true,"href":"https:\/\/portalmf.com.br\/index.php\/wp-json\/wp\/v2\/users\/3"}],"replies":[{"embeddable":true,"href":"https:\/\/portalmf.com.br\/index.php\/wp-json\/wp\/v2\/comments?post=40917"}],"version-history":[{"count":1,"href":"https:\/\/portalmf.com.br\/index.php\/wp-json\/wp\/v2\/posts\/40917\/revisions"}],"predecessor-version":[{"id":40919,"href":"https:\/\/portalmf.com.br\/index.php\/wp-json\/wp\/v2\/posts\/40917\/revisions\/40919"}],"wp:featuredmedia":[{"embeddable":true,"href":"https:\/\/portalmf.com.br\/index.php\/wp-json\/wp\/v2\/media\/40918"}],"wp:attachment":[{"href":"https:\/\/portalmf.com.br\/index.php\/wp-json\/wp\/v2\/media?parent=40917"}],"wp:term":[{"taxonomy":"category","embeddable":true,"href":"https:\/\/portalmf.com.br\/index.php\/wp-json\/wp\/v2\/categories?post=40917"},{"taxonomy":"post_tag","embeddable":true,"href":"https:\/\/portalmf.com.br\/index.php\/wp-json\/wp\/v2\/tags?post=40917"}],"curies":[{"name":"wp","href":"https:\/\/api.w.org\/{rel}","templated":true}]}}