{"id":40821,"date":"2026-01-07T07:50:06","date_gmt":"2026-01-07T10:50:06","guid":{"rendered":"https:\/\/portalmf.com.br\/?p=40821"},"modified":"2026-01-07T07:50:07","modified_gmt":"2026-01-07T10:50:07","slug":"banda-eva-se-apresenta-no-festival-do-parque-em-salvador","status":"publish","type":"post","link":"https:\/\/portalmf.com.br\/index.php\/2026\/01\/07\/banda-eva-se-apresenta-no-festival-do-parque-em-salvador\/","title":{"rendered":"Banda Eva se apresenta no Festival do Parque em Salvador"},"content":{"rendered":"\n<p><br>A banda EVA vai subir ao palco do Festival do Parque neste domingo, 11 de janeiro, no Parque da Cidade, em Salvador, em um show que promete celebrar n\u00e3o s\u00f3 seus 45 anos de hist\u00f3ria, mas a esta\u00e7\u00e3o mais quente e esperada do ano! Sob o comando de Felipe Pezzoni, a apresenta\u00e7\u00e3o vai unir cl\u00e1ssicos consagrados do grupo e novidades que prometem ferver nas pr\u00f3ximas semanas.<\/p>\n\n\n\n<p>No repert\u00f3rio, o EVA vai revisitar can\u00e7\u00f5es que atravessaram gera\u00e7\u00f5es e ajudaram a consolidar sua trajet\u00f3ria na m\u00fasica brasileira, como \u201cMe Abra\u00e7a\u201d, \u201cBeleza Rara\u201d, \u201c\u00c9 do Eva\u201d, \u201cEVA\u201d, entre outros sucessos que seguem presentes na mem\u00f3ria afetiva do p\u00fablico.<\/p>\n\n\n\n<p>O show tamb\u00e9m vai abrir espa\u00e7o para \u201cEva Sinfonia\u201d, lan\u00e7amento recente do grupo, que vem ganhando destaque nas apresenta\u00e7\u00f5es ao vivo e nas plataformas digitais. A can\u00e7\u00e3o \u00e9 a aposta do EVA para o ver\u00e3o 2026 e o Carnaval, refor\u00e7ando a conex\u00e3o entre tradi\u00e7\u00e3o e renova\u00e7\u00e3o que marca a hist\u00f3ria da banda.<\/p>\n\n\n\n<p><em>\u201cCantar em casa tem um significado especial. Salvador tem uma energia \u00fanica, que contagia nosso show e a forma como a gente se conecta com o p\u00fablico. \u00c9 sempre sensacional e, neste domingo, n\u00e3o vai ser diferente!\u201d,<\/em> promete Felipe Pezzoni. O Festival do Parque \u00e9 gratuito e vai come\u00e7ar a partir das 10h da manh\u00e3.<\/p>\n","protected":false},"excerpt":{"rendered":"<p>A banda EVA vai subir ao palco do Festival do Parque neste domingo, 11 de janeiro, no Parque da Cidade, em Salvador, em um show que promete celebrar n\u00e3o s\u00f3 seus 45 anos de hist\u00f3ria, mas a esta\u00e7\u00e3o mais quente e esperada do ano! Sob o comando de Felipe Pezzoni, a apresenta\u00e7\u00e3o vai unir cl\u00e1ssicos [&hellip;]<\/p>\n","protected":false},"author":3,"featured_media":36553,"comment_status":"open","ping_status":"open","sticky":false,"template":"","format":"standard","meta":{"_monsterinsights_skip_tracking":false,"_monsterinsights_sitenote_active":false,"_monsterinsights_sitenote_note":"","_monsterinsights_sitenote_category":0,"footnotes":""},"categories":[44,48],"tags":[],"yoast_head":"<!-- This site is optimized with the Yoast SEO plugin v22.9 - https:\/\/yoast.com\/wordpress\/plugins\/seo\/ -->\n<title>Banda Eva se apresenta no Festival do Parque em Salvador - Portal MF<\/title>\n<meta name=\"robots\" content=\"index, follow, max-snippet:-1, max-image-preview:large, max-video-preview:-1\" \/>\n<link rel=\"canonical\" href=\"https:\/\/portalmf.com.br\/index.php\/2026\/01\/07\/banda-eva-se-apresenta-no-festival-do-parque-em-salvador\/\" \/>\n<meta property=\"og:locale\" content=\"pt_BR\" \/>\n<meta property=\"og:type\" content=\"article\" \/>\n<meta property=\"og:title\" content=\"Banda Eva se apresenta no Festival do Parque em Salvador - Portal MF\" \/>\n<meta property=\"og:description\" content=\"A banda EVA vai subir ao palco do Festival do Parque neste domingo, 11 de janeiro, no Parque da Cidade, em Salvador, em um show que promete celebrar n\u00e3o s\u00f3 seus 45 anos de hist\u00f3ria, mas a esta\u00e7\u00e3o mais quente e esperada do ano! Sob o comando de Felipe Pezzoni, a apresenta\u00e7\u00e3o vai unir cl\u00e1ssicos [&hellip;]\" \/>\n<meta property=\"og:url\" content=\"https:\/\/portalmf.com.br\/index.php\/2026\/01\/07\/banda-eva-se-apresenta-no-festival-do-parque-em-salvador\/\" \/>\n<meta property=\"og:site_name\" content=\"Portal MF\" \/>\n<meta property=\"article:author\" content=\"https:\/\/www.facebook.com\/portalmfoficial\" \/>\n<meta property=\"article:published_time\" content=\"2026-01-07T10:50:06+00:00\" \/>\n<meta property=\"article:modified_time\" content=\"2026-01-07T10:50:07+00:00\" \/>\n<meta property=\"og:image\" content=\"https:\/\/portalmf.com.br\/wp-content\/uploads\/2025\/06\/banda_eva.jpg\" \/>\n\t<meta property=\"og:image:width\" content=\"1000\" \/>\n\t<meta property=\"og:image:height\" content=\"713\" \/>\n\t<meta property=\"og:image:type\" content=\"image\/jpeg\" \/>\n<meta name=\"author\" content=\"Reda\u00e7\u00e3o Portal MF\" \/>\n<meta name=\"twitter:card\" content=\"summary_large_image\" \/>\n<meta name=\"twitter:creator\" content=\"@https:\/\/x.com\/portalmfoficial\" \/>\n<meta name=\"twitter:label1\" content=\"Escrito por\" \/>\n\t<meta name=\"twitter:data1\" content=\"Reda\u00e7\u00e3o Portal MF\" \/>\n\t<meta name=\"twitter:label2\" content=\"Est. tempo de leitura\" \/>\n\t<meta name=\"twitter:data2\" content=\"2 minutos\" \/>\n<script type=\"application\/ld+json\" class=\"yoast-schema-graph\">{\"@context\":\"https:\/\/schema.org\",\"@graph\":[{\"@type\":\"WebPage\",\"@id\":\"https:\/\/portalmf.com.br\/index.php\/2026\/01\/07\/banda-eva-se-apresenta-no-festival-do-parque-em-salvador\/\",\"url\":\"https:\/\/portalmf.com.br\/index.php\/2026\/01\/07\/banda-eva-se-apresenta-no-festival-do-parque-em-salvador\/\",\"name\":\"Banda Eva se apresenta no Festival do Parque em Salvador - Portal MF\",\"isPartOf\":{\"@id\":\"https:\/\/portalmf.com.br\/#website\"},\"primaryImageOfPage\":{\"@id\":\"https:\/\/portalmf.com.br\/index.php\/2026\/01\/07\/banda-eva-se-apresenta-no-festival-do-parque-em-salvador\/#primaryimage\"},\"image\":{\"@id\":\"https:\/\/portalmf.com.br\/index.php\/2026\/01\/07\/banda-eva-se-apresenta-no-festival-do-parque-em-salvador\/#primaryimage\"},\"thumbnailUrl\":\"https:\/\/portalmf.com.br\/wp-content\/uploads\/2025\/06\/banda_eva.jpg\",\"datePublished\":\"2026-01-07T10:50:06+00:00\",\"dateModified\":\"2026-01-07T10:50:07+00:00\",\"author\":{\"@id\":\"https:\/\/portalmf.com.br\/#\/schema\/person\/9ec101baf56233e53520c26de5d6f6f0\"},\"breadcrumb\":{\"@id\":\"https:\/\/portalmf.com.br\/index.php\/2026\/01\/07\/banda-eva-se-apresenta-no-festival-do-parque-em-salvador\/#breadcrumb\"},\"inLanguage\":\"pt-BR\",\"potentialAction\":[{\"@type\":\"ReadAction\",\"target\":[\"https:\/\/portalmf.com.br\/index.php\/2026\/01\/07\/banda-eva-se-apresenta-no-festival-do-parque-em-salvador\/\"]}]},{\"@type\":\"ImageObject\",\"inLanguage\":\"pt-BR\",\"@id\":\"https:\/\/portalmf.com.br\/index.php\/2026\/01\/07\/banda-eva-se-apresenta-no-festival-do-parque-em-salvador\/#primaryimage\",\"url\":\"https:\/\/portalmf.com.br\/wp-content\/uploads\/2025\/06\/banda_eva.jpg\",\"contentUrl\":\"https:\/\/portalmf.com.br\/wp-content\/uploads\/2025\/06\/banda_eva.jpg\",\"width\":1000,\"height\":713},{\"@type\":\"BreadcrumbList\",\"@id\":\"https:\/\/portalmf.com.br\/index.php\/2026\/01\/07\/banda-eva-se-apresenta-no-festival-do-parque-em-salvador\/#breadcrumb\",\"itemListElement\":[{\"@type\":\"ListItem\",\"position\":1,\"name\":\"In\u00edcio\",\"item\":\"https:\/\/portalmf.com.br\/\"},{\"@type\":\"ListItem\",\"position\":2,\"name\":\"Banda Eva se apresenta no Festival do Parque em Salvador\"}]},{\"@type\":\"WebSite\",\"@id\":\"https:\/\/portalmf.com.br\/#website\",\"url\":\"https:\/\/portalmf.com.br\/\",\"name\":\"Portal MF\",\"description\":\"Voc\u00ea conectado com a informa\u00e7\u00e3o\",\"potentialAction\":[{\"@type\":\"SearchAction\",\"target\":{\"@type\":\"EntryPoint\",\"urlTemplate\":\"https:\/\/portalmf.com.br\/?s={search_term_string}\"},\"query-input\":\"required name=search_term_string\"}],\"inLanguage\":\"pt-BR\"},{\"@type\":\"Person\",\"@id\":\"https:\/\/portalmf.com.br\/#\/schema\/person\/9ec101baf56233e53520c26de5d6f6f0\",\"name\":\"Reda\u00e7\u00e3o Portal MF\",\"image\":{\"@type\":\"ImageObject\",\"inLanguage\":\"pt-BR\",\"@id\":\"https:\/\/portalmf.com.br\/#\/schema\/person\/image\/\",\"url\":\"https:\/\/secure.gravatar.com\/avatar\/41b9aaeb2100835f7c64362330f74c7f?s=96&d=mm&r=g\",\"contentUrl\":\"https:\/\/secure.gravatar.com\/avatar\/41b9aaeb2100835f7c64362330f74c7f?s=96&d=mm&r=g\",\"caption\":\"Reda\u00e7\u00e3o Portal MF\"},\"description\":\"Sejam bem-vindos o portal de informa\u00e7\u00f5es de entretenimento de Feira de Santana, desde 2006 realiza coberturas dos principais eventos com entrevistas exclusivas com as principais personalidades mundiais. Fique conectado tamb\u00e9m nas redes sociais.\",\"sameAs\":[\"http:\/\/www.portalmf.com.br\/\",\"https:\/\/www.facebook.com\/portalmfoficial\",\"https:\/\/www.instagram.com\/portalmf\/\",\"https:\/\/x.com\/https:\/\/x.com\/portalmfoficial\",\"https:\/\/www.youtube.com\/@portalmfoficial\"],\"url\":\"https:\/\/portalmf.com.br\/index.php\/author\/junior\/\"}]}<\/script>\n<!-- \/ Yoast SEO plugin. -->","yoast_head_json":{"title":"Banda Eva se apresenta no Festival do Parque em Salvador - Portal MF","robots":{"index":"index","follow":"follow","max-snippet":"max-snippet:-1","max-image-preview":"max-image-preview:large","max-video-preview":"max-video-preview:-1"},"canonical":"https:\/\/portalmf.com.br\/index.php\/2026\/01\/07\/banda-eva-se-apresenta-no-festival-do-parque-em-salvador\/","og_locale":"pt_BR","og_type":"article","og_title":"Banda Eva se apresenta no Festival do Parque em Salvador - Portal MF","og_description":"A banda EVA vai subir ao palco do Festival do Parque neste domingo, 11 de janeiro, no Parque da Cidade, em Salvador, em um show que promete celebrar n\u00e3o s\u00f3 seus 45 anos de hist\u00f3ria, mas a esta\u00e7\u00e3o mais quente e esperada do ano! Sob o comando de Felipe Pezzoni, a apresenta\u00e7\u00e3o vai unir cl\u00e1ssicos [&hellip;]","og_url":"https:\/\/portalmf.com.br\/index.php\/2026\/01\/07\/banda-eva-se-apresenta-no-festival-do-parque-em-salvador\/","og_site_name":"Portal MF","article_author":"https:\/\/www.facebook.com\/portalmfoficial","article_published_time":"2026-01-07T10:50:06+00:00","article_modified_time":"2026-01-07T10:50:07+00:00","og_image":[{"width":1000,"height":713,"url":"https:\/\/portalmf.com.br\/wp-content\/uploads\/2025\/06\/banda_eva.jpg","type":"image\/jpeg"}],"author":"Reda\u00e7\u00e3o Portal MF","twitter_card":"summary_large_image","twitter_creator":"@https:\/\/x.com\/portalmfoficial","twitter_misc":{"Escrito por":"Reda\u00e7\u00e3o Portal MF","Est. tempo de leitura":"2 minutos"},"schema":{"@context":"https:\/\/schema.org","@graph":[{"@type":"WebPage","@id":"https:\/\/portalmf.com.br\/index.php\/2026\/01\/07\/banda-eva-se-apresenta-no-festival-do-parque-em-salvador\/","url":"https:\/\/portalmf.com.br\/index.php\/2026\/01\/07\/banda-eva-se-apresenta-no-festival-do-parque-em-salvador\/","name":"Banda Eva se apresenta no Festival do Parque em Salvador - Portal MF","isPartOf":{"@id":"https:\/\/portalmf.com.br\/#website"},"primaryImageOfPage":{"@id":"https:\/\/portalmf.com.br\/index.php\/2026\/01\/07\/banda-eva-se-apresenta-no-festival-do-parque-em-salvador\/#primaryimage"},"image":{"@id":"https:\/\/portalmf.com.br\/index.php\/2026\/01\/07\/banda-eva-se-apresenta-no-festival-do-parque-em-salvador\/#primaryimage"},"thumbnailUrl":"https:\/\/portalmf.com.br\/wp-content\/uploads\/2025\/06\/banda_eva.jpg","datePublished":"2026-01-07T10:50:06+00:00","dateModified":"2026-01-07T10:50:07+00:00","author":{"@id":"https:\/\/portalmf.com.br\/#\/schema\/person\/9ec101baf56233e53520c26de5d6f6f0"},"breadcrumb":{"@id":"https:\/\/portalmf.com.br\/index.php\/2026\/01\/07\/banda-eva-se-apresenta-no-festival-do-parque-em-salvador\/#breadcrumb"},"inLanguage":"pt-BR","potentialAction":[{"@type":"ReadAction","target":["https:\/\/portalmf.com.br\/index.php\/2026\/01\/07\/banda-eva-se-apresenta-no-festival-do-parque-em-salvador\/"]}]},{"@type":"ImageObject","inLanguage":"pt-BR","@id":"https:\/\/portalmf.com.br\/index.php\/2026\/01\/07\/banda-eva-se-apresenta-no-festival-do-parque-em-salvador\/#primaryimage","url":"https:\/\/portalmf.com.br\/wp-content\/uploads\/2025\/06\/banda_eva.jpg","contentUrl":"https:\/\/portalmf.com.br\/wp-content\/uploads\/2025\/06\/banda_eva.jpg","width":1000,"height":713},{"@type":"BreadcrumbList","@id":"https:\/\/portalmf.com.br\/index.php\/2026\/01\/07\/banda-eva-se-apresenta-no-festival-do-parque-em-salvador\/#breadcrumb","itemListElement":[{"@type":"ListItem","position":1,"name":"In\u00edcio","item":"https:\/\/portalmf.com.br\/"},{"@type":"ListItem","position":2,"name":"Banda Eva se apresenta no Festival do Parque em Salvador"}]},{"@type":"WebSite","@id":"https:\/\/portalmf.com.br\/#website","url":"https:\/\/portalmf.com.br\/","name":"Portal MF","description":"Voc\u00ea conectado com a informa\u00e7\u00e3o","potentialAction":[{"@type":"SearchAction","target":{"@type":"EntryPoint","urlTemplate":"https:\/\/portalmf.com.br\/?s={search_term_string}"},"query-input":"required name=search_term_string"}],"inLanguage":"pt-BR"},{"@type":"Person","@id":"https:\/\/portalmf.com.br\/#\/schema\/person\/9ec101baf56233e53520c26de5d6f6f0","name":"Reda\u00e7\u00e3o Portal MF","image":{"@type":"ImageObject","inLanguage":"pt-BR","@id":"https:\/\/portalmf.com.br\/#\/schema\/person\/image\/","url":"https:\/\/secure.gravatar.com\/avatar\/41b9aaeb2100835f7c64362330f74c7f?s=96&d=mm&r=g","contentUrl":"https:\/\/secure.gravatar.com\/avatar\/41b9aaeb2100835f7c64362330f74c7f?s=96&d=mm&r=g","caption":"Reda\u00e7\u00e3o Portal MF"},"description":"Sejam bem-vindos o portal de informa\u00e7\u00f5es de entretenimento de Feira de Santana, desde 2006 realiza coberturas dos principais eventos com entrevistas exclusivas com as principais personalidades mundiais. Fique conectado tamb\u00e9m nas redes sociais.","sameAs":["http:\/\/www.portalmf.com.br\/","https:\/\/www.facebook.com\/portalmfoficial","https:\/\/www.instagram.com\/portalmf\/","https:\/\/x.com\/https:\/\/x.com\/portalmfoficial","https:\/\/www.youtube.com\/@portalmfoficial"],"url":"https:\/\/portalmf.com.br\/index.php\/author\/junior\/"}]}},"_links":{"self":[{"href":"https:\/\/portalmf.com.br\/index.php\/wp-json\/wp\/v2\/posts\/40821"}],"collection":[{"href":"https:\/\/portalmf.com.br\/index.php\/wp-json\/wp\/v2\/posts"}],"about":[{"href":"https:\/\/portalmf.com.br\/index.php\/wp-json\/wp\/v2\/types\/post"}],"author":[{"embeddable":true,"href":"https:\/\/portalmf.com.br\/index.php\/wp-json\/wp\/v2\/users\/3"}],"replies":[{"embeddable":true,"href":"https:\/\/portalmf.com.br\/index.php\/wp-json\/wp\/v2\/comments?post=40821"}],"version-history":[{"count":1,"href":"https:\/\/portalmf.com.br\/index.php\/wp-json\/wp\/v2\/posts\/40821\/revisions"}],"predecessor-version":[{"id":40822,"href":"https:\/\/portalmf.com.br\/index.php\/wp-json\/wp\/v2\/posts\/40821\/revisions\/40822"}],"wp:featuredmedia":[{"embeddable":true,"href":"https:\/\/portalmf.com.br\/index.php\/wp-json\/wp\/v2\/media\/36553"}],"wp:attachment":[{"href":"https:\/\/portalmf.com.br\/index.php\/wp-json\/wp\/v2\/media?parent=40821"}],"wp:term":[{"taxonomy":"category","embeddable":true,"href":"https:\/\/portalmf.com.br\/index.php\/wp-json\/wp\/v2\/categories?post=40821"},{"taxonomy":"post_tag","embeddable":true,"href":"https:\/\/portalmf.com.br\/index.php\/wp-json\/wp\/v2\/tags?post=40821"}],"curies":[{"name":"wp","href":"https:\/\/api.w.org\/{rel}","templated":true}]}}