{"id":4081,"date":"2022-09-08T16:42:20","date_gmt":"2022-09-08T19:42:20","guid":{"rendered":"http:\/\/portalmf.com.br\/?p=4081"},"modified":"2022-09-08T16:42:21","modified_gmt":"2022-09-08T19:42:21","slug":"elizabeth-ii-70-anos-do-maior-reinado-do-trono-britanico","status":"publish","type":"post","link":"https:\/\/portalmf.com.br\/index.php\/2022\/09\/08\/elizabeth-ii-70-anos-do-maior-reinado-do-trono-britanico\/","title":{"rendered":"Elizabeth II: 70 anos do maior reinado do trono brit\u00e2nico"},"content":{"rendered":"\n<p>No s\u00e9culo XIX, em vista da amplitude das possess\u00f5es do Imp\u00e9rio Brit\u00e2nico pelo mundo, dizia-se que os ingleses possu\u00edam um \u201cImp\u00e9rio no qual o sol nunca se p\u00f5e\u201d. V\u00e1rias ilhas e territ\u00f3rios ultramar deram \u00e0 Inglaterra recursos suficientes para ampliar seu poderio industrial, aposentando as m\u00e1quinas \u00e0 vapor e investindo na energia el\u00e9trica, na expans\u00e3o das ferrovias e melhorando sua frota naval. Est\u00e1vamos no esplendor da chamada \u201cEra Vitoriana\u201d, em homenagem \u00e0 Rainha Vit\u00f3ria que, de t\u00e3o longeva, viveu entre 1819 at\u00e9 o alvorecer do s\u00e9culo XX, em 1901.<\/p>\n\n\n\n<p>Em 21 de abril de 1926, nasceu, em Londres, a tataraneta da Rainha Vit\u00f3ria, a pequena Elizabeth Alexandra Mary Windsor, primog\u00eanita do futuro Rei George VI e da Rainha Elizabeth. Seu pai subiu ao trono da monarquia brit\u00e2nica em 1936, transformando a menina de dez anos em princesa e herdeira do trono do Reino Unido. Educada dentro dos muros do pal\u00e1cio, vivendo uma juventude enclausurada no Castelo de Windsor, a jovem princesa adquiriu os conhecimentos necess\u00e1rios \u00e0 uma futura monarca.<\/p>\n\n\n\n<p>No in\u00edcio da Segunda Guerra Mundial, em 1939, Elizabeth era ainda uma garota de 13 anos e, mesmo assim, resolveu ajudar o seu pa\u00eds. Sua fun\u00e7\u00e3o era participar de transmiss\u00f5es da R\u00e1dio BBC, mandando mensagens com o objetivo de tranquilizar outras crian\u00e7as brit\u00e2nicas. A princesinha tamb\u00e9m usava o microfone para falar diretamente aos homens e mulheres que serviam nas for\u00e7as armadas do Reino Unido, como forma de fortalecer o moral do seu povo.<\/p>\n\n\n\n<p>No final da guerra, em 1945, j\u00e1 com 19 anos, Elizabeth tinha se alistado no Ex\u00e9rcito. Ap\u00f3s concluir um curso de mec\u00e2nica de autom\u00f3veis, a futura rainha estava apta a dirigir caminh\u00f5es, ambul\u00e2ncias e jipes e a fazer reparos nas viaturas e trocar pneus. O filme&nbsp;<em>A Rainha<\/em>, de 2006, mostra a monarca (interpretada pela atriz Helen Mirren) dirigindo um jipe por estradas acidentadas nas propriedades da fam\u00edlia.<\/p>\n\n\n\n<p>Aos 21 anos, em 1947, logo ap\u00f3s o t\u00e9rmino da Segunda Guerra Mundial, casou-se com um primo de segundo grau, o pr\u00edncipe grego Philip Mountbatten, na Abadia de Westminster. Tiveram quatro filhos: o herdeiro do trono, pr\u00edncipe Charles, a princesa Anne e os pr\u00edncipes Andrew e Edward.<\/p>\n\n\n\n<p>Em 1948, gr\u00e1vida do futuro pr\u00edncipe Charles, Elizabeth estava na tribuna de honra do est\u00e1dio de Wembley, quando seu pai fez a abertura oficial dos Jogos Ol\u00edmpicos de Londres. Certamente n\u00e3o imaginaria que, 64 anos depois, fosse ela quem declararia aberta outra edi\u00e7\u00e3o das Olimp\u00edadas na capital brit\u00e2nica, em 2012.<\/p>\n\n\n\n<p>Com a morte do Rei George VI em fevereiro de 1952, Elizabeth, aos 25 anos, tornou-se a Rainha do Reino Unido (Inglaterra, Irlanda do Norte, Pa\u00eds de Gales e Esc\u00f3cia), Canad\u00e1, Austr\u00e1lia, Nova Zel\u00e2ndia, \u00c1frica do Sul, Paquist\u00e3o e Ceil\u00e3o (uma col\u00f4nia asi\u00e1tica que deu origem ao atual Sri Lanka), embora a coroa\u00e7\u00e3o s\u00f3 ocorresse mesmo em junho de 1953.<\/p>\n\n\n\n<p><strong>Primeira visita ao Brasil<\/strong><\/p>\n\n\n\n<p>Entre 1\u00ba e 11 de novembro de 1968, a Rainha Elizabeth II e seu marido, ordenado Duque de Edimburgo, visitaram seis cidades brasileiras: Recife, Salvador, Bras\u00edlia, S\u00e3o Paulo, Campinas (SP) e Rio de Janeiro. Por aqui, inaugurou o Museu de Arte de S\u00e3o Paulo, ao lado do seu idealizador Assis Chateaubriand, presenciou o in\u00edcio das obras da ponte Rio-Niter\u00f3i e foi ao Maracan\u00e3 ver em a\u00e7\u00e3o o \u201cnosso Rei\u201d. Pel\u00e9 brindou a Rainha com uma de suas costumeiras exibi\u00e7\u00f5es de gala, marcando um gol na vit\u00f3ria dos paulistas sobre os cariocas por 3 a 2. Ao t\u00e9rmino da partida, ocorreu o encontro entre as \u201crealezas\u201d:<\/p>\n\n\n\n<p>&#8211; Majestade, este \u00e9 o jogador Pel\u00e9, famoso mundialmente, disse o chefe do cerimonial.<\/p>\n\n\n\n<p>&#8211; Ah, eu sei! J\u00e1 o conhe\u00e7o de nome. E me sinto muito feliz em cumpriment\u00e1-lo, disse a Rainha.<\/p>\n\n\n\n<p><strong>Longevidade<\/strong><\/p>\n\n\n\n<p>Desde sua coroa\u00e7\u00e3o, a Rainha Elizabeth II j\u00e1 presenciou o governo de 15 primeiros-ministros brit\u00e2nicos (de Winston Churchill at\u00e9 Liz Truss) e sete papas j\u00e1 passaram pelo Vaticano enquanto a monarca se manteve no poder. Em 2014, foi recebida pelo Papa Francisco na sede do governo pontif\u00edcio.<\/p>\n\n\n\n<p>Em 1997, a morte da princesa Diana, ex-esposa do pr\u00edncipe Charles, em um acidente de carro em Paris, desencadeou uma onda de cr\u00edticas pelo sil\u00eancio da fam\u00edlia real ante o ocorrido. Muitos ataques foram dirigidos contra a rainha pessoalmente, j\u00e1 que grandes setores da sociedade brit\u00e2nica exigiam que ela se juntasse \u00e0 dor que assolava o pa\u00eds. A monarca ficou em sua resid\u00eancia em Balmoral, na Esc\u00f3cia, onde tradicionalmente passava o ver\u00e3o. Elizabeth II ignorou os telefonemas do ent\u00e3o primeiro-ministro Tony Blair, para que ela se dirigisse ao pa\u00eds. Somente seis dias ap\u00f3s a morte da princesa de Gales, ela voltou a Londres e falou ao vivo para a na\u00e7\u00e3o, vestida de preto f\u00fanebre.<\/p>\n\n\n\n<p>Em abril de 2021, a Rainha Elizabeth ficou vi\u00fava. Seu marido de toda a vida, o pr\u00edncipe Philip de Edimburgo, faleceu no Pal\u00e1cio de Windsor, de causas naturais, aos 99 anos.<\/p>\n\n\n\n<p>Em junho de 2022, ao completar 70 anos no poder, os ingleses comemoraram por quatro dias o Jubileu de Platina da Rainha, com desfile militar, sobrevoo da For\u00e7a A\u00e9rea Brit\u00e2nica, missa em a\u00e7\u00e3o de gra\u00e7as e um show no Pal\u00e1cio de Buckingham com a participa\u00e7\u00e3o de grandes nomes da m\u00fasica inglesa.<\/p>\n\n\n\n<figure class=\"wp-block-image size-full\"><img fetchpriority=\"high\" decoding=\"async\" width=\"754\" height=\"503\" src=\"http:\/\/portalmf.com.br\/wp-content\/uploads\/2022\/09\/2022-09-08t144908z_2_lynxmpei870oo_rtroptp_4_britain-royals-queen.jpg\" alt=\"\" class=\"wp-image-4082\" srcset=\"https:\/\/portalmf.com.br\/wp-content\/uploads\/2022\/09\/2022-09-08t144908z_2_lynxmpei870oo_rtroptp_4_britain-royals-queen.jpg 754w, https:\/\/portalmf.com.br\/wp-content\/uploads\/2022\/09\/2022-09-08t144908z_2_lynxmpei870oo_rtroptp_4_britain-royals-queen-300x200.jpg 300w, https:\/\/portalmf.com.br\/wp-content\/uploads\/2022\/09\/2022-09-08t144908z_2_lynxmpei870oo_rtroptp_4_britain-royals-queen-585x390.jpg 585w, https:\/\/portalmf.com.br\/wp-content\/uploads\/2022\/09\/2022-09-08t144908z_2_lynxmpei870oo_rtroptp_4_britain-royals-queen-263x175.jpg 263w\" sizes=\"(max-width: 754px) 100vw, 754px\" \/><figcaption><strong>Brit\u00e2nicos participam do Jubileu de Platina da Rainha &#8211;\u00a0 Reuters\/TOBY MELVILLE\/Direitos Resevados<\/strong><br><\/figcaption><\/figure>\n\n\n\n<p>O falecimento da Rainha Elizabeth II, no Pal\u00e1cio de Balmoral, na Esc\u00f3cia, em 8 de setembro de 2022, aos 96 anos, ocorre um dia depois de ela felicitar o Brasil pelos 200 anos de independ\u00eancia. A mensagem real foi veiculada por meio da embaixadora do Reino Unido no Brasil, Melanie Hopkins, em publica\u00e7\u00e3o no Twitter. Elizabeth II dizia que se lembrava \u201ccom carinho da minha visita ao pa\u00eds, em 1968\u201d e vislumbrava o futuro: \u201cque continuemos trabalhando com esperan\u00e7a e determina\u00e7\u00e3o para superar os desafios globais juntos\u201d. O trabalho ficar\u00e1 para o seu filho, Charles, o pr\u00edncipe de Gales, de 74 anos, que se tornar\u00e1 o novo rei da comunidade brit\u00e2nica.<\/p>\n\n\n\n<figure class=\"wp-block-image size-full\"><img decoding=\"async\" width=\"754\" height=\"513\" src=\"http:\/\/portalmf.com.br\/wp-content\/uploads\/2022\/09\/2022-09-08t173746z_1_lynxmpei870wt_rtroptp_4_britain-royals-queen.jpg\" alt=\"\" class=\"wp-image-4083\" srcset=\"https:\/\/portalmf.com.br\/wp-content\/uploads\/2022\/09\/2022-09-08t173746z_1_lynxmpei870wt_rtroptp_4_britain-royals-queen.jpg 754w, https:\/\/portalmf.com.br\/wp-content\/uploads\/2022\/09\/2022-09-08t173746z_1_lynxmpei870wt_rtroptp_4_britain-royals-queen-300x204.jpg 300w, https:\/\/portalmf.com.br\/wp-content\/uploads\/2022\/09\/2022-09-08t173746z_1_lynxmpei870wt_rtroptp_4_britain-royals-queen-585x398.jpg 585w\" sizes=\"(max-width: 754px) 100vw, 754px\" \/><figcaption><strong>Rainha Elizabeth morre aos 96 anos em pal\u00e1cio na Esc\u00f3cia &#8211;\u00a0REUTERS\/Peter Nicholls\/Direitos Reservados<\/strong><\/figcaption><\/figure>\n\n\n\n<p>Com informa\u00e7\u00f5es da Ag\u00eancia Brasil<\/p>\n","protected":false},"excerpt":{"rendered":"<p>No s\u00e9culo XIX, em vista da amplitude das possess\u00f5es do Imp\u00e9rio Brit\u00e2nico pelo mundo, dizia-se que os ingleses possu\u00edam um \u201cImp\u00e9rio no qual o sol nunca se p\u00f5e\u201d. V\u00e1rias ilhas e territ\u00f3rios ultramar deram \u00e0 Inglaterra recursos suficientes para ampliar seu poderio industrial, aposentando as m\u00e1quinas \u00e0 vapor e investindo na energia el\u00e9trica, na expans\u00e3o [&hellip;]<\/p>\n","protected":false},"author":2,"featured_media":4084,"comment_status":"open","ping_status":"open","sticky":false,"template":"","format":"standard","meta":{"_monsterinsights_skip_tracking":false,"_monsterinsights_sitenote_active":false,"_monsterinsights_sitenote_note":"","_monsterinsights_sitenote_category":0,"footnotes":""},"categories":[47,34],"tags":[207,206,209,208],"yoast_head":"<!-- This site is optimized with the Yoast SEO plugin v22.9 - https:\/\/yoast.com\/wordpress\/plugins\/seo\/ -->\n<title>Elizabeth II: 70 anos do maior reinado do trono brit\u00e2nico - Portal MF<\/title>\n<meta name=\"robots\" content=\"index, follow, max-snippet:-1, max-image-preview:large, max-video-preview:-1\" \/>\n<link rel=\"canonical\" href=\"https:\/\/portalmf.com.br\/index.php\/2022\/09\/08\/elizabeth-ii-70-anos-do-maior-reinado-do-trono-britanico\/\" \/>\n<meta property=\"og:locale\" content=\"pt_BR\" \/>\n<meta property=\"og:type\" content=\"article\" \/>\n<meta property=\"og:title\" content=\"Elizabeth II: 70 anos do maior reinado do trono brit\u00e2nico - Portal MF\" \/>\n<meta property=\"og:description\" content=\"No s\u00e9culo XIX, em vista da amplitude das possess\u00f5es do Imp\u00e9rio Brit\u00e2nico pelo mundo, dizia-se que os ingleses possu\u00edam um \u201cImp\u00e9rio no qual o sol nunca se p\u00f5e\u201d. V\u00e1rias ilhas e territ\u00f3rios ultramar deram \u00e0 Inglaterra recursos suficientes para ampliar seu poderio industrial, aposentando as m\u00e1quinas \u00e0 vapor e investindo na energia el\u00e9trica, na expans\u00e3o [&hellip;]\" \/>\n<meta property=\"og:url\" content=\"https:\/\/portalmf.com.br\/index.php\/2022\/09\/08\/elizabeth-ii-70-anos-do-maior-reinado-do-trono-britanico\/\" \/>\n<meta property=\"og:site_name\" content=\"Portal MF\" \/>\n<meta property=\"article:author\" content=\"reginaldojrfsa\" \/>\n<meta property=\"article:published_time\" content=\"2022-09-08T19:42:20+00:00\" \/>\n<meta property=\"article:modified_time\" content=\"2022-09-08T19:42:21+00:00\" \/>\n<meta property=\"og:image\" content=\"https:\/\/portalmf.com.br\/wp-content\/uploads\/2022\/09\/2022-09-08t174601z_1_lynxmpei870x8_rtroptp_4_britain.jpg\" \/>\n\t<meta property=\"og:image:width\" content=\"1170\" \/>\n\t<meta property=\"og:image:height\" content=\"700\" \/>\n\t<meta property=\"og:image:type\" content=\"image\/jpeg\" \/>\n<meta name=\"author\" content=\"Reginaldo J\u00fanior\" \/>\n<meta name=\"twitter:card\" content=\"summary_large_image\" \/>\n<meta name=\"twitter:creator\" content=\"@reginaldojrmf\" \/>\n<meta name=\"twitter:label1\" content=\"Escrito por\" \/>\n\t<meta name=\"twitter:data1\" content=\"Reginaldo J\u00fanior\" \/>\n\t<meta name=\"twitter:label2\" content=\"Est. tempo de leitura\" \/>\n\t<meta name=\"twitter:data2\" content=\"6 minutos\" \/>\n<script type=\"application\/ld+json\" class=\"yoast-schema-graph\">{\"@context\":\"https:\/\/schema.org\",\"@graph\":[{\"@type\":\"WebPage\",\"@id\":\"https:\/\/portalmf.com.br\/index.php\/2022\/09\/08\/elizabeth-ii-70-anos-do-maior-reinado-do-trono-britanico\/\",\"url\":\"https:\/\/portalmf.com.br\/index.php\/2022\/09\/08\/elizabeth-ii-70-anos-do-maior-reinado-do-trono-britanico\/\",\"name\":\"Elizabeth II: 70 anos do maior reinado do trono brit\u00e2nico - Portal MF\",\"isPartOf\":{\"@id\":\"https:\/\/portalmf.com.br\/#website\"},\"primaryImageOfPage\":{\"@id\":\"https:\/\/portalmf.com.br\/index.php\/2022\/09\/08\/elizabeth-ii-70-anos-do-maior-reinado-do-trono-britanico\/#primaryimage\"},\"image\":{\"@id\":\"https:\/\/portalmf.com.br\/index.php\/2022\/09\/08\/elizabeth-ii-70-anos-do-maior-reinado-do-trono-britanico\/#primaryimage\"},\"thumbnailUrl\":\"https:\/\/portalmf.com.br\/wp-content\/uploads\/2022\/09\/2022-09-08t174601z_1_lynxmpei870x8_rtroptp_4_britain.jpg\",\"datePublished\":\"2022-09-08T19:42:20+00:00\",\"dateModified\":\"2022-09-08T19:42:21+00:00\",\"author\":{\"@id\":\"https:\/\/portalmf.com.br\/#\/schema\/person\/11c82086fe8abc05a19147e964587285\"},\"breadcrumb\":{\"@id\":\"https:\/\/portalmf.com.br\/index.php\/2022\/09\/08\/elizabeth-ii-70-anos-do-maior-reinado-do-trono-britanico\/#breadcrumb\"},\"inLanguage\":\"pt-BR\",\"potentialAction\":[{\"@type\":\"ReadAction\",\"target\":[\"https:\/\/portalmf.com.br\/index.php\/2022\/09\/08\/elizabeth-ii-70-anos-do-maior-reinado-do-trono-britanico\/\"]}]},{\"@type\":\"ImageObject\",\"inLanguage\":\"pt-BR\",\"@id\":\"https:\/\/portalmf.com.br\/index.php\/2022\/09\/08\/elizabeth-ii-70-anos-do-maior-reinado-do-trono-britanico\/#primaryimage\",\"url\":\"https:\/\/portalmf.com.br\/wp-content\/uploads\/2022\/09\/2022-09-08t174601z_1_lynxmpei870x8_rtroptp_4_britain.jpg\",\"contentUrl\":\"https:\/\/portalmf.com.br\/wp-content\/uploads\/2022\/09\/2022-09-08t174601z_1_lynxmpei870x8_rtroptp_4_britain.jpg\",\"width\":1170,\"height\":700},{\"@type\":\"BreadcrumbList\",\"@id\":\"https:\/\/portalmf.com.br\/index.php\/2022\/09\/08\/elizabeth-ii-70-anos-do-maior-reinado-do-trono-britanico\/#breadcrumb\",\"itemListElement\":[{\"@type\":\"ListItem\",\"position\":1,\"name\":\"In\u00edcio\",\"item\":\"https:\/\/portalmf.com.br\/\"},{\"@type\":\"ListItem\",\"position\":2,\"name\":\"Elizabeth II: 70 anos do maior reinado do trono brit\u00e2nico\"}]},{\"@type\":\"WebSite\",\"@id\":\"https:\/\/portalmf.com.br\/#website\",\"url\":\"https:\/\/portalmf.com.br\/\",\"name\":\"Portal MF\",\"description\":\"Voc\u00ea conectado com a informa\u00e7\u00e3o\",\"potentialAction\":[{\"@type\":\"SearchAction\",\"target\":{\"@type\":\"EntryPoint\",\"urlTemplate\":\"https:\/\/portalmf.com.br\/?s={search_term_string}\"},\"query-input\":\"required name=search_term_string\"}],\"inLanguage\":\"pt-BR\"},{\"@type\":\"Person\",\"@id\":\"https:\/\/portalmf.com.br\/#\/schema\/person\/11c82086fe8abc05a19147e964587285\",\"name\":\"Reginaldo J\u00fanior\",\"image\":{\"@type\":\"ImageObject\",\"inLanguage\":\"pt-BR\",\"@id\":\"https:\/\/portalmf.com.br\/#\/schema\/person\/image\/\",\"url\":\"https:\/\/secure.gravatar.com\/avatar\/32a3c797cd0ac47cc53b8644c62776f9?s=96&d=mm&r=g\",\"contentUrl\":\"https:\/\/secure.gravatar.com\/avatar\/32a3c797cd0ac47cc53b8644c62776f9?s=96&d=mm&r=g\",\"caption\":\"Reginaldo J\u00fanior\"},\"description\":\"Jornalista e idealizador Portal MF\",\"sameAs\":[\"https:\/\/portalmf.com.br\/index.php\/author\/reginaldojr\/\",\"reginaldojrfsa\",\"reginaldojuniormf\",\"https:\/\/x.com\/reginaldojrmf\"],\"url\":\"https:\/\/portalmf.com.br\/index.php\/author\/reginaldojr\/\"}]}<\/script>\n<!-- \/ Yoast SEO plugin. -->","yoast_head_json":{"title":"Elizabeth II: 70 anos do maior reinado do trono brit\u00e2nico - Portal MF","robots":{"index":"index","follow":"follow","max-snippet":"max-snippet:-1","max-image-preview":"max-image-preview:large","max-video-preview":"max-video-preview:-1"},"canonical":"https:\/\/portalmf.com.br\/index.php\/2022\/09\/08\/elizabeth-ii-70-anos-do-maior-reinado-do-trono-britanico\/","og_locale":"pt_BR","og_type":"article","og_title":"Elizabeth II: 70 anos do maior reinado do trono brit\u00e2nico - Portal MF","og_description":"No s\u00e9culo XIX, em vista da amplitude das possess\u00f5es do Imp\u00e9rio Brit\u00e2nico pelo mundo, dizia-se que os ingleses possu\u00edam um \u201cImp\u00e9rio no qual o sol nunca se p\u00f5e\u201d. V\u00e1rias ilhas e territ\u00f3rios ultramar deram \u00e0 Inglaterra recursos suficientes para ampliar seu poderio industrial, aposentando as m\u00e1quinas \u00e0 vapor e investindo na energia el\u00e9trica, na expans\u00e3o [&hellip;]","og_url":"https:\/\/portalmf.com.br\/index.php\/2022\/09\/08\/elizabeth-ii-70-anos-do-maior-reinado-do-trono-britanico\/","og_site_name":"Portal MF","article_author":"reginaldojrfsa","article_published_time":"2022-09-08T19:42:20+00:00","article_modified_time":"2022-09-08T19:42:21+00:00","og_image":[{"width":1170,"height":700,"url":"https:\/\/portalmf.com.br\/wp-content\/uploads\/2022\/09\/2022-09-08t174601z_1_lynxmpei870x8_rtroptp_4_britain.jpg","type":"image\/jpeg"}],"author":"Reginaldo J\u00fanior","twitter_card":"summary_large_image","twitter_creator":"@reginaldojrmf","twitter_misc":{"Escrito por":"Reginaldo J\u00fanior","Est. tempo de leitura":"6 minutos"},"schema":{"@context":"https:\/\/schema.org","@graph":[{"@type":"WebPage","@id":"https:\/\/portalmf.com.br\/index.php\/2022\/09\/08\/elizabeth-ii-70-anos-do-maior-reinado-do-trono-britanico\/","url":"https:\/\/portalmf.com.br\/index.php\/2022\/09\/08\/elizabeth-ii-70-anos-do-maior-reinado-do-trono-britanico\/","name":"Elizabeth II: 70 anos do maior reinado do trono brit\u00e2nico - Portal MF","isPartOf":{"@id":"https:\/\/portalmf.com.br\/#website"},"primaryImageOfPage":{"@id":"https:\/\/portalmf.com.br\/index.php\/2022\/09\/08\/elizabeth-ii-70-anos-do-maior-reinado-do-trono-britanico\/#primaryimage"},"image":{"@id":"https:\/\/portalmf.com.br\/index.php\/2022\/09\/08\/elizabeth-ii-70-anos-do-maior-reinado-do-trono-britanico\/#primaryimage"},"thumbnailUrl":"https:\/\/portalmf.com.br\/wp-content\/uploads\/2022\/09\/2022-09-08t174601z_1_lynxmpei870x8_rtroptp_4_britain.jpg","datePublished":"2022-09-08T19:42:20+00:00","dateModified":"2022-09-08T19:42:21+00:00","author":{"@id":"https:\/\/portalmf.com.br\/#\/schema\/person\/11c82086fe8abc05a19147e964587285"},"breadcrumb":{"@id":"https:\/\/portalmf.com.br\/index.php\/2022\/09\/08\/elizabeth-ii-70-anos-do-maior-reinado-do-trono-britanico\/#breadcrumb"},"inLanguage":"pt-BR","potentialAction":[{"@type":"ReadAction","target":["https:\/\/portalmf.com.br\/index.php\/2022\/09\/08\/elizabeth-ii-70-anos-do-maior-reinado-do-trono-britanico\/"]}]},{"@type":"ImageObject","inLanguage":"pt-BR","@id":"https:\/\/portalmf.com.br\/index.php\/2022\/09\/08\/elizabeth-ii-70-anos-do-maior-reinado-do-trono-britanico\/#primaryimage","url":"https:\/\/portalmf.com.br\/wp-content\/uploads\/2022\/09\/2022-09-08t174601z_1_lynxmpei870x8_rtroptp_4_britain.jpg","contentUrl":"https:\/\/portalmf.com.br\/wp-content\/uploads\/2022\/09\/2022-09-08t174601z_1_lynxmpei870x8_rtroptp_4_britain.jpg","width":1170,"height":700},{"@type":"BreadcrumbList","@id":"https:\/\/portalmf.com.br\/index.php\/2022\/09\/08\/elizabeth-ii-70-anos-do-maior-reinado-do-trono-britanico\/#breadcrumb","itemListElement":[{"@type":"ListItem","position":1,"name":"In\u00edcio","item":"https:\/\/portalmf.com.br\/"},{"@type":"ListItem","position":2,"name":"Elizabeth II: 70 anos do maior reinado do trono brit\u00e2nico"}]},{"@type":"WebSite","@id":"https:\/\/portalmf.com.br\/#website","url":"https:\/\/portalmf.com.br\/","name":"Portal MF","description":"Voc\u00ea conectado com a informa\u00e7\u00e3o","potentialAction":[{"@type":"SearchAction","target":{"@type":"EntryPoint","urlTemplate":"https:\/\/portalmf.com.br\/?s={search_term_string}"},"query-input":"required name=search_term_string"}],"inLanguage":"pt-BR"},{"@type":"Person","@id":"https:\/\/portalmf.com.br\/#\/schema\/person\/11c82086fe8abc05a19147e964587285","name":"Reginaldo J\u00fanior","image":{"@type":"ImageObject","inLanguage":"pt-BR","@id":"https:\/\/portalmf.com.br\/#\/schema\/person\/image\/","url":"https:\/\/secure.gravatar.com\/avatar\/32a3c797cd0ac47cc53b8644c62776f9?s=96&d=mm&r=g","contentUrl":"https:\/\/secure.gravatar.com\/avatar\/32a3c797cd0ac47cc53b8644c62776f9?s=96&d=mm&r=g","caption":"Reginaldo J\u00fanior"},"description":"Jornalista e idealizador Portal MF","sameAs":["https:\/\/portalmf.com.br\/index.php\/author\/reginaldojr\/","reginaldojrfsa","reginaldojuniormf","https:\/\/x.com\/reginaldojrmf"],"url":"https:\/\/portalmf.com.br\/index.php\/author\/reginaldojr\/"}]}},"_links":{"self":[{"href":"https:\/\/portalmf.com.br\/index.php\/wp-json\/wp\/v2\/posts\/4081"}],"collection":[{"href":"https:\/\/portalmf.com.br\/index.php\/wp-json\/wp\/v2\/posts"}],"about":[{"href":"https:\/\/portalmf.com.br\/index.php\/wp-json\/wp\/v2\/types\/post"}],"author":[{"embeddable":true,"href":"https:\/\/portalmf.com.br\/index.php\/wp-json\/wp\/v2\/users\/2"}],"replies":[{"embeddable":true,"href":"https:\/\/portalmf.com.br\/index.php\/wp-json\/wp\/v2\/comments?post=4081"}],"version-history":[{"count":1,"href":"https:\/\/portalmf.com.br\/index.php\/wp-json\/wp\/v2\/posts\/4081\/revisions"}],"predecessor-version":[{"id":4085,"href":"https:\/\/portalmf.com.br\/index.php\/wp-json\/wp\/v2\/posts\/4081\/revisions\/4085"}],"wp:featuredmedia":[{"embeddable":true,"href":"https:\/\/portalmf.com.br\/index.php\/wp-json\/wp\/v2\/media\/4084"}],"wp:attachment":[{"href":"https:\/\/portalmf.com.br\/index.php\/wp-json\/wp\/v2\/media?parent=4081"}],"wp:term":[{"taxonomy":"category","embeddable":true,"href":"https:\/\/portalmf.com.br\/index.php\/wp-json\/wp\/v2\/categories?post=4081"},{"taxonomy":"post_tag","embeddable":true,"href":"https:\/\/portalmf.com.br\/index.php\/wp-json\/wp\/v2\/tags?post=4081"}],"curies":[{"name":"wp","href":"https:\/\/api.w.org\/{rel}","templated":true}]}}