{"id":4078,"date":"2022-09-08T16:35:29","date_gmt":"2022-09-08T19:35:29","guid":{"rendered":"http:\/\/portalmf.com.br\/?p=4078"},"modified":"2022-09-08T16:35:30","modified_gmt":"2022-09-08T19:35:30","slug":"otto-alencar-segue-na-lideranca-na-corrida-ao-senador-aponta-pesquisa-seculus-informe-baiano","status":"publish","type":"post","link":"https:\/\/portalmf.com.br\/index.php\/2022\/09\/08\/otto-alencar-segue-na-lideranca-na-corrida-ao-senador-aponta-pesquisa-seculus-informe-baiano\/","title":{"rendered":"Otto Alencar segue na lideran\u00e7a na corrida ao senador aponta pesquisa S\u00e9culus\/Informe Baiano"},"content":{"rendered":"\n<p>Pesquisa S\u00e9culus\/Informe Baiano para o Senado Federal avaliou dois cen\u00e1rios. Se a disputa fosse hoje (08\/09), o candidato \u00e0 reelei\u00e7\u00e3o Otto Alencar (PSD) venceria a disputa. O levantamento foi realizado entre os dias 01 e 05 de setembro.<\/p>\n\n\n\n<p>No cen\u00e1rio espont\u00e2neo Otto est\u00e1 em primeiro com 17,98% e Cac\u00e1 Le\u00e3o (PP) aparece logo em seguida com 7,89%. A m\u00e9dica Ra\u00edssa Soares (PL) pontua 5,45% e T\u00e2mara Azevedo (PSOL) 0,81%. Nenhum\/nulo somam 1,07% e n\u00e3o sabem\/n\u00e3o opinaram s\u00e3o 65,29%.<\/p>\n\n\n\n<p>No cen\u00e1rio estimulado, Otto 25,00%, Cac\u00e1 13,97%, Ra\u00edssa 8,71% e T\u00e2mara 1,44%. Nenhum\/nulo somam 18,11% e n\u00e3o sabem\/n\u00e3o opinaram s\u00e3o 30,33%.<\/p>\n\n\n\n<p>Foram entrevistadas 1.526 pessoas com 16 anos ou mais de forma presencial, em 72 munic\u00edpios baianos. A margem de erro da amostragem \u00e9 de 2,5%, para mais ou para menos, com intervalo de confian\u00e7a de 95%. O levantamento est\u00e1 registrado no Tribunal Superior Eleitoral (TSE) sob n\u00ba BA-08907\/2022.<\/p>\n\n\n\n<p>Com informa\u00e7\u00f5es do Informe Baiano<\/p>\n","protected":false},"excerpt":{"rendered":"<p>Pesquisa S\u00e9culus\/Informe Baiano para o Senado Federal avaliou dois cen\u00e1rios. Se a disputa fosse hoje (08\/09), o candidato \u00e0 reelei\u00e7\u00e3o Otto Alencar (PSD) venceria a disputa. O levantamento foi realizado entre os dias 01 e 05 de setembro. No cen\u00e1rio espont\u00e2neo Otto est\u00e1 em primeiro com 17,98% e Cac\u00e1 Le\u00e3o (PP) aparece logo em seguida [&hellip;]<\/p>\n","protected":false},"author":2,"featured_media":4079,"comment_status":"open","ping_status":"open","sticky":false,"template":"","format":"standard","meta":{"_monsterinsights_skip_tracking":false,"_monsterinsights_sitenote_active":false,"_monsterinsights_sitenote_note":"","_monsterinsights_sitenote_category":0,"footnotes":""},"categories":[34],"tags":[205,202,203,204],"yoast_head":"<!-- This site is optimized with the Yoast SEO plugin v22.9 - https:\/\/yoast.com\/wordpress\/plugins\/seo\/ -->\n<title>Otto Alencar segue na lideran\u00e7a na corrida ao senador aponta pesquisa S\u00e9culus\/Informe Baiano - Portal MF<\/title>\n<meta name=\"robots\" content=\"index, follow, max-snippet:-1, max-image-preview:large, max-video-preview:-1\" \/>\n<link rel=\"canonical\" href=\"https:\/\/portalmf.com.br\/index.php\/2022\/09\/08\/otto-alencar-segue-na-lideranca-na-corrida-ao-senador-aponta-pesquisa-seculus-informe-baiano\/\" \/>\n<meta property=\"og:locale\" content=\"pt_BR\" \/>\n<meta property=\"og:type\" content=\"article\" \/>\n<meta property=\"og:title\" content=\"Otto Alencar segue na lideran\u00e7a na corrida ao senador aponta pesquisa S\u00e9culus\/Informe Baiano - Portal MF\" \/>\n<meta property=\"og:description\" content=\"Pesquisa S\u00e9culus\/Informe Baiano para o Senado Federal avaliou dois cen\u00e1rios. Se a disputa fosse hoje (08\/09), o candidato \u00e0 reelei\u00e7\u00e3o Otto Alencar (PSD) venceria a disputa. O levantamento foi realizado entre os dias 01 e 05 de setembro. No cen\u00e1rio espont\u00e2neo Otto est\u00e1 em primeiro com 17,98% e Cac\u00e1 Le\u00e3o (PP) aparece logo em seguida [&hellip;]\" \/>\n<meta property=\"og:url\" content=\"https:\/\/portalmf.com.br\/index.php\/2022\/09\/08\/otto-alencar-segue-na-lideranca-na-corrida-ao-senador-aponta-pesquisa-seculus-informe-baiano\/\" \/>\n<meta property=\"og:site_name\" content=\"Portal MF\" \/>\n<meta property=\"article:author\" content=\"reginaldojrfsa\" \/>\n<meta property=\"article:published_time\" content=\"2022-09-08T19:35:29+00:00\" \/>\n<meta property=\"article:modified_time\" content=\"2022-09-08T19:35:30+00:00\" \/>\n<meta property=\"og:image\" content=\"https:\/\/portalmf.com.br\/wp-content\/uploads\/2022\/09\/Otto-Alencar.jpg\" \/>\n\t<meta property=\"og:image:width\" content=\"1280\" \/>\n\t<meta property=\"og:image:height\" content=\"853\" \/>\n\t<meta property=\"og:image:type\" content=\"image\/jpeg\" \/>\n<meta name=\"author\" content=\"Reginaldo J\u00fanior\" \/>\n<meta name=\"twitter:card\" content=\"summary_large_image\" \/>\n<meta name=\"twitter:creator\" content=\"@reginaldojrmf\" \/>\n<meta name=\"twitter:label1\" content=\"Escrito por\" \/>\n\t<meta name=\"twitter:data1\" content=\"Reginaldo J\u00fanior\" \/>\n\t<meta name=\"twitter:label2\" content=\"Est. tempo de leitura\" \/>\n\t<meta name=\"twitter:data2\" content=\"1 minuto\" \/>\n<script type=\"application\/ld+json\" class=\"yoast-schema-graph\">{\"@context\":\"https:\/\/schema.org\",\"@graph\":[{\"@type\":\"WebPage\",\"@id\":\"https:\/\/portalmf.com.br\/index.php\/2022\/09\/08\/otto-alencar-segue-na-lideranca-na-corrida-ao-senador-aponta-pesquisa-seculus-informe-baiano\/\",\"url\":\"https:\/\/portalmf.com.br\/index.php\/2022\/09\/08\/otto-alencar-segue-na-lideranca-na-corrida-ao-senador-aponta-pesquisa-seculus-informe-baiano\/\",\"name\":\"Otto Alencar segue na lideran\u00e7a na corrida ao senador aponta pesquisa S\u00e9culus\/Informe Baiano - Portal MF\",\"isPartOf\":{\"@id\":\"https:\/\/portalmf.com.br\/#website\"},\"primaryImageOfPage\":{\"@id\":\"https:\/\/portalmf.com.br\/index.php\/2022\/09\/08\/otto-alencar-segue-na-lideranca-na-corrida-ao-senador-aponta-pesquisa-seculus-informe-baiano\/#primaryimage\"},\"image\":{\"@id\":\"https:\/\/portalmf.com.br\/index.php\/2022\/09\/08\/otto-alencar-segue-na-lideranca-na-corrida-ao-senador-aponta-pesquisa-seculus-informe-baiano\/#primaryimage\"},\"thumbnailUrl\":\"https:\/\/portalmf.com.br\/wp-content\/uploads\/2022\/09\/Otto-Alencar.jpg\",\"datePublished\":\"2022-09-08T19:35:29+00:00\",\"dateModified\":\"2022-09-08T19:35:30+00:00\",\"author\":{\"@id\":\"https:\/\/portalmf.com.br\/#\/schema\/person\/11c82086fe8abc05a19147e964587285\"},\"breadcrumb\":{\"@id\":\"https:\/\/portalmf.com.br\/index.php\/2022\/09\/08\/otto-alencar-segue-na-lideranca-na-corrida-ao-senador-aponta-pesquisa-seculus-informe-baiano\/#breadcrumb\"},\"inLanguage\":\"pt-BR\",\"potentialAction\":[{\"@type\":\"ReadAction\",\"target\":[\"https:\/\/portalmf.com.br\/index.php\/2022\/09\/08\/otto-alencar-segue-na-lideranca-na-corrida-ao-senador-aponta-pesquisa-seculus-informe-baiano\/\"]}]},{\"@type\":\"ImageObject\",\"inLanguage\":\"pt-BR\",\"@id\":\"https:\/\/portalmf.com.br\/index.php\/2022\/09\/08\/otto-alencar-segue-na-lideranca-na-corrida-ao-senador-aponta-pesquisa-seculus-informe-baiano\/#primaryimage\",\"url\":\"https:\/\/portalmf.com.br\/wp-content\/uploads\/2022\/09\/Otto-Alencar.jpg\",\"contentUrl\":\"https:\/\/portalmf.com.br\/wp-content\/uploads\/2022\/09\/Otto-Alencar.jpg\",\"width\":1280,\"height\":853},{\"@type\":\"BreadcrumbList\",\"@id\":\"https:\/\/portalmf.com.br\/index.php\/2022\/09\/08\/otto-alencar-segue-na-lideranca-na-corrida-ao-senador-aponta-pesquisa-seculus-informe-baiano\/#breadcrumb\",\"itemListElement\":[{\"@type\":\"ListItem\",\"position\":1,\"name\":\"In\u00edcio\",\"item\":\"https:\/\/portalmf.com.br\/\"},{\"@type\":\"ListItem\",\"position\":2,\"name\":\"Otto Alencar segue na lideran\u00e7a na corrida ao senador aponta pesquisa S\u00e9culus\/Informe Baiano\"}]},{\"@type\":\"WebSite\",\"@id\":\"https:\/\/portalmf.com.br\/#website\",\"url\":\"https:\/\/portalmf.com.br\/\",\"name\":\"Portal MF\",\"description\":\"Voc\u00ea conectado com a informa\u00e7\u00e3o\",\"potentialAction\":[{\"@type\":\"SearchAction\",\"target\":{\"@type\":\"EntryPoint\",\"urlTemplate\":\"https:\/\/portalmf.com.br\/?s={search_term_string}\"},\"query-input\":\"required name=search_term_string\"}],\"inLanguage\":\"pt-BR\"},{\"@type\":\"Person\",\"@id\":\"https:\/\/portalmf.com.br\/#\/schema\/person\/11c82086fe8abc05a19147e964587285\",\"name\":\"Reginaldo J\u00fanior\",\"image\":{\"@type\":\"ImageObject\",\"inLanguage\":\"pt-BR\",\"@id\":\"https:\/\/portalmf.com.br\/#\/schema\/person\/image\/\",\"url\":\"https:\/\/secure.gravatar.com\/avatar\/32a3c797cd0ac47cc53b8644c62776f9?s=96&d=mm&r=g\",\"contentUrl\":\"https:\/\/secure.gravatar.com\/avatar\/32a3c797cd0ac47cc53b8644c62776f9?s=96&d=mm&r=g\",\"caption\":\"Reginaldo J\u00fanior\"},\"description\":\"Jornalista e idealizador Portal MF\",\"sameAs\":[\"https:\/\/portalmf.com.br\/index.php\/author\/reginaldojr\/\",\"reginaldojrfsa\",\"reginaldojuniormf\",\"https:\/\/x.com\/reginaldojrmf\"],\"url\":\"https:\/\/portalmf.com.br\/index.php\/author\/reginaldojr\/\"}]}<\/script>\n<!-- \/ Yoast SEO plugin. -->","yoast_head_json":{"title":"Otto Alencar segue na lideran\u00e7a na corrida ao senador aponta pesquisa S\u00e9culus\/Informe Baiano - Portal MF","robots":{"index":"index","follow":"follow","max-snippet":"max-snippet:-1","max-image-preview":"max-image-preview:large","max-video-preview":"max-video-preview:-1"},"canonical":"https:\/\/portalmf.com.br\/index.php\/2022\/09\/08\/otto-alencar-segue-na-lideranca-na-corrida-ao-senador-aponta-pesquisa-seculus-informe-baiano\/","og_locale":"pt_BR","og_type":"article","og_title":"Otto Alencar segue na lideran\u00e7a na corrida ao senador aponta pesquisa S\u00e9culus\/Informe Baiano - Portal MF","og_description":"Pesquisa S\u00e9culus\/Informe Baiano para o Senado Federal avaliou dois cen\u00e1rios. Se a disputa fosse hoje (08\/09), o candidato \u00e0 reelei\u00e7\u00e3o Otto Alencar (PSD) venceria a disputa. O levantamento foi realizado entre os dias 01 e 05 de setembro. No cen\u00e1rio espont\u00e2neo Otto est\u00e1 em primeiro com 17,98% e Cac\u00e1 Le\u00e3o (PP) aparece logo em seguida [&hellip;]","og_url":"https:\/\/portalmf.com.br\/index.php\/2022\/09\/08\/otto-alencar-segue-na-lideranca-na-corrida-ao-senador-aponta-pesquisa-seculus-informe-baiano\/","og_site_name":"Portal MF","article_author":"reginaldojrfsa","article_published_time":"2022-09-08T19:35:29+00:00","article_modified_time":"2022-09-08T19:35:30+00:00","og_image":[{"width":1280,"height":853,"url":"https:\/\/portalmf.com.br\/wp-content\/uploads\/2022\/09\/Otto-Alencar.jpg","type":"image\/jpeg"}],"author":"Reginaldo J\u00fanior","twitter_card":"summary_large_image","twitter_creator":"@reginaldojrmf","twitter_misc":{"Escrito por":"Reginaldo J\u00fanior","Est. tempo de leitura":"1 minuto"},"schema":{"@context":"https:\/\/schema.org","@graph":[{"@type":"WebPage","@id":"https:\/\/portalmf.com.br\/index.php\/2022\/09\/08\/otto-alencar-segue-na-lideranca-na-corrida-ao-senador-aponta-pesquisa-seculus-informe-baiano\/","url":"https:\/\/portalmf.com.br\/index.php\/2022\/09\/08\/otto-alencar-segue-na-lideranca-na-corrida-ao-senador-aponta-pesquisa-seculus-informe-baiano\/","name":"Otto Alencar segue na lideran\u00e7a na corrida ao senador aponta pesquisa S\u00e9culus\/Informe Baiano - Portal MF","isPartOf":{"@id":"https:\/\/portalmf.com.br\/#website"},"primaryImageOfPage":{"@id":"https:\/\/portalmf.com.br\/index.php\/2022\/09\/08\/otto-alencar-segue-na-lideranca-na-corrida-ao-senador-aponta-pesquisa-seculus-informe-baiano\/#primaryimage"},"image":{"@id":"https:\/\/portalmf.com.br\/index.php\/2022\/09\/08\/otto-alencar-segue-na-lideranca-na-corrida-ao-senador-aponta-pesquisa-seculus-informe-baiano\/#primaryimage"},"thumbnailUrl":"https:\/\/portalmf.com.br\/wp-content\/uploads\/2022\/09\/Otto-Alencar.jpg","datePublished":"2022-09-08T19:35:29+00:00","dateModified":"2022-09-08T19:35:30+00:00","author":{"@id":"https:\/\/portalmf.com.br\/#\/schema\/person\/11c82086fe8abc05a19147e964587285"},"breadcrumb":{"@id":"https:\/\/portalmf.com.br\/index.php\/2022\/09\/08\/otto-alencar-segue-na-lideranca-na-corrida-ao-senador-aponta-pesquisa-seculus-informe-baiano\/#breadcrumb"},"inLanguage":"pt-BR","potentialAction":[{"@type":"ReadAction","target":["https:\/\/portalmf.com.br\/index.php\/2022\/09\/08\/otto-alencar-segue-na-lideranca-na-corrida-ao-senador-aponta-pesquisa-seculus-informe-baiano\/"]}]},{"@type":"ImageObject","inLanguage":"pt-BR","@id":"https:\/\/portalmf.com.br\/index.php\/2022\/09\/08\/otto-alencar-segue-na-lideranca-na-corrida-ao-senador-aponta-pesquisa-seculus-informe-baiano\/#primaryimage","url":"https:\/\/portalmf.com.br\/wp-content\/uploads\/2022\/09\/Otto-Alencar.jpg","contentUrl":"https:\/\/portalmf.com.br\/wp-content\/uploads\/2022\/09\/Otto-Alencar.jpg","width":1280,"height":853},{"@type":"BreadcrumbList","@id":"https:\/\/portalmf.com.br\/index.php\/2022\/09\/08\/otto-alencar-segue-na-lideranca-na-corrida-ao-senador-aponta-pesquisa-seculus-informe-baiano\/#breadcrumb","itemListElement":[{"@type":"ListItem","position":1,"name":"In\u00edcio","item":"https:\/\/portalmf.com.br\/"},{"@type":"ListItem","position":2,"name":"Otto Alencar segue na lideran\u00e7a na corrida ao senador aponta pesquisa S\u00e9culus\/Informe Baiano"}]},{"@type":"WebSite","@id":"https:\/\/portalmf.com.br\/#website","url":"https:\/\/portalmf.com.br\/","name":"Portal MF","description":"Voc\u00ea conectado com a informa\u00e7\u00e3o","potentialAction":[{"@type":"SearchAction","target":{"@type":"EntryPoint","urlTemplate":"https:\/\/portalmf.com.br\/?s={search_term_string}"},"query-input":"required name=search_term_string"}],"inLanguage":"pt-BR"},{"@type":"Person","@id":"https:\/\/portalmf.com.br\/#\/schema\/person\/11c82086fe8abc05a19147e964587285","name":"Reginaldo J\u00fanior","image":{"@type":"ImageObject","inLanguage":"pt-BR","@id":"https:\/\/portalmf.com.br\/#\/schema\/person\/image\/","url":"https:\/\/secure.gravatar.com\/avatar\/32a3c797cd0ac47cc53b8644c62776f9?s=96&d=mm&r=g","contentUrl":"https:\/\/secure.gravatar.com\/avatar\/32a3c797cd0ac47cc53b8644c62776f9?s=96&d=mm&r=g","caption":"Reginaldo J\u00fanior"},"description":"Jornalista e idealizador Portal MF","sameAs":["https:\/\/portalmf.com.br\/index.php\/author\/reginaldojr\/","reginaldojrfsa","reginaldojuniormf","https:\/\/x.com\/reginaldojrmf"],"url":"https:\/\/portalmf.com.br\/index.php\/author\/reginaldojr\/"}]}},"_links":{"self":[{"href":"https:\/\/portalmf.com.br\/index.php\/wp-json\/wp\/v2\/posts\/4078"}],"collection":[{"href":"https:\/\/portalmf.com.br\/index.php\/wp-json\/wp\/v2\/posts"}],"about":[{"href":"https:\/\/portalmf.com.br\/index.php\/wp-json\/wp\/v2\/types\/post"}],"author":[{"embeddable":true,"href":"https:\/\/portalmf.com.br\/index.php\/wp-json\/wp\/v2\/users\/2"}],"replies":[{"embeddable":true,"href":"https:\/\/portalmf.com.br\/index.php\/wp-json\/wp\/v2\/comments?post=4078"}],"version-history":[{"count":1,"href":"https:\/\/portalmf.com.br\/index.php\/wp-json\/wp\/v2\/posts\/4078\/revisions"}],"predecessor-version":[{"id":4080,"href":"https:\/\/portalmf.com.br\/index.php\/wp-json\/wp\/v2\/posts\/4078\/revisions\/4080"}],"wp:featuredmedia":[{"embeddable":true,"href":"https:\/\/portalmf.com.br\/index.php\/wp-json\/wp\/v2\/media\/4079"}],"wp:attachment":[{"href":"https:\/\/portalmf.com.br\/index.php\/wp-json\/wp\/v2\/media?parent=4078"}],"wp:term":[{"taxonomy":"category","embeddable":true,"href":"https:\/\/portalmf.com.br\/index.php\/wp-json\/wp\/v2\/categories?post=4078"},{"taxonomy":"post_tag","embeddable":true,"href":"https:\/\/portalmf.com.br\/index.php\/wp-json\/wp\/v2\/tags?post=4078"}],"curies":[{"name":"wp","href":"https:\/\/api.w.org\/{rel}","templated":true}]}}