{"id":40754,"date":"2025-12-28T17:41:59","date_gmt":"2025-12-28T20:41:59","guid":{"rendered":"https:\/\/portalmf.com.br\/?p=40754"},"modified":"2025-12-28T17:42:00","modified_gmt":"2025-12-28T20:42:00","slug":"parangole-fecha-a-primeira-noite-da-virada-salvador-com-danca-hits-e-publico-curtindo-ate-o-amanhecer","status":"publish","type":"post","link":"https:\/\/portalmf.com.br\/index.php\/2025\/12\/28\/parangole-fecha-a-primeira-noite-da-virada-salvador-com-danca-hits-e-publico-curtindo-ate-o-amanhecer\/","title":{"rendered":"Parangol\u00e9 fecha a primeira noite da Virada Salvador com dan\u00e7a, hits e p\u00fablico curtindo at\u00e9 o amanhecer"},"content":{"rendered":"\n<p>A banda Parangol\u00e9, liderada por Lincoln Senna, encerrou a primeira noite do Festival Virada Salvador na Arena O Canto da Cidade, na Boca do Rio, com um show que atravessou a madrugada de s\u00e1bado (27) para domingo (28). O p\u00fablico curtiu a apresenta\u00e7\u00e3o at\u00e9 o amanhecer, mantendo a arena cheia do in\u00edcio ao fim.<\/p>\n\n\n\n<p>O repert\u00f3rio reuniu cl\u00e1ssicos que marcaram a trajet\u00f3ria do Parango, sucessos recentes e hits virais, que est\u00e3o com for\u00e7a nas redes sociais. A apresenta\u00e7\u00e3o foi uma verdadeira &#8220;celebra\u00e7\u00e3o \u00e0 dan\u00e7a&#8221;, como destacou o vocalista. Tr\u00eas forma\u00e7\u00f5es de ballet subiram ao palco: o ballet oficial da banda; a equipe T\u00e1 Quebrando de Branco Falc\u00e3o, formada por moradores da Boca do Rio, comunidade na regi\u00e3o da arena; al\u00e9m de artistas da dan\u00e7a street, que performaram a coreografia assinada por Dam Fernandes.<\/p>\n\n\n\n<p>Durante o show, Lincoln Senna recebeu Guga Meyra para a execu\u00e7\u00e3o de \u201cTapa Tapa\u201d, parceria entre os artistas, colocada como uma das grandes apostas do pagode baiano para o Carnaval. A faixa foi acompanhada pelo p\u00fablico em coro, com coreografia marcada pela multid\u00e3o.<\/p>\n\n\n\n<p>A apresenta\u00e7\u00e3o fez parte da abertura oficial da Virada Salvador, reunindo uma multid\u00e3o na orla da cidade.<br>A banda segue com agenda de fim de ano, com shows em Ilh\u00e9us e Porto Seguro no dia 31 de dezembro, durante a Virada de Ilh\u00e9us e o R\u00e9veillon Toa Toa 2026.<\/p>\n\n\n\n<p>Fotos: @jimmygalvao<br>V\u00eddeo: @francogabie<\/p>\n","protected":false},"excerpt":{"rendered":"<p>A banda Parangol\u00e9, liderada por Lincoln Senna, encerrou a primeira noite do Festival Virada Salvador na Arena O Canto da Cidade, na Boca do Rio, com um show que atravessou a madrugada de s\u00e1bado (27) para domingo (28). O p\u00fablico curtiu a apresenta\u00e7\u00e3o at\u00e9 o amanhecer, mantendo a arena cheia do in\u00edcio ao fim. O [&hellip;]<\/p>\n","protected":false},"author":3,"featured_media":40755,"comment_status":"open","ping_status":"open","sticky":false,"template":"","format":"standard","meta":{"_monsterinsights_skip_tracking":false,"_monsterinsights_sitenote_active":false,"_monsterinsights_sitenote_note":"","_monsterinsights_sitenote_category":0,"footnotes":""},"categories":[1],"tags":[],"yoast_head":"<!-- This site is optimized with the Yoast SEO plugin v22.9 - https:\/\/yoast.com\/wordpress\/plugins\/seo\/ -->\n<title>Parangol\u00e9 fecha a primeira noite da Virada Salvador com dan\u00e7a, hits e p\u00fablico curtindo at\u00e9 o amanhecer - Portal MF<\/title>\n<meta name=\"robots\" content=\"index, follow, max-snippet:-1, max-image-preview:large, max-video-preview:-1\" \/>\n<link rel=\"canonical\" href=\"https:\/\/portalmf.com.br\/index.php\/2025\/12\/28\/parangole-fecha-a-primeira-noite-da-virada-salvador-com-danca-hits-e-publico-curtindo-ate-o-amanhecer\/\" \/>\n<meta property=\"og:locale\" content=\"pt_BR\" \/>\n<meta property=\"og:type\" content=\"article\" \/>\n<meta property=\"og:title\" content=\"Parangol\u00e9 fecha a primeira noite da Virada Salvador com dan\u00e7a, hits e p\u00fablico curtindo at\u00e9 o amanhecer - Portal MF\" \/>\n<meta property=\"og:description\" content=\"A banda Parangol\u00e9, liderada por Lincoln Senna, encerrou a primeira noite do Festival Virada Salvador na Arena O Canto da Cidade, na Boca do Rio, com um show que atravessou a madrugada de s\u00e1bado (27) para domingo (28). O p\u00fablico curtiu a apresenta\u00e7\u00e3o at\u00e9 o amanhecer, mantendo a arena cheia do in\u00edcio ao fim. O [&hellip;]\" \/>\n<meta property=\"og:url\" content=\"https:\/\/portalmf.com.br\/index.php\/2025\/12\/28\/parangole-fecha-a-primeira-noite-da-virada-salvador-com-danca-hits-e-publico-curtindo-ate-o-amanhecer\/\" \/>\n<meta property=\"og:site_name\" content=\"Portal MF\" \/>\n<meta property=\"article:author\" content=\"https:\/\/www.facebook.com\/portalmfoficial\" \/>\n<meta property=\"article:published_time\" content=\"2025-12-28T20:41:59+00:00\" \/>\n<meta property=\"article:modified_time\" content=\"2025-12-28T20:42:00+00:00\" \/>\n<meta property=\"og:image\" content=\"https:\/\/portalmf.com.br\/wp-content\/uploads\/2025\/12\/IMG-20251228-WA0124-e1766954479609.jpg\" \/>\n\t<meta property=\"og:image:width\" content=\"1210\" \/>\n\t<meta property=\"og:image:height\" content=\"861\" \/>\n\t<meta property=\"og:image:type\" content=\"image\/jpeg\" \/>\n<meta name=\"author\" content=\"Reda\u00e7\u00e3o Portal MF\" \/>\n<meta name=\"twitter:card\" content=\"summary_large_image\" \/>\n<meta name=\"twitter:creator\" content=\"@https:\/\/x.com\/portalmfoficial\" \/>\n<meta name=\"twitter:label1\" content=\"Escrito por\" \/>\n\t<meta name=\"twitter:data1\" content=\"Reda\u00e7\u00e3o Portal MF\" \/>\n\t<meta name=\"twitter:label2\" content=\"Est. tempo de leitura\" \/>\n\t<meta name=\"twitter:data2\" content=\"2 minutos\" \/>\n<script type=\"application\/ld+json\" class=\"yoast-schema-graph\">{\"@context\":\"https:\/\/schema.org\",\"@graph\":[{\"@type\":\"WebPage\",\"@id\":\"https:\/\/portalmf.com.br\/index.php\/2025\/12\/28\/parangole-fecha-a-primeira-noite-da-virada-salvador-com-danca-hits-e-publico-curtindo-ate-o-amanhecer\/\",\"url\":\"https:\/\/portalmf.com.br\/index.php\/2025\/12\/28\/parangole-fecha-a-primeira-noite-da-virada-salvador-com-danca-hits-e-publico-curtindo-ate-o-amanhecer\/\",\"name\":\"Parangol\u00e9 fecha a primeira noite da Virada Salvador com dan\u00e7a, hits e p\u00fablico curtindo at\u00e9 o amanhecer - Portal MF\",\"isPartOf\":{\"@id\":\"https:\/\/portalmf.com.br\/#website\"},\"primaryImageOfPage\":{\"@id\":\"https:\/\/portalmf.com.br\/index.php\/2025\/12\/28\/parangole-fecha-a-primeira-noite-da-virada-salvador-com-danca-hits-e-publico-curtindo-ate-o-amanhecer\/#primaryimage\"},\"image\":{\"@id\":\"https:\/\/portalmf.com.br\/index.php\/2025\/12\/28\/parangole-fecha-a-primeira-noite-da-virada-salvador-com-danca-hits-e-publico-curtindo-ate-o-amanhecer\/#primaryimage\"},\"thumbnailUrl\":\"https:\/\/portalmf.com.br\/wp-content\/uploads\/2025\/12\/IMG-20251228-WA0124-e1766954479609.jpg\",\"datePublished\":\"2025-12-28T20:41:59+00:00\",\"dateModified\":\"2025-12-28T20:42:00+00:00\",\"author\":{\"@id\":\"https:\/\/portalmf.com.br\/#\/schema\/person\/9ec101baf56233e53520c26de5d6f6f0\"},\"breadcrumb\":{\"@id\":\"https:\/\/portalmf.com.br\/index.php\/2025\/12\/28\/parangole-fecha-a-primeira-noite-da-virada-salvador-com-danca-hits-e-publico-curtindo-ate-o-amanhecer\/#breadcrumb\"},\"inLanguage\":\"pt-BR\",\"potentialAction\":[{\"@type\":\"ReadAction\",\"target\":[\"https:\/\/portalmf.com.br\/index.php\/2025\/12\/28\/parangole-fecha-a-primeira-noite-da-virada-salvador-com-danca-hits-e-publico-curtindo-ate-o-amanhecer\/\"]}]},{\"@type\":\"ImageObject\",\"inLanguage\":\"pt-BR\",\"@id\":\"https:\/\/portalmf.com.br\/index.php\/2025\/12\/28\/parangole-fecha-a-primeira-noite-da-virada-salvador-com-danca-hits-e-publico-curtindo-ate-o-amanhecer\/#primaryimage\",\"url\":\"https:\/\/portalmf.com.br\/wp-content\/uploads\/2025\/12\/IMG-20251228-WA0124-e1766954479609.jpg\",\"contentUrl\":\"https:\/\/portalmf.com.br\/wp-content\/uploads\/2025\/12\/IMG-20251228-WA0124-e1766954479609.jpg\",\"width\":1210,\"height\":861},{\"@type\":\"BreadcrumbList\",\"@id\":\"https:\/\/portalmf.com.br\/index.php\/2025\/12\/28\/parangole-fecha-a-primeira-noite-da-virada-salvador-com-danca-hits-e-publico-curtindo-ate-o-amanhecer\/#breadcrumb\",\"itemListElement\":[{\"@type\":\"ListItem\",\"position\":1,\"name\":\"In\u00edcio\",\"item\":\"https:\/\/portalmf.com.br\/\"},{\"@type\":\"ListItem\",\"position\":2,\"name\":\"Parangol\u00e9 fecha a primeira noite da Virada Salvador com dan\u00e7a, hits e p\u00fablico curtindo at\u00e9 o amanhecer\"}]},{\"@type\":\"WebSite\",\"@id\":\"https:\/\/portalmf.com.br\/#website\",\"url\":\"https:\/\/portalmf.com.br\/\",\"name\":\"Portal MF\",\"description\":\"Voc\u00ea conectado com a informa\u00e7\u00e3o\",\"potentialAction\":[{\"@type\":\"SearchAction\",\"target\":{\"@type\":\"EntryPoint\",\"urlTemplate\":\"https:\/\/portalmf.com.br\/?s={search_term_string}\"},\"query-input\":\"required name=search_term_string\"}],\"inLanguage\":\"pt-BR\"},{\"@type\":\"Person\",\"@id\":\"https:\/\/portalmf.com.br\/#\/schema\/person\/9ec101baf56233e53520c26de5d6f6f0\",\"name\":\"Reda\u00e7\u00e3o Portal MF\",\"image\":{\"@type\":\"ImageObject\",\"inLanguage\":\"pt-BR\",\"@id\":\"https:\/\/portalmf.com.br\/#\/schema\/person\/image\/\",\"url\":\"https:\/\/secure.gravatar.com\/avatar\/41b9aaeb2100835f7c64362330f74c7f?s=96&d=mm&r=g\",\"contentUrl\":\"https:\/\/secure.gravatar.com\/avatar\/41b9aaeb2100835f7c64362330f74c7f?s=96&d=mm&r=g\",\"caption\":\"Reda\u00e7\u00e3o Portal MF\"},\"description\":\"Sejam bem-vindos o portal de informa\u00e7\u00f5es de entretenimento de Feira de Santana, desde 2006 realiza coberturas dos principais eventos com entrevistas exclusivas com as principais personalidades mundiais. Fique conectado tamb\u00e9m nas redes sociais.\",\"sameAs\":[\"http:\/\/www.portalmf.com.br\/\",\"https:\/\/www.facebook.com\/portalmfoficial\",\"https:\/\/www.instagram.com\/portalmf\/\",\"https:\/\/x.com\/https:\/\/x.com\/portalmfoficial\",\"https:\/\/www.youtube.com\/@portalmfoficial\"],\"url\":\"https:\/\/portalmf.com.br\/index.php\/author\/junior\/\"}]}<\/script>\n<!-- \/ Yoast SEO plugin. -->","yoast_head_json":{"title":"Parangol\u00e9 fecha a primeira noite da Virada Salvador com dan\u00e7a, hits e p\u00fablico curtindo at\u00e9 o amanhecer - Portal MF","robots":{"index":"index","follow":"follow","max-snippet":"max-snippet:-1","max-image-preview":"max-image-preview:large","max-video-preview":"max-video-preview:-1"},"canonical":"https:\/\/portalmf.com.br\/index.php\/2025\/12\/28\/parangole-fecha-a-primeira-noite-da-virada-salvador-com-danca-hits-e-publico-curtindo-ate-o-amanhecer\/","og_locale":"pt_BR","og_type":"article","og_title":"Parangol\u00e9 fecha a primeira noite da Virada Salvador com dan\u00e7a, hits e p\u00fablico curtindo at\u00e9 o amanhecer - Portal MF","og_description":"A banda Parangol\u00e9, liderada por Lincoln Senna, encerrou a primeira noite do Festival Virada Salvador na Arena O Canto da Cidade, na Boca do Rio, com um show que atravessou a madrugada de s\u00e1bado (27) para domingo (28). O p\u00fablico curtiu a apresenta\u00e7\u00e3o at\u00e9 o amanhecer, mantendo a arena cheia do in\u00edcio ao fim. O [&hellip;]","og_url":"https:\/\/portalmf.com.br\/index.php\/2025\/12\/28\/parangole-fecha-a-primeira-noite-da-virada-salvador-com-danca-hits-e-publico-curtindo-ate-o-amanhecer\/","og_site_name":"Portal MF","article_author":"https:\/\/www.facebook.com\/portalmfoficial","article_published_time":"2025-12-28T20:41:59+00:00","article_modified_time":"2025-12-28T20:42:00+00:00","og_image":[{"width":1210,"height":861,"url":"https:\/\/portalmf.com.br\/wp-content\/uploads\/2025\/12\/IMG-20251228-WA0124-e1766954479609.jpg","type":"image\/jpeg"}],"author":"Reda\u00e7\u00e3o Portal MF","twitter_card":"summary_large_image","twitter_creator":"@https:\/\/x.com\/portalmfoficial","twitter_misc":{"Escrito por":"Reda\u00e7\u00e3o Portal MF","Est. tempo de leitura":"2 minutos"},"schema":{"@context":"https:\/\/schema.org","@graph":[{"@type":"WebPage","@id":"https:\/\/portalmf.com.br\/index.php\/2025\/12\/28\/parangole-fecha-a-primeira-noite-da-virada-salvador-com-danca-hits-e-publico-curtindo-ate-o-amanhecer\/","url":"https:\/\/portalmf.com.br\/index.php\/2025\/12\/28\/parangole-fecha-a-primeira-noite-da-virada-salvador-com-danca-hits-e-publico-curtindo-ate-o-amanhecer\/","name":"Parangol\u00e9 fecha a primeira noite da Virada Salvador com dan\u00e7a, hits e p\u00fablico curtindo at\u00e9 o amanhecer - Portal MF","isPartOf":{"@id":"https:\/\/portalmf.com.br\/#website"},"primaryImageOfPage":{"@id":"https:\/\/portalmf.com.br\/index.php\/2025\/12\/28\/parangole-fecha-a-primeira-noite-da-virada-salvador-com-danca-hits-e-publico-curtindo-ate-o-amanhecer\/#primaryimage"},"image":{"@id":"https:\/\/portalmf.com.br\/index.php\/2025\/12\/28\/parangole-fecha-a-primeira-noite-da-virada-salvador-com-danca-hits-e-publico-curtindo-ate-o-amanhecer\/#primaryimage"},"thumbnailUrl":"https:\/\/portalmf.com.br\/wp-content\/uploads\/2025\/12\/IMG-20251228-WA0124-e1766954479609.jpg","datePublished":"2025-12-28T20:41:59+00:00","dateModified":"2025-12-28T20:42:00+00:00","author":{"@id":"https:\/\/portalmf.com.br\/#\/schema\/person\/9ec101baf56233e53520c26de5d6f6f0"},"breadcrumb":{"@id":"https:\/\/portalmf.com.br\/index.php\/2025\/12\/28\/parangole-fecha-a-primeira-noite-da-virada-salvador-com-danca-hits-e-publico-curtindo-ate-o-amanhecer\/#breadcrumb"},"inLanguage":"pt-BR","potentialAction":[{"@type":"ReadAction","target":["https:\/\/portalmf.com.br\/index.php\/2025\/12\/28\/parangole-fecha-a-primeira-noite-da-virada-salvador-com-danca-hits-e-publico-curtindo-ate-o-amanhecer\/"]}]},{"@type":"ImageObject","inLanguage":"pt-BR","@id":"https:\/\/portalmf.com.br\/index.php\/2025\/12\/28\/parangole-fecha-a-primeira-noite-da-virada-salvador-com-danca-hits-e-publico-curtindo-ate-o-amanhecer\/#primaryimage","url":"https:\/\/portalmf.com.br\/wp-content\/uploads\/2025\/12\/IMG-20251228-WA0124-e1766954479609.jpg","contentUrl":"https:\/\/portalmf.com.br\/wp-content\/uploads\/2025\/12\/IMG-20251228-WA0124-e1766954479609.jpg","width":1210,"height":861},{"@type":"BreadcrumbList","@id":"https:\/\/portalmf.com.br\/index.php\/2025\/12\/28\/parangole-fecha-a-primeira-noite-da-virada-salvador-com-danca-hits-e-publico-curtindo-ate-o-amanhecer\/#breadcrumb","itemListElement":[{"@type":"ListItem","position":1,"name":"In\u00edcio","item":"https:\/\/portalmf.com.br\/"},{"@type":"ListItem","position":2,"name":"Parangol\u00e9 fecha a primeira noite da Virada Salvador com dan\u00e7a, hits e p\u00fablico curtindo at\u00e9 o amanhecer"}]},{"@type":"WebSite","@id":"https:\/\/portalmf.com.br\/#website","url":"https:\/\/portalmf.com.br\/","name":"Portal MF","description":"Voc\u00ea conectado com a informa\u00e7\u00e3o","potentialAction":[{"@type":"SearchAction","target":{"@type":"EntryPoint","urlTemplate":"https:\/\/portalmf.com.br\/?s={search_term_string}"},"query-input":"required name=search_term_string"}],"inLanguage":"pt-BR"},{"@type":"Person","@id":"https:\/\/portalmf.com.br\/#\/schema\/person\/9ec101baf56233e53520c26de5d6f6f0","name":"Reda\u00e7\u00e3o Portal MF","image":{"@type":"ImageObject","inLanguage":"pt-BR","@id":"https:\/\/portalmf.com.br\/#\/schema\/person\/image\/","url":"https:\/\/secure.gravatar.com\/avatar\/41b9aaeb2100835f7c64362330f74c7f?s=96&d=mm&r=g","contentUrl":"https:\/\/secure.gravatar.com\/avatar\/41b9aaeb2100835f7c64362330f74c7f?s=96&d=mm&r=g","caption":"Reda\u00e7\u00e3o Portal MF"},"description":"Sejam bem-vindos o portal de informa\u00e7\u00f5es de entretenimento de Feira de Santana, desde 2006 realiza coberturas dos principais eventos com entrevistas exclusivas com as principais personalidades mundiais. Fique conectado tamb\u00e9m nas redes sociais.","sameAs":["http:\/\/www.portalmf.com.br\/","https:\/\/www.facebook.com\/portalmfoficial","https:\/\/www.instagram.com\/portalmf\/","https:\/\/x.com\/https:\/\/x.com\/portalmfoficial","https:\/\/www.youtube.com\/@portalmfoficial"],"url":"https:\/\/portalmf.com.br\/index.php\/author\/junior\/"}]}},"_links":{"self":[{"href":"https:\/\/portalmf.com.br\/index.php\/wp-json\/wp\/v2\/posts\/40754"}],"collection":[{"href":"https:\/\/portalmf.com.br\/index.php\/wp-json\/wp\/v2\/posts"}],"about":[{"href":"https:\/\/portalmf.com.br\/index.php\/wp-json\/wp\/v2\/types\/post"}],"author":[{"embeddable":true,"href":"https:\/\/portalmf.com.br\/index.php\/wp-json\/wp\/v2\/users\/3"}],"replies":[{"embeddable":true,"href":"https:\/\/portalmf.com.br\/index.php\/wp-json\/wp\/v2\/comments?post=40754"}],"version-history":[{"count":1,"href":"https:\/\/portalmf.com.br\/index.php\/wp-json\/wp\/v2\/posts\/40754\/revisions"}],"predecessor-version":[{"id":40757,"href":"https:\/\/portalmf.com.br\/index.php\/wp-json\/wp\/v2\/posts\/40754\/revisions\/40757"}],"wp:featuredmedia":[{"embeddable":true,"href":"https:\/\/portalmf.com.br\/index.php\/wp-json\/wp\/v2\/media\/40755"}],"wp:attachment":[{"href":"https:\/\/portalmf.com.br\/index.php\/wp-json\/wp\/v2\/media?parent=40754"}],"wp:term":[{"taxonomy":"category","embeddable":true,"href":"https:\/\/portalmf.com.br\/index.php\/wp-json\/wp\/v2\/categories?post=40754"},{"taxonomy":"post_tag","embeddable":true,"href":"https:\/\/portalmf.com.br\/index.php\/wp-json\/wp\/v2\/tags?post=40754"}],"curies":[{"name":"wp","href":"https:\/\/api.w.org\/{rel}","templated":true}]}}