{"id":40648,"date":"2025-12-19T15:54:00","date_gmt":"2025-12-19T18:54:00","guid":{"rendered":"https:\/\/portalmf.com.br\/?p=40648"},"modified":"2025-12-19T18:55:59","modified_gmt":"2025-12-19T21:55:59","slug":"verao-do-olodum-2026-une-bencao-ensaios-e-retorno-a-lavagem-do-bonfim","status":"publish","type":"post","link":"https:\/\/portalmf.com.br\/index.php\/2025\/12\/19\/verao-do-olodum-2026-une-bencao-ensaios-e-retorno-a-lavagem-do-bonfim\/","title":{"rendered":"Ver\u00e3o do Olodum 2026 une Ben\u00e7\u00e3o, Ensaios e retorno \u00e0 Lavagem do Bonfim"},"content":{"rendered":"\n<p>O ver\u00e3o de 2026 marca um ciclo do Olodum no Centro Hist\u00f3rico de Salvador, fortalecendo a liga\u00e7\u00e3o do grupo com o Pelourinho e abrindo a temporada que conduz ao Carnaval, que este ano traz o tema \u201cM\u00e1scaras Africanas \u2013 Magia e Beleza\u201d. Fundado em 1979, o Olodum chega aos 46 anos com atua\u00e7\u00e3o cont\u00ednua, apresenta\u00e7\u00f5es em 45 pa\u00edses e parcerias que projetaram sua m\u00fasica e sua hist\u00f3ria para o mundo. A programa\u00e7\u00e3o deste ver\u00e3o amplia a circula\u00e7\u00e3o de iniciativas dedicadas \u00e0 matriz africana e refor\u00e7a a import\u00e2ncia do samba-reggae como linguagem criada por Neguinho do Samba.<\/p>\n\n\n\n<p>A Ben\u00e7\u00e3o do Olodum come\u00e7a em 6 de janeiro na Pra\u00e7a das Artes. As noites contam com a Banda Show Olodum Lazinho, Lucas di Fiori, Narcizinho e a percuss\u00e3o do grupo conduzindo apresenta\u00e7\u00f5es que dialogam com o legado do samba-reggae e com o percurso art\u00edstico que prepara o bloco para o Carnaval. A agenda segue at\u00e9 a \u00faltima ter\u00e7a-feira antes da folia, mantendo a movimenta\u00e7\u00e3o que transforma o Pelourinho em ponto de encontro musical durante o ver\u00e3o.<\/p>\n\n\n\n<p>Os ensaios do bloco ocupam os Domingos Musicais, no Largo do Pelourinho, com acesso livre. Os encontros funcionam como prepara\u00e7\u00e3o aberta e favorecem a forma\u00e7\u00e3o cont\u00ednua da banda, com repert\u00f3rios estruturados para a temporada carnavalesca. Em 2026, a programa\u00e7\u00e3o inclui ainda um marco especial: o retorno do Olodum \u00e0 Lavagem do Bonfim ap\u00f3s 25 anos. A \u00faltima participa\u00e7\u00e3o ocorreu em 2001 e, agora, o grupo volta ao evento com uma caminhada percussiva que sair\u00e1 da Igreja da Concei\u00e7\u00e3o da Praia e seguir\u00e1 at\u00e9 o Largo da Cal\u00e7ada, reafirmando sua presen\u00e7a em uma das manifesta\u00e7\u00f5es mais importantes do calend\u00e1rio cultural da Bahia.<\/p>\n\n\n\n<p>No Carnaval 2026, o Olodum confirma participa\u00e7\u00e3o nos circuitos oficiais, com desfiles gratuitos no Batatinha e no Osmar, al\u00e9m da Pipoca do Olodum, que leva o samba-reggae para a Avenida com acesso aberto ao p\u00fablico. No Circuito Dod\u00f4, o Bloco Olodum retorna com venda de abad\u00e1s na Central do Carnaval, reunindo foli\u00f5es que acompanham o grupo ao longo das \u00faltimas d\u00e9cadas. Assim, o ver\u00e3o do Olodum se mant\u00e9m como per\u00edodo de intensa circula\u00e7\u00e3o, encontros marcantes e reafirma\u00e7\u00e3o da rela\u00e7\u00e3o hist\u00f3rica entre Pelourinho, m\u00fasica e Carnaval.<\/p>\n\n\n\n<p>Datas da temporada \u2014 Ben\u00e7\u00e3o do Olodum \/Ver\u00e3o 2026 (Ter\u00e7a Feira)<br>06\/01 \u2013 Ben\u00e7\u00e3o do Olodum<br>13\/01 \u2013 Ben\u00e7\u00e3o do Olodum<br>20\/01 \u2013 Ben\u00e7\u00e3o do Olodum<br>27\/01 \u2013 Ben\u00e7\u00e3o do Olodum<br>03\/02 \u2013 Ben\u00e7\u00e3o do Olodum<\/p>\n\n\n\n<p>Agenda de Ver\u00e3o \u2013 Ensaios Gratuitos e Lavagem do Bonfim 2026 (Domingo Musical)<br>11\/01 \u2013 Ensaio do Bloco Olodum<br>15\/01 \u2013 Lavagem do Bonfim<br>18\/01 \u2013 Ensaio do Bloco Olodum<br>25\/01 \u2013 Ensaio do Bloco Olodum<br>01\/02 \u2013 Ensaio do Bloco Olodum<br>08\/02 \u2013 Ensaio do Bloco Olodum<\/p>\n","protected":false},"excerpt":{"rendered":"<p>O ver\u00e3o de 2026 marca um ciclo do Olodum no Centro Hist\u00f3rico de Salvador, fortalecendo a liga\u00e7\u00e3o do grupo com o Pelourinho e abrindo a temporada que conduz ao Carnaval, que este ano traz o tema \u201cM\u00e1scaras Africanas \u2013 Magia e Beleza\u201d. Fundado em 1979, o Olodum chega aos 46 anos com atua\u00e7\u00e3o cont\u00ednua, apresenta\u00e7\u00f5es [&hellip;]<\/p>\n","protected":false},"author":3,"featured_media":33829,"comment_status":"open","ping_status":"open","sticky":false,"template":"","format":"standard","meta":{"_monsterinsights_skip_tracking":false,"_monsterinsights_sitenote_active":false,"_monsterinsights_sitenote_note":"","_monsterinsights_sitenote_category":0,"footnotes":""},"categories":[44,48],"tags":[],"yoast_head":"<!-- This site is optimized with the Yoast SEO plugin v22.9 - https:\/\/yoast.com\/wordpress\/plugins\/seo\/ -->\n<title>Ver\u00e3o do Olodum 2026 une Ben\u00e7\u00e3o, Ensaios e retorno \u00e0 Lavagem do Bonfim - Portal MF<\/title>\n<meta name=\"robots\" content=\"index, follow, max-snippet:-1, max-image-preview:large, max-video-preview:-1\" \/>\n<link rel=\"canonical\" href=\"https:\/\/portalmf.com.br\/index.php\/2025\/12\/19\/verao-do-olodum-2026-une-bencao-ensaios-e-retorno-a-lavagem-do-bonfim\/\" \/>\n<meta property=\"og:locale\" content=\"pt_BR\" \/>\n<meta property=\"og:type\" content=\"article\" \/>\n<meta property=\"og:title\" content=\"Ver\u00e3o do Olodum 2026 une Ben\u00e7\u00e3o, Ensaios e retorno \u00e0 Lavagem do Bonfim - Portal MF\" \/>\n<meta property=\"og:description\" content=\"O ver\u00e3o de 2026 marca um ciclo do Olodum no Centro Hist\u00f3rico de Salvador, fortalecendo a liga\u00e7\u00e3o do grupo com o Pelourinho e abrindo a temporada que conduz ao Carnaval, que este ano traz o tema \u201cM\u00e1scaras Africanas \u2013 Magia e Beleza\u201d. Fundado em 1979, o Olodum chega aos 46 anos com atua\u00e7\u00e3o cont\u00ednua, apresenta\u00e7\u00f5es [&hellip;]\" \/>\n<meta property=\"og:url\" content=\"https:\/\/portalmf.com.br\/index.php\/2025\/12\/19\/verao-do-olodum-2026-une-bencao-ensaios-e-retorno-a-lavagem-do-bonfim\/\" \/>\n<meta property=\"og:site_name\" content=\"Portal MF\" \/>\n<meta property=\"article:author\" content=\"https:\/\/www.facebook.com\/portalmfoficial\" \/>\n<meta property=\"article:published_time\" content=\"2025-12-19T18:54:00+00:00\" \/>\n<meta property=\"article:modified_time\" content=\"2025-12-19T21:55:59+00:00\" \/>\n<meta property=\"og:image\" content=\"https:\/\/portalmf.com.br\/wp-content\/uploads\/2025\/02\/Bencao-do-Olodum-reune-artistas-e-publico-na-Praca-das-Artes_3.jpg\" \/>\n\t<meta property=\"og:image:width\" content=\"1600\" \/>\n\t<meta property=\"og:image:height\" content=\"900\" \/>\n\t<meta property=\"og:image:type\" content=\"image\/jpeg\" \/>\n<meta name=\"author\" content=\"Reda\u00e7\u00e3o Portal MF\" \/>\n<meta name=\"twitter:card\" content=\"summary_large_image\" \/>\n<meta name=\"twitter:creator\" content=\"@https:\/\/x.com\/portalmfoficial\" \/>\n<meta name=\"twitter:label1\" content=\"Escrito por\" \/>\n\t<meta name=\"twitter:data1\" content=\"Reda\u00e7\u00e3o Portal MF\" \/>\n\t<meta name=\"twitter:label2\" content=\"Est. tempo de leitura\" \/>\n\t<meta name=\"twitter:data2\" content=\"3 minutos\" \/>\n<script type=\"application\/ld+json\" class=\"yoast-schema-graph\">{\"@context\":\"https:\/\/schema.org\",\"@graph\":[{\"@type\":\"WebPage\",\"@id\":\"https:\/\/portalmf.com.br\/index.php\/2025\/12\/19\/verao-do-olodum-2026-une-bencao-ensaios-e-retorno-a-lavagem-do-bonfim\/\",\"url\":\"https:\/\/portalmf.com.br\/index.php\/2025\/12\/19\/verao-do-olodum-2026-une-bencao-ensaios-e-retorno-a-lavagem-do-bonfim\/\",\"name\":\"Ver\u00e3o do Olodum 2026 une Ben\u00e7\u00e3o, Ensaios e retorno \u00e0 Lavagem do Bonfim - Portal MF\",\"isPartOf\":{\"@id\":\"https:\/\/portalmf.com.br\/#website\"},\"primaryImageOfPage\":{\"@id\":\"https:\/\/portalmf.com.br\/index.php\/2025\/12\/19\/verao-do-olodum-2026-une-bencao-ensaios-e-retorno-a-lavagem-do-bonfim\/#primaryimage\"},\"image\":{\"@id\":\"https:\/\/portalmf.com.br\/index.php\/2025\/12\/19\/verao-do-olodum-2026-une-bencao-ensaios-e-retorno-a-lavagem-do-bonfim\/#primaryimage\"},\"thumbnailUrl\":\"https:\/\/portalmf.com.br\/wp-content\/uploads\/2025\/02\/Bencao-do-Olodum-reune-artistas-e-publico-na-Praca-das-Artes_3.jpg\",\"datePublished\":\"2025-12-19T18:54:00+00:00\",\"dateModified\":\"2025-12-19T21:55:59+00:00\",\"author\":{\"@id\":\"https:\/\/portalmf.com.br\/#\/schema\/person\/9ec101baf56233e53520c26de5d6f6f0\"},\"breadcrumb\":{\"@id\":\"https:\/\/portalmf.com.br\/index.php\/2025\/12\/19\/verao-do-olodum-2026-une-bencao-ensaios-e-retorno-a-lavagem-do-bonfim\/#breadcrumb\"},\"inLanguage\":\"pt-BR\",\"potentialAction\":[{\"@type\":\"ReadAction\",\"target\":[\"https:\/\/portalmf.com.br\/index.php\/2025\/12\/19\/verao-do-olodum-2026-une-bencao-ensaios-e-retorno-a-lavagem-do-bonfim\/\"]}]},{\"@type\":\"ImageObject\",\"inLanguage\":\"pt-BR\",\"@id\":\"https:\/\/portalmf.com.br\/index.php\/2025\/12\/19\/verao-do-olodum-2026-une-bencao-ensaios-e-retorno-a-lavagem-do-bonfim\/#primaryimage\",\"url\":\"https:\/\/portalmf.com.br\/wp-content\/uploads\/2025\/02\/Bencao-do-Olodum-reune-artistas-e-publico-na-Praca-das-Artes_3.jpg\",\"contentUrl\":\"https:\/\/portalmf.com.br\/wp-content\/uploads\/2025\/02\/Bencao-do-Olodum-reune-artistas-e-publico-na-Praca-das-Artes_3.jpg\",\"width\":1600,\"height\":900},{\"@type\":\"BreadcrumbList\",\"@id\":\"https:\/\/portalmf.com.br\/index.php\/2025\/12\/19\/verao-do-olodum-2026-une-bencao-ensaios-e-retorno-a-lavagem-do-bonfim\/#breadcrumb\",\"itemListElement\":[{\"@type\":\"ListItem\",\"position\":1,\"name\":\"In\u00edcio\",\"item\":\"https:\/\/portalmf.com.br\/\"},{\"@type\":\"ListItem\",\"position\":2,\"name\":\"Ver\u00e3o do Olodum 2026 une Ben\u00e7\u00e3o, Ensaios e retorno \u00e0 Lavagem do Bonfim\"}]},{\"@type\":\"WebSite\",\"@id\":\"https:\/\/portalmf.com.br\/#website\",\"url\":\"https:\/\/portalmf.com.br\/\",\"name\":\"Portal MF\",\"description\":\"Voc\u00ea conectado com a informa\u00e7\u00e3o\",\"potentialAction\":[{\"@type\":\"SearchAction\",\"target\":{\"@type\":\"EntryPoint\",\"urlTemplate\":\"https:\/\/portalmf.com.br\/?s={search_term_string}\"},\"query-input\":\"required name=search_term_string\"}],\"inLanguage\":\"pt-BR\"},{\"@type\":\"Person\",\"@id\":\"https:\/\/portalmf.com.br\/#\/schema\/person\/9ec101baf56233e53520c26de5d6f6f0\",\"name\":\"Reda\u00e7\u00e3o Portal MF\",\"image\":{\"@type\":\"ImageObject\",\"inLanguage\":\"pt-BR\",\"@id\":\"https:\/\/portalmf.com.br\/#\/schema\/person\/image\/\",\"url\":\"https:\/\/secure.gravatar.com\/avatar\/41b9aaeb2100835f7c64362330f74c7f?s=96&d=mm&r=g\",\"contentUrl\":\"https:\/\/secure.gravatar.com\/avatar\/41b9aaeb2100835f7c64362330f74c7f?s=96&d=mm&r=g\",\"caption\":\"Reda\u00e7\u00e3o Portal MF\"},\"description\":\"Sejam bem-vindos o portal de informa\u00e7\u00f5es de entretenimento de Feira de Santana, desde 2006 realiza coberturas dos principais eventos com entrevistas exclusivas com as principais personalidades mundiais. Fique conectado tamb\u00e9m nas redes sociais.\",\"sameAs\":[\"http:\/\/www.portalmf.com.br\/\",\"https:\/\/www.facebook.com\/portalmfoficial\",\"https:\/\/www.instagram.com\/portalmf\/\",\"https:\/\/x.com\/https:\/\/x.com\/portalmfoficial\",\"https:\/\/www.youtube.com\/@portalmfoficial\"],\"url\":\"https:\/\/portalmf.com.br\/index.php\/author\/junior\/\"}]}<\/script>\n<!-- \/ Yoast SEO plugin. -->","yoast_head_json":{"title":"Ver\u00e3o do Olodum 2026 une Ben\u00e7\u00e3o, Ensaios e retorno \u00e0 Lavagem do Bonfim - Portal MF","robots":{"index":"index","follow":"follow","max-snippet":"max-snippet:-1","max-image-preview":"max-image-preview:large","max-video-preview":"max-video-preview:-1"},"canonical":"https:\/\/portalmf.com.br\/index.php\/2025\/12\/19\/verao-do-olodum-2026-une-bencao-ensaios-e-retorno-a-lavagem-do-bonfim\/","og_locale":"pt_BR","og_type":"article","og_title":"Ver\u00e3o do Olodum 2026 une Ben\u00e7\u00e3o, Ensaios e retorno \u00e0 Lavagem do Bonfim - Portal MF","og_description":"O ver\u00e3o de 2026 marca um ciclo do Olodum no Centro Hist\u00f3rico de Salvador, fortalecendo a liga\u00e7\u00e3o do grupo com o Pelourinho e abrindo a temporada que conduz ao Carnaval, que este ano traz o tema \u201cM\u00e1scaras Africanas \u2013 Magia e Beleza\u201d. Fundado em 1979, o Olodum chega aos 46 anos com atua\u00e7\u00e3o cont\u00ednua, apresenta\u00e7\u00f5es [&hellip;]","og_url":"https:\/\/portalmf.com.br\/index.php\/2025\/12\/19\/verao-do-olodum-2026-une-bencao-ensaios-e-retorno-a-lavagem-do-bonfim\/","og_site_name":"Portal MF","article_author":"https:\/\/www.facebook.com\/portalmfoficial","article_published_time":"2025-12-19T18:54:00+00:00","article_modified_time":"2025-12-19T21:55:59+00:00","og_image":[{"width":1600,"height":900,"url":"https:\/\/portalmf.com.br\/wp-content\/uploads\/2025\/02\/Bencao-do-Olodum-reune-artistas-e-publico-na-Praca-das-Artes_3.jpg","type":"image\/jpeg"}],"author":"Reda\u00e7\u00e3o Portal MF","twitter_card":"summary_large_image","twitter_creator":"@https:\/\/x.com\/portalmfoficial","twitter_misc":{"Escrito por":"Reda\u00e7\u00e3o Portal MF","Est. tempo de leitura":"3 minutos"},"schema":{"@context":"https:\/\/schema.org","@graph":[{"@type":"WebPage","@id":"https:\/\/portalmf.com.br\/index.php\/2025\/12\/19\/verao-do-olodum-2026-une-bencao-ensaios-e-retorno-a-lavagem-do-bonfim\/","url":"https:\/\/portalmf.com.br\/index.php\/2025\/12\/19\/verao-do-olodum-2026-une-bencao-ensaios-e-retorno-a-lavagem-do-bonfim\/","name":"Ver\u00e3o do Olodum 2026 une Ben\u00e7\u00e3o, Ensaios e retorno \u00e0 Lavagem do Bonfim - Portal MF","isPartOf":{"@id":"https:\/\/portalmf.com.br\/#website"},"primaryImageOfPage":{"@id":"https:\/\/portalmf.com.br\/index.php\/2025\/12\/19\/verao-do-olodum-2026-une-bencao-ensaios-e-retorno-a-lavagem-do-bonfim\/#primaryimage"},"image":{"@id":"https:\/\/portalmf.com.br\/index.php\/2025\/12\/19\/verao-do-olodum-2026-une-bencao-ensaios-e-retorno-a-lavagem-do-bonfim\/#primaryimage"},"thumbnailUrl":"https:\/\/portalmf.com.br\/wp-content\/uploads\/2025\/02\/Bencao-do-Olodum-reune-artistas-e-publico-na-Praca-das-Artes_3.jpg","datePublished":"2025-12-19T18:54:00+00:00","dateModified":"2025-12-19T21:55:59+00:00","author":{"@id":"https:\/\/portalmf.com.br\/#\/schema\/person\/9ec101baf56233e53520c26de5d6f6f0"},"breadcrumb":{"@id":"https:\/\/portalmf.com.br\/index.php\/2025\/12\/19\/verao-do-olodum-2026-une-bencao-ensaios-e-retorno-a-lavagem-do-bonfim\/#breadcrumb"},"inLanguage":"pt-BR","potentialAction":[{"@type":"ReadAction","target":["https:\/\/portalmf.com.br\/index.php\/2025\/12\/19\/verao-do-olodum-2026-une-bencao-ensaios-e-retorno-a-lavagem-do-bonfim\/"]}]},{"@type":"ImageObject","inLanguage":"pt-BR","@id":"https:\/\/portalmf.com.br\/index.php\/2025\/12\/19\/verao-do-olodum-2026-une-bencao-ensaios-e-retorno-a-lavagem-do-bonfim\/#primaryimage","url":"https:\/\/portalmf.com.br\/wp-content\/uploads\/2025\/02\/Bencao-do-Olodum-reune-artistas-e-publico-na-Praca-das-Artes_3.jpg","contentUrl":"https:\/\/portalmf.com.br\/wp-content\/uploads\/2025\/02\/Bencao-do-Olodum-reune-artistas-e-publico-na-Praca-das-Artes_3.jpg","width":1600,"height":900},{"@type":"BreadcrumbList","@id":"https:\/\/portalmf.com.br\/index.php\/2025\/12\/19\/verao-do-olodum-2026-une-bencao-ensaios-e-retorno-a-lavagem-do-bonfim\/#breadcrumb","itemListElement":[{"@type":"ListItem","position":1,"name":"In\u00edcio","item":"https:\/\/portalmf.com.br\/"},{"@type":"ListItem","position":2,"name":"Ver\u00e3o do Olodum 2026 une Ben\u00e7\u00e3o, Ensaios e retorno \u00e0 Lavagem do Bonfim"}]},{"@type":"WebSite","@id":"https:\/\/portalmf.com.br\/#website","url":"https:\/\/portalmf.com.br\/","name":"Portal MF","description":"Voc\u00ea conectado com a informa\u00e7\u00e3o","potentialAction":[{"@type":"SearchAction","target":{"@type":"EntryPoint","urlTemplate":"https:\/\/portalmf.com.br\/?s={search_term_string}"},"query-input":"required name=search_term_string"}],"inLanguage":"pt-BR"},{"@type":"Person","@id":"https:\/\/portalmf.com.br\/#\/schema\/person\/9ec101baf56233e53520c26de5d6f6f0","name":"Reda\u00e7\u00e3o Portal MF","image":{"@type":"ImageObject","inLanguage":"pt-BR","@id":"https:\/\/portalmf.com.br\/#\/schema\/person\/image\/","url":"https:\/\/secure.gravatar.com\/avatar\/41b9aaeb2100835f7c64362330f74c7f?s=96&d=mm&r=g","contentUrl":"https:\/\/secure.gravatar.com\/avatar\/41b9aaeb2100835f7c64362330f74c7f?s=96&d=mm&r=g","caption":"Reda\u00e7\u00e3o Portal MF"},"description":"Sejam bem-vindos o portal de informa\u00e7\u00f5es de entretenimento de Feira de Santana, desde 2006 realiza coberturas dos principais eventos com entrevistas exclusivas com as principais personalidades mundiais. Fique conectado tamb\u00e9m nas redes sociais.","sameAs":["http:\/\/www.portalmf.com.br\/","https:\/\/www.facebook.com\/portalmfoficial","https:\/\/www.instagram.com\/portalmf\/","https:\/\/x.com\/https:\/\/x.com\/portalmfoficial","https:\/\/www.youtube.com\/@portalmfoficial"],"url":"https:\/\/portalmf.com.br\/index.php\/author\/junior\/"}]}},"_links":{"self":[{"href":"https:\/\/portalmf.com.br\/index.php\/wp-json\/wp\/v2\/posts\/40648"}],"collection":[{"href":"https:\/\/portalmf.com.br\/index.php\/wp-json\/wp\/v2\/posts"}],"about":[{"href":"https:\/\/portalmf.com.br\/index.php\/wp-json\/wp\/v2\/types\/post"}],"author":[{"embeddable":true,"href":"https:\/\/portalmf.com.br\/index.php\/wp-json\/wp\/v2\/users\/3"}],"replies":[{"embeddable":true,"href":"https:\/\/portalmf.com.br\/index.php\/wp-json\/wp\/v2\/comments?post=40648"}],"version-history":[{"count":1,"href":"https:\/\/portalmf.com.br\/index.php\/wp-json\/wp\/v2\/posts\/40648\/revisions"}],"predecessor-version":[{"id":40649,"href":"https:\/\/portalmf.com.br\/index.php\/wp-json\/wp\/v2\/posts\/40648\/revisions\/40649"}],"wp:featuredmedia":[{"embeddable":true,"href":"https:\/\/portalmf.com.br\/index.php\/wp-json\/wp\/v2\/media\/33829"}],"wp:attachment":[{"href":"https:\/\/portalmf.com.br\/index.php\/wp-json\/wp\/v2\/media?parent=40648"}],"wp:term":[{"taxonomy":"category","embeddable":true,"href":"https:\/\/portalmf.com.br\/index.php\/wp-json\/wp\/v2\/categories?post=40648"},{"taxonomy":"post_tag","embeddable":true,"href":"https:\/\/portalmf.com.br\/index.php\/wp-json\/wp\/v2\/tags?post=40648"}],"curies":[{"name":"wp","href":"https:\/\/api.w.org\/{rel}","templated":true}]}}