{"id":4063,"date":"2022-09-06T18:27:44","date_gmt":"2022-09-06T21:27:44","guid":{"rendered":"http:\/\/portalmf.com.br\/?p=4063"},"modified":"2022-09-06T18:27:46","modified_gmt":"2022-09-06T21:27:46","slug":"daniel-silveira-tem-o-registro-de-candidatura-ao-senado-negado-pelo-tre-rj","status":"publish","type":"post","link":"https:\/\/portalmf.com.br\/index.php\/2022\/09\/06\/daniel-silveira-tem-o-registro-de-candidatura-ao-senado-negado-pelo-tre-rj\/","title":{"rendered":"Daniel Silveira tem o registro de candidatura ao Senado negado pelo TRE-RJ"},"content":{"rendered":"\n<p>O Tribunal Regional Eleitoral do Rio de Janeiro finalizou, na tarde desta ter\u00e7a-feira (6), o julgamento do registro de candidatura do deputado federal Daniel Silveira (PTB) ao Senado, com a rejei\u00e7\u00e3o do pedido por seis votos a um. A CNN tenta contato com a defesa do parlamentar para saber se vai recorrer.<\/p>\n\n\n\n<p>O desembargador Tiago Santos, que havia pedido vista, apresentou o voto e foi o \u00fanico a divergir do relator Luiz Paulo da Silva Ara\u00fajo Filho.<\/p>\n\n\n\n<p>Segundo Santos, o benef\u00edcio da gra\u00e7a concedido pelo presidente Jair Bolsonaro (PL) ao deputado, ap\u00f3s sua condena\u00e7\u00e3o no Supremo Tribunal Federal (STF), n\u00e3o teve condicionantes, estendendo-se tamb\u00e9m \u00e0s penas privativas de direito, independentemente do tr\u00e2nsito em julgado da senten\u00e7a condenat\u00f3ria.<\/p>\n\n\n\n<p>O desembargador alegou que, para Silveira, vale o verbete 9 do TSE, em que a suspens\u00e3o de direitos pol\u00edticos, decorrente de condena\u00e7\u00e3o criminal, cessa com cumprimento ou extin\u00e7\u00e3o da pena. Com isso, defendeu que os direitos pol\u00edticos do deputado seguiriam intactos, o que lhe garantiria a possibilidade de disputar as elei\u00e7\u00f5es.<\/p>\n\n\n\n<p>No entanto, o voto de Santos foi vencido pelos demais desembargadores, que seguiram o relator. Luiz Paulo da Silva Ara\u00fajo Filho apontou que Daniel Silveira foi condenado por crimes contra a administra\u00e7\u00e3o p\u00fablica, causa de inelegibilidade.<\/p>\n\n\n\n<p>Mesmo com o benef\u00edcio da gra\u00e7a presidencial, os direitos pol\u00edticos seguem suspensos. \u201c\u00c9 pac\u00edfico entendimento que tal n\u00e3o afasta os efeitos extrapenais decorrentes de decis\u00e3o condenat\u00f3ria, dentre eles a inelegibilidade\u201d, destacou o relator.<\/p>\n\n\n\n<p>Com informa\u00e7\u00f5es da CNN Brasil<\/p>\n","protected":false},"excerpt":{"rendered":"<p>O Tribunal Regional Eleitoral do Rio de Janeiro finalizou, na tarde desta ter\u00e7a-feira (6), o julgamento do registro de candidatura do deputado federal Daniel Silveira (PTB) ao Senado, com a rejei\u00e7\u00e3o do pedido por seis votos a um. A CNN tenta contato com a defesa do parlamentar para saber se vai recorrer. O desembargador Tiago [&hellip;]<\/p>\n","protected":false},"author":2,"featured_media":4064,"comment_status":"open","ping_status":"open","sticky":false,"template":"","format":"standard","meta":{"_monsterinsights_skip_tracking":false,"_monsterinsights_sitenote_active":false,"_monsterinsights_sitenote_note":"","_monsterinsights_sitenote_category":0,"footnotes":""},"categories":[34],"tags":[],"yoast_head":"<!-- This site is optimized with the Yoast SEO plugin v22.9 - https:\/\/yoast.com\/wordpress\/plugins\/seo\/ -->\n<title>Daniel Silveira tem o registro de candidatura ao Senado negado pelo TRE-RJ - Portal MF<\/title>\n<meta name=\"robots\" content=\"index, follow, max-snippet:-1, max-image-preview:large, max-video-preview:-1\" \/>\n<link rel=\"canonical\" href=\"https:\/\/portalmf.com.br\/index.php\/2022\/09\/06\/daniel-silveira-tem-o-registro-de-candidatura-ao-senado-negado-pelo-tre-rj\/\" \/>\n<meta property=\"og:locale\" content=\"pt_BR\" \/>\n<meta property=\"og:type\" content=\"article\" \/>\n<meta property=\"og:title\" content=\"Daniel Silveira tem o registro de candidatura ao Senado negado pelo TRE-RJ - Portal MF\" \/>\n<meta property=\"og:description\" content=\"O Tribunal Regional Eleitoral do Rio de Janeiro finalizou, na tarde desta ter\u00e7a-feira (6), o julgamento do registro de candidatura do deputado federal Daniel Silveira (PTB) ao Senado, com a rejei\u00e7\u00e3o do pedido por seis votos a um. A CNN tenta contato com a defesa do parlamentar para saber se vai recorrer. O desembargador Tiago [&hellip;]\" \/>\n<meta property=\"og:url\" content=\"https:\/\/portalmf.com.br\/index.php\/2022\/09\/06\/daniel-silveira-tem-o-registro-de-candidatura-ao-senado-negado-pelo-tre-rj\/\" \/>\n<meta property=\"og:site_name\" content=\"Portal MF\" \/>\n<meta property=\"article:author\" content=\"reginaldojrfsa\" \/>\n<meta property=\"article:published_time\" content=\"2022-09-06T21:27:44+00:00\" \/>\n<meta property=\"article:modified_time\" content=\"2022-09-06T21:27:46+00:00\" \/>\n<meta property=\"og:image\" content=\"https:\/\/portalmf.com.br\/wp-content\/uploads\/2022\/09\/160620-IE-deputado-daniel-silveira-002.jpg\" \/>\n\t<meta property=\"og:image:width\" content=\"1200\" \/>\n\t<meta property=\"og:image:height\" content=\"800\" \/>\n\t<meta property=\"og:image:type\" content=\"image\/jpeg\" \/>\n<meta name=\"author\" content=\"Reginaldo J\u00fanior\" \/>\n<meta name=\"twitter:card\" content=\"summary_large_image\" \/>\n<meta name=\"twitter:creator\" content=\"@reginaldojrmf\" \/>\n<meta name=\"twitter:label1\" content=\"Escrito por\" \/>\n\t<meta name=\"twitter:data1\" content=\"Reginaldo J\u00fanior\" \/>\n\t<meta name=\"twitter:label2\" content=\"Est. tempo de leitura\" \/>\n\t<meta name=\"twitter:data2\" content=\"2 minutos\" \/>\n<script type=\"application\/ld+json\" class=\"yoast-schema-graph\">{\"@context\":\"https:\/\/schema.org\",\"@graph\":[{\"@type\":\"WebPage\",\"@id\":\"https:\/\/portalmf.com.br\/index.php\/2022\/09\/06\/daniel-silveira-tem-o-registro-de-candidatura-ao-senado-negado-pelo-tre-rj\/\",\"url\":\"https:\/\/portalmf.com.br\/index.php\/2022\/09\/06\/daniel-silveira-tem-o-registro-de-candidatura-ao-senado-negado-pelo-tre-rj\/\",\"name\":\"Daniel Silveira tem o registro de candidatura ao Senado negado pelo TRE-RJ - Portal MF\",\"isPartOf\":{\"@id\":\"https:\/\/portalmf.com.br\/#website\"},\"primaryImageOfPage\":{\"@id\":\"https:\/\/portalmf.com.br\/index.php\/2022\/09\/06\/daniel-silveira-tem-o-registro-de-candidatura-ao-senado-negado-pelo-tre-rj\/#primaryimage\"},\"image\":{\"@id\":\"https:\/\/portalmf.com.br\/index.php\/2022\/09\/06\/daniel-silveira-tem-o-registro-de-candidatura-ao-senado-negado-pelo-tre-rj\/#primaryimage\"},\"thumbnailUrl\":\"https:\/\/portalmf.com.br\/wp-content\/uploads\/2022\/09\/160620-IE-deputado-daniel-silveira-002.jpg\",\"datePublished\":\"2022-09-06T21:27:44+00:00\",\"dateModified\":\"2022-09-06T21:27:46+00:00\",\"author\":{\"@id\":\"https:\/\/portalmf.com.br\/#\/schema\/person\/11c82086fe8abc05a19147e964587285\"},\"breadcrumb\":{\"@id\":\"https:\/\/portalmf.com.br\/index.php\/2022\/09\/06\/daniel-silveira-tem-o-registro-de-candidatura-ao-senado-negado-pelo-tre-rj\/#breadcrumb\"},\"inLanguage\":\"pt-BR\",\"potentialAction\":[{\"@type\":\"ReadAction\",\"target\":[\"https:\/\/portalmf.com.br\/index.php\/2022\/09\/06\/daniel-silveira-tem-o-registro-de-candidatura-ao-senado-negado-pelo-tre-rj\/\"]}]},{\"@type\":\"ImageObject\",\"inLanguage\":\"pt-BR\",\"@id\":\"https:\/\/portalmf.com.br\/index.php\/2022\/09\/06\/daniel-silveira-tem-o-registro-de-candidatura-ao-senado-negado-pelo-tre-rj\/#primaryimage\",\"url\":\"https:\/\/portalmf.com.br\/wp-content\/uploads\/2022\/09\/160620-IE-deputado-daniel-silveira-002.jpg\",\"contentUrl\":\"https:\/\/portalmf.com.br\/wp-content\/uploads\/2022\/09\/160620-IE-deputado-daniel-silveira-002.jpg\",\"width\":1200,\"height\":800},{\"@type\":\"BreadcrumbList\",\"@id\":\"https:\/\/portalmf.com.br\/index.php\/2022\/09\/06\/daniel-silveira-tem-o-registro-de-candidatura-ao-senado-negado-pelo-tre-rj\/#breadcrumb\",\"itemListElement\":[{\"@type\":\"ListItem\",\"position\":1,\"name\":\"In\u00edcio\",\"item\":\"https:\/\/portalmf.com.br\/\"},{\"@type\":\"ListItem\",\"position\":2,\"name\":\"Daniel Silveira tem o registro de candidatura ao Senado negado pelo TRE-RJ\"}]},{\"@type\":\"WebSite\",\"@id\":\"https:\/\/portalmf.com.br\/#website\",\"url\":\"https:\/\/portalmf.com.br\/\",\"name\":\"Portal MF\",\"description\":\"Voc\u00ea conectado com a informa\u00e7\u00e3o\",\"potentialAction\":[{\"@type\":\"SearchAction\",\"target\":{\"@type\":\"EntryPoint\",\"urlTemplate\":\"https:\/\/portalmf.com.br\/?s={search_term_string}\"},\"query-input\":\"required name=search_term_string\"}],\"inLanguage\":\"pt-BR\"},{\"@type\":\"Person\",\"@id\":\"https:\/\/portalmf.com.br\/#\/schema\/person\/11c82086fe8abc05a19147e964587285\",\"name\":\"Reginaldo J\u00fanior\",\"image\":{\"@type\":\"ImageObject\",\"inLanguage\":\"pt-BR\",\"@id\":\"https:\/\/portalmf.com.br\/#\/schema\/person\/image\/\",\"url\":\"https:\/\/secure.gravatar.com\/avatar\/32a3c797cd0ac47cc53b8644c62776f9?s=96&d=mm&r=g\",\"contentUrl\":\"https:\/\/secure.gravatar.com\/avatar\/32a3c797cd0ac47cc53b8644c62776f9?s=96&d=mm&r=g\",\"caption\":\"Reginaldo J\u00fanior\"},\"description\":\"Jornalista e idealizador Portal MF\",\"sameAs\":[\"https:\/\/portalmf.com.br\/index.php\/author\/reginaldojr\/\",\"reginaldojrfsa\",\"reginaldojuniormf\",\"https:\/\/x.com\/reginaldojrmf\"],\"url\":\"https:\/\/portalmf.com.br\/index.php\/author\/reginaldojr\/\"}]}<\/script>\n<!-- \/ Yoast SEO plugin. -->","yoast_head_json":{"title":"Daniel Silveira tem o registro de candidatura ao Senado negado pelo TRE-RJ - Portal MF","robots":{"index":"index","follow":"follow","max-snippet":"max-snippet:-1","max-image-preview":"max-image-preview:large","max-video-preview":"max-video-preview:-1"},"canonical":"https:\/\/portalmf.com.br\/index.php\/2022\/09\/06\/daniel-silveira-tem-o-registro-de-candidatura-ao-senado-negado-pelo-tre-rj\/","og_locale":"pt_BR","og_type":"article","og_title":"Daniel Silveira tem o registro de candidatura ao Senado negado pelo TRE-RJ - Portal MF","og_description":"O Tribunal Regional Eleitoral do Rio de Janeiro finalizou, na tarde desta ter\u00e7a-feira (6), o julgamento do registro de candidatura do deputado federal Daniel Silveira (PTB) ao Senado, com a rejei\u00e7\u00e3o do pedido por seis votos a um. A CNN tenta contato com a defesa do parlamentar para saber se vai recorrer. O desembargador Tiago [&hellip;]","og_url":"https:\/\/portalmf.com.br\/index.php\/2022\/09\/06\/daniel-silveira-tem-o-registro-de-candidatura-ao-senado-negado-pelo-tre-rj\/","og_site_name":"Portal MF","article_author":"reginaldojrfsa","article_published_time":"2022-09-06T21:27:44+00:00","article_modified_time":"2022-09-06T21:27:46+00:00","og_image":[{"width":1200,"height":800,"url":"https:\/\/portalmf.com.br\/wp-content\/uploads\/2022\/09\/160620-IE-deputado-daniel-silveira-002.jpg","type":"image\/jpeg"}],"author":"Reginaldo J\u00fanior","twitter_card":"summary_large_image","twitter_creator":"@reginaldojrmf","twitter_misc":{"Escrito por":"Reginaldo J\u00fanior","Est. tempo de leitura":"2 minutos"},"schema":{"@context":"https:\/\/schema.org","@graph":[{"@type":"WebPage","@id":"https:\/\/portalmf.com.br\/index.php\/2022\/09\/06\/daniel-silveira-tem-o-registro-de-candidatura-ao-senado-negado-pelo-tre-rj\/","url":"https:\/\/portalmf.com.br\/index.php\/2022\/09\/06\/daniel-silveira-tem-o-registro-de-candidatura-ao-senado-negado-pelo-tre-rj\/","name":"Daniel Silveira tem o registro de candidatura ao Senado negado pelo TRE-RJ - Portal MF","isPartOf":{"@id":"https:\/\/portalmf.com.br\/#website"},"primaryImageOfPage":{"@id":"https:\/\/portalmf.com.br\/index.php\/2022\/09\/06\/daniel-silveira-tem-o-registro-de-candidatura-ao-senado-negado-pelo-tre-rj\/#primaryimage"},"image":{"@id":"https:\/\/portalmf.com.br\/index.php\/2022\/09\/06\/daniel-silveira-tem-o-registro-de-candidatura-ao-senado-negado-pelo-tre-rj\/#primaryimage"},"thumbnailUrl":"https:\/\/portalmf.com.br\/wp-content\/uploads\/2022\/09\/160620-IE-deputado-daniel-silveira-002.jpg","datePublished":"2022-09-06T21:27:44+00:00","dateModified":"2022-09-06T21:27:46+00:00","author":{"@id":"https:\/\/portalmf.com.br\/#\/schema\/person\/11c82086fe8abc05a19147e964587285"},"breadcrumb":{"@id":"https:\/\/portalmf.com.br\/index.php\/2022\/09\/06\/daniel-silveira-tem-o-registro-de-candidatura-ao-senado-negado-pelo-tre-rj\/#breadcrumb"},"inLanguage":"pt-BR","potentialAction":[{"@type":"ReadAction","target":["https:\/\/portalmf.com.br\/index.php\/2022\/09\/06\/daniel-silveira-tem-o-registro-de-candidatura-ao-senado-negado-pelo-tre-rj\/"]}]},{"@type":"ImageObject","inLanguage":"pt-BR","@id":"https:\/\/portalmf.com.br\/index.php\/2022\/09\/06\/daniel-silveira-tem-o-registro-de-candidatura-ao-senado-negado-pelo-tre-rj\/#primaryimage","url":"https:\/\/portalmf.com.br\/wp-content\/uploads\/2022\/09\/160620-IE-deputado-daniel-silveira-002.jpg","contentUrl":"https:\/\/portalmf.com.br\/wp-content\/uploads\/2022\/09\/160620-IE-deputado-daniel-silveira-002.jpg","width":1200,"height":800},{"@type":"BreadcrumbList","@id":"https:\/\/portalmf.com.br\/index.php\/2022\/09\/06\/daniel-silveira-tem-o-registro-de-candidatura-ao-senado-negado-pelo-tre-rj\/#breadcrumb","itemListElement":[{"@type":"ListItem","position":1,"name":"In\u00edcio","item":"https:\/\/portalmf.com.br\/"},{"@type":"ListItem","position":2,"name":"Daniel Silveira tem o registro de candidatura ao Senado negado pelo TRE-RJ"}]},{"@type":"WebSite","@id":"https:\/\/portalmf.com.br\/#website","url":"https:\/\/portalmf.com.br\/","name":"Portal MF","description":"Voc\u00ea conectado com a informa\u00e7\u00e3o","potentialAction":[{"@type":"SearchAction","target":{"@type":"EntryPoint","urlTemplate":"https:\/\/portalmf.com.br\/?s={search_term_string}"},"query-input":"required name=search_term_string"}],"inLanguage":"pt-BR"},{"@type":"Person","@id":"https:\/\/portalmf.com.br\/#\/schema\/person\/11c82086fe8abc05a19147e964587285","name":"Reginaldo J\u00fanior","image":{"@type":"ImageObject","inLanguage":"pt-BR","@id":"https:\/\/portalmf.com.br\/#\/schema\/person\/image\/","url":"https:\/\/secure.gravatar.com\/avatar\/32a3c797cd0ac47cc53b8644c62776f9?s=96&d=mm&r=g","contentUrl":"https:\/\/secure.gravatar.com\/avatar\/32a3c797cd0ac47cc53b8644c62776f9?s=96&d=mm&r=g","caption":"Reginaldo J\u00fanior"},"description":"Jornalista e idealizador Portal MF","sameAs":["https:\/\/portalmf.com.br\/index.php\/author\/reginaldojr\/","reginaldojrfsa","reginaldojuniormf","https:\/\/x.com\/reginaldojrmf"],"url":"https:\/\/portalmf.com.br\/index.php\/author\/reginaldojr\/"}]}},"_links":{"self":[{"href":"https:\/\/portalmf.com.br\/index.php\/wp-json\/wp\/v2\/posts\/4063"}],"collection":[{"href":"https:\/\/portalmf.com.br\/index.php\/wp-json\/wp\/v2\/posts"}],"about":[{"href":"https:\/\/portalmf.com.br\/index.php\/wp-json\/wp\/v2\/types\/post"}],"author":[{"embeddable":true,"href":"https:\/\/portalmf.com.br\/index.php\/wp-json\/wp\/v2\/users\/2"}],"replies":[{"embeddable":true,"href":"https:\/\/portalmf.com.br\/index.php\/wp-json\/wp\/v2\/comments?post=4063"}],"version-history":[{"count":1,"href":"https:\/\/portalmf.com.br\/index.php\/wp-json\/wp\/v2\/posts\/4063\/revisions"}],"predecessor-version":[{"id":4065,"href":"https:\/\/portalmf.com.br\/index.php\/wp-json\/wp\/v2\/posts\/4063\/revisions\/4065"}],"wp:featuredmedia":[{"embeddable":true,"href":"https:\/\/portalmf.com.br\/index.php\/wp-json\/wp\/v2\/media\/4064"}],"wp:attachment":[{"href":"https:\/\/portalmf.com.br\/index.php\/wp-json\/wp\/v2\/media?parent=4063"}],"wp:term":[{"taxonomy":"category","embeddable":true,"href":"https:\/\/portalmf.com.br\/index.php\/wp-json\/wp\/v2\/categories?post=4063"},{"taxonomy":"post_tag","embeddable":true,"href":"https:\/\/portalmf.com.br\/index.php\/wp-json\/wp\/v2\/tags?post=4063"}],"curies":[{"name":"wp","href":"https:\/\/api.w.org\/{rel}","templated":true}]}}