{"id":40626,"date":"2025-12-18T18:27:46","date_gmt":"2025-12-18T21:27:46","guid":{"rendered":"https:\/\/portalmf.com.br\/?p=40626"},"modified":"2025-12-18T18:27:47","modified_gmt":"2025-12-18T21:27:47","slug":"igor-kannario-confirma-dois-dias-de-pipoca-no-carnaval-de-salvador","status":"publish","type":"post","link":"https:\/\/portalmf.com.br\/index.php\/2025\/12\/18\/igor-kannario-confirma-dois-dias-de-pipoca-no-carnaval-de-salvador\/","title":{"rendered":"Igor Kann\u00e1rio confirma dois dias de pipoca no carnaval de Salvador"},"content":{"rendered":"\n<p>O Pr\u00edncipe do Gueto est\u00e1 confirmado mais uma vez no Carnaval de Salvador e promete arrastar multid\u00f5es. Igor Kann\u00e1rio anunciou dois dias de pipoca na folia: na sexta-feira, no circuito Barra-Ondina, e na segunda-feira, no circuito Osmar (Avenida).<\/p>\n\n\n\n<p>Conhecido por transformar suas apresenta\u00e7\u00f5es em verdadeiros atos de celebra\u00e7\u00e3o popular, Kann\u00e1rio refor\u00e7a sua forte liga\u00e7\u00e3o com o povo ao levar o pagod\u00e3o para dois dos principais circuitos da festa. A presen\u00e7a do artista em formato pipoca reafirma seu protagonismo no Carnaval e sua conex\u00e3o direta com a rua, marca registrada de sua trajet\u00f3ria.<\/p>\n\n\n\n<p>Com um repert\u00f3rio que mistura sucessos consagrados e novidades recentes, o cantor promete shows de muita energia, balan\u00e7o e identidade, mantendo viva a ess\u00eancia que o consagrou como o Pr\u00edncipe do Gueto e um dos nomes mais emblem\u00e1ticos da maior festa de rua do mundo.<\/p>\n\n\n\n<p>Os dois dias de pipoca ser\u00e3o promovidos pelo Governo do Estado, atrav\u00e9s da Sufotur.<\/p>\n","protected":false},"excerpt":{"rendered":"<p>O Pr\u00edncipe do Gueto est\u00e1 confirmado mais uma vez no Carnaval de Salvador e promete arrastar multid\u00f5es. Igor Kann\u00e1rio anunciou dois dias de pipoca na folia: na sexta-feira, no circuito Barra-Ondina, e na segunda-feira, no circuito Osmar (Avenida). Conhecido por transformar suas apresenta\u00e7\u00f5es em verdadeiros atos de celebra\u00e7\u00e3o popular, Kann\u00e1rio refor\u00e7a sua forte liga\u00e7\u00e3o com [&hellip;]<\/p>\n","protected":false},"author":3,"featured_media":40627,"comment_status":"open","ping_status":"open","sticky":false,"template":"","format":"standard","meta":{"_monsterinsights_skip_tracking":false,"_monsterinsights_sitenote_active":false,"_monsterinsights_sitenote_note":"","_monsterinsights_sitenote_category":0,"footnotes":""},"categories":[44,48],"tags":[],"yoast_head":"<!-- This site is optimized with the Yoast SEO plugin v22.9 - https:\/\/yoast.com\/wordpress\/plugins\/seo\/ -->\n<title>Igor Kann\u00e1rio confirma dois dias de pipoca no carnaval de Salvador - Portal MF<\/title>\n<meta name=\"robots\" content=\"index, follow, max-snippet:-1, max-image-preview:large, max-video-preview:-1\" \/>\n<link rel=\"canonical\" href=\"https:\/\/portalmf.com.br\/index.php\/2025\/12\/18\/igor-kannario-confirma-dois-dias-de-pipoca-no-carnaval-de-salvador\/\" \/>\n<meta property=\"og:locale\" content=\"pt_BR\" \/>\n<meta property=\"og:type\" content=\"article\" \/>\n<meta property=\"og:title\" content=\"Igor Kann\u00e1rio confirma dois dias de pipoca no carnaval de Salvador - Portal MF\" \/>\n<meta property=\"og:description\" content=\"O Pr\u00edncipe do Gueto est\u00e1 confirmado mais uma vez no Carnaval de Salvador e promete arrastar multid\u00f5es. Igor Kann\u00e1rio anunciou dois dias de pipoca na folia: na sexta-feira, no circuito Barra-Ondina, e na segunda-feira, no circuito Osmar (Avenida). Conhecido por transformar suas apresenta\u00e7\u00f5es em verdadeiros atos de celebra\u00e7\u00e3o popular, Kann\u00e1rio refor\u00e7a sua forte liga\u00e7\u00e3o com [&hellip;]\" \/>\n<meta property=\"og:url\" content=\"https:\/\/portalmf.com.br\/index.php\/2025\/12\/18\/igor-kannario-confirma-dois-dias-de-pipoca-no-carnaval-de-salvador\/\" \/>\n<meta property=\"og:site_name\" content=\"Portal MF\" \/>\n<meta property=\"article:author\" content=\"https:\/\/www.facebook.com\/portalmfoficial\" \/>\n<meta property=\"article:published_time\" content=\"2025-12-18T21:27:46+00:00\" \/>\n<meta property=\"article:modified_time\" content=\"2025-12-18T21:27:47+00:00\" \/>\n<meta property=\"og:image\" content=\"https:\/\/portalmf.com.br\/wp-content\/uploads\/2025\/12\/Kannario.jpg\" \/>\n\t<meta property=\"og:image:width\" content=\"2048\" \/>\n\t<meta property=\"og:image:height\" content=\"1365\" \/>\n\t<meta property=\"og:image:type\" content=\"image\/jpeg\" \/>\n<meta name=\"author\" content=\"Reda\u00e7\u00e3o Portal MF\" \/>\n<meta name=\"twitter:card\" content=\"summary_large_image\" \/>\n<meta name=\"twitter:creator\" content=\"@https:\/\/x.com\/portalmfoficial\" \/>\n<meta name=\"twitter:label1\" content=\"Escrito por\" \/>\n\t<meta name=\"twitter:data1\" content=\"Reda\u00e7\u00e3o Portal MF\" \/>\n\t<meta name=\"twitter:label2\" content=\"Est. tempo de leitura\" \/>\n\t<meta name=\"twitter:data2\" content=\"2 minutos\" \/>\n<script type=\"application\/ld+json\" class=\"yoast-schema-graph\">{\"@context\":\"https:\/\/schema.org\",\"@graph\":[{\"@type\":\"WebPage\",\"@id\":\"https:\/\/portalmf.com.br\/index.php\/2025\/12\/18\/igor-kannario-confirma-dois-dias-de-pipoca-no-carnaval-de-salvador\/\",\"url\":\"https:\/\/portalmf.com.br\/index.php\/2025\/12\/18\/igor-kannario-confirma-dois-dias-de-pipoca-no-carnaval-de-salvador\/\",\"name\":\"Igor Kann\u00e1rio confirma dois dias de pipoca no carnaval de Salvador - Portal MF\",\"isPartOf\":{\"@id\":\"https:\/\/portalmf.com.br\/#website\"},\"primaryImageOfPage\":{\"@id\":\"https:\/\/portalmf.com.br\/index.php\/2025\/12\/18\/igor-kannario-confirma-dois-dias-de-pipoca-no-carnaval-de-salvador\/#primaryimage\"},\"image\":{\"@id\":\"https:\/\/portalmf.com.br\/index.php\/2025\/12\/18\/igor-kannario-confirma-dois-dias-de-pipoca-no-carnaval-de-salvador\/#primaryimage\"},\"thumbnailUrl\":\"https:\/\/portalmf.com.br\/wp-content\/uploads\/2025\/12\/Kannario.jpg\",\"datePublished\":\"2025-12-18T21:27:46+00:00\",\"dateModified\":\"2025-12-18T21:27:47+00:00\",\"author\":{\"@id\":\"https:\/\/portalmf.com.br\/#\/schema\/person\/9ec101baf56233e53520c26de5d6f6f0\"},\"breadcrumb\":{\"@id\":\"https:\/\/portalmf.com.br\/index.php\/2025\/12\/18\/igor-kannario-confirma-dois-dias-de-pipoca-no-carnaval-de-salvador\/#breadcrumb\"},\"inLanguage\":\"pt-BR\",\"potentialAction\":[{\"@type\":\"ReadAction\",\"target\":[\"https:\/\/portalmf.com.br\/index.php\/2025\/12\/18\/igor-kannario-confirma-dois-dias-de-pipoca-no-carnaval-de-salvador\/\"]}]},{\"@type\":\"ImageObject\",\"inLanguage\":\"pt-BR\",\"@id\":\"https:\/\/portalmf.com.br\/index.php\/2025\/12\/18\/igor-kannario-confirma-dois-dias-de-pipoca-no-carnaval-de-salvador\/#primaryimage\",\"url\":\"https:\/\/portalmf.com.br\/wp-content\/uploads\/2025\/12\/Kannario.jpg\",\"contentUrl\":\"https:\/\/portalmf.com.br\/wp-content\/uploads\/2025\/12\/Kannario.jpg\",\"width\":2048,\"height\":1365},{\"@type\":\"BreadcrumbList\",\"@id\":\"https:\/\/portalmf.com.br\/index.php\/2025\/12\/18\/igor-kannario-confirma-dois-dias-de-pipoca-no-carnaval-de-salvador\/#breadcrumb\",\"itemListElement\":[{\"@type\":\"ListItem\",\"position\":1,\"name\":\"In\u00edcio\",\"item\":\"https:\/\/portalmf.com.br\/\"},{\"@type\":\"ListItem\",\"position\":2,\"name\":\"Igor Kann\u00e1rio confirma dois dias de pipoca no carnaval de Salvador\"}]},{\"@type\":\"WebSite\",\"@id\":\"https:\/\/portalmf.com.br\/#website\",\"url\":\"https:\/\/portalmf.com.br\/\",\"name\":\"Portal MF\",\"description\":\"Voc\u00ea conectado com a informa\u00e7\u00e3o\",\"potentialAction\":[{\"@type\":\"SearchAction\",\"target\":{\"@type\":\"EntryPoint\",\"urlTemplate\":\"https:\/\/portalmf.com.br\/?s={search_term_string}\"},\"query-input\":\"required name=search_term_string\"}],\"inLanguage\":\"pt-BR\"},{\"@type\":\"Person\",\"@id\":\"https:\/\/portalmf.com.br\/#\/schema\/person\/9ec101baf56233e53520c26de5d6f6f0\",\"name\":\"Reda\u00e7\u00e3o Portal MF\",\"image\":{\"@type\":\"ImageObject\",\"inLanguage\":\"pt-BR\",\"@id\":\"https:\/\/portalmf.com.br\/#\/schema\/person\/image\/\",\"url\":\"https:\/\/secure.gravatar.com\/avatar\/41b9aaeb2100835f7c64362330f74c7f?s=96&d=mm&r=g\",\"contentUrl\":\"https:\/\/secure.gravatar.com\/avatar\/41b9aaeb2100835f7c64362330f74c7f?s=96&d=mm&r=g\",\"caption\":\"Reda\u00e7\u00e3o Portal MF\"},\"description\":\"Sejam bem-vindos o portal de informa\u00e7\u00f5es de entretenimento de Feira de Santana, desde 2006 realiza coberturas dos principais eventos com entrevistas exclusivas com as principais personalidades mundiais. Fique conectado tamb\u00e9m nas redes sociais.\",\"sameAs\":[\"http:\/\/www.portalmf.com.br\/\",\"https:\/\/www.facebook.com\/portalmfoficial\",\"https:\/\/www.instagram.com\/portalmf\/\",\"https:\/\/x.com\/https:\/\/x.com\/portalmfoficial\",\"https:\/\/www.youtube.com\/@portalmfoficial\"],\"url\":\"https:\/\/portalmf.com.br\/index.php\/author\/junior\/\"}]}<\/script>\n<!-- \/ Yoast SEO plugin. -->","yoast_head_json":{"title":"Igor Kann\u00e1rio confirma dois dias de pipoca no carnaval de Salvador - Portal MF","robots":{"index":"index","follow":"follow","max-snippet":"max-snippet:-1","max-image-preview":"max-image-preview:large","max-video-preview":"max-video-preview:-1"},"canonical":"https:\/\/portalmf.com.br\/index.php\/2025\/12\/18\/igor-kannario-confirma-dois-dias-de-pipoca-no-carnaval-de-salvador\/","og_locale":"pt_BR","og_type":"article","og_title":"Igor Kann\u00e1rio confirma dois dias de pipoca no carnaval de Salvador - Portal MF","og_description":"O Pr\u00edncipe do Gueto est\u00e1 confirmado mais uma vez no Carnaval de Salvador e promete arrastar multid\u00f5es. Igor Kann\u00e1rio anunciou dois dias de pipoca na folia: na sexta-feira, no circuito Barra-Ondina, e na segunda-feira, no circuito Osmar (Avenida). Conhecido por transformar suas apresenta\u00e7\u00f5es em verdadeiros atos de celebra\u00e7\u00e3o popular, Kann\u00e1rio refor\u00e7a sua forte liga\u00e7\u00e3o com [&hellip;]","og_url":"https:\/\/portalmf.com.br\/index.php\/2025\/12\/18\/igor-kannario-confirma-dois-dias-de-pipoca-no-carnaval-de-salvador\/","og_site_name":"Portal MF","article_author":"https:\/\/www.facebook.com\/portalmfoficial","article_published_time":"2025-12-18T21:27:46+00:00","article_modified_time":"2025-12-18T21:27:47+00:00","og_image":[{"width":2048,"height":1365,"url":"https:\/\/portalmf.com.br\/wp-content\/uploads\/2025\/12\/Kannario.jpg","type":"image\/jpeg"}],"author":"Reda\u00e7\u00e3o Portal MF","twitter_card":"summary_large_image","twitter_creator":"@https:\/\/x.com\/portalmfoficial","twitter_misc":{"Escrito por":"Reda\u00e7\u00e3o Portal MF","Est. tempo de leitura":"2 minutos"},"schema":{"@context":"https:\/\/schema.org","@graph":[{"@type":"WebPage","@id":"https:\/\/portalmf.com.br\/index.php\/2025\/12\/18\/igor-kannario-confirma-dois-dias-de-pipoca-no-carnaval-de-salvador\/","url":"https:\/\/portalmf.com.br\/index.php\/2025\/12\/18\/igor-kannario-confirma-dois-dias-de-pipoca-no-carnaval-de-salvador\/","name":"Igor Kann\u00e1rio confirma dois dias de pipoca no carnaval de Salvador - Portal MF","isPartOf":{"@id":"https:\/\/portalmf.com.br\/#website"},"primaryImageOfPage":{"@id":"https:\/\/portalmf.com.br\/index.php\/2025\/12\/18\/igor-kannario-confirma-dois-dias-de-pipoca-no-carnaval-de-salvador\/#primaryimage"},"image":{"@id":"https:\/\/portalmf.com.br\/index.php\/2025\/12\/18\/igor-kannario-confirma-dois-dias-de-pipoca-no-carnaval-de-salvador\/#primaryimage"},"thumbnailUrl":"https:\/\/portalmf.com.br\/wp-content\/uploads\/2025\/12\/Kannario.jpg","datePublished":"2025-12-18T21:27:46+00:00","dateModified":"2025-12-18T21:27:47+00:00","author":{"@id":"https:\/\/portalmf.com.br\/#\/schema\/person\/9ec101baf56233e53520c26de5d6f6f0"},"breadcrumb":{"@id":"https:\/\/portalmf.com.br\/index.php\/2025\/12\/18\/igor-kannario-confirma-dois-dias-de-pipoca-no-carnaval-de-salvador\/#breadcrumb"},"inLanguage":"pt-BR","potentialAction":[{"@type":"ReadAction","target":["https:\/\/portalmf.com.br\/index.php\/2025\/12\/18\/igor-kannario-confirma-dois-dias-de-pipoca-no-carnaval-de-salvador\/"]}]},{"@type":"ImageObject","inLanguage":"pt-BR","@id":"https:\/\/portalmf.com.br\/index.php\/2025\/12\/18\/igor-kannario-confirma-dois-dias-de-pipoca-no-carnaval-de-salvador\/#primaryimage","url":"https:\/\/portalmf.com.br\/wp-content\/uploads\/2025\/12\/Kannario.jpg","contentUrl":"https:\/\/portalmf.com.br\/wp-content\/uploads\/2025\/12\/Kannario.jpg","width":2048,"height":1365},{"@type":"BreadcrumbList","@id":"https:\/\/portalmf.com.br\/index.php\/2025\/12\/18\/igor-kannario-confirma-dois-dias-de-pipoca-no-carnaval-de-salvador\/#breadcrumb","itemListElement":[{"@type":"ListItem","position":1,"name":"In\u00edcio","item":"https:\/\/portalmf.com.br\/"},{"@type":"ListItem","position":2,"name":"Igor Kann\u00e1rio confirma dois dias de pipoca no carnaval de Salvador"}]},{"@type":"WebSite","@id":"https:\/\/portalmf.com.br\/#website","url":"https:\/\/portalmf.com.br\/","name":"Portal MF","description":"Voc\u00ea conectado com a informa\u00e7\u00e3o","potentialAction":[{"@type":"SearchAction","target":{"@type":"EntryPoint","urlTemplate":"https:\/\/portalmf.com.br\/?s={search_term_string}"},"query-input":"required name=search_term_string"}],"inLanguage":"pt-BR"},{"@type":"Person","@id":"https:\/\/portalmf.com.br\/#\/schema\/person\/9ec101baf56233e53520c26de5d6f6f0","name":"Reda\u00e7\u00e3o Portal MF","image":{"@type":"ImageObject","inLanguage":"pt-BR","@id":"https:\/\/portalmf.com.br\/#\/schema\/person\/image\/","url":"https:\/\/secure.gravatar.com\/avatar\/41b9aaeb2100835f7c64362330f74c7f?s=96&d=mm&r=g","contentUrl":"https:\/\/secure.gravatar.com\/avatar\/41b9aaeb2100835f7c64362330f74c7f?s=96&d=mm&r=g","caption":"Reda\u00e7\u00e3o Portal MF"},"description":"Sejam bem-vindos o portal de informa\u00e7\u00f5es de entretenimento de Feira de Santana, desde 2006 realiza coberturas dos principais eventos com entrevistas exclusivas com as principais personalidades mundiais. Fique conectado tamb\u00e9m nas redes sociais.","sameAs":["http:\/\/www.portalmf.com.br\/","https:\/\/www.facebook.com\/portalmfoficial","https:\/\/www.instagram.com\/portalmf\/","https:\/\/x.com\/https:\/\/x.com\/portalmfoficial","https:\/\/www.youtube.com\/@portalmfoficial"],"url":"https:\/\/portalmf.com.br\/index.php\/author\/junior\/"}]}},"_links":{"self":[{"href":"https:\/\/portalmf.com.br\/index.php\/wp-json\/wp\/v2\/posts\/40626"}],"collection":[{"href":"https:\/\/portalmf.com.br\/index.php\/wp-json\/wp\/v2\/posts"}],"about":[{"href":"https:\/\/portalmf.com.br\/index.php\/wp-json\/wp\/v2\/types\/post"}],"author":[{"embeddable":true,"href":"https:\/\/portalmf.com.br\/index.php\/wp-json\/wp\/v2\/users\/3"}],"replies":[{"embeddable":true,"href":"https:\/\/portalmf.com.br\/index.php\/wp-json\/wp\/v2\/comments?post=40626"}],"version-history":[{"count":1,"href":"https:\/\/portalmf.com.br\/index.php\/wp-json\/wp\/v2\/posts\/40626\/revisions"}],"predecessor-version":[{"id":40628,"href":"https:\/\/portalmf.com.br\/index.php\/wp-json\/wp\/v2\/posts\/40626\/revisions\/40628"}],"wp:featuredmedia":[{"embeddable":true,"href":"https:\/\/portalmf.com.br\/index.php\/wp-json\/wp\/v2\/media\/40627"}],"wp:attachment":[{"href":"https:\/\/portalmf.com.br\/index.php\/wp-json\/wp\/v2\/media?parent=40626"}],"wp:term":[{"taxonomy":"category","embeddable":true,"href":"https:\/\/portalmf.com.br\/index.php\/wp-json\/wp\/v2\/categories?post=40626"},{"taxonomy":"post_tag","embeddable":true,"href":"https:\/\/portalmf.com.br\/index.php\/wp-json\/wp\/v2\/tags?post=40626"}],"curies":[{"name":"wp","href":"https:\/\/api.w.org\/{rel}","templated":true}]}}