{"id":40621,"date":"2025-12-17T16:29:41","date_gmt":"2025-12-17T19:29:41","guid":{"rendered":"https:\/\/portalmf.com.br\/?p=40621"},"modified":"2025-12-17T16:29:41","modified_gmt":"2025-12-17T19:29:41","slug":"bloco-me-abraca-celebra-23o-desfile-sob-o-comando-de-durval-lelys","status":"publish","type":"post","link":"https:\/\/portalmf.com.br\/index.php\/2025\/12\/17\/bloco-me-abraca-celebra-23o-desfile-sob-o-comando-de-durval-lelys\/","title":{"rendered":"Bloco Me Abra\u00e7a celebra 23\u00ba desfile sob o comando de Durval Lelys"},"content":{"rendered":"\n<p>O Bloco Me Abra\u00e7a j\u00e1 est\u00e1 aquecendo as turbinas para o Carnaval 2026. Desfilando pelo Circuito Barra-Ondina nos dias 15 e 16 de fevereiro, domingo e segunda-feira, o bloco promete mais uma edi\u00e7\u00e3o inesquec\u00edvel, levando energia contagiante para as ruas. Ser\u00e3o dois dias, sob o comando do cantor Durval Lelys, que \u00e9 s\u00edmbolo de carisma e energia. O artista comanda os foli\u00f5es com uma mistura vibrante de ax\u00e9, pop, rock e reggae; e garantir\u00e1 uma experi\u00eancia inigual\u00e1vel para o p\u00fablico.<\/p>\n\n\n\n<p>Os foli\u00f5es podem aguardar momentos de pura divers\u00e3o e emo\u00e7\u00e3o ao som de Durval, que segue sendo uma das maiores refer\u00eancias do Ax\u00e9 Music e do Carnaval.<\/p>\n\n\n\n<p>O bloco tamb\u00e9m proporciona conforto aos foli\u00f5es que desejam uma experi\u00eancia diferenciada. O \u201cMe Abra\u00e7a VIP \u2013 Camarote M\u00f3vel\u201d inclui diversas mordomias para quem adquire o abad\u00e1 vip. Como open bar premium com cerveja, Vodka, gin, \u00e1gua, refrigerante, energ\u00e9tico e whisky; lanches e snacks; banheiros exclusivos e acomoda\u00e7\u00f5es confort\u00e1veis; e acesso ao Camarote M\u00f3vel, localizado no carro de apoio do bloco (exceto na \u00e1rea frontal, que \u00e9 reservada para um grupo exclusivo).<\/p>\n\n\n\n<p>A troca do voucher por pulseira ser\u00e1 feita diretamente na entrada do carro de apoio, no momento do desfile. Para comprar o abad\u00e1 (convencional ou VIP), basta acessar:&nbsp;<a href=\"https:\/\/blocomeabraca.com.br\/\" target=\"_blank\" rel=\"noreferrer noopener\">https:\/\/blocomeabraca.com.br\/<\/a>.&nbsp;<\/p>\n\n\n\n<p><strong>Mais sobre o Me Abra\u00e7a:<\/strong><\/p>\n\n\n\n<p>Fundado em 1993, por amigos e ex-s\u00f3cios de uma grande entidade carnavalesca, o Bloco Me Abra\u00e7a rapidamente se consolidou como um dos mais tradicionais e disputados do Carnaval de Salvador. Sua hist\u00f3ria se entrela\u00e7a com a evolu\u00e7\u00e3o do Ax\u00e9 Music, tornando-se pe\u00e7a fundamental no cen\u00e1rio carnavalesco da capital baiana.<\/p>\n\n\n\n<p>O grande diferencial sempre foi a lideran\u00e7a de Durval Lelys, conhecido como o \u201cRei da Rua\u201d. Com uma energia contagiante e uma abordagem inovadora, Durval incorporou ao bloco influ\u00eancias diversas, criando uma sonoridade \u00fanica, que atrai multid\u00f5es ano ap\u00f3s ano. O Me Abra\u00e7a \u00e9 mais do que um bloco, \u00e9 um convite \u00e0 celebra\u00e7\u00e3o da m\u00fasica, da amizade e do amor.<\/p>\n\n\n\n<p>Com a gest\u00e3o, desde 2023, pelo Grupo EVA (que traz mais de 45 anos de experi\u00eancia em Carnaval), o bloco Me Abra\u00e7a mant\u00e9m sua tradi\u00e7\u00e3o de oferecer uma estrutura de alta qualidade para os participantes e garante mais um ano de pura divers\u00e3o.&nbsp;<\/p>\n","protected":false},"excerpt":{"rendered":"<p>O Bloco Me Abra\u00e7a j\u00e1 est\u00e1 aquecendo as turbinas para o Carnaval 2026. Desfilando pelo Circuito Barra-Ondina nos dias 15 e 16 de fevereiro, domingo e segunda-feira, o bloco promete mais uma edi\u00e7\u00e3o inesquec\u00edvel, levando energia contagiante para as ruas. Ser\u00e3o dois dias, sob o comando do cantor Durval Lelys, que \u00e9 s\u00edmbolo de carisma [&hellip;]<\/p>\n","protected":false},"author":3,"featured_media":40622,"comment_status":"open","ping_status":"open","sticky":false,"template":"","format":"standard","meta":{"_monsterinsights_skip_tracking":false,"_monsterinsights_sitenote_active":false,"_monsterinsights_sitenote_note":"","_monsterinsights_sitenote_category":0,"footnotes":""},"categories":[44,48],"tags":[],"yoast_head":"<!-- This site is optimized with the Yoast SEO plugin v22.9 - https:\/\/yoast.com\/wordpress\/plugins\/seo\/ -->\n<title>Bloco Me Abra\u00e7a celebra 23\u00ba desfile sob o comando de Durval Lelys - Portal MF<\/title>\n<meta name=\"robots\" content=\"index, follow, max-snippet:-1, max-image-preview:large, max-video-preview:-1\" \/>\n<link rel=\"canonical\" href=\"https:\/\/portalmf.com.br\/index.php\/2025\/12\/17\/bloco-me-abraca-celebra-23o-desfile-sob-o-comando-de-durval-lelys\/\" \/>\n<meta property=\"og:locale\" content=\"pt_BR\" \/>\n<meta property=\"og:type\" content=\"article\" \/>\n<meta property=\"og:title\" content=\"Bloco Me Abra\u00e7a celebra 23\u00ba desfile sob o comando de Durval Lelys - Portal MF\" \/>\n<meta property=\"og:description\" content=\"O Bloco Me Abra\u00e7a j\u00e1 est\u00e1 aquecendo as turbinas para o Carnaval 2026. Desfilando pelo Circuito Barra-Ondina nos dias 15 e 16 de fevereiro, domingo e segunda-feira, o bloco promete mais uma edi\u00e7\u00e3o inesquec\u00edvel, levando energia contagiante para as ruas. Ser\u00e3o dois dias, sob o comando do cantor Durval Lelys, que \u00e9 s\u00edmbolo de carisma [&hellip;]\" \/>\n<meta property=\"og:url\" content=\"https:\/\/portalmf.com.br\/index.php\/2025\/12\/17\/bloco-me-abraca-celebra-23o-desfile-sob-o-comando-de-durval-lelys\/\" \/>\n<meta property=\"og:site_name\" content=\"Portal MF\" \/>\n<meta property=\"article:author\" content=\"https:\/\/www.facebook.com\/portalmfoficial\" \/>\n<meta property=\"article:published_time\" content=\"2025-12-17T19:29:41+00:00\" \/>\n<meta property=\"og:image\" content=\"https:\/\/portalmf.com.br\/wp-content\/uploads\/2025\/12\/Bloco-Me-Abraca.jpeg\" \/>\n\t<meta property=\"og:image:width\" content=\"1600\" \/>\n\t<meta property=\"og:image:height\" content=\"1066\" \/>\n\t<meta property=\"og:image:type\" content=\"image\/jpeg\" \/>\n<meta name=\"author\" content=\"Reda\u00e7\u00e3o Portal MF\" \/>\n<meta name=\"twitter:card\" content=\"summary_large_image\" \/>\n<meta name=\"twitter:creator\" content=\"@https:\/\/x.com\/portalmfoficial\" \/>\n<meta name=\"twitter:label1\" content=\"Escrito por\" \/>\n\t<meta name=\"twitter:data1\" content=\"Reda\u00e7\u00e3o Portal MF\" \/>\n\t<meta name=\"twitter:label2\" content=\"Est. tempo de leitura\" \/>\n\t<meta name=\"twitter:data2\" content=\"3 minutos\" \/>\n<script type=\"application\/ld+json\" class=\"yoast-schema-graph\">{\"@context\":\"https:\/\/schema.org\",\"@graph\":[{\"@type\":\"WebPage\",\"@id\":\"https:\/\/portalmf.com.br\/index.php\/2025\/12\/17\/bloco-me-abraca-celebra-23o-desfile-sob-o-comando-de-durval-lelys\/\",\"url\":\"https:\/\/portalmf.com.br\/index.php\/2025\/12\/17\/bloco-me-abraca-celebra-23o-desfile-sob-o-comando-de-durval-lelys\/\",\"name\":\"Bloco Me Abra\u00e7a celebra 23\u00ba desfile sob o comando de Durval Lelys - Portal MF\",\"isPartOf\":{\"@id\":\"https:\/\/portalmf.com.br\/#website\"},\"primaryImageOfPage\":{\"@id\":\"https:\/\/portalmf.com.br\/index.php\/2025\/12\/17\/bloco-me-abraca-celebra-23o-desfile-sob-o-comando-de-durval-lelys\/#primaryimage\"},\"image\":{\"@id\":\"https:\/\/portalmf.com.br\/index.php\/2025\/12\/17\/bloco-me-abraca-celebra-23o-desfile-sob-o-comando-de-durval-lelys\/#primaryimage\"},\"thumbnailUrl\":\"https:\/\/portalmf.com.br\/wp-content\/uploads\/2025\/12\/Bloco-Me-Abraca.jpeg\",\"datePublished\":\"2025-12-17T19:29:41+00:00\",\"dateModified\":\"2025-12-17T19:29:41+00:00\",\"author\":{\"@id\":\"https:\/\/portalmf.com.br\/#\/schema\/person\/9ec101baf56233e53520c26de5d6f6f0\"},\"breadcrumb\":{\"@id\":\"https:\/\/portalmf.com.br\/index.php\/2025\/12\/17\/bloco-me-abraca-celebra-23o-desfile-sob-o-comando-de-durval-lelys\/#breadcrumb\"},\"inLanguage\":\"pt-BR\",\"potentialAction\":[{\"@type\":\"ReadAction\",\"target\":[\"https:\/\/portalmf.com.br\/index.php\/2025\/12\/17\/bloco-me-abraca-celebra-23o-desfile-sob-o-comando-de-durval-lelys\/\"]}]},{\"@type\":\"ImageObject\",\"inLanguage\":\"pt-BR\",\"@id\":\"https:\/\/portalmf.com.br\/index.php\/2025\/12\/17\/bloco-me-abraca-celebra-23o-desfile-sob-o-comando-de-durval-lelys\/#primaryimage\",\"url\":\"https:\/\/portalmf.com.br\/wp-content\/uploads\/2025\/12\/Bloco-Me-Abraca.jpeg\",\"contentUrl\":\"https:\/\/portalmf.com.br\/wp-content\/uploads\/2025\/12\/Bloco-Me-Abraca.jpeg\",\"width\":1600,\"height\":1066},{\"@type\":\"BreadcrumbList\",\"@id\":\"https:\/\/portalmf.com.br\/index.php\/2025\/12\/17\/bloco-me-abraca-celebra-23o-desfile-sob-o-comando-de-durval-lelys\/#breadcrumb\",\"itemListElement\":[{\"@type\":\"ListItem\",\"position\":1,\"name\":\"In\u00edcio\",\"item\":\"https:\/\/portalmf.com.br\/\"},{\"@type\":\"ListItem\",\"position\":2,\"name\":\"Bloco Me Abra\u00e7a celebra 23\u00ba desfile sob o comando de Durval Lelys\"}]},{\"@type\":\"WebSite\",\"@id\":\"https:\/\/portalmf.com.br\/#website\",\"url\":\"https:\/\/portalmf.com.br\/\",\"name\":\"Portal MF\",\"description\":\"Voc\u00ea conectado com a informa\u00e7\u00e3o\",\"potentialAction\":[{\"@type\":\"SearchAction\",\"target\":{\"@type\":\"EntryPoint\",\"urlTemplate\":\"https:\/\/portalmf.com.br\/?s={search_term_string}\"},\"query-input\":\"required name=search_term_string\"}],\"inLanguage\":\"pt-BR\"},{\"@type\":\"Person\",\"@id\":\"https:\/\/portalmf.com.br\/#\/schema\/person\/9ec101baf56233e53520c26de5d6f6f0\",\"name\":\"Reda\u00e7\u00e3o Portal MF\",\"image\":{\"@type\":\"ImageObject\",\"inLanguage\":\"pt-BR\",\"@id\":\"https:\/\/portalmf.com.br\/#\/schema\/person\/image\/\",\"url\":\"https:\/\/secure.gravatar.com\/avatar\/41b9aaeb2100835f7c64362330f74c7f?s=96&d=mm&r=g\",\"contentUrl\":\"https:\/\/secure.gravatar.com\/avatar\/41b9aaeb2100835f7c64362330f74c7f?s=96&d=mm&r=g\",\"caption\":\"Reda\u00e7\u00e3o Portal MF\"},\"description\":\"Sejam bem-vindos o portal de informa\u00e7\u00f5es de entretenimento de Feira de Santana, desde 2006 realiza coberturas dos principais eventos com entrevistas exclusivas com as principais personalidades mundiais. Fique conectado tamb\u00e9m nas redes sociais.\",\"sameAs\":[\"http:\/\/www.portalmf.com.br\/\",\"https:\/\/www.facebook.com\/portalmfoficial\",\"https:\/\/www.instagram.com\/portalmf\/\",\"https:\/\/x.com\/https:\/\/x.com\/portalmfoficial\",\"https:\/\/www.youtube.com\/@portalmfoficial\"],\"url\":\"https:\/\/portalmf.com.br\/index.php\/author\/junior\/\"}]}<\/script>\n<!-- \/ Yoast SEO plugin. -->","yoast_head_json":{"title":"Bloco Me Abra\u00e7a celebra 23\u00ba desfile sob o comando de Durval Lelys - Portal MF","robots":{"index":"index","follow":"follow","max-snippet":"max-snippet:-1","max-image-preview":"max-image-preview:large","max-video-preview":"max-video-preview:-1"},"canonical":"https:\/\/portalmf.com.br\/index.php\/2025\/12\/17\/bloco-me-abraca-celebra-23o-desfile-sob-o-comando-de-durval-lelys\/","og_locale":"pt_BR","og_type":"article","og_title":"Bloco Me Abra\u00e7a celebra 23\u00ba desfile sob o comando de Durval Lelys - Portal MF","og_description":"O Bloco Me Abra\u00e7a j\u00e1 est\u00e1 aquecendo as turbinas para o Carnaval 2026. Desfilando pelo Circuito Barra-Ondina nos dias 15 e 16 de fevereiro, domingo e segunda-feira, o bloco promete mais uma edi\u00e7\u00e3o inesquec\u00edvel, levando energia contagiante para as ruas. Ser\u00e3o dois dias, sob o comando do cantor Durval Lelys, que \u00e9 s\u00edmbolo de carisma [&hellip;]","og_url":"https:\/\/portalmf.com.br\/index.php\/2025\/12\/17\/bloco-me-abraca-celebra-23o-desfile-sob-o-comando-de-durval-lelys\/","og_site_name":"Portal MF","article_author":"https:\/\/www.facebook.com\/portalmfoficial","article_published_time":"2025-12-17T19:29:41+00:00","og_image":[{"width":1600,"height":1066,"url":"https:\/\/portalmf.com.br\/wp-content\/uploads\/2025\/12\/Bloco-Me-Abraca.jpeg","type":"image\/jpeg"}],"author":"Reda\u00e7\u00e3o Portal MF","twitter_card":"summary_large_image","twitter_creator":"@https:\/\/x.com\/portalmfoficial","twitter_misc":{"Escrito por":"Reda\u00e7\u00e3o Portal MF","Est. tempo de leitura":"3 minutos"},"schema":{"@context":"https:\/\/schema.org","@graph":[{"@type":"WebPage","@id":"https:\/\/portalmf.com.br\/index.php\/2025\/12\/17\/bloco-me-abraca-celebra-23o-desfile-sob-o-comando-de-durval-lelys\/","url":"https:\/\/portalmf.com.br\/index.php\/2025\/12\/17\/bloco-me-abraca-celebra-23o-desfile-sob-o-comando-de-durval-lelys\/","name":"Bloco Me Abra\u00e7a celebra 23\u00ba desfile sob o comando de Durval Lelys - Portal MF","isPartOf":{"@id":"https:\/\/portalmf.com.br\/#website"},"primaryImageOfPage":{"@id":"https:\/\/portalmf.com.br\/index.php\/2025\/12\/17\/bloco-me-abraca-celebra-23o-desfile-sob-o-comando-de-durval-lelys\/#primaryimage"},"image":{"@id":"https:\/\/portalmf.com.br\/index.php\/2025\/12\/17\/bloco-me-abraca-celebra-23o-desfile-sob-o-comando-de-durval-lelys\/#primaryimage"},"thumbnailUrl":"https:\/\/portalmf.com.br\/wp-content\/uploads\/2025\/12\/Bloco-Me-Abraca.jpeg","datePublished":"2025-12-17T19:29:41+00:00","dateModified":"2025-12-17T19:29:41+00:00","author":{"@id":"https:\/\/portalmf.com.br\/#\/schema\/person\/9ec101baf56233e53520c26de5d6f6f0"},"breadcrumb":{"@id":"https:\/\/portalmf.com.br\/index.php\/2025\/12\/17\/bloco-me-abraca-celebra-23o-desfile-sob-o-comando-de-durval-lelys\/#breadcrumb"},"inLanguage":"pt-BR","potentialAction":[{"@type":"ReadAction","target":["https:\/\/portalmf.com.br\/index.php\/2025\/12\/17\/bloco-me-abraca-celebra-23o-desfile-sob-o-comando-de-durval-lelys\/"]}]},{"@type":"ImageObject","inLanguage":"pt-BR","@id":"https:\/\/portalmf.com.br\/index.php\/2025\/12\/17\/bloco-me-abraca-celebra-23o-desfile-sob-o-comando-de-durval-lelys\/#primaryimage","url":"https:\/\/portalmf.com.br\/wp-content\/uploads\/2025\/12\/Bloco-Me-Abraca.jpeg","contentUrl":"https:\/\/portalmf.com.br\/wp-content\/uploads\/2025\/12\/Bloco-Me-Abraca.jpeg","width":1600,"height":1066},{"@type":"BreadcrumbList","@id":"https:\/\/portalmf.com.br\/index.php\/2025\/12\/17\/bloco-me-abraca-celebra-23o-desfile-sob-o-comando-de-durval-lelys\/#breadcrumb","itemListElement":[{"@type":"ListItem","position":1,"name":"In\u00edcio","item":"https:\/\/portalmf.com.br\/"},{"@type":"ListItem","position":2,"name":"Bloco Me Abra\u00e7a celebra 23\u00ba desfile sob o comando de Durval Lelys"}]},{"@type":"WebSite","@id":"https:\/\/portalmf.com.br\/#website","url":"https:\/\/portalmf.com.br\/","name":"Portal MF","description":"Voc\u00ea conectado com a informa\u00e7\u00e3o","potentialAction":[{"@type":"SearchAction","target":{"@type":"EntryPoint","urlTemplate":"https:\/\/portalmf.com.br\/?s={search_term_string}"},"query-input":"required name=search_term_string"}],"inLanguage":"pt-BR"},{"@type":"Person","@id":"https:\/\/portalmf.com.br\/#\/schema\/person\/9ec101baf56233e53520c26de5d6f6f0","name":"Reda\u00e7\u00e3o Portal MF","image":{"@type":"ImageObject","inLanguage":"pt-BR","@id":"https:\/\/portalmf.com.br\/#\/schema\/person\/image\/","url":"https:\/\/secure.gravatar.com\/avatar\/41b9aaeb2100835f7c64362330f74c7f?s=96&d=mm&r=g","contentUrl":"https:\/\/secure.gravatar.com\/avatar\/41b9aaeb2100835f7c64362330f74c7f?s=96&d=mm&r=g","caption":"Reda\u00e7\u00e3o Portal MF"},"description":"Sejam bem-vindos o portal de informa\u00e7\u00f5es de entretenimento de Feira de Santana, desde 2006 realiza coberturas dos principais eventos com entrevistas exclusivas com as principais personalidades mundiais. Fique conectado tamb\u00e9m nas redes sociais.","sameAs":["http:\/\/www.portalmf.com.br\/","https:\/\/www.facebook.com\/portalmfoficial","https:\/\/www.instagram.com\/portalmf\/","https:\/\/x.com\/https:\/\/x.com\/portalmfoficial","https:\/\/www.youtube.com\/@portalmfoficial"],"url":"https:\/\/portalmf.com.br\/index.php\/author\/junior\/"}]}},"_links":{"self":[{"href":"https:\/\/portalmf.com.br\/index.php\/wp-json\/wp\/v2\/posts\/40621"}],"collection":[{"href":"https:\/\/portalmf.com.br\/index.php\/wp-json\/wp\/v2\/posts"}],"about":[{"href":"https:\/\/portalmf.com.br\/index.php\/wp-json\/wp\/v2\/types\/post"}],"author":[{"embeddable":true,"href":"https:\/\/portalmf.com.br\/index.php\/wp-json\/wp\/v2\/users\/3"}],"replies":[{"embeddable":true,"href":"https:\/\/portalmf.com.br\/index.php\/wp-json\/wp\/v2\/comments?post=40621"}],"version-history":[{"count":1,"href":"https:\/\/portalmf.com.br\/index.php\/wp-json\/wp\/v2\/posts\/40621\/revisions"}],"predecessor-version":[{"id":40623,"href":"https:\/\/portalmf.com.br\/index.php\/wp-json\/wp\/v2\/posts\/40621\/revisions\/40623"}],"wp:featuredmedia":[{"embeddable":true,"href":"https:\/\/portalmf.com.br\/index.php\/wp-json\/wp\/v2\/media\/40622"}],"wp:attachment":[{"href":"https:\/\/portalmf.com.br\/index.php\/wp-json\/wp\/v2\/media?parent=40621"}],"wp:term":[{"taxonomy":"category","embeddable":true,"href":"https:\/\/portalmf.com.br\/index.php\/wp-json\/wp\/v2\/categories?post=40621"},{"taxonomy":"post_tag","embeddable":true,"href":"https:\/\/portalmf.com.br\/index.php\/wp-json\/wp\/v2\/tags?post=40621"}],"curies":[{"name":"wp","href":"https:\/\/api.w.org\/{rel}","templated":true}]}}