{"id":40387,"date":"2025-12-01T18:24:04","date_gmt":"2025-12-01T21:24:04","guid":{"rendered":"https:\/\/portalmf.com.br\/?p=40387"},"modified":"2025-12-03T18:48:54","modified_gmt":"2025-12-03T21:48:54","slug":"marcio-victor-faz-participacao-emocionante-no-ivete-clareou-e-recebe-carinho-dos-amigos-e-fas","status":"publish","type":"post","link":"https:\/\/portalmf.com.br\/index.php\/2025\/12\/01\/marcio-victor-faz-participacao-emocionante-no-ivete-clareou-e-recebe-carinho-dos-amigos-e-fas\/","title":{"rendered":"M\u00e1rcio Victor faz participa\u00e7\u00e3o emocionante no Ivete Clareou e recebe carinho dos amigos e f\u00e3s"},"content":{"rendered":"\n<p>O cantor M\u00e1rcio Victor, l\u00edder da banda Psirico, participou do Ivete Clareou, em Salvador, projeto de samba da cantora Ivete Sangalo que tem rodado o Brasil. O artista foi recebido com festa e em coro, marcando mais um momento especial desde seu retorno aos palcos ap\u00f3s a interna\u00e7\u00e3o.<\/p>\n\n\n\n<p>O encontro, que aconteceu no domingo (30) e tem repercutido fortemente nas redes sociais, selou a volta do artista baiano \u00e0 sua rotina de shows. Recuperado e liberado pela equipe m\u00e9dica, M\u00e1rcio j\u00e1 havia se apresentado no s\u00e1bado, na Corrida do Bah\u00eaa, diante de milhares de pessoas, quando tamb\u00e9m foi ovacionado pelo p\u00fablico.<\/p>\n\n\n\n<p>Um dos pontos altos da noite foi sua performance ao lado de Veveta na m\u00fasica Toda Boa, hit hist\u00f3rico do Psirico. Outro destaque foi a troca com Xanddy Harmonia na subida ao palco, parceria que ganhou novo cap\u00edtulo recentemente com o lan\u00e7amento de Bloco de Notas, faixa do audiovisual Lamb\u00e3o Weekend.<\/p>\n\n\n\n<p>Sobre sua participa\u00e7\u00e3o no Ivete Clareou, M\u00e1rcio Victor declarou: \u201cIvete Sangalo, voc\u00ea \u00e9 uma das partes mais bonitas da minha hist\u00f3ria. Eu amo voc\u00ea. O Ivete Clareou \u00e9 a extens\u00e3o do que voc\u00ea \u00e9: alegria, energia, m\u00fasica que vem da alma. Obrigado pelo convite, foi lindo demais.\u201d<\/p>\n","protected":false},"excerpt":{"rendered":"<p>O cantor M\u00e1rcio Victor, l\u00edder da banda Psirico, participou do Ivete Clareou, em Salvador, projeto de samba da cantora Ivete Sangalo que tem rodado o Brasil. O artista foi recebido com festa e em coro, marcando mais um momento especial desde seu retorno aos palcos ap\u00f3s a interna\u00e7\u00e3o. O encontro, que aconteceu no domingo (30) [&hellip;]<\/p>\n","protected":false},"author":3,"featured_media":40388,"comment_status":"open","ping_status":"open","sticky":false,"template":"","format":"standard","meta":{"_monsterinsights_skip_tracking":false,"_monsterinsights_sitenote_active":false,"_monsterinsights_sitenote_note":"","_monsterinsights_sitenote_category":0,"footnotes":""},"categories":[1],"tags":[],"yoast_head":"<!-- This site is optimized with the Yoast SEO plugin v22.9 - https:\/\/yoast.com\/wordpress\/plugins\/seo\/ -->\n<title>M\u00e1rcio Victor faz participa\u00e7\u00e3o emocionante no Ivete Clareou e recebe carinho dos amigos e f\u00e3s - Portal MF<\/title>\n<meta name=\"robots\" content=\"index, follow, max-snippet:-1, max-image-preview:large, max-video-preview:-1\" \/>\n<link rel=\"canonical\" href=\"https:\/\/portalmf.com.br\/index.php\/2025\/12\/01\/marcio-victor-faz-participacao-emocionante-no-ivete-clareou-e-recebe-carinho-dos-amigos-e-fas\/\" \/>\n<meta property=\"og:locale\" content=\"pt_BR\" \/>\n<meta property=\"og:type\" content=\"article\" \/>\n<meta property=\"og:title\" content=\"M\u00e1rcio Victor faz participa\u00e7\u00e3o emocionante no Ivete Clareou e recebe carinho dos amigos e f\u00e3s - Portal MF\" \/>\n<meta property=\"og:description\" content=\"O cantor M\u00e1rcio Victor, l\u00edder da banda Psirico, participou do Ivete Clareou, em Salvador, projeto de samba da cantora Ivete Sangalo que tem rodado o Brasil. O artista foi recebido com festa e em coro, marcando mais um momento especial desde seu retorno aos palcos ap\u00f3s a interna\u00e7\u00e3o. O encontro, que aconteceu no domingo (30) [&hellip;]\" \/>\n<meta property=\"og:url\" content=\"https:\/\/portalmf.com.br\/index.php\/2025\/12\/01\/marcio-victor-faz-participacao-emocionante-no-ivete-clareou-e-recebe-carinho-dos-amigos-e-fas\/\" \/>\n<meta property=\"og:site_name\" content=\"Portal MF\" \/>\n<meta property=\"article:author\" content=\"https:\/\/www.facebook.com\/portalmfoficial\" \/>\n<meta property=\"article:published_time\" content=\"2025-12-01T21:24:04+00:00\" \/>\n<meta property=\"article:modified_time\" content=\"2025-12-03T21:48:54+00:00\" \/>\n<meta property=\"og:image\" content=\"https:\/\/portalmf.com.br\/wp-content\/uploads\/2025\/12\/Imagem-do-WhatsApp-de-2025-12-02-as-17.54.31_9ef8fa1e-scaled-e1764798520128.jpg\" \/>\n\t<meta property=\"og:image:width\" content=\"1920\" \/>\n\t<meta property=\"og:image:height\" content=\"1053\" \/>\n\t<meta property=\"og:image:type\" content=\"image\/jpeg\" \/>\n<meta name=\"author\" content=\"Reda\u00e7\u00e3o Portal MF\" \/>\n<meta name=\"twitter:card\" content=\"summary_large_image\" \/>\n<meta name=\"twitter:creator\" content=\"@https:\/\/x.com\/portalmfoficial\" \/>\n<meta name=\"twitter:label1\" content=\"Escrito por\" \/>\n\t<meta name=\"twitter:data1\" content=\"Reda\u00e7\u00e3o Portal MF\" \/>\n\t<meta name=\"twitter:label2\" content=\"Est. tempo de leitura\" \/>\n\t<meta name=\"twitter:data2\" content=\"2 minutos\" \/>\n<script type=\"application\/ld+json\" class=\"yoast-schema-graph\">{\"@context\":\"https:\/\/schema.org\",\"@graph\":[{\"@type\":\"WebPage\",\"@id\":\"https:\/\/portalmf.com.br\/index.php\/2025\/12\/01\/marcio-victor-faz-participacao-emocionante-no-ivete-clareou-e-recebe-carinho-dos-amigos-e-fas\/\",\"url\":\"https:\/\/portalmf.com.br\/index.php\/2025\/12\/01\/marcio-victor-faz-participacao-emocionante-no-ivete-clareou-e-recebe-carinho-dos-amigos-e-fas\/\",\"name\":\"M\u00e1rcio Victor faz participa\u00e7\u00e3o emocionante no Ivete Clareou e recebe carinho dos amigos e f\u00e3s - Portal MF\",\"isPartOf\":{\"@id\":\"https:\/\/portalmf.com.br\/#website\"},\"primaryImageOfPage\":{\"@id\":\"https:\/\/portalmf.com.br\/index.php\/2025\/12\/01\/marcio-victor-faz-participacao-emocionante-no-ivete-clareou-e-recebe-carinho-dos-amigos-e-fas\/#primaryimage\"},\"image\":{\"@id\":\"https:\/\/portalmf.com.br\/index.php\/2025\/12\/01\/marcio-victor-faz-participacao-emocionante-no-ivete-clareou-e-recebe-carinho-dos-amigos-e-fas\/#primaryimage\"},\"thumbnailUrl\":\"https:\/\/portalmf.com.br\/wp-content\/uploads\/2025\/12\/Imagem-do-WhatsApp-de-2025-12-02-as-17.54.31_9ef8fa1e-scaled-e1764798520128.jpg\",\"datePublished\":\"2025-12-01T21:24:04+00:00\",\"dateModified\":\"2025-12-03T21:48:54+00:00\",\"author\":{\"@id\":\"https:\/\/portalmf.com.br\/#\/schema\/person\/9ec101baf56233e53520c26de5d6f6f0\"},\"breadcrumb\":{\"@id\":\"https:\/\/portalmf.com.br\/index.php\/2025\/12\/01\/marcio-victor-faz-participacao-emocionante-no-ivete-clareou-e-recebe-carinho-dos-amigos-e-fas\/#breadcrumb\"},\"inLanguage\":\"pt-BR\",\"potentialAction\":[{\"@type\":\"ReadAction\",\"target\":[\"https:\/\/portalmf.com.br\/index.php\/2025\/12\/01\/marcio-victor-faz-participacao-emocionante-no-ivete-clareou-e-recebe-carinho-dos-amigos-e-fas\/\"]}]},{\"@type\":\"ImageObject\",\"inLanguage\":\"pt-BR\",\"@id\":\"https:\/\/portalmf.com.br\/index.php\/2025\/12\/01\/marcio-victor-faz-participacao-emocionante-no-ivete-clareou-e-recebe-carinho-dos-amigos-e-fas\/#primaryimage\",\"url\":\"https:\/\/portalmf.com.br\/wp-content\/uploads\/2025\/12\/Imagem-do-WhatsApp-de-2025-12-02-as-17.54.31_9ef8fa1e-scaled-e1764798520128.jpg\",\"contentUrl\":\"https:\/\/portalmf.com.br\/wp-content\/uploads\/2025\/12\/Imagem-do-WhatsApp-de-2025-12-02-as-17.54.31_9ef8fa1e-scaled-e1764798520128.jpg\",\"width\":1920,\"height\":1053},{\"@type\":\"BreadcrumbList\",\"@id\":\"https:\/\/portalmf.com.br\/index.php\/2025\/12\/01\/marcio-victor-faz-participacao-emocionante-no-ivete-clareou-e-recebe-carinho-dos-amigos-e-fas\/#breadcrumb\",\"itemListElement\":[{\"@type\":\"ListItem\",\"position\":1,\"name\":\"In\u00edcio\",\"item\":\"https:\/\/portalmf.com.br\/\"},{\"@type\":\"ListItem\",\"position\":2,\"name\":\"M\u00e1rcio Victor faz participa\u00e7\u00e3o emocionante no Ivete Clareou e recebe carinho dos amigos e f\u00e3s\"}]},{\"@type\":\"WebSite\",\"@id\":\"https:\/\/portalmf.com.br\/#website\",\"url\":\"https:\/\/portalmf.com.br\/\",\"name\":\"Portal MF\",\"description\":\"Voc\u00ea conectado com a informa\u00e7\u00e3o\",\"potentialAction\":[{\"@type\":\"SearchAction\",\"target\":{\"@type\":\"EntryPoint\",\"urlTemplate\":\"https:\/\/portalmf.com.br\/?s={search_term_string}\"},\"query-input\":\"required name=search_term_string\"}],\"inLanguage\":\"pt-BR\"},{\"@type\":\"Person\",\"@id\":\"https:\/\/portalmf.com.br\/#\/schema\/person\/9ec101baf56233e53520c26de5d6f6f0\",\"name\":\"Reda\u00e7\u00e3o Portal MF\",\"image\":{\"@type\":\"ImageObject\",\"inLanguage\":\"pt-BR\",\"@id\":\"https:\/\/portalmf.com.br\/#\/schema\/person\/image\/\",\"url\":\"https:\/\/secure.gravatar.com\/avatar\/41b9aaeb2100835f7c64362330f74c7f?s=96&d=mm&r=g\",\"contentUrl\":\"https:\/\/secure.gravatar.com\/avatar\/41b9aaeb2100835f7c64362330f74c7f?s=96&d=mm&r=g\",\"caption\":\"Reda\u00e7\u00e3o Portal MF\"},\"description\":\"Sejam bem-vindos o portal de informa\u00e7\u00f5es de entretenimento de Feira de Santana, desde 2006 realiza coberturas dos principais eventos com entrevistas exclusivas com as principais personalidades mundiais. Fique conectado tamb\u00e9m nas redes sociais.\",\"sameAs\":[\"http:\/\/www.portalmf.com.br\/\",\"https:\/\/www.facebook.com\/portalmfoficial\",\"https:\/\/www.instagram.com\/portalmf\/\",\"https:\/\/x.com\/https:\/\/x.com\/portalmfoficial\",\"https:\/\/www.youtube.com\/@portalmfoficial\"],\"url\":\"https:\/\/portalmf.com.br\/index.php\/author\/junior\/\"}]}<\/script>\n<!-- \/ Yoast SEO plugin. -->","yoast_head_json":{"title":"M\u00e1rcio Victor faz participa\u00e7\u00e3o emocionante no Ivete Clareou e recebe carinho dos amigos e f\u00e3s - Portal MF","robots":{"index":"index","follow":"follow","max-snippet":"max-snippet:-1","max-image-preview":"max-image-preview:large","max-video-preview":"max-video-preview:-1"},"canonical":"https:\/\/portalmf.com.br\/index.php\/2025\/12\/01\/marcio-victor-faz-participacao-emocionante-no-ivete-clareou-e-recebe-carinho-dos-amigos-e-fas\/","og_locale":"pt_BR","og_type":"article","og_title":"M\u00e1rcio Victor faz participa\u00e7\u00e3o emocionante no Ivete Clareou e recebe carinho dos amigos e f\u00e3s - Portal MF","og_description":"O cantor M\u00e1rcio Victor, l\u00edder da banda Psirico, participou do Ivete Clareou, em Salvador, projeto de samba da cantora Ivete Sangalo que tem rodado o Brasil. O artista foi recebido com festa e em coro, marcando mais um momento especial desde seu retorno aos palcos ap\u00f3s a interna\u00e7\u00e3o. O encontro, que aconteceu no domingo (30) [&hellip;]","og_url":"https:\/\/portalmf.com.br\/index.php\/2025\/12\/01\/marcio-victor-faz-participacao-emocionante-no-ivete-clareou-e-recebe-carinho-dos-amigos-e-fas\/","og_site_name":"Portal MF","article_author":"https:\/\/www.facebook.com\/portalmfoficial","article_published_time":"2025-12-01T21:24:04+00:00","article_modified_time":"2025-12-03T21:48:54+00:00","og_image":[{"width":1920,"height":1053,"url":"https:\/\/portalmf.com.br\/wp-content\/uploads\/2025\/12\/Imagem-do-WhatsApp-de-2025-12-02-as-17.54.31_9ef8fa1e-scaled-e1764798520128.jpg","type":"image\/jpeg"}],"author":"Reda\u00e7\u00e3o Portal MF","twitter_card":"summary_large_image","twitter_creator":"@https:\/\/x.com\/portalmfoficial","twitter_misc":{"Escrito por":"Reda\u00e7\u00e3o Portal MF","Est. tempo de leitura":"2 minutos"},"schema":{"@context":"https:\/\/schema.org","@graph":[{"@type":"WebPage","@id":"https:\/\/portalmf.com.br\/index.php\/2025\/12\/01\/marcio-victor-faz-participacao-emocionante-no-ivete-clareou-e-recebe-carinho-dos-amigos-e-fas\/","url":"https:\/\/portalmf.com.br\/index.php\/2025\/12\/01\/marcio-victor-faz-participacao-emocionante-no-ivete-clareou-e-recebe-carinho-dos-amigos-e-fas\/","name":"M\u00e1rcio Victor faz participa\u00e7\u00e3o emocionante no Ivete Clareou e recebe carinho dos amigos e f\u00e3s - Portal MF","isPartOf":{"@id":"https:\/\/portalmf.com.br\/#website"},"primaryImageOfPage":{"@id":"https:\/\/portalmf.com.br\/index.php\/2025\/12\/01\/marcio-victor-faz-participacao-emocionante-no-ivete-clareou-e-recebe-carinho-dos-amigos-e-fas\/#primaryimage"},"image":{"@id":"https:\/\/portalmf.com.br\/index.php\/2025\/12\/01\/marcio-victor-faz-participacao-emocionante-no-ivete-clareou-e-recebe-carinho-dos-amigos-e-fas\/#primaryimage"},"thumbnailUrl":"https:\/\/portalmf.com.br\/wp-content\/uploads\/2025\/12\/Imagem-do-WhatsApp-de-2025-12-02-as-17.54.31_9ef8fa1e-scaled-e1764798520128.jpg","datePublished":"2025-12-01T21:24:04+00:00","dateModified":"2025-12-03T21:48:54+00:00","author":{"@id":"https:\/\/portalmf.com.br\/#\/schema\/person\/9ec101baf56233e53520c26de5d6f6f0"},"breadcrumb":{"@id":"https:\/\/portalmf.com.br\/index.php\/2025\/12\/01\/marcio-victor-faz-participacao-emocionante-no-ivete-clareou-e-recebe-carinho-dos-amigos-e-fas\/#breadcrumb"},"inLanguage":"pt-BR","potentialAction":[{"@type":"ReadAction","target":["https:\/\/portalmf.com.br\/index.php\/2025\/12\/01\/marcio-victor-faz-participacao-emocionante-no-ivete-clareou-e-recebe-carinho-dos-amigos-e-fas\/"]}]},{"@type":"ImageObject","inLanguage":"pt-BR","@id":"https:\/\/portalmf.com.br\/index.php\/2025\/12\/01\/marcio-victor-faz-participacao-emocionante-no-ivete-clareou-e-recebe-carinho-dos-amigos-e-fas\/#primaryimage","url":"https:\/\/portalmf.com.br\/wp-content\/uploads\/2025\/12\/Imagem-do-WhatsApp-de-2025-12-02-as-17.54.31_9ef8fa1e-scaled-e1764798520128.jpg","contentUrl":"https:\/\/portalmf.com.br\/wp-content\/uploads\/2025\/12\/Imagem-do-WhatsApp-de-2025-12-02-as-17.54.31_9ef8fa1e-scaled-e1764798520128.jpg","width":1920,"height":1053},{"@type":"BreadcrumbList","@id":"https:\/\/portalmf.com.br\/index.php\/2025\/12\/01\/marcio-victor-faz-participacao-emocionante-no-ivete-clareou-e-recebe-carinho-dos-amigos-e-fas\/#breadcrumb","itemListElement":[{"@type":"ListItem","position":1,"name":"In\u00edcio","item":"https:\/\/portalmf.com.br\/"},{"@type":"ListItem","position":2,"name":"M\u00e1rcio Victor faz participa\u00e7\u00e3o emocionante no Ivete Clareou e recebe carinho dos amigos e f\u00e3s"}]},{"@type":"WebSite","@id":"https:\/\/portalmf.com.br\/#website","url":"https:\/\/portalmf.com.br\/","name":"Portal MF","description":"Voc\u00ea conectado com a informa\u00e7\u00e3o","potentialAction":[{"@type":"SearchAction","target":{"@type":"EntryPoint","urlTemplate":"https:\/\/portalmf.com.br\/?s={search_term_string}"},"query-input":"required name=search_term_string"}],"inLanguage":"pt-BR"},{"@type":"Person","@id":"https:\/\/portalmf.com.br\/#\/schema\/person\/9ec101baf56233e53520c26de5d6f6f0","name":"Reda\u00e7\u00e3o Portal MF","image":{"@type":"ImageObject","inLanguage":"pt-BR","@id":"https:\/\/portalmf.com.br\/#\/schema\/person\/image\/","url":"https:\/\/secure.gravatar.com\/avatar\/41b9aaeb2100835f7c64362330f74c7f?s=96&d=mm&r=g","contentUrl":"https:\/\/secure.gravatar.com\/avatar\/41b9aaeb2100835f7c64362330f74c7f?s=96&d=mm&r=g","caption":"Reda\u00e7\u00e3o Portal MF"},"description":"Sejam bem-vindos o portal de informa\u00e7\u00f5es de entretenimento de Feira de Santana, desde 2006 realiza coberturas dos principais eventos com entrevistas exclusivas com as principais personalidades mundiais. Fique conectado tamb\u00e9m nas redes sociais.","sameAs":["http:\/\/www.portalmf.com.br\/","https:\/\/www.facebook.com\/portalmfoficial","https:\/\/www.instagram.com\/portalmf\/","https:\/\/x.com\/https:\/\/x.com\/portalmfoficial","https:\/\/www.youtube.com\/@portalmfoficial"],"url":"https:\/\/portalmf.com.br\/index.php\/author\/junior\/"}]}},"_links":{"self":[{"href":"https:\/\/portalmf.com.br\/index.php\/wp-json\/wp\/v2\/posts\/40387"}],"collection":[{"href":"https:\/\/portalmf.com.br\/index.php\/wp-json\/wp\/v2\/posts"}],"about":[{"href":"https:\/\/portalmf.com.br\/index.php\/wp-json\/wp\/v2\/types\/post"}],"author":[{"embeddable":true,"href":"https:\/\/portalmf.com.br\/index.php\/wp-json\/wp\/v2\/users\/3"}],"replies":[{"embeddable":true,"href":"https:\/\/portalmf.com.br\/index.php\/wp-json\/wp\/v2\/comments?post=40387"}],"version-history":[{"count":1,"href":"https:\/\/portalmf.com.br\/index.php\/wp-json\/wp\/v2\/posts\/40387\/revisions"}],"predecessor-version":[{"id":40389,"href":"https:\/\/portalmf.com.br\/index.php\/wp-json\/wp\/v2\/posts\/40387\/revisions\/40389"}],"wp:featuredmedia":[{"embeddable":true,"href":"https:\/\/portalmf.com.br\/index.php\/wp-json\/wp\/v2\/media\/40388"}],"wp:attachment":[{"href":"https:\/\/portalmf.com.br\/index.php\/wp-json\/wp\/v2\/media?parent=40387"}],"wp:term":[{"taxonomy":"category","embeddable":true,"href":"https:\/\/portalmf.com.br\/index.php\/wp-json\/wp\/v2\/categories?post=40387"},{"taxonomy":"post_tag","embeddable":true,"href":"https:\/\/portalmf.com.br\/index.php\/wp-json\/wp\/v2\/tags?post=40387"}],"curies":[{"name":"wp","href":"https:\/\/api.w.org\/{rel}","templated":true}]}}