{"id":4030,"date":"2022-09-06T10:02:00","date_gmt":"2022-09-06T13:02:00","guid":{"rendered":"http:\/\/portalmf.com.br\/?p=4030"},"modified":"2022-09-06T17:07:32","modified_gmt":"2022-09-06T20:07:32","slug":"escritor-baiano-integra-mesa-redonda-com-conceicao-evaristo","status":"publish","type":"post","link":"https:\/\/portalmf.com.br\/index.php\/2022\/09\/06\/escritor-baiano-integra-mesa-redonda-com-conceicao-evaristo\/","title":{"rendered":"Escritor baiano integra mesa redonda com Concei\u00e7\u00e3o Evaristo"},"content":{"rendered":"\n<p>Junto a outras duas acad\u00eamicas, Gabriel Nascimento foi convidado a compor a mesa inaugural da Catedr\u00e1tica Concei\u00e7\u00e3o Evaristo no dia 27 de setembro em evento virtual. A escritora negra foi empossada nesta segunda-feira (5) como titular na C\u00e1tedra Olavo Set\u00fabal de Arte, Cultura e Ci\u00eancia, do Instituto de Estudos Avan\u00e7ados, na USP.<\/p>\n\n\n\n<p>O tema da mesa que ocorrer\u00e1 na \u00faltima semana do m\u00eas \u00e9 \u201cEscreviv\u00eancia: sujeitos, lugares e modos de enuncia\u00e7\u00e3o, corpus liter\u00e1rio em diferen\u00e7a\u201d. \u201cConcei\u00e7\u00e3o pensa que, exatamente pelos trabalhos em que est\u00e3o envolvidos, poderiam debater juntos os assuntos pertinentes ao tema Escreviv\u00eancia, Autoria, Subjetividades, Modos de Enuncia\u00e7\u00e3o etc. A ideia, desde sempre, tem sido oferecer \u00e0 USP com essa nova titularidade, novas vozes e novos olhares por sobre a nossa forma\u00e7\u00e3o como sujeitos afro-brasileiros\u201d, escreveu a assessoria da autora em convite enviado a Gabriel Nascimento, F\u00e1tima Lima e Fernanda Felisberto.<\/p>\n\n\n\n<p>Na C\u00e1tedra Olavo Set\u00fabal de Arte, Cultura e Ci\u00eancia, Concei\u00e7\u00e3o pretende realizar atividades de forma\u00e7\u00e3o para alunos da USP, de capacita\u00e7\u00e3o para professores da rede p\u00fablica de ensino e de cria\u00e7\u00e3o liter\u00e1ria para jovens de territ\u00f3rios perif\u00e9ricos. Nessas atividades, buscar\u00e1 propiciar uma reflex\u00e3o sobre como as classes populares se apropriam da l\u00edngua portuguesa e criam seus textos, muitas vezes questionando a literatura can\u00f4nica.<\/p>\n\n\n\n<p>\u201cRecebi com muita felicidade este convite. As c\u00e1tedras representam o reconhecimento da produ\u00e7\u00e3o do intelectual p\u00fablico que passou pelo menos 30 anos apagado pelas pol\u00edticas neoliberais. Concei\u00e7\u00e3o traz um novo rosto e uma nova vida para as c\u00e1tedras porque ela traz o esp\u00edrito de uma escritora, intelectual e professora que come\u00e7ou a publicar com 60 anos e com grandeza, nos presenteia com obras de escreviv\u00eancia a partir de suas experi\u00eancias\u201d, declara Gabriel Nascimento.<\/p>\n\n\n\n<p>Doutor em Letras (USP) e mestre em Lingu\u00edstica Aplicada pela Universidade de Bras\u00edlia (UnB), o acad\u00eamico do Litoral Sul da Bahia manifesta em sua obra [Racismo lingu\u00edstico] como muitas express\u00f5es e palavras do dia a dia est\u00e3o impregnadas de uma carga sem\u00e2ntica profundamente discriminat\u00f3ria frente aos negros \u2013 termos associados a algo negativo, como &#8220;lado negro da vida&#8221;, &#8220;mercado negro&#8221; e &#8220;ovelha negra&#8221;.<\/p>\n\n\n\n<p>Gabriel Nascimento j\u00e1 tem outro livro a caminho. Rio do sangue dos meninos pretos promete trazer reflex\u00f5es importantes e atuais passando por temas que v\u00e3o desde o racismo at\u00e9 biomas, sustentabilidade e quest\u00f5es do cotidiano. Sem dar muito spoiler, o autor lan\u00e7ar\u00e1 a obra ainda este ano com primeiro evento a ser realizado na capital baiana.<\/p>\n\n\n\n<p>Sobre Concei\u00e7\u00e3o Evaristo<\/p>\n\n\n\n<p>Autora de romances, poesia, contos e ensaios, Concei\u00e7\u00e3o Evaristo graduou-se em letras na UFRJ e obteve os t\u00edtulos de mestre em literatura brasileira pela PUC-RJ e doutora em literatura comparada pela UFF. Sua obra \u00e9 considerada uma refer\u00eancia na luta contra o racismo e o machismo no pa\u00eds. A primeira publica\u00e7\u00e3o foi aos 44 anos, em 1990, na s\u00e9rie Cadernos Negros, do grupo Quilombhoje. \u00c9 autora de sete livros, entre eles &#8220;Olhos D&#8217;\u00c1gua (2015), vencedor do Pr\u00eamio<\/p>\n","protected":false},"excerpt":{"rendered":"<p>Junto a outras duas acad\u00eamicas, Gabriel Nascimento foi convidado a compor a mesa inaugural da Catedr\u00e1tica Concei\u00e7\u00e3o Evaristo no dia 27 de setembro em evento virtual. A escritora negra foi empossada nesta segunda-feira (5) como titular na C\u00e1tedra Olavo Set\u00fabal de Arte, Cultura e Ci\u00eancia, do Instituto de Estudos Avan\u00e7ados, na USP. O tema da [&hellip;]<\/p>\n","protected":false},"author":2,"featured_media":4031,"comment_status":"open","ping_status":"open","sticky":false,"template":"","format":"standard","meta":{"_monsterinsights_skip_tracking":false,"_monsterinsights_sitenote_active":false,"_monsterinsights_sitenote_note":"","_monsterinsights_sitenote_category":0,"footnotes":""},"categories":[40],"tags":[],"yoast_head":"<!-- This site is optimized with the Yoast SEO plugin v22.9 - https:\/\/yoast.com\/wordpress\/plugins\/seo\/ -->\n<title>Escritor baiano integra mesa redonda com Concei\u00e7\u00e3o Evaristo - Portal MF<\/title>\n<meta name=\"robots\" content=\"index, follow, max-snippet:-1, max-image-preview:large, max-video-preview:-1\" \/>\n<link rel=\"canonical\" href=\"https:\/\/portalmf.com.br\/index.php\/2022\/09\/06\/escritor-baiano-integra-mesa-redonda-com-conceicao-evaristo\/\" \/>\n<meta property=\"og:locale\" content=\"pt_BR\" \/>\n<meta property=\"og:type\" content=\"article\" \/>\n<meta property=\"og:title\" content=\"Escritor baiano integra mesa redonda com Concei\u00e7\u00e3o Evaristo - Portal MF\" \/>\n<meta property=\"og:description\" content=\"Junto a outras duas acad\u00eamicas, Gabriel Nascimento foi convidado a compor a mesa inaugural da Catedr\u00e1tica Concei\u00e7\u00e3o Evaristo no dia 27 de setembro em evento virtual. A escritora negra foi empossada nesta segunda-feira (5) como titular na C\u00e1tedra Olavo Set\u00fabal de Arte, Cultura e Ci\u00eancia, do Instituto de Estudos Avan\u00e7ados, na USP. O tema da [&hellip;]\" \/>\n<meta property=\"og:url\" content=\"https:\/\/portalmf.com.br\/index.php\/2022\/09\/06\/escritor-baiano-integra-mesa-redonda-com-conceicao-evaristo\/\" \/>\n<meta property=\"og:site_name\" content=\"Portal MF\" \/>\n<meta property=\"article:author\" content=\"reginaldojrfsa\" \/>\n<meta property=\"article:published_time\" content=\"2022-09-06T13:02:00+00:00\" \/>\n<meta property=\"article:modified_time\" content=\"2022-09-06T20:07:32+00:00\" \/>\n<meta property=\"og:image\" content=\"https:\/\/portalmf.com.br\/wp-content\/uploads\/2022\/09\/WhatsApp-Image-2022-09-06-at-16.02.22.jpeg\" \/>\n\t<meta property=\"og:image:width\" content=\"1197\" \/>\n\t<meta property=\"og:image:height\" content=\"1062\" \/>\n\t<meta property=\"og:image:type\" content=\"image\/jpeg\" \/>\n<meta name=\"author\" content=\"Reginaldo J\u00fanior\" \/>\n<meta name=\"twitter:card\" content=\"summary_large_image\" \/>\n<meta name=\"twitter:creator\" content=\"@reginaldojrmf\" \/>\n<meta name=\"twitter:label1\" content=\"Escrito por\" \/>\n\t<meta name=\"twitter:data1\" content=\"Reginaldo J\u00fanior\" \/>\n\t<meta name=\"twitter:label2\" content=\"Est. tempo de leitura\" \/>\n\t<meta name=\"twitter:data2\" content=\"3 minutos\" \/>\n<script type=\"application\/ld+json\" class=\"yoast-schema-graph\">{\"@context\":\"https:\/\/schema.org\",\"@graph\":[{\"@type\":\"WebPage\",\"@id\":\"https:\/\/portalmf.com.br\/index.php\/2022\/09\/06\/escritor-baiano-integra-mesa-redonda-com-conceicao-evaristo\/\",\"url\":\"https:\/\/portalmf.com.br\/index.php\/2022\/09\/06\/escritor-baiano-integra-mesa-redonda-com-conceicao-evaristo\/\",\"name\":\"Escritor baiano integra mesa redonda com Concei\u00e7\u00e3o Evaristo - Portal MF\",\"isPartOf\":{\"@id\":\"https:\/\/portalmf.com.br\/#website\"},\"primaryImageOfPage\":{\"@id\":\"https:\/\/portalmf.com.br\/index.php\/2022\/09\/06\/escritor-baiano-integra-mesa-redonda-com-conceicao-evaristo\/#primaryimage\"},\"image\":{\"@id\":\"https:\/\/portalmf.com.br\/index.php\/2022\/09\/06\/escritor-baiano-integra-mesa-redonda-com-conceicao-evaristo\/#primaryimage\"},\"thumbnailUrl\":\"https:\/\/portalmf.com.br\/wp-content\/uploads\/2022\/09\/WhatsApp-Image-2022-09-06-at-16.02.22.jpeg\",\"datePublished\":\"2022-09-06T13:02:00+00:00\",\"dateModified\":\"2022-09-06T20:07:32+00:00\",\"author\":{\"@id\":\"https:\/\/portalmf.com.br\/#\/schema\/person\/11c82086fe8abc05a19147e964587285\"},\"breadcrumb\":{\"@id\":\"https:\/\/portalmf.com.br\/index.php\/2022\/09\/06\/escritor-baiano-integra-mesa-redonda-com-conceicao-evaristo\/#breadcrumb\"},\"inLanguage\":\"pt-BR\",\"potentialAction\":[{\"@type\":\"ReadAction\",\"target\":[\"https:\/\/portalmf.com.br\/index.php\/2022\/09\/06\/escritor-baiano-integra-mesa-redonda-com-conceicao-evaristo\/\"]}]},{\"@type\":\"ImageObject\",\"inLanguage\":\"pt-BR\",\"@id\":\"https:\/\/portalmf.com.br\/index.php\/2022\/09\/06\/escritor-baiano-integra-mesa-redonda-com-conceicao-evaristo\/#primaryimage\",\"url\":\"https:\/\/portalmf.com.br\/wp-content\/uploads\/2022\/09\/WhatsApp-Image-2022-09-06-at-16.02.22.jpeg\",\"contentUrl\":\"https:\/\/portalmf.com.br\/wp-content\/uploads\/2022\/09\/WhatsApp-Image-2022-09-06-at-16.02.22.jpeg\",\"width\":1197,\"height\":1062},{\"@type\":\"BreadcrumbList\",\"@id\":\"https:\/\/portalmf.com.br\/index.php\/2022\/09\/06\/escritor-baiano-integra-mesa-redonda-com-conceicao-evaristo\/#breadcrumb\",\"itemListElement\":[{\"@type\":\"ListItem\",\"position\":1,\"name\":\"In\u00edcio\",\"item\":\"https:\/\/portalmf.com.br\/\"},{\"@type\":\"ListItem\",\"position\":2,\"name\":\"Escritor baiano integra mesa redonda com Concei\u00e7\u00e3o Evaristo\"}]},{\"@type\":\"WebSite\",\"@id\":\"https:\/\/portalmf.com.br\/#website\",\"url\":\"https:\/\/portalmf.com.br\/\",\"name\":\"Portal MF\",\"description\":\"Voc\u00ea conectado com a informa\u00e7\u00e3o\",\"potentialAction\":[{\"@type\":\"SearchAction\",\"target\":{\"@type\":\"EntryPoint\",\"urlTemplate\":\"https:\/\/portalmf.com.br\/?s={search_term_string}\"},\"query-input\":\"required name=search_term_string\"}],\"inLanguage\":\"pt-BR\"},{\"@type\":\"Person\",\"@id\":\"https:\/\/portalmf.com.br\/#\/schema\/person\/11c82086fe8abc05a19147e964587285\",\"name\":\"Reginaldo J\u00fanior\",\"image\":{\"@type\":\"ImageObject\",\"inLanguage\":\"pt-BR\",\"@id\":\"https:\/\/portalmf.com.br\/#\/schema\/person\/image\/\",\"url\":\"https:\/\/secure.gravatar.com\/avatar\/32a3c797cd0ac47cc53b8644c62776f9?s=96&d=mm&r=g\",\"contentUrl\":\"https:\/\/secure.gravatar.com\/avatar\/32a3c797cd0ac47cc53b8644c62776f9?s=96&d=mm&r=g\",\"caption\":\"Reginaldo J\u00fanior\"},\"description\":\"Jornalista e idealizador Portal MF\",\"sameAs\":[\"https:\/\/portalmf.com.br\/index.php\/author\/reginaldojr\/\",\"reginaldojrfsa\",\"reginaldojuniormf\",\"https:\/\/x.com\/reginaldojrmf\"],\"url\":\"https:\/\/portalmf.com.br\/index.php\/author\/reginaldojr\/\"}]}<\/script>\n<!-- \/ Yoast SEO plugin. -->","yoast_head_json":{"title":"Escritor baiano integra mesa redonda com Concei\u00e7\u00e3o Evaristo - Portal MF","robots":{"index":"index","follow":"follow","max-snippet":"max-snippet:-1","max-image-preview":"max-image-preview:large","max-video-preview":"max-video-preview:-1"},"canonical":"https:\/\/portalmf.com.br\/index.php\/2022\/09\/06\/escritor-baiano-integra-mesa-redonda-com-conceicao-evaristo\/","og_locale":"pt_BR","og_type":"article","og_title":"Escritor baiano integra mesa redonda com Concei\u00e7\u00e3o Evaristo - Portal MF","og_description":"Junto a outras duas acad\u00eamicas, Gabriel Nascimento foi convidado a compor a mesa inaugural da Catedr\u00e1tica Concei\u00e7\u00e3o Evaristo no dia 27 de setembro em evento virtual. A escritora negra foi empossada nesta segunda-feira (5) como titular na C\u00e1tedra Olavo Set\u00fabal de Arte, Cultura e Ci\u00eancia, do Instituto de Estudos Avan\u00e7ados, na USP. O tema da [&hellip;]","og_url":"https:\/\/portalmf.com.br\/index.php\/2022\/09\/06\/escritor-baiano-integra-mesa-redonda-com-conceicao-evaristo\/","og_site_name":"Portal MF","article_author":"reginaldojrfsa","article_published_time":"2022-09-06T13:02:00+00:00","article_modified_time":"2022-09-06T20:07:32+00:00","og_image":[{"width":1197,"height":1062,"url":"https:\/\/portalmf.com.br\/wp-content\/uploads\/2022\/09\/WhatsApp-Image-2022-09-06-at-16.02.22.jpeg","type":"image\/jpeg"}],"author":"Reginaldo J\u00fanior","twitter_card":"summary_large_image","twitter_creator":"@reginaldojrmf","twitter_misc":{"Escrito por":"Reginaldo J\u00fanior","Est. tempo de leitura":"3 minutos"},"schema":{"@context":"https:\/\/schema.org","@graph":[{"@type":"WebPage","@id":"https:\/\/portalmf.com.br\/index.php\/2022\/09\/06\/escritor-baiano-integra-mesa-redonda-com-conceicao-evaristo\/","url":"https:\/\/portalmf.com.br\/index.php\/2022\/09\/06\/escritor-baiano-integra-mesa-redonda-com-conceicao-evaristo\/","name":"Escritor baiano integra mesa redonda com Concei\u00e7\u00e3o Evaristo - Portal MF","isPartOf":{"@id":"https:\/\/portalmf.com.br\/#website"},"primaryImageOfPage":{"@id":"https:\/\/portalmf.com.br\/index.php\/2022\/09\/06\/escritor-baiano-integra-mesa-redonda-com-conceicao-evaristo\/#primaryimage"},"image":{"@id":"https:\/\/portalmf.com.br\/index.php\/2022\/09\/06\/escritor-baiano-integra-mesa-redonda-com-conceicao-evaristo\/#primaryimage"},"thumbnailUrl":"https:\/\/portalmf.com.br\/wp-content\/uploads\/2022\/09\/WhatsApp-Image-2022-09-06-at-16.02.22.jpeg","datePublished":"2022-09-06T13:02:00+00:00","dateModified":"2022-09-06T20:07:32+00:00","author":{"@id":"https:\/\/portalmf.com.br\/#\/schema\/person\/11c82086fe8abc05a19147e964587285"},"breadcrumb":{"@id":"https:\/\/portalmf.com.br\/index.php\/2022\/09\/06\/escritor-baiano-integra-mesa-redonda-com-conceicao-evaristo\/#breadcrumb"},"inLanguage":"pt-BR","potentialAction":[{"@type":"ReadAction","target":["https:\/\/portalmf.com.br\/index.php\/2022\/09\/06\/escritor-baiano-integra-mesa-redonda-com-conceicao-evaristo\/"]}]},{"@type":"ImageObject","inLanguage":"pt-BR","@id":"https:\/\/portalmf.com.br\/index.php\/2022\/09\/06\/escritor-baiano-integra-mesa-redonda-com-conceicao-evaristo\/#primaryimage","url":"https:\/\/portalmf.com.br\/wp-content\/uploads\/2022\/09\/WhatsApp-Image-2022-09-06-at-16.02.22.jpeg","contentUrl":"https:\/\/portalmf.com.br\/wp-content\/uploads\/2022\/09\/WhatsApp-Image-2022-09-06-at-16.02.22.jpeg","width":1197,"height":1062},{"@type":"BreadcrumbList","@id":"https:\/\/portalmf.com.br\/index.php\/2022\/09\/06\/escritor-baiano-integra-mesa-redonda-com-conceicao-evaristo\/#breadcrumb","itemListElement":[{"@type":"ListItem","position":1,"name":"In\u00edcio","item":"https:\/\/portalmf.com.br\/"},{"@type":"ListItem","position":2,"name":"Escritor baiano integra mesa redonda com Concei\u00e7\u00e3o Evaristo"}]},{"@type":"WebSite","@id":"https:\/\/portalmf.com.br\/#website","url":"https:\/\/portalmf.com.br\/","name":"Portal MF","description":"Voc\u00ea conectado com a informa\u00e7\u00e3o","potentialAction":[{"@type":"SearchAction","target":{"@type":"EntryPoint","urlTemplate":"https:\/\/portalmf.com.br\/?s={search_term_string}"},"query-input":"required name=search_term_string"}],"inLanguage":"pt-BR"},{"@type":"Person","@id":"https:\/\/portalmf.com.br\/#\/schema\/person\/11c82086fe8abc05a19147e964587285","name":"Reginaldo J\u00fanior","image":{"@type":"ImageObject","inLanguage":"pt-BR","@id":"https:\/\/portalmf.com.br\/#\/schema\/person\/image\/","url":"https:\/\/secure.gravatar.com\/avatar\/32a3c797cd0ac47cc53b8644c62776f9?s=96&d=mm&r=g","contentUrl":"https:\/\/secure.gravatar.com\/avatar\/32a3c797cd0ac47cc53b8644c62776f9?s=96&d=mm&r=g","caption":"Reginaldo J\u00fanior"},"description":"Jornalista e idealizador Portal MF","sameAs":["https:\/\/portalmf.com.br\/index.php\/author\/reginaldojr\/","reginaldojrfsa","reginaldojuniormf","https:\/\/x.com\/reginaldojrmf"],"url":"https:\/\/portalmf.com.br\/index.php\/author\/reginaldojr\/"}]}},"_links":{"self":[{"href":"https:\/\/portalmf.com.br\/index.php\/wp-json\/wp\/v2\/posts\/4030"}],"collection":[{"href":"https:\/\/portalmf.com.br\/index.php\/wp-json\/wp\/v2\/posts"}],"about":[{"href":"https:\/\/portalmf.com.br\/index.php\/wp-json\/wp\/v2\/types\/post"}],"author":[{"embeddable":true,"href":"https:\/\/portalmf.com.br\/index.php\/wp-json\/wp\/v2\/users\/2"}],"replies":[{"embeddable":true,"href":"https:\/\/portalmf.com.br\/index.php\/wp-json\/wp\/v2\/comments?post=4030"}],"version-history":[{"count":1,"href":"https:\/\/portalmf.com.br\/index.php\/wp-json\/wp\/v2\/posts\/4030\/revisions"}],"predecessor-version":[{"id":4032,"href":"https:\/\/portalmf.com.br\/index.php\/wp-json\/wp\/v2\/posts\/4030\/revisions\/4032"}],"wp:featuredmedia":[{"embeddable":true,"href":"https:\/\/portalmf.com.br\/index.php\/wp-json\/wp\/v2\/media\/4031"}],"wp:attachment":[{"href":"https:\/\/portalmf.com.br\/index.php\/wp-json\/wp\/v2\/media?parent=4030"}],"wp:term":[{"taxonomy":"category","embeddable":true,"href":"https:\/\/portalmf.com.br\/index.php\/wp-json\/wp\/v2\/categories?post=4030"},{"taxonomy":"post_tag","embeddable":true,"href":"https:\/\/portalmf.com.br\/index.php\/wp-json\/wp\/v2\/tags?post=4030"}],"curies":[{"name":"wp","href":"https:\/\/api.w.org\/{rel}","templated":true}]}}