{"id":4021,"date":"2022-09-05T22:35:01","date_gmt":"2022-09-06T01:35:01","guid":{"rendered":"http:\/\/portalmf.com.br\/?p=4021"},"modified":"2022-09-05T22:35:04","modified_gmt":"2022-09-06T01:35:04","slug":"apenas-34-das-criancas-foram-imunizadas-contra-a-poliomielite","status":"publish","type":"post","link":"https:\/\/portalmf.com.br\/index.php\/2022\/09\/05\/apenas-34-das-criancas-foram-imunizadas-contra-a-poliomielite\/","title":{"rendered":"Apenas 34% das crian\u00e7as foram imunizadas contra a poliomielite"},"content":{"rendered":"\n<p>A menos de uma semana para o fim da Campanha Nacional de Vacina\u00e7\u00e3o que tem como foco principal a preven\u00e7\u00e3o da poliomielite, apenas 34,4% do p\u00fablico-alvo &#8211; crian\u00e7as entre seis meses e 4 anos 11 meses e 29 dias de idade &#8211; foi imunizado com 3,9 milh\u00f5es de doses aplicadas. A meta do Minist\u00e9rio da Sa\u00fade era chegar a 95% do p\u00fablico-alvo de 11,5 milh\u00f5es de crian\u00e7as. Entretanto, mais da metade delas, 7,5 milh\u00f5es, ainda n\u00e3o receberam a vacina da contra a paralisia infantil.<\/p>\n\n\n\n<p>\u201cEsse \u00e9 um problema do mundo inteiro. A cobertura vacinal tem ca\u00eddo. Durante a pandemia essa queda foi mais acentuada em face da trag\u00e9dia sanit\u00e1ria decorrente da pandemia da covid-19. A estrat\u00e9gia que n\u00f3s usamos \u00e9 essa: \u00e9 conversar com a popula\u00e7\u00e3o brasileira e esclarecer sobre a import\u00e2ncia das vacinas do nosso calend\u00e1rio de vacina\u00e7\u00e3o, sobretudo para as crian\u00e7as\u201d, ressaltou o ministro da Sa\u00fade, Marcelo Queiroga, \u00e0 \u00e9poca do lan\u00e7amento da campanha em agosto.<\/p>\n\n\n\n<p>Mesmo com o final da campanha nesta sexta-feira (9), a vacina\u00e7\u00e3o continua dispon\u00edvel nos postos do pa\u00eds o ano todo e deve ser procurada. O Brasil \u00e9 considerado um pa\u00eds livre da p\u00f3lio desde 1994, mas com a baixa ades\u00e3o vacinal, m\u00e9dicos alertam para os riscos de volta da doen\u00e7a, especialmente ap\u00f3s o registro de novos casos no exterior em pa\u00edses como os Estados Unidos e Israel.<\/p>\n\n\n\n<p>Estat\u00edsticas<\/p>\n\n\n\n<p>No ranking dos estados que conseguiram vacinar mais da metade da popula\u00e7\u00e3o-alvo aparecem apenas dois: Alagoas (50,8%) e Sergipe (50.5%). Na sequ\u00eancia vem Santa Catarina (47,6%) e Para\u00edba (46.6%).J\u00e1 entre os estados que menos vacinaram crian\u00e7as contra a poliomielite est\u00e3o Roraima (12,8%) , Acre (17%) e o Rio de Janeiro (17,1%).<\/p>\n\n\n\n<p>Vacinas<\/p>\n\n\n\n<p>Al\u00e9m da VIP (Vacina Inativada Poliomielite), outras 17 vacinas est\u00e3o dispon\u00edveis para crian\u00e7as e adolescentes at\u00e9 15 anos atualizarem a caderneta de vacina\u00e7\u00e3o em todo o Brasil. <\/p>\n\n\n\n<p>As vacinas do Calend\u00e1rio Nacional de Vacina\u00e7\u00e3o, dispon\u00edveis para atualiza\u00e7\u00e3o da carteirinha s\u00e3o: hepatite A e B, Penta (DTP\/Hib\/Hep B), Pneumoc\u00f3cica 10 valente, VRH (Vacina Rotav\u00edrus Humano), Meningoc\u00f3cica C (conjugada), VOP (Vacina Oral Poliomielite), febre amarela, Tr\u00edplice viral (Sarampo, Rub\u00e9ola, Caxumba), Tetraviral (Sarampo, Rub\u00e9ola, Caxumba, Varicela), DTP (tr\u00edplice bacteriana), Varicela e HPV quadrivalente (Papilomav\u00edrus Humano).Tamb\u00e9m est\u00e3o \u00e0 disposi\u00e7\u00e3o para os adolescentes, as vacinas HPV, dT (dupla adulto), febre amarela, Tr\u00edplice viral, Hepatite B, dTpa e Meningoc\u00f3cica ACWY (conjugada). <\/p>\n\n\n\n<p>Todos os imunizantes que integram o Programa Nacional de Imuniza\u00e7\u00f5es (PNI) s\u00e3o seguros e est\u00e3o registrados pela Ag\u00eancia Nacional de Vigil\u00e2ncia Sanit\u00e1ria (Anvisa).<\/p>\n\n\n\n<p>A campanha de vacina\u00e7\u00e3o coincide com a imuniza\u00e7\u00e3o contra a covid-19 em andamento. Segundo o Minist\u00e9rio, as vacinas de covid-19 poder\u00e3o ser administradas de maneira simult\u00e2nea ou com qualquer intervalo com as demais do Calend\u00e1rio Nacional, na popula\u00e7\u00e3o a partir de 3 anos de idade.<\/p>\n\n\n\n<p>Com informa\u00e7\u00f5es da Ag\u00eancia Brasil<\/p>\n","protected":false},"excerpt":{"rendered":"<p>A menos de uma semana para o fim da Campanha Nacional de Vacina\u00e7\u00e3o que tem como foco principal a preven\u00e7\u00e3o da poliomielite, apenas 34,4% do p\u00fablico-alvo &#8211; crian\u00e7as entre seis meses e 4 anos 11 meses e 29 dias de idade &#8211; foi imunizado com 3,9 milh\u00f5es de doses aplicadas. A meta do Minist\u00e9rio da [&hellip;]<\/p>\n","protected":false},"author":2,"featured_media":4022,"comment_status":"open","ping_status":"open","sticky":false,"template":"","format":"standard","meta":{"_monsterinsights_skip_tracking":false,"_monsterinsights_sitenote_active":false,"_monsterinsights_sitenote_note":"","_monsterinsights_sitenote_category":0,"footnotes":""},"categories":[34,41],"tags":[],"yoast_head":"<!-- This site is optimized with the Yoast SEO plugin v22.9 - https:\/\/yoast.com\/wordpress\/plugins\/seo\/ -->\n<title>Apenas 34% das crian\u00e7as foram imunizadas contra a poliomielite - Portal MF<\/title>\n<meta name=\"robots\" content=\"index, follow, max-snippet:-1, max-image-preview:large, max-video-preview:-1\" \/>\n<link rel=\"canonical\" href=\"https:\/\/portalmf.com.br\/index.php\/2022\/09\/05\/apenas-34-das-criancas-foram-imunizadas-contra-a-poliomielite\/\" \/>\n<meta property=\"og:locale\" content=\"pt_BR\" \/>\n<meta property=\"og:type\" content=\"article\" \/>\n<meta property=\"og:title\" content=\"Apenas 34% das crian\u00e7as foram imunizadas contra a poliomielite - Portal MF\" \/>\n<meta property=\"og:description\" content=\"A menos de uma semana para o fim da Campanha Nacional de Vacina\u00e7\u00e3o que tem como foco principal a preven\u00e7\u00e3o da poliomielite, apenas 34,4% do p\u00fablico-alvo &#8211; crian\u00e7as entre seis meses e 4 anos 11 meses e 29 dias de idade &#8211; foi imunizado com 3,9 milh\u00f5es de doses aplicadas. A meta do Minist\u00e9rio da [&hellip;]\" \/>\n<meta property=\"og:url\" content=\"https:\/\/portalmf.com.br\/index.php\/2022\/09\/05\/apenas-34-das-criancas-foram-imunizadas-contra-a-poliomielite\/\" \/>\n<meta property=\"og:site_name\" content=\"Portal MF\" \/>\n<meta property=\"article:author\" content=\"reginaldojrfsa\" \/>\n<meta property=\"article:published_time\" content=\"2022-09-06T01:35:01+00:00\" \/>\n<meta property=\"article:modified_time\" content=\"2022-09-06T01:35:04+00:00\" \/>\n<meta property=\"og:image\" content=\"https:\/\/portalmf.com.br\/wp-content\/uploads\/2022\/09\/1_ffraz_abr_20180922_1659-19288219.jpg\" \/>\n\t<meta property=\"og:image:width\" content=\"800\" \/>\n\t<meta property=\"og:image:height\" content=\"500\" \/>\n\t<meta property=\"og:image:type\" content=\"image\/jpeg\" \/>\n<meta name=\"author\" content=\"Reginaldo J\u00fanior\" \/>\n<meta name=\"twitter:card\" content=\"summary_large_image\" \/>\n<meta name=\"twitter:creator\" content=\"@reginaldojrmf\" \/>\n<meta name=\"twitter:label1\" content=\"Escrito por\" \/>\n\t<meta name=\"twitter:data1\" content=\"Reginaldo J\u00fanior\" \/>\n\t<meta name=\"twitter:label2\" content=\"Est. tempo de leitura\" \/>\n\t<meta name=\"twitter:data2\" content=\"3 minutos\" \/>\n<script type=\"application\/ld+json\" class=\"yoast-schema-graph\">{\"@context\":\"https:\/\/schema.org\",\"@graph\":[{\"@type\":\"WebPage\",\"@id\":\"https:\/\/portalmf.com.br\/index.php\/2022\/09\/05\/apenas-34-das-criancas-foram-imunizadas-contra-a-poliomielite\/\",\"url\":\"https:\/\/portalmf.com.br\/index.php\/2022\/09\/05\/apenas-34-das-criancas-foram-imunizadas-contra-a-poliomielite\/\",\"name\":\"Apenas 34% das crian\u00e7as foram imunizadas contra a poliomielite - Portal MF\",\"isPartOf\":{\"@id\":\"https:\/\/portalmf.com.br\/#website\"},\"primaryImageOfPage\":{\"@id\":\"https:\/\/portalmf.com.br\/index.php\/2022\/09\/05\/apenas-34-das-criancas-foram-imunizadas-contra-a-poliomielite\/#primaryimage\"},\"image\":{\"@id\":\"https:\/\/portalmf.com.br\/index.php\/2022\/09\/05\/apenas-34-das-criancas-foram-imunizadas-contra-a-poliomielite\/#primaryimage\"},\"thumbnailUrl\":\"https:\/\/portalmf.com.br\/wp-content\/uploads\/2022\/09\/1_ffraz_abr_20180922_1659-19288219.jpg\",\"datePublished\":\"2022-09-06T01:35:01+00:00\",\"dateModified\":\"2022-09-06T01:35:04+00:00\",\"author\":{\"@id\":\"https:\/\/portalmf.com.br\/#\/schema\/person\/11c82086fe8abc05a19147e964587285\"},\"breadcrumb\":{\"@id\":\"https:\/\/portalmf.com.br\/index.php\/2022\/09\/05\/apenas-34-das-criancas-foram-imunizadas-contra-a-poliomielite\/#breadcrumb\"},\"inLanguage\":\"pt-BR\",\"potentialAction\":[{\"@type\":\"ReadAction\",\"target\":[\"https:\/\/portalmf.com.br\/index.php\/2022\/09\/05\/apenas-34-das-criancas-foram-imunizadas-contra-a-poliomielite\/\"]}]},{\"@type\":\"ImageObject\",\"inLanguage\":\"pt-BR\",\"@id\":\"https:\/\/portalmf.com.br\/index.php\/2022\/09\/05\/apenas-34-das-criancas-foram-imunizadas-contra-a-poliomielite\/#primaryimage\",\"url\":\"https:\/\/portalmf.com.br\/wp-content\/uploads\/2022\/09\/1_ffraz_abr_20180922_1659-19288219.jpg\",\"contentUrl\":\"https:\/\/portalmf.com.br\/wp-content\/uploads\/2022\/09\/1_ffraz_abr_20180922_1659-19288219.jpg\",\"width\":800,\"height\":500},{\"@type\":\"BreadcrumbList\",\"@id\":\"https:\/\/portalmf.com.br\/index.php\/2022\/09\/05\/apenas-34-das-criancas-foram-imunizadas-contra-a-poliomielite\/#breadcrumb\",\"itemListElement\":[{\"@type\":\"ListItem\",\"position\":1,\"name\":\"In\u00edcio\",\"item\":\"https:\/\/portalmf.com.br\/\"},{\"@type\":\"ListItem\",\"position\":2,\"name\":\"Apenas 34% das crian\u00e7as foram imunizadas contra a poliomielite\"}]},{\"@type\":\"WebSite\",\"@id\":\"https:\/\/portalmf.com.br\/#website\",\"url\":\"https:\/\/portalmf.com.br\/\",\"name\":\"Portal MF\",\"description\":\"Voc\u00ea conectado com a informa\u00e7\u00e3o\",\"potentialAction\":[{\"@type\":\"SearchAction\",\"target\":{\"@type\":\"EntryPoint\",\"urlTemplate\":\"https:\/\/portalmf.com.br\/?s={search_term_string}\"},\"query-input\":\"required name=search_term_string\"}],\"inLanguage\":\"pt-BR\"},{\"@type\":\"Person\",\"@id\":\"https:\/\/portalmf.com.br\/#\/schema\/person\/11c82086fe8abc05a19147e964587285\",\"name\":\"Reginaldo J\u00fanior\",\"image\":{\"@type\":\"ImageObject\",\"inLanguage\":\"pt-BR\",\"@id\":\"https:\/\/portalmf.com.br\/#\/schema\/person\/image\/\",\"url\":\"https:\/\/secure.gravatar.com\/avatar\/32a3c797cd0ac47cc53b8644c62776f9?s=96&d=mm&r=g\",\"contentUrl\":\"https:\/\/secure.gravatar.com\/avatar\/32a3c797cd0ac47cc53b8644c62776f9?s=96&d=mm&r=g\",\"caption\":\"Reginaldo J\u00fanior\"},\"description\":\"Jornalista e idealizador Portal MF\",\"sameAs\":[\"https:\/\/portalmf.com.br\/index.php\/author\/reginaldojr\/\",\"reginaldojrfsa\",\"reginaldojuniormf\",\"https:\/\/x.com\/reginaldojrmf\"],\"url\":\"https:\/\/portalmf.com.br\/index.php\/author\/reginaldojr\/\"}]}<\/script>\n<!-- \/ Yoast SEO plugin. -->","yoast_head_json":{"title":"Apenas 34% das crian\u00e7as foram imunizadas contra a poliomielite - Portal MF","robots":{"index":"index","follow":"follow","max-snippet":"max-snippet:-1","max-image-preview":"max-image-preview:large","max-video-preview":"max-video-preview:-1"},"canonical":"https:\/\/portalmf.com.br\/index.php\/2022\/09\/05\/apenas-34-das-criancas-foram-imunizadas-contra-a-poliomielite\/","og_locale":"pt_BR","og_type":"article","og_title":"Apenas 34% das crian\u00e7as foram imunizadas contra a poliomielite - Portal MF","og_description":"A menos de uma semana para o fim da Campanha Nacional de Vacina\u00e7\u00e3o que tem como foco principal a preven\u00e7\u00e3o da poliomielite, apenas 34,4% do p\u00fablico-alvo &#8211; crian\u00e7as entre seis meses e 4 anos 11 meses e 29 dias de idade &#8211; foi imunizado com 3,9 milh\u00f5es de doses aplicadas. A meta do Minist\u00e9rio da [&hellip;]","og_url":"https:\/\/portalmf.com.br\/index.php\/2022\/09\/05\/apenas-34-das-criancas-foram-imunizadas-contra-a-poliomielite\/","og_site_name":"Portal MF","article_author":"reginaldojrfsa","article_published_time":"2022-09-06T01:35:01+00:00","article_modified_time":"2022-09-06T01:35:04+00:00","og_image":[{"width":800,"height":500,"url":"https:\/\/portalmf.com.br\/wp-content\/uploads\/2022\/09\/1_ffraz_abr_20180922_1659-19288219.jpg","type":"image\/jpeg"}],"author":"Reginaldo J\u00fanior","twitter_card":"summary_large_image","twitter_creator":"@reginaldojrmf","twitter_misc":{"Escrito por":"Reginaldo J\u00fanior","Est. tempo de leitura":"3 minutos"},"schema":{"@context":"https:\/\/schema.org","@graph":[{"@type":"WebPage","@id":"https:\/\/portalmf.com.br\/index.php\/2022\/09\/05\/apenas-34-das-criancas-foram-imunizadas-contra-a-poliomielite\/","url":"https:\/\/portalmf.com.br\/index.php\/2022\/09\/05\/apenas-34-das-criancas-foram-imunizadas-contra-a-poliomielite\/","name":"Apenas 34% das crian\u00e7as foram imunizadas contra a poliomielite - Portal MF","isPartOf":{"@id":"https:\/\/portalmf.com.br\/#website"},"primaryImageOfPage":{"@id":"https:\/\/portalmf.com.br\/index.php\/2022\/09\/05\/apenas-34-das-criancas-foram-imunizadas-contra-a-poliomielite\/#primaryimage"},"image":{"@id":"https:\/\/portalmf.com.br\/index.php\/2022\/09\/05\/apenas-34-das-criancas-foram-imunizadas-contra-a-poliomielite\/#primaryimage"},"thumbnailUrl":"https:\/\/portalmf.com.br\/wp-content\/uploads\/2022\/09\/1_ffraz_abr_20180922_1659-19288219.jpg","datePublished":"2022-09-06T01:35:01+00:00","dateModified":"2022-09-06T01:35:04+00:00","author":{"@id":"https:\/\/portalmf.com.br\/#\/schema\/person\/11c82086fe8abc05a19147e964587285"},"breadcrumb":{"@id":"https:\/\/portalmf.com.br\/index.php\/2022\/09\/05\/apenas-34-das-criancas-foram-imunizadas-contra-a-poliomielite\/#breadcrumb"},"inLanguage":"pt-BR","potentialAction":[{"@type":"ReadAction","target":["https:\/\/portalmf.com.br\/index.php\/2022\/09\/05\/apenas-34-das-criancas-foram-imunizadas-contra-a-poliomielite\/"]}]},{"@type":"ImageObject","inLanguage":"pt-BR","@id":"https:\/\/portalmf.com.br\/index.php\/2022\/09\/05\/apenas-34-das-criancas-foram-imunizadas-contra-a-poliomielite\/#primaryimage","url":"https:\/\/portalmf.com.br\/wp-content\/uploads\/2022\/09\/1_ffraz_abr_20180922_1659-19288219.jpg","contentUrl":"https:\/\/portalmf.com.br\/wp-content\/uploads\/2022\/09\/1_ffraz_abr_20180922_1659-19288219.jpg","width":800,"height":500},{"@type":"BreadcrumbList","@id":"https:\/\/portalmf.com.br\/index.php\/2022\/09\/05\/apenas-34-das-criancas-foram-imunizadas-contra-a-poliomielite\/#breadcrumb","itemListElement":[{"@type":"ListItem","position":1,"name":"In\u00edcio","item":"https:\/\/portalmf.com.br\/"},{"@type":"ListItem","position":2,"name":"Apenas 34% das crian\u00e7as foram imunizadas contra a poliomielite"}]},{"@type":"WebSite","@id":"https:\/\/portalmf.com.br\/#website","url":"https:\/\/portalmf.com.br\/","name":"Portal MF","description":"Voc\u00ea conectado com a informa\u00e7\u00e3o","potentialAction":[{"@type":"SearchAction","target":{"@type":"EntryPoint","urlTemplate":"https:\/\/portalmf.com.br\/?s={search_term_string}"},"query-input":"required name=search_term_string"}],"inLanguage":"pt-BR"},{"@type":"Person","@id":"https:\/\/portalmf.com.br\/#\/schema\/person\/11c82086fe8abc05a19147e964587285","name":"Reginaldo J\u00fanior","image":{"@type":"ImageObject","inLanguage":"pt-BR","@id":"https:\/\/portalmf.com.br\/#\/schema\/person\/image\/","url":"https:\/\/secure.gravatar.com\/avatar\/32a3c797cd0ac47cc53b8644c62776f9?s=96&d=mm&r=g","contentUrl":"https:\/\/secure.gravatar.com\/avatar\/32a3c797cd0ac47cc53b8644c62776f9?s=96&d=mm&r=g","caption":"Reginaldo J\u00fanior"},"description":"Jornalista e idealizador Portal MF","sameAs":["https:\/\/portalmf.com.br\/index.php\/author\/reginaldojr\/","reginaldojrfsa","reginaldojuniormf","https:\/\/x.com\/reginaldojrmf"],"url":"https:\/\/portalmf.com.br\/index.php\/author\/reginaldojr\/"}]}},"_links":{"self":[{"href":"https:\/\/portalmf.com.br\/index.php\/wp-json\/wp\/v2\/posts\/4021"}],"collection":[{"href":"https:\/\/portalmf.com.br\/index.php\/wp-json\/wp\/v2\/posts"}],"about":[{"href":"https:\/\/portalmf.com.br\/index.php\/wp-json\/wp\/v2\/types\/post"}],"author":[{"embeddable":true,"href":"https:\/\/portalmf.com.br\/index.php\/wp-json\/wp\/v2\/users\/2"}],"replies":[{"embeddable":true,"href":"https:\/\/portalmf.com.br\/index.php\/wp-json\/wp\/v2\/comments?post=4021"}],"version-history":[{"count":1,"href":"https:\/\/portalmf.com.br\/index.php\/wp-json\/wp\/v2\/posts\/4021\/revisions"}],"predecessor-version":[{"id":4023,"href":"https:\/\/portalmf.com.br\/index.php\/wp-json\/wp\/v2\/posts\/4021\/revisions\/4023"}],"wp:featuredmedia":[{"embeddable":true,"href":"https:\/\/portalmf.com.br\/index.php\/wp-json\/wp\/v2\/media\/4022"}],"wp:attachment":[{"href":"https:\/\/portalmf.com.br\/index.php\/wp-json\/wp\/v2\/media?parent=4021"}],"wp:term":[{"taxonomy":"category","embeddable":true,"href":"https:\/\/portalmf.com.br\/index.php\/wp-json\/wp\/v2\/categories?post=4021"},{"taxonomy":"post_tag","embeddable":true,"href":"https:\/\/portalmf.com.br\/index.php\/wp-json\/wp\/v2\/tags?post=4021"}],"curies":[{"name":"wp","href":"https:\/\/api.w.org\/{rel}","templated":true}]}}