{"id":3995,"date":"2022-09-05T15:58:09","date_gmt":"2022-09-05T18:58:09","guid":{"rendered":"http:\/\/portalmf.com.br\/?p=3995"},"modified":"2022-09-05T15:58:10","modified_gmt":"2022-09-05T18:58:10","slug":"pesquisa-mostra-acm-neto-com-49-jeronimo-com-24-e-joao-roma-com-9","status":"publish","type":"post","link":"https:\/\/portalmf.com.br\/index.php\/2022\/09\/05\/pesquisa-mostra-acm-neto-com-49-jeronimo-com-24-e-joao-roma-com-9\/","title":{"rendered":"Pesquisa mostra ACM Neto com 49%, Jer\u00f4nimo com 24% e Jo\u00e3o Roma com 9%"},"content":{"rendered":"\n<p>ACM Neto (Uni\u00e3o Brasil) lidera a pesquisa de inten\u00e7\u00e3o de voto para governador da Bahia, segundo a pesquisa Real Time Big Data, encomendada pela&nbsp;<strong>Record TV<\/strong>&nbsp;e divulgada nesta segunda-feira (5). Com 49%, ele lidera o cen\u00e1rio estimulado \u2014 quando uma lista com o nome dos candidatos \u00e9 apresentada ao eleitor. Jer\u00f4nimo (PT) tem 24% e Jo\u00e3o Roma (PL), 9%.<\/p>\n\n\n\n<p>Os outros candidatos n\u00e3o pontuam no cen\u00e1rio estimulado.&nbsp;<strong>Confira:<\/strong><\/p>\n\n\n\n<p>ACM Neto (Uni\u00e3o Brasil): 49%<br>Jer\u00f4nimo (PT): 24%<br>Jo\u00e3o Roma (PL): 9%<br>Marcelo Millet (PCO): 0%<br>Kleber Rosa (PSOL): 0%<br>Giovani Damico (PCB): 0%<br>Nulo\/Branco: 8%<br>N\u00e3o sabe\/n\u00e3o respondeu: 10%<\/p>\n\n\n\n<p>No cen\u00e1rio espont\u00e2neo, quando o eleitor diz em quem votaria sem ter recebido op\u00e7\u00f5es, ACM Neto tem 30%.&nbsp;<strong>Veja:<\/strong><\/p>\n\n\n\n<p>ACM Neto (Uni\u00e3o Brasil): 30%<br>Jer\u00f4nimo (PT): 13%<br>Jo\u00e3o Roma (PL): 5%<br>Outros: 2%<br>Nulo\/Branco: 10%<br>N\u00e3o sabe\/n\u00e3o respondeu: 40%<\/p>\n\n\n\n<p>Entre os votos v\u00e1lidos, ou seja, sem nulos nem brancos, ACM Neto tem 60% \u2014 o suficiente para uma vit\u00f3ria em primeiro turno. Jer\u00f4nimo tem 29% e Jo\u00e3o Roma, 11%.<\/p>\n\n\n\n<p>A pesquisa tamb\u00e9m fez um recorte estimulado por regi\u00f5es.&nbsp;<strong>Na regi\u00e3o metropolitana de Salvador, os resultados mostram:<\/strong><\/p>\n\n\n\n<p>ACM Neto (Uni\u00e3o Brasil): 54%<br>Jer\u00f4nimo (PT): 18%<br>Jo\u00e3o Roma (PL): 12%<br>Kleber Rosa (PSOL): 0%<br>Giovani Damico (PCB): 0%<br>Marcelo Millet (PCO): 0%<br>Nulo\/Branco: 6%<br>N\u00e3o sabe\/n\u00e3o respondeu: 10%<\/p>\n\n\n\n<p><strong>Na regi\u00e3o do Centro-Sul baiano, os n\u00fameros mostram:<\/strong><\/p>\n\n\n\n<p>ACM Neto (Uni\u00e3o Brasil): 42%<br>Jer\u00f4nimo (PT): 28%<br>Jo\u00e3o Roma (PL): 7%<br>Marcelo Millet (PCO): 1%<br>Kleber Rosa (PSOL): 0%<br>Giovani Damico (PCB): 0%<br>Nulo\/Branco: 9%<br>N\u00e3o sabe\/n\u00e3o respondeu: 13%<\/p>\n\n\n\n<p><strong>No Centro-Norte da Bahia, o levantamento fica assim:<\/strong><\/p>\n\n\n\n<p>ACM Neto (Uni\u00e3o Brasil): 43%<br>Jer\u00f4nimo (PT): 31%<br>Jo\u00e3o Roma (PL): 5%<br>Kleber Rosa (PSOL): 0%<br>Giovani Damico (PCB): 0%<br>Marcelo Millet (PCO): 0%<br>Nulo\/Branco: 7%<br>N\u00e3o sabe\/n\u00e3o respondeu: 14%<\/p>\n\n\n\n<p><strong>No Sul baiano, a pesquisa aponta:<\/strong><\/p>\n\n\n\n<p>ACM Neto (Uni\u00e3o Brasil): 47%<br>Jer\u00f4nimo (PT): 21%<br>Jo\u00e3o Roma (PL): 12%<br>Kleber Rosa (PSOL): 0%<br>Giovani Damico (PCB): 0%<br>Marcelo Millet (PCO): 0%<br>Nulo\/Branco: 7%<br>N\u00e3o sabe\/n\u00e3o respondeu: 13%<\/p>\n\n\n\n<p><strong>No Nordeste da Bahia, a inten\u00e7\u00e3o de voto mostra:<\/strong><\/p>\n\n\n\n<p>ACM Neto (Uni\u00e3o Brasil): 41%<br>Jer\u00f4nimo (PT): 31%<br>Jo\u00e3o Roma (PL): 7%<br>Kleber Rosa (PSOL): 0%<br>Giovani Damico (PCB): 0%<br>Marcelo Millet (PCO): 0%<br>Nulo\/Branco: 12%<br>N\u00e3o sabe\/n\u00e3o respondeu: 9%<\/p>\n\n\n\n<p><strong>Na regi\u00e3o do Vale do S\u00e3o Francisco, a lista mostra:<\/strong><\/p>\n\n\n\n<p>ACM Neto (Uni\u00e3o Brasil): 50%<br>Jer\u00f4nimo (PT): 20%<br>Jo\u00e3o Roma (PL): 4%<br>Kleber Rosa (PSOL): 1%<br>Giovani Damico (PCB): 0%<br>Marcelo Millet (PCO): 0%<br>Nulo\/Branco: 10%<br>N\u00e3o sabe\/n\u00e3o respondeu: 15%<\/p>\n\n\n\n<p><strong>Por fim, no Extremo-Oeste da Bahia, o cen\u00e1rio fica:<\/strong><\/p>\n\n\n\n<p>ACM Neto (Uni\u00e3o Brasil): 54%<br>Jer\u00f4nimo (PT): 23%<br>Jo\u00e3o Roma (PL): 13%<br>Marcelo Millet (PCO): 0%<br>Kleber Rosa (PSOL): 0%<br>Giovani Damico (PCB): 0%<br>Nulo\/Branco: 5%<br>N\u00e3o sabe\/n\u00e3o respondeu: 5%<\/p>\n\n\n\n<p>Em rela\u00e7\u00e3o \u00e0 aprova\u00e7\u00e3o ao governo da Bahia, de Rui Costa (PT), os eleitores de todo o estado classificaram como:<\/p>\n\n\n\n<p>Regular: 29%<br>Bom: 28%<br>\u00d3timo: 18%<br>P\u00e9ssimo: 14%<br>Ruim: 7%<br>N\u00e3o sabe\/n\u00e3o respondeu: 4%<\/p>\n\n\n\n<p><strong>Senado<\/strong><\/p>\n\n\n\n<p>Para o Senado, o levantamento estimulado mostra Otto Alencar na lideran\u00e7a. Veja:<\/p>\n\n\n\n<p>Otto Alencar (PSD): 25%<br>Cac\u00e1 Le\u00e3o (PP): 17%<br>Doutora Ra\u00edssa Soares (PL): 12%<br>T\u00e2mara Azevedo (PSOL): 4%<br>Marcelo Barreto (PMN): 0%<br>C\u00edcero Ara\u00fajo (PCO): 0%<br>Nulo\/Branco: 16%<br>N\u00e3o sabe\/n\u00e3o respondeu: 26%<\/p>\n\n\n\n<p>A Real Time Big Data, registrada no TSE sob o n\u00famero BA-04374\/2022, ouviu 1.200 pessoas entre 2 e 3 de setembro. A margem de erro \u00e9 de tr\u00eas pontos percentuais e o n\u00edvel de confian\u00e7a \u00e9 de 95%.<\/p>\n\n\n\n<p>Com informa\u00e7\u00f5es do R7<\/p>\n","protected":false},"excerpt":{"rendered":"<p>ACM Neto (Uni\u00e3o Brasil) lidera a pesquisa de inten\u00e7\u00e3o de voto para governador da Bahia, segundo a pesquisa Real Time Big Data, encomendada pela&nbsp;Record TV&nbsp;e divulgada nesta segunda-feira (5). Com 49%, ele lidera o cen\u00e1rio estimulado \u2014 quando uma lista com o nome dos candidatos \u00e9 apresentada ao eleitor. Jer\u00f4nimo (PT) tem 24% e Jo\u00e3o [&hellip;]<\/p>\n","protected":false},"author":2,"featured_media":3996,"comment_status":"open","ping_status":"open","sticky":false,"template":"","format":"standard","meta":{"_monsterinsights_skip_tracking":false,"_monsterinsights_sitenote_active":false,"_monsterinsights_sitenote_note":"","_monsterinsights_sitenote_category":0,"footnotes":""},"categories":[34],"tags":[69,66,67,70,187],"yoast_head":"<!-- This site is optimized with the Yoast SEO plugin v22.9 - https:\/\/yoast.com\/wordpress\/plugins\/seo\/ -->\n<title>Pesquisa mostra ACM Neto com 49%, Jer\u00f4nimo com 24% e Jo\u00e3o Roma com 9% - Portal MF<\/title>\n<meta name=\"robots\" content=\"index, follow, max-snippet:-1, max-image-preview:large, max-video-preview:-1\" \/>\n<link rel=\"canonical\" href=\"https:\/\/portalmf.com.br\/index.php\/2022\/09\/05\/pesquisa-mostra-acm-neto-com-49-jeronimo-com-24-e-joao-roma-com-9\/\" \/>\n<meta property=\"og:locale\" content=\"pt_BR\" \/>\n<meta property=\"og:type\" content=\"article\" \/>\n<meta property=\"og:title\" content=\"Pesquisa mostra ACM Neto com 49%, Jer\u00f4nimo com 24% e Jo\u00e3o Roma com 9% - Portal MF\" \/>\n<meta property=\"og:description\" content=\"ACM Neto (Uni\u00e3o Brasil) lidera a pesquisa de inten\u00e7\u00e3o de voto para governador da Bahia, segundo a pesquisa Real Time Big Data, encomendada pela&nbsp;Record TV&nbsp;e divulgada nesta segunda-feira (5). Com 49%, ele lidera o cen\u00e1rio estimulado \u2014 quando uma lista com o nome dos candidatos \u00e9 apresentada ao eleitor. Jer\u00f4nimo (PT) tem 24% e Jo\u00e3o [&hellip;]\" \/>\n<meta property=\"og:url\" content=\"https:\/\/portalmf.com.br\/index.php\/2022\/09\/05\/pesquisa-mostra-acm-neto-com-49-jeronimo-com-24-e-joao-roma-com-9\/\" \/>\n<meta property=\"og:site_name\" content=\"Portal MF\" \/>\n<meta property=\"article:author\" content=\"reginaldojrfsa\" \/>\n<meta property=\"article:published_time\" content=\"2022-09-05T18:58:09+00:00\" \/>\n<meta property=\"article:modified_time\" content=\"2022-09-05T18:58:10+00:00\" \/>\n<meta property=\"og:image\" content=\"https:\/\/portalmf.com.br\/wp-content\/uploads\/2022\/09\/acmneto_jeromino_roma.jpg\" \/>\n\t<meta property=\"og:image:width\" content=\"800\" \/>\n\t<meta property=\"og:image:height\" content=\"400\" \/>\n\t<meta property=\"og:image:type\" content=\"image\/jpeg\" \/>\n<meta name=\"author\" content=\"Reginaldo J\u00fanior\" \/>\n<meta name=\"twitter:card\" content=\"summary_large_image\" \/>\n<meta name=\"twitter:creator\" content=\"@reginaldojrmf\" \/>\n<meta name=\"twitter:label1\" content=\"Escrito por\" \/>\n\t<meta name=\"twitter:data1\" content=\"Reginaldo J\u00fanior\" \/>\n\t<meta name=\"twitter:label2\" content=\"Est. tempo de leitura\" \/>\n\t<meta name=\"twitter:data2\" content=\"4 minutos\" \/>\n<script type=\"application\/ld+json\" class=\"yoast-schema-graph\">{\"@context\":\"https:\/\/schema.org\",\"@graph\":[{\"@type\":\"WebPage\",\"@id\":\"https:\/\/portalmf.com.br\/index.php\/2022\/09\/05\/pesquisa-mostra-acm-neto-com-49-jeronimo-com-24-e-joao-roma-com-9\/\",\"url\":\"https:\/\/portalmf.com.br\/index.php\/2022\/09\/05\/pesquisa-mostra-acm-neto-com-49-jeronimo-com-24-e-joao-roma-com-9\/\",\"name\":\"Pesquisa mostra ACM Neto com 49%, Jer\u00f4nimo com 24% e Jo\u00e3o Roma com 9% - Portal MF\",\"isPartOf\":{\"@id\":\"https:\/\/portalmf.com.br\/#website\"},\"primaryImageOfPage\":{\"@id\":\"https:\/\/portalmf.com.br\/index.php\/2022\/09\/05\/pesquisa-mostra-acm-neto-com-49-jeronimo-com-24-e-joao-roma-com-9\/#primaryimage\"},\"image\":{\"@id\":\"https:\/\/portalmf.com.br\/index.php\/2022\/09\/05\/pesquisa-mostra-acm-neto-com-49-jeronimo-com-24-e-joao-roma-com-9\/#primaryimage\"},\"thumbnailUrl\":\"https:\/\/portalmf.com.br\/wp-content\/uploads\/2022\/09\/acmneto_jeromino_roma.jpg\",\"datePublished\":\"2022-09-05T18:58:09+00:00\",\"dateModified\":\"2022-09-05T18:58:10+00:00\",\"author\":{\"@id\":\"https:\/\/portalmf.com.br\/#\/schema\/person\/11c82086fe8abc05a19147e964587285\"},\"breadcrumb\":{\"@id\":\"https:\/\/portalmf.com.br\/index.php\/2022\/09\/05\/pesquisa-mostra-acm-neto-com-49-jeronimo-com-24-e-joao-roma-com-9\/#breadcrumb\"},\"inLanguage\":\"pt-BR\",\"potentialAction\":[{\"@type\":\"ReadAction\",\"target\":[\"https:\/\/portalmf.com.br\/index.php\/2022\/09\/05\/pesquisa-mostra-acm-neto-com-49-jeronimo-com-24-e-joao-roma-com-9\/\"]}]},{\"@type\":\"ImageObject\",\"inLanguage\":\"pt-BR\",\"@id\":\"https:\/\/portalmf.com.br\/index.php\/2022\/09\/05\/pesquisa-mostra-acm-neto-com-49-jeronimo-com-24-e-joao-roma-com-9\/#primaryimage\",\"url\":\"https:\/\/portalmf.com.br\/wp-content\/uploads\/2022\/09\/acmneto_jeromino_roma.jpg\",\"contentUrl\":\"https:\/\/portalmf.com.br\/wp-content\/uploads\/2022\/09\/acmneto_jeromino_roma.jpg\",\"width\":800,\"height\":400},{\"@type\":\"BreadcrumbList\",\"@id\":\"https:\/\/portalmf.com.br\/index.php\/2022\/09\/05\/pesquisa-mostra-acm-neto-com-49-jeronimo-com-24-e-joao-roma-com-9\/#breadcrumb\",\"itemListElement\":[{\"@type\":\"ListItem\",\"position\":1,\"name\":\"In\u00edcio\",\"item\":\"https:\/\/portalmf.com.br\/\"},{\"@type\":\"ListItem\",\"position\":2,\"name\":\"Pesquisa mostra ACM Neto com 49%, Jer\u00f4nimo com 24% e Jo\u00e3o Roma com 9%\"}]},{\"@type\":\"WebSite\",\"@id\":\"https:\/\/portalmf.com.br\/#website\",\"url\":\"https:\/\/portalmf.com.br\/\",\"name\":\"Portal MF\",\"description\":\"Voc\u00ea conectado com a informa\u00e7\u00e3o\",\"potentialAction\":[{\"@type\":\"SearchAction\",\"target\":{\"@type\":\"EntryPoint\",\"urlTemplate\":\"https:\/\/portalmf.com.br\/?s={search_term_string}\"},\"query-input\":\"required name=search_term_string\"}],\"inLanguage\":\"pt-BR\"},{\"@type\":\"Person\",\"@id\":\"https:\/\/portalmf.com.br\/#\/schema\/person\/11c82086fe8abc05a19147e964587285\",\"name\":\"Reginaldo J\u00fanior\",\"image\":{\"@type\":\"ImageObject\",\"inLanguage\":\"pt-BR\",\"@id\":\"https:\/\/portalmf.com.br\/#\/schema\/person\/image\/\",\"url\":\"https:\/\/secure.gravatar.com\/avatar\/32a3c797cd0ac47cc53b8644c62776f9?s=96&d=mm&r=g\",\"contentUrl\":\"https:\/\/secure.gravatar.com\/avatar\/32a3c797cd0ac47cc53b8644c62776f9?s=96&d=mm&r=g\",\"caption\":\"Reginaldo J\u00fanior\"},\"description\":\"Jornalista e idealizador Portal MF\",\"sameAs\":[\"https:\/\/portalmf.com.br\/index.php\/author\/reginaldojr\/\",\"reginaldojrfsa\",\"reginaldojuniormf\",\"https:\/\/x.com\/reginaldojrmf\"],\"url\":\"https:\/\/portalmf.com.br\/index.php\/author\/reginaldojr\/\"}]}<\/script>\n<!-- \/ Yoast SEO plugin. -->","yoast_head_json":{"title":"Pesquisa mostra ACM Neto com 49%, Jer\u00f4nimo com 24% e Jo\u00e3o Roma com 9% - Portal MF","robots":{"index":"index","follow":"follow","max-snippet":"max-snippet:-1","max-image-preview":"max-image-preview:large","max-video-preview":"max-video-preview:-1"},"canonical":"https:\/\/portalmf.com.br\/index.php\/2022\/09\/05\/pesquisa-mostra-acm-neto-com-49-jeronimo-com-24-e-joao-roma-com-9\/","og_locale":"pt_BR","og_type":"article","og_title":"Pesquisa mostra ACM Neto com 49%, Jer\u00f4nimo com 24% e Jo\u00e3o Roma com 9% - Portal MF","og_description":"ACM Neto (Uni\u00e3o Brasil) lidera a pesquisa de inten\u00e7\u00e3o de voto para governador da Bahia, segundo a pesquisa Real Time Big Data, encomendada pela&nbsp;Record TV&nbsp;e divulgada nesta segunda-feira (5). Com 49%, ele lidera o cen\u00e1rio estimulado \u2014 quando uma lista com o nome dos candidatos \u00e9 apresentada ao eleitor. Jer\u00f4nimo (PT) tem 24% e Jo\u00e3o [&hellip;]","og_url":"https:\/\/portalmf.com.br\/index.php\/2022\/09\/05\/pesquisa-mostra-acm-neto-com-49-jeronimo-com-24-e-joao-roma-com-9\/","og_site_name":"Portal MF","article_author":"reginaldojrfsa","article_published_time":"2022-09-05T18:58:09+00:00","article_modified_time":"2022-09-05T18:58:10+00:00","og_image":[{"width":800,"height":400,"url":"https:\/\/portalmf.com.br\/wp-content\/uploads\/2022\/09\/acmneto_jeromino_roma.jpg","type":"image\/jpeg"}],"author":"Reginaldo J\u00fanior","twitter_card":"summary_large_image","twitter_creator":"@reginaldojrmf","twitter_misc":{"Escrito por":"Reginaldo J\u00fanior","Est. tempo de leitura":"4 minutos"},"schema":{"@context":"https:\/\/schema.org","@graph":[{"@type":"WebPage","@id":"https:\/\/portalmf.com.br\/index.php\/2022\/09\/05\/pesquisa-mostra-acm-neto-com-49-jeronimo-com-24-e-joao-roma-com-9\/","url":"https:\/\/portalmf.com.br\/index.php\/2022\/09\/05\/pesquisa-mostra-acm-neto-com-49-jeronimo-com-24-e-joao-roma-com-9\/","name":"Pesquisa mostra ACM Neto com 49%, Jer\u00f4nimo com 24% e Jo\u00e3o Roma com 9% - Portal MF","isPartOf":{"@id":"https:\/\/portalmf.com.br\/#website"},"primaryImageOfPage":{"@id":"https:\/\/portalmf.com.br\/index.php\/2022\/09\/05\/pesquisa-mostra-acm-neto-com-49-jeronimo-com-24-e-joao-roma-com-9\/#primaryimage"},"image":{"@id":"https:\/\/portalmf.com.br\/index.php\/2022\/09\/05\/pesquisa-mostra-acm-neto-com-49-jeronimo-com-24-e-joao-roma-com-9\/#primaryimage"},"thumbnailUrl":"https:\/\/portalmf.com.br\/wp-content\/uploads\/2022\/09\/acmneto_jeromino_roma.jpg","datePublished":"2022-09-05T18:58:09+00:00","dateModified":"2022-09-05T18:58:10+00:00","author":{"@id":"https:\/\/portalmf.com.br\/#\/schema\/person\/11c82086fe8abc05a19147e964587285"},"breadcrumb":{"@id":"https:\/\/portalmf.com.br\/index.php\/2022\/09\/05\/pesquisa-mostra-acm-neto-com-49-jeronimo-com-24-e-joao-roma-com-9\/#breadcrumb"},"inLanguage":"pt-BR","potentialAction":[{"@type":"ReadAction","target":["https:\/\/portalmf.com.br\/index.php\/2022\/09\/05\/pesquisa-mostra-acm-neto-com-49-jeronimo-com-24-e-joao-roma-com-9\/"]}]},{"@type":"ImageObject","inLanguage":"pt-BR","@id":"https:\/\/portalmf.com.br\/index.php\/2022\/09\/05\/pesquisa-mostra-acm-neto-com-49-jeronimo-com-24-e-joao-roma-com-9\/#primaryimage","url":"https:\/\/portalmf.com.br\/wp-content\/uploads\/2022\/09\/acmneto_jeromino_roma.jpg","contentUrl":"https:\/\/portalmf.com.br\/wp-content\/uploads\/2022\/09\/acmneto_jeromino_roma.jpg","width":800,"height":400},{"@type":"BreadcrumbList","@id":"https:\/\/portalmf.com.br\/index.php\/2022\/09\/05\/pesquisa-mostra-acm-neto-com-49-jeronimo-com-24-e-joao-roma-com-9\/#breadcrumb","itemListElement":[{"@type":"ListItem","position":1,"name":"In\u00edcio","item":"https:\/\/portalmf.com.br\/"},{"@type":"ListItem","position":2,"name":"Pesquisa mostra ACM Neto com 49%, Jer\u00f4nimo com 24% e Jo\u00e3o Roma com 9%"}]},{"@type":"WebSite","@id":"https:\/\/portalmf.com.br\/#website","url":"https:\/\/portalmf.com.br\/","name":"Portal MF","description":"Voc\u00ea conectado com a informa\u00e7\u00e3o","potentialAction":[{"@type":"SearchAction","target":{"@type":"EntryPoint","urlTemplate":"https:\/\/portalmf.com.br\/?s={search_term_string}"},"query-input":"required name=search_term_string"}],"inLanguage":"pt-BR"},{"@type":"Person","@id":"https:\/\/portalmf.com.br\/#\/schema\/person\/11c82086fe8abc05a19147e964587285","name":"Reginaldo J\u00fanior","image":{"@type":"ImageObject","inLanguage":"pt-BR","@id":"https:\/\/portalmf.com.br\/#\/schema\/person\/image\/","url":"https:\/\/secure.gravatar.com\/avatar\/32a3c797cd0ac47cc53b8644c62776f9?s=96&d=mm&r=g","contentUrl":"https:\/\/secure.gravatar.com\/avatar\/32a3c797cd0ac47cc53b8644c62776f9?s=96&d=mm&r=g","caption":"Reginaldo J\u00fanior"},"description":"Jornalista e idealizador Portal MF","sameAs":["https:\/\/portalmf.com.br\/index.php\/author\/reginaldojr\/","reginaldojrfsa","reginaldojuniormf","https:\/\/x.com\/reginaldojrmf"],"url":"https:\/\/portalmf.com.br\/index.php\/author\/reginaldojr\/"}]}},"_links":{"self":[{"href":"https:\/\/portalmf.com.br\/index.php\/wp-json\/wp\/v2\/posts\/3995"}],"collection":[{"href":"https:\/\/portalmf.com.br\/index.php\/wp-json\/wp\/v2\/posts"}],"about":[{"href":"https:\/\/portalmf.com.br\/index.php\/wp-json\/wp\/v2\/types\/post"}],"author":[{"embeddable":true,"href":"https:\/\/portalmf.com.br\/index.php\/wp-json\/wp\/v2\/users\/2"}],"replies":[{"embeddable":true,"href":"https:\/\/portalmf.com.br\/index.php\/wp-json\/wp\/v2\/comments?post=3995"}],"version-history":[{"count":1,"href":"https:\/\/portalmf.com.br\/index.php\/wp-json\/wp\/v2\/posts\/3995\/revisions"}],"predecessor-version":[{"id":3997,"href":"https:\/\/portalmf.com.br\/index.php\/wp-json\/wp\/v2\/posts\/3995\/revisions\/3997"}],"wp:featuredmedia":[{"embeddable":true,"href":"https:\/\/portalmf.com.br\/index.php\/wp-json\/wp\/v2\/media\/3996"}],"wp:attachment":[{"href":"https:\/\/portalmf.com.br\/index.php\/wp-json\/wp\/v2\/media?parent=3995"}],"wp:term":[{"taxonomy":"category","embeddable":true,"href":"https:\/\/portalmf.com.br\/index.php\/wp-json\/wp\/v2\/categories?post=3995"},{"taxonomy":"post_tag","embeddable":true,"href":"https:\/\/portalmf.com.br\/index.php\/wp-json\/wp\/v2\/tags?post=3995"}],"curies":[{"name":"wp","href":"https:\/\/api.w.org\/{rel}","templated":true}]}}