{"id":3986,"date":"2022-09-05T15:23:54","date_gmt":"2022-09-05T18:23:54","guid":{"rendered":"http:\/\/portalmf.com.br\/?p=3986"},"modified":"2022-09-05T15:23:55","modified_gmt":"2022-09-05T18:23:55","slug":"rui-desafia-acm-neto-a-ir-a-debate-na-tve","status":"publish","type":"post","link":"https:\/\/portalmf.com.br\/index.php\/2022\/09\/05\/rui-desafia-acm-neto-a-ir-a-debate-na-tve\/","title":{"rendered":"Rui desafia ACM Neto a ir a debate na TVE"},"content":{"rendered":"\n<p>O governador Rui Costa (PT) desafiou o candidato do Uni\u00e3o Brasil e ex-prefeito de Salvador a comparecer ao debate da TVE, marcado para esta ter\u00e7a-feira (6), a partir da 21h, com transmiss\u00e3o simultaneamente pela R\u00e1dio Educadora FM, Youtube, Facebook, Twitter e Instagram da emissora. Este \u00e9 o segundo debate televisionado entre os candidatos a governador da Bahia que ACM Neto se ausenta.<\/p>\n\n\n\n<p><em>&#8220;Quer atacar o seu advers\u00e1rio, tome coragem e v\u00e1 para o debate. (\u2026) Voc\u00ea pode gritar com familiares, humilhar o vice-governador [Jo\u00e3o Le\u00e3o], impedido ele de falar na sua conven\u00e7\u00e3o, mas pessoas como eu e Jer\u00f4nimo, quem v\u00eam da favela, da zona rural, n\u00e3o! Aqui ningu\u00e9m \u00e9 seu garoto de recado<\/em>&#8220;, desafiou Rui.<\/p>\n\n\n\n<p>O governador ainda questionou a capacidade de gest\u00e3o do seu advers\u00e1rio. <em>\u201cQuero ver me desmentir: quantas creches do Programa Brasil Carinhoso construiu? Salvador tem a pior Aten\u00e7\u00e3o B\u00e1sica das 417 cidades da Bahia. (\u2026) Voc\u00ea se utiliza das pessoas para fazer sua carreira pessoal e sozinho&#8221;,<\/em> condenou o l\u00edder baiano.<\/p>\n\n\n\n<figure class=\"wp-block-embed is-type-rich is-provider-twitter wp-block-embed-twitter\"><div class=\"wp-block-embed__wrapper\">\n<blockquote class=\"twitter-tweet\" data-width=\"550\" data-dnt=\"true\"><p lang=\"pt\" dir=\"ltr\">Rui desafia ACM Neto a ir a debate na TVE <a href=\"https:\/\/t.co\/PZ5Ko3VUvY\">pic.twitter.com\/PZ5Ko3VUvY<\/a><\/p>&mdash; Portal MF (@portalmfoficial) <a href=\"https:\/\/twitter.com\/portalmfoficial\/status\/1566854184804225024?ref_src=twsrc%5Etfw\">September 5, 2022<\/a><\/blockquote><script async src=\"https:\/\/platform.twitter.com\/widgets.js\" charset=\"utf-8\"><\/script>\n<\/div><\/figure>\n","protected":false},"excerpt":{"rendered":"<p>O governador Rui Costa (PT) desafiou o candidato do Uni\u00e3o Brasil e ex-prefeito de Salvador a comparecer ao debate da TVE, marcado para esta ter\u00e7a-feira (6), a partir da 21h, com transmiss\u00e3o simultaneamente pela R\u00e1dio Educadora FM, Youtube, Facebook, Twitter e Instagram da emissora. Este \u00e9 o segundo debate televisionado entre os candidatos a governador [&hellip;]<\/p>\n","protected":false},"author":2,"featured_media":3987,"comment_status":"open","ping_status":"open","sticky":false,"template":"","format":"standard","meta":{"_monsterinsights_skip_tracking":false,"_monsterinsights_sitenote_active":false,"_monsterinsights_sitenote_note":"","_monsterinsights_sitenote_category":0,"footnotes":""},"categories":[34],"tags":[],"yoast_head":"<!-- This site is optimized with the Yoast SEO plugin v22.9 - https:\/\/yoast.com\/wordpress\/plugins\/seo\/ -->\n<title>Rui desafia ACM Neto a ir a debate na TVE - Portal MF<\/title>\n<meta name=\"robots\" content=\"index, follow, max-snippet:-1, max-image-preview:large, max-video-preview:-1\" \/>\n<link rel=\"canonical\" href=\"https:\/\/portalmf.com.br\/index.php\/2022\/09\/05\/rui-desafia-acm-neto-a-ir-a-debate-na-tve\/\" \/>\n<meta property=\"og:locale\" content=\"pt_BR\" \/>\n<meta property=\"og:type\" content=\"article\" \/>\n<meta property=\"og:title\" content=\"Rui desafia ACM Neto a ir a debate na TVE - Portal MF\" \/>\n<meta property=\"og:description\" content=\"O governador Rui Costa (PT) desafiou o candidato do Uni\u00e3o Brasil e ex-prefeito de Salvador a comparecer ao debate da TVE, marcado para esta ter\u00e7a-feira (6), a partir da 21h, com transmiss\u00e3o simultaneamente pela R\u00e1dio Educadora FM, Youtube, Facebook, Twitter e Instagram da emissora. Este \u00e9 o segundo debate televisionado entre os candidatos a governador [&hellip;]\" \/>\n<meta property=\"og:url\" content=\"https:\/\/portalmf.com.br\/index.php\/2022\/09\/05\/rui-desafia-acm-neto-a-ir-a-debate-na-tve\/\" \/>\n<meta property=\"og:site_name\" content=\"Portal MF\" \/>\n<meta property=\"article:author\" content=\"reginaldojrfsa\" \/>\n<meta property=\"article:published_time\" content=\"2022-09-05T18:23:54+00:00\" \/>\n<meta property=\"article:modified_time\" content=\"2022-09-05T18:23:55+00:00\" \/>\n<meta property=\"og:image\" content=\"https:\/\/portalmf.com.br\/wp-content\/uploads\/2022\/09\/foto-eloi-correa-govba-1-.jpg\" \/>\n\t<meta property=\"og:image:width\" content=\"984\" \/>\n\t<meta property=\"og:image:height\" content=\"656\" \/>\n\t<meta property=\"og:image:type\" content=\"image\/jpeg\" \/>\n<meta name=\"author\" content=\"Reginaldo J\u00fanior\" \/>\n<meta name=\"twitter:card\" content=\"summary_large_image\" \/>\n<meta name=\"twitter:creator\" content=\"@reginaldojrmf\" \/>\n<meta name=\"twitter:label1\" content=\"Escrito por\" \/>\n\t<meta name=\"twitter:data1\" content=\"Reginaldo J\u00fanior\" \/>\n\t<meta name=\"twitter:label2\" content=\"Est. tempo de leitura\" \/>\n\t<meta name=\"twitter:data2\" content=\"1 minuto\" \/>\n<script type=\"application\/ld+json\" class=\"yoast-schema-graph\">{\"@context\":\"https:\/\/schema.org\",\"@graph\":[{\"@type\":\"WebPage\",\"@id\":\"https:\/\/portalmf.com.br\/index.php\/2022\/09\/05\/rui-desafia-acm-neto-a-ir-a-debate-na-tve\/\",\"url\":\"https:\/\/portalmf.com.br\/index.php\/2022\/09\/05\/rui-desafia-acm-neto-a-ir-a-debate-na-tve\/\",\"name\":\"Rui desafia ACM Neto a ir a debate na TVE - Portal MF\",\"isPartOf\":{\"@id\":\"https:\/\/portalmf.com.br\/#website\"},\"primaryImageOfPage\":{\"@id\":\"https:\/\/portalmf.com.br\/index.php\/2022\/09\/05\/rui-desafia-acm-neto-a-ir-a-debate-na-tve\/#primaryimage\"},\"image\":{\"@id\":\"https:\/\/portalmf.com.br\/index.php\/2022\/09\/05\/rui-desafia-acm-neto-a-ir-a-debate-na-tve\/#primaryimage\"},\"thumbnailUrl\":\"https:\/\/portalmf.com.br\/wp-content\/uploads\/2022\/09\/foto-eloi-correa-govba-1-.jpg\",\"datePublished\":\"2022-09-05T18:23:54+00:00\",\"dateModified\":\"2022-09-05T18:23:55+00:00\",\"author\":{\"@id\":\"https:\/\/portalmf.com.br\/#\/schema\/person\/11c82086fe8abc05a19147e964587285\"},\"breadcrumb\":{\"@id\":\"https:\/\/portalmf.com.br\/index.php\/2022\/09\/05\/rui-desafia-acm-neto-a-ir-a-debate-na-tve\/#breadcrumb\"},\"inLanguage\":\"pt-BR\",\"potentialAction\":[{\"@type\":\"ReadAction\",\"target\":[\"https:\/\/portalmf.com.br\/index.php\/2022\/09\/05\/rui-desafia-acm-neto-a-ir-a-debate-na-tve\/\"]}]},{\"@type\":\"ImageObject\",\"inLanguage\":\"pt-BR\",\"@id\":\"https:\/\/portalmf.com.br\/index.php\/2022\/09\/05\/rui-desafia-acm-neto-a-ir-a-debate-na-tve\/#primaryimage\",\"url\":\"https:\/\/portalmf.com.br\/wp-content\/uploads\/2022\/09\/foto-eloi-correa-govba-1-.jpg\",\"contentUrl\":\"https:\/\/portalmf.com.br\/wp-content\/uploads\/2022\/09\/foto-eloi-correa-govba-1-.jpg\",\"width\":984,\"height\":656},{\"@type\":\"BreadcrumbList\",\"@id\":\"https:\/\/portalmf.com.br\/index.php\/2022\/09\/05\/rui-desafia-acm-neto-a-ir-a-debate-na-tve\/#breadcrumb\",\"itemListElement\":[{\"@type\":\"ListItem\",\"position\":1,\"name\":\"In\u00edcio\",\"item\":\"https:\/\/portalmf.com.br\/\"},{\"@type\":\"ListItem\",\"position\":2,\"name\":\"Rui desafia ACM Neto a ir a debate na TVE\"}]},{\"@type\":\"WebSite\",\"@id\":\"https:\/\/portalmf.com.br\/#website\",\"url\":\"https:\/\/portalmf.com.br\/\",\"name\":\"Portal MF\",\"description\":\"Voc\u00ea conectado com a informa\u00e7\u00e3o\",\"potentialAction\":[{\"@type\":\"SearchAction\",\"target\":{\"@type\":\"EntryPoint\",\"urlTemplate\":\"https:\/\/portalmf.com.br\/?s={search_term_string}\"},\"query-input\":\"required name=search_term_string\"}],\"inLanguage\":\"pt-BR\"},{\"@type\":\"Person\",\"@id\":\"https:\/\/portalmf.com.br\/#\/schema\/person\/11c82086fe8abc05a19147e964587285\",\"name\":\"Reginaldo J\u00fanior\",\"image\":{\"@type\":\"ImageObject\",\"inLanguage\":\"pt-BR\",\"@id\":\"https:\/\/portalmf.com.br\/#\/schema\/person\/image\/\",\"url\":\"https:\/\/secure.gravatar.com\/avatar\/32a3c797cd0ac47cc53b8644c62776f9?s=96&d=mm&r=g\",\"contentUrl\":\"https:\/\/secure.gravatar.com\/avatar\/32a3c797cd0ac47cc53b8644c62776f9?s=96&d=mm&r=g\",\"caption\":\"Reginaldo J\u00fanior\"},\"description\":\"Jornalista e idealizador Portal MF\",\"sameAs\":[\"https:\/\/portalmf.com.br\/index.php\/author\/reginaldojr\/\",\"reginaldojrfsa\",\"reginaldojuniormf\",\"https:\/\/x.com\/reginaldojrmf\"],\"url\":\"https:\/\/portalmf.com.br\/index.php\/author\/reginaldojr\/\"}]}<\/script>\n<!-- \/ Yoast SEO plugin. -->","yoast_head_json":{"title":"Rui desafia ACM Neto a ir a debate na TVE - Portal MF","robots":{"index":"index","follow":"follow","max-snippet":"max-snippet:-1","max-image-preview":"max-image-preview:large","max-video-preview":"max-video-preview:-1"},"canonical":"https:\/\/portalmf.com.br\/index.php\/2022\/09\/05\/rui-desafia-acm-neto-a-ir-a-debate-na-tve\/","og_locale":"pt_BR","og_type":"article","og_title":"Rui desafia ACM Neto a ir a debate na TVE - Portal MF","og_description":"O governador Rui Costa (PT) desafiou o candidato do Uni\u00e3o Brasil e ex-prefeito de Salvador a comparecer ao debate da TVE, marcado para esta ter\u00e7a-feira (6), a partir da 21h, com transmiss\u00e3o simultaneamente pela R\u00e1dio Educadora FM, Youtube, Facebook, Twitter e Instagram da emissora. Este \u00e9 o segundo debate televisionado entre os candidatos a governador [&hellip;]","og_url":"https:\/\/portalmf.com.br\/index.php\/2022\/09\/05\/rui-desafia-acm-neto-a-ir-a-debate-na-tve\/","og_site_name":"Portal MF","article_author":"reginaldojrfsa","article_published_time":"2022-09-05T18:23:54+00:00","article_modified_time":"2022-09-05T18:23:55+00:00","og_image":[{"width":984,"height":656,"url":"https:\/\/portalmf.com.br\/wp-content\/uploads\/2022\/09\/foto-eloi-correa-govba-1-.jpg","type":"image\/jpeg"}],"author":"Reginaldo J\u00fanior","twitter_card":"summary_large_image","twitter_creator":"@reginaldojrmf","twitter_misc":{"Escrito por":"Reginaldo J\u00fanior","Est. tempo de leitura":"1 minuto"},"schema":{"@context":"https:\/\/schema.org","@graph":[{"@type":"WebPage","@id":"https:\/\/portalmf.com.br\/index.php\/2022\/09\/05\/rui-desafia-acm-neto-a-ir-a-debate-na-tve\/","url":"https:\/\/portalmf.com.br\/index.php\/2022\/09\/05\/rui-desafia-acm-neto-a-ir-a-debate-na-tve\/","name":"Rui desafia ACM Neto a ir a debate na TVE - Portal MF","isPartOf":{"@id":"https:\/\/portalmf.com.br\/#website"},"primaryImageOfPage":{"@id":"https:\/\/portalmf.com.br\/index.php\/2022\/09\/05\/rui-desafia-acm-neto-a-ir-a-debate-na-tve\/#primaryimage"},"image":{"@id":"https:\/\/portalmf.com.br\/index.php\/2022\/09\/05\/rui-desafia-acm-neto-a-ir-a-debate-na-tve\/#primaryimage"},"thumbnailUrl":"https:\/\/portalmf.com.br\/wp-content\/uploads\/2022\/09\/foto-eloi-correa-govba-1-.jpg","datePublished":"2022-09-05T18:23:54+00:00","dateModified":"2022-09-05T18:23:55+00:00","author":{"@id":"https:\/\/portalmf.com.br\/#\/schema\/person\/11c82086fe8abc05a19147e964587285"},"breadcrumb":{"@id":"https:\/\/portalmf.com.br\/index.php\/2022\/09\/05\/rui-desafia-acm-neto-a-ir-a-debate-na-tve\/#breadcrumb"},"inLanguage":"pt-BR","potentialAction":[{"@type":"ReadAction","target":["https:\/\/portalmf.com.br\/index.php\/2022\/09\/05\/rui-desafia-acm-neto-a-ir-a-debate-na-tve\/"]}]},{"@type":"ImageObject","inLanguage":"pt-BR","@id":"https:\/\/portalmf.com.br\/index.php\/2022\/09\/05\/rui-desafia-acm-neto-a-ir-a-debate-na-tve\/#primaryimage","url":"https:\/\/portalmf.com.br\/wp-content\/uploads\/2022\/09\/foto-eloi-correa-govba-1-.jpg","contentUrl":"https:\/\/portalmf.com.br\/wp-content\/uploads\/2022\/09\/foto-eloi-correa-govba-1-.jpg","width":984,"height":656},{"@type":"BreadcrumbList","@id":"https:\/\/portalmf.com.br\/index.php\/2022\/09\/05\/rui-desafia-acm-neto-a-ir-a-debate-na-tve\/#breadcrumb","itemListElement":[{"@type":"ListItem","position":1,"name":"In\u00edcio","item":"https:\/\/portalmf.com.br\/"},{"@type":"ListItem","position":2,"name":"Rui desafia ACM Neto a ir a debate na TVE"}]},{"@type":"WebSite","@id":"https:\/\/portalmf.com.br\/#website","url":"https:\/\/portalmf.com.br\/","name":"Portal MF","description":"Voc\u00ea conectado com a informa\u00e7\u00e3o","potentialAction":[{"@type":"SearchAction","target":{"@type":"EntryPoint","urlTemplate":"https:\/\/portalmf.com.br\/?s={search_term_string}"},"query-input":"required name=search_term_string"}],"inLanguage":"pt-BR"},{"@type":"Person","@id":"https:\/\/portalmf.com.br\/#\/schema\/person\/11c82086fe8abc05a19147e964587285","name":"Reginaldo J\u00fanior","image":{"@type":"ImageObject","inLanguage":"pt-BR","@id":"https:\/\/portalmf.com.br\/#\/schema\/person\/image\/","url":"https:\/\/secure.gravatar.com\/avatar\/32a3c797cd0ac47cc53b8644c62776f9?s=96&d=mm&r=g","contentUrl":"https:\/\/secure.gravatar.com\/avatar\/32a3c797cd0ac47cc53b8644c62776f9?s=96&d=mm&r=g","caption":"Reginaldo J\u00fanior"},"description":"Jornalista e idealizador Portal MF","sameAs":["https:\/\/portalmf.com.br\/index.php\/author\/reginaldojr\/","reginaldojrfsa","reginaldojuniormf","https:\/\/x.com\/reginaldojrmf"],"url":"https:\/\/portalmf.com.br\/index.php\/author\/reginaldojr\/"}]}},"_links":{"self":[{"href":"https:\/\/portalmf.com.br\/index.php\/wp-json\/wp\/v2\/posts\/3986"}],"collection":[{"href":"https:\/\/portalmf.com.br\/index.php\/wp-json\/wp\/v2\/posts"}],"about":[{"href":"https:\/\/portalmf.com.br\/index.php\/wp-json\/wp\/v2\/types\/post"}],"author":[{"embeddable":true,"href":"https:\/\/portalmf.com.br\/index.php\/wp-json\/wp\/v2\/users\/2"}],"replies":[{"embeddable":true,"href":"https:\/\/portalmf.com.br\/index.php\/wp-json\/wp\/v2\/comments?post=3986"}],"version-history":[{"count":1,"href":"https:\/\/portalmf.com.br\/index.php\/wp-json\/wp\/v2\/posts\/3986\/revisions"}],"predecessor-version":[{"id":3988,"href":"https:\/\/portalmf.com.br\/index.php\/wp-json\/wp\/v2\/posts\/3986\/revisions\/3988"}],"wp:featuredmedia":[{"embeddable":true,"href":"https:\/\/portalmf.com.br\/index.php\/wp-json\/wp\/v2\/media\/3987"}],"wp:attachment":[{"href":"https:\/\/portalmf.com.br\/index.php\/wp-json\/wp\/v2\/media?parent=3986"}],"wp:term":[{"taxonomy":"category","embeddable":true,"href":"https:\/\/portalmf.com.br\/index.php\/wp-json\/wp\/v2\/categories?post=3986"},{"taxonomy":"post_tag","embeddable":true,"href":"https:\/\/portalmf.com.br\/index.php\/wp-json\/wp\/v2\/tags?post=3986"}],"curies":[{"name":"wp","href":"https:\/\/api.w.org\/{rel}","templated":true}]}}