{"id":3983,"date":"2022-09-05T14:58:41","date_gmt":"2022-09-05T17:58:41","guid":{"rendered":"http:\/\/portalmf.com.br\/?p=3983"},"modified":"2022-09-05T14:58:42","modified_gmt":"2022-09-05T17:58:42","slug":"vou-trazer-um-braco-da-uneb-para-livramento-afirma-acm-neto","status":"publish","type":"post","link":"https:\/\/portalmf.com.br\/index.php\/2022\/09\/05\/vou-trazer-um-braco-da-uneb-para-livramento-afirma-acm-neto\/","title":{"rendered":"\u201dVou trazer um bra\u00e7o da UNEB para Livramento\u201d, afirma ACM Neto"},"content":{"rendered":"\n<p>O candidato a governador ACM Neto (Uni\u00e3o Brasil) disse que a cidade de Livramento de Nossa Senhora vai ter um bra\u00e7o da Universidade do Estado da Bahia (UNEB). Neto apontou que a atual gest\u00e3o passou 16 anos na administra\u00e7\u00e3o da Bahia e n\u00e3o deu aten\u00e7\u00e3o \u00e0s reais necessidades da popula\u00e7\u00e3o.<\/p>\n\n\n\n<p>\u201cEles tiveram 16 anos para trazer uma extens\u00e3o da Universidade do Estado para Livramento e n\u00e3o trouxeram\u201d, salientou. \u201cMas n\u00f3s vamos trazer essa unidade para a juventude da regi\u00e3o. N\u00f3s vamos mudar a realidade da educa\u00e7\u00e3o na Bahia\u201d, afirmou Neto durante visita \u00e0 cidade no \u00faltimo domingo (05).<\/p>\n\n\n\n<p>Acompanhado pelos candidatos a vice-governadora Ana Coelho (Republicanos) e ao Senado Cac\u00e1 Le\u00e3o (PP), o candidato realizou uma carreata com 3,5 km acompanhado por centenas de pessoas. O percurso come\u00e7ou na pra\u00e7a Bom Jesus do Taquari e foi finalizado na pra\u00e7a Zezinho Tanajura, onde ACM Neto teve a oportunidade de conversar com a popula\u00e7\u00e3o.<\/p>\n\n\n\n<p>Ele criticou os \u00edndices atuais que colocam a Bahia como o estado mais violento, com maior n\u00famero de desempregados e pior qualidade de ensino em todo o pa\u00eds. E destacou: \u201cEu posso garantir que eu vou suar a camisa e eu vou fazer dessa miss\u00e3o, a miss\u00e3o da minha vida\u201d.<\/p>\n\n\n\n<p><em>\u201cSe Deus quiser, a partir de primeiro de janeiro a Bahia vai deixar de ter um Governo que foge das responsabilidades para ter um governador que vai enfrentar os desafios e entregar um futuro muito melhor para todos baianos\u201d,<\/em> discursou.<\/p>\n\n\n\n<p>Neto fez quest\u00e3o de ressaltar a emo\u00e7\u00e3o que sentiu durante o percurso pela cidade. \u201c<em>O que n\u00f3s vimos hoje nas ruas de Livramento, essa multid\u00e3o reunida aqui para nos ouvir, \u00e9 a maior prova de que o povo baiano decidiu que quer mudan\u00e7a no dia 2 de outubro\u201d,<\/em> salientou durante a conversa.<\/p>\n\n\n\n<p>Ainda no domingo, Neto participou de carreata na cidade de Botupor\u00e3. Na ocasi\u00e3o, tamb\u00e9m aproveitou para falar com os moradores do munic\u00edpio que o acompanharam durante o trajeto.<\/p>\n\n\n\n<p><em>\u201cNessa luta eu tenho procurado ser muito verdadeiro, porque eu acho que acima de tudo o que as pessoas esperam da gente \u00e9 a verdade. Quem me conhece sabe, eu n\u00e3o sou uma pessoa de prometer o que eu n\u00e3o posso cumprir. Ao contr\u00e1rio, eu prometo pouco e fa\u00e7o muito. E \u00e9 por isso que eu sou respeitado\u201d,<\/em> apontou.<\/p>\n\n\n\n<p><em>\u201cDeus me permitiu acumular experi\u00eancia e conhecimento. Lutei muito, trabalhei bastante e sempre procurei oferecer o melhor de mim. Hoje eu posso dizer a voc\u00eas que eu me preparei a vida inteira para ter a oportunidade de disputar o Governo da Bahia. E eu acredito que, unidos, n\u00f3s podemos fazer do nosso estado o melhor de todo o Brasil\u201d,<\/em> ressaltou o ex-prefeito de Salvador.<\/p>\n","protected":false},"excerpt":{"rendered":"<p>O candidato a governador ACM Neto (Uni\u00e3o Brasil) disse que a cidade de Livramento de Nossa Senhora vai ter um bra\u00e7o da Universidade do Estado da Bahia (UNEB). Neto apontou que a atual gest\u00e3o passou 16 anos na administra\u00e7\u00e3o da Bahia e n\u00e3o deu aten\u00e7\u00e3o \u00e0s reais necessidades da popula\u00e7\u00e3o. \u201cEles tiveram 16 anos para [&hellip;]<\/p>\n","protected":false},"author":2,"featured_media":3984,"comment_status":"open","ping_status":"open","sticky":false,"template":"","format":"standard","meta":{"_monsterinsights_skip_tracking":false,"_monsterinsights_sitenote_active":false,"_monsterinsights_sitenote_note":"","_monsterinsights_sitenote_category":0,"footnotes":""},"categories":[34],"tags":[69,66,67,73,186,72,185],"yoast_head":"<!-- This site is optimized with the Yoast SEO plugin v22.9 - https:\/\/yoast.com\/wordpress\/plugins\/seo\/ -->\n<title>\u201dVou trazer um bra\u00e7o da UNEB para Livramento\u201d, afirma ACM Neto - Portal MF<\/title>\n<meta name=\"robots\" content=\"index, follow, max-snippet:-1, max-image-preview:large, max-video-preview:-1\" \/>\n<link rel=\"canonical\" href=\"https:\/\/portalmf.com.br\/index.php\/2022\/09\/05\/vou-trazer-um-braco-da-uneb-para-livramento-afirma-acm-neto\/\" \/>\n<meta property=\"og:locale\" content=\"pt_BR\" \/>\n<meta property=\"og:type\" content=\"article\" \/>\n<meta property=\"og:title\" content=\"\u201dVou trazer um bra\u00e7o da UNEB para Livramento\u201d, afirma ACM Neto - Portal MF\" \/>\n<meta property=\"og:description\" content=\"O candidato a governador ACM Neto (Uni\u00e3o Brasil) disse que a cidade de Livramento de Nossa Senhora vai ter um bra\u00e7o da Universidade do Estado da Bahia (UNEB). Neto apontou que a atual gest\u00e3o passou 16 anos na administra\u00e7\u00e3o da Bahia e n\u00e3o deu aten\u00e7\u00e3o \u00e0s reais necessidades da popula\u00e7\u00e3o. \u201cEles tiveram 16 anos para [&hellip;]\" \/>\n<meta property=\"og:url\" content=\"https:\/\/portalmf.com.br\/index.php\/2022\/09\/05\/vou-trazer-um-braco-da-uneb-para-livramento-afirma-acm-neto\/\" \/>\n<meta property=\"og:site_name\" content=\"Portal MF\" \/>\n<meta property=\"article:author\" content=\"reginaldojrfsa\" \/>\n<meta property=\"article:published_time\" content=\"2022-09-05T17:58:41+00:00\" \/>\n<meta property=\"article:modified_time\" content=\"2022-09-05T17:58:42+00:00\" \/>\n<meta property=\"og:image\" content=\"https:\/\/portalmf.com.br\/wp-content\/uploads\/2022\/09\/WhatsApp-Image-2022-09-05-at-13.27.55.jpeg\" \/>\n\t<meta property=\"og:image:width\" content=\"1181\" \/>\n\t<meta property=\"og:image:height\" content=\"1280\" \/>\n\t<meta property=\"og:image:type\" content=\"image\/jpeg\" \/>\n<meta name=\"author\" content=\"Reginaldo J\u00fanior\" \/>\n<meta name=\"twitter:card\" content=\"summary_large_image\" \/>\n<meta name=\"twitter:creator\" content=\"@reginaldojrmf\" \/>\n<meta name=\"twitter:label1\" content=\"Escrito por\" \/>\n\t<meta name=\"twitter:data1\" content=\"Reginaldo J\u00fanior\" \/>\n\t<meta name=\"twitter:label2\" content=\"Est. tempo de leitura\" \/>\n\t<meta name=\"twitter:data2\" content=\"3 minutos\" \/>\n<script type=\"application\/ld+json\" class=\"yoast-schema-graph\">{\"@context\":\"https:\/\/schema.org\",\"@graph\":[{\"@type\":\"WebPage\",\"@id\":\"https:\/\/portalmf.com.br\/index.php\/2022\/09\/05\/vou-trazer-um-braco-da-uneb-para-livramento-afirma-acm-neto\/\",\"url\":\"https:\/\/portalmf.com.br\/index.php\/2022\/09\/05\/vou-trazer-um-braco-da-uneb-para-livramento-afirma-acm-neto\/\",\"name\":\"\u201dVou trazer um bra\u00e7o da UNEB para Livramento\u201d, afirma ACM Neto - Portal MF\",\"isPartOf\":{\"@id\":\"https:\/\/portalmf.com.br\/#website\"},\"primaryImageOfPage\":{\"@id\":\"https:\/\/portalmf.com.br\/index.php\/2022\/09\/05\/vou-trazer-um-braco-da-uneb-para-livramento-afirma-acm-neto\/#primaryimage\"},\"image\":{\"@id\":\"https:\/\/portalmf.com.br\/index.php\/2022\/09\/05\/vou-trazer-um-braco-da-uneb-para-livramento-afirma-acm-neto\/#primaryimage\"},\"thumbnailUrl\":\"https:\/\/portalmf.com.br\/wp-content\/uploads\/2022\/09\/WhatsApp-Image-2022-09-05-at-13.27.55.jpeg\",\"datePublished\":\"2022-09-05T17:58:41+00:00\",\"dateModified\":\"2022-09-05T17:58:42+00:00\",\"author\":{\"@id\":\"https:\/\/portalmf.com.br\/#\/schema\/person\/11c82086fe8abc05a19147e964587285\"},\"breadcrumb\":{\"@id\":\"https:\/\/portalmf.com.br\/index.php\/2022\/09\/05\/vou-trazer-um-braco-da-uneb-para-livramento-afirma-acm-neto\/#breadcrumb\"},\"inLanguage\":\"pt-BR\",\"potentialAction\":[{\"@type\":\"ReadAction\",\"target\":[\"https:\/\/portalmf.com.br\/index.php\/2022\/09\/05\/vou-trazer-um-braco-da-uneb-para-livramento-afirma-acm-neto\/\"]}]},{\"@type\":\"ImageObject\",\"inLanguage\":\"pt-BR\",\"@id\":\"https:\/\/portalmf.com.br\/index.php\/2022\/09\/05\/vou-trazer-um-braco-da-uneb-para-livramento-afirma-acm-neto\/#primaryimage\",\"url\":\"https:\/\/portalmf.com.br\/wp-content\/uploads\/2022\/09\/WhatsApp-Image-2022-09-05-at-13.27.55.jpeg\",\"contentUrl\":\"https:\/\/portalmf.com.br\/wp-content\/uploads\/2022\/09\/WhatsApp-Image-2022-09-05-at-13.27.55.jpeg\",\"width\":1181,\"height\":1280},{\"@type\":\"BreadcrumbList\",\"@id\":\"https:\/\/portalmf.com.br\/index.php\/2022\/09\/05\/vou-trazer-um-braco-da-uneb-para-livramento-afirma-acm-neto\/#breadcrumb\",\"itemListElement\":[{\"@type\":\"ListItem\",\"position\":1,\"name\":\"In\u00edcio\",\"item\":\"https:\/\/portalmf.com.br\/\"},{\"@type\":\"ListItem\",\"position\":2,\"name\":\"\u201dVou trazer um bra\u00e7o da UNEB para Livramento\u201d, afirma ACM Neto\"}]},{\"@type\":\"WebSite\",\"@id\":\"https:\/\/portalmf.com.br\/#website\",\"url\":\"https:\/\/portalmf.com.br\/\",\"name\":\"Portal MF\",\"description\":\"Voc\u00ea conectado com a informa\u00e7\u00e3o\",\"potentialAction\":[{\"@type\":\"SearchAction\",\"target\":{\"@type\":\"EntryPoint\",\"urlTemplate\":\"https:\/\/portalmf.com.br\/?s={search_term_string}\"},\"query-input\":\"required name=search_term_string\"}],\"inLanguage\":\"pt-BR\"},{\"@type\":\"Person\",\"@id\":\"https:\/\/portalmf.com.br\/#\/schema\/person\/11c82086fe8abc05a19147e964587285\",\"name\":\"Reginaldo J\u00fanior\",\"image\":{\"@type\":\"ImageObject\",\"inLanguage\":\"pt-BR\",\"@id\":\"https:\/\/portalmf.com.br\/#\/schema\/person\/image\/\",\"url\":\"https:\/\/secure.gravatar.com\/avatar\/32a3c797cd0ac47cc53b8644c62776f9?s=96&d=mm&r=g\",\"contentUrl\":\"https:\/\/secure.gravatar.com\/avatar\/32a3c797cd0ac47cc53b8644c62776f9?s=96&d=mm&r=g\",\"caption\":\"Reginaldo J\u00fanior\"},\"description\":\"Jornalista e idealizador Portal MF\",\"sameAs\":[\"https:\/\/portalmf.com.br\/index.php\/author\/reginaldojr\/\",\"reginaldojrfsa\",\"reginaldojuniormf\",\"https:\/\/x.com\/reginaldojrmf\"],\"url\":\"https:\/\/portalmf.com.br\/index.php\/author\/reginaldojr\/\"}]}<\/script>\n<!-- \/ Yoast SEO plugin. -->","yoast_head_json":{"title":"\u201dVou trazer um bra\u00e7o da UNEB para Livramento\u201d, afirma ACM Neto - Portal MF","robots":{"index":"index","follow":"follow","max-snippet":"max-snippet:-1","max-image-preview":"max-image-preview:large","max-video-preview":"max-video-preview:-1"},"canonical":"https:\/\/portalmf.com.br\/index.php\/2022\/09\/05\/vou-trazer-um-braco-da-uneb-para-livramento-afirma-acm-neto\/","og_locale":"pt_BR","og_type":"article","og_title":"\u201dVou trazer um bra\u00e7o da UNEB para Livramento\u201d, afirma ACM Neto - Portal MF","og_description":"O candidato a governador ACM Neto (Uni\u00e3o Brasil) disse que a cidade de Livramento de Nossa Senhora vai ter um bra\u00e7o da Universidade do Estado da Bahia (UNEB). Neto apontou que a atual gest\u00e3o passou 16 anos na administra\u00e7\u00e3o da Bahia e n\u00e3o deu aten\u00e7\u00e3o \u00e0s reais necessidades da popula\u00e7\u00e3o. \u201cEles tiveram 16 anos para [&hellip;]","og_url":"https:\/\/portalmf.com.br\/index.php\/2022\/09\/05\/vou-trazer-um-braco-da-uneb-para-livramento-afirma-acm-neto\/","og_site_name":"Portal MF","article_author":"reginaldojrfsa","article_published_time":"2022-09-05T17:58:41+00:00","article_modified_time":"2022-09-05T17:58:42+00:00","og_image":[{"width":1181,"height":1280,"url":"https:\/\/portalmf.com.br\/wp-content\/uploads\/2022\/09\/WhatsApp-Image-2022-09-05-at-13.27.55.jpeg","type":"image\/jpeg"}],"author":"Reginaldo J\u00fanior","twitter_card":"summary_large_image","twitter_creator":"@reginaldojrmf","twitter_misc":{"Escrito por":"Reginaldo J\u00fanior","Est. tempo de leitura":"3 minutos"},"schema":{"@context":"https:\/\/schema.org","@graph":[{"@type":"WebPage","@id":"https:\/\/portalmf.com.br\/index.php\/2022\/09\/05\/vou-trazer-um-braco-da-uneb-para-livramento-afirma-acm-neto\/","url":"https:\/\/portalmf.com.br\/index.php\/2022\/09\/05\/vou-trazer-um-braco-da-uneb-para-livramento-afirma-acm-neto\/","name":"\u201dVou trazer um bra\u00e7o da UNEB para Livramento\u201d, afirma ACM Neto - Portal MF","isPartOf":{"@id":"https:\/\/portalmf.com.br\/#website"},"primaryImageOfPage":{"@id":"https:\/\/portalmf.com.br\/index.php\/2022\/09\/05\/vou-trazer-um-braco-da-uneb-para-livramento-afirma-acm-neto\/#primaryimage"},"image":{"@id":"https:\/\/portalmf.com.br\/index.php\/2022\/09\/05\/vou-trazer-um-braco-da-uneb-para-livramento-afirma-acm-neto\/#primaryimage"},"thumbnailUrl":"https:\/\/portalmf.com.br\/wp-content\/uploads\/2022\/09\/WhatsApp-Image-2022-09-05-at-13.27.55.jpeg","datePublished":"2022-09-05T17:58:41+00:00","dateModified":"2022-09-05T17:58:42+00:00","author":{"@id":"https:\/\/portalmf.com.br\/#\/schema\/person\/11c82086fe8abc05a19147e964587285"},"breadcrumb":{"@id":"https:\/\/portalmf.com.br\/index.php\/2022\/09\/05\/vou-trazer-um-braco-da-uneb-para-livramento-afirma-acm-neto\/#breadcrumb"},"inLanguage":"pt-BR","potentialAction":[{"@type":"ReadAction","target":["https:\/\/portalmf.com.br\/index.php\/2022\/09\/05\/vou-trazer-um-braco-da-uneb-para-livramento-afirma-acm-neto\/"]}]},{"@type":"ImageObject","inLanguage":"pt-BR","@id":"https:\/\/portalmf.com.br\/index.php\/2022\/09\/05\/vou-trazer-um-braco-da-uneb-para-livramento-afirma-acm-neto\/#primaryimage","url":"https:\/\/portalmf.com.br\/wp-content\/uploads\/2022\/09\/WhatsApp-Image-2022-09-05-at-13.27.55.jpeg","contentUrl":"https:\/\/portalmf.com.br\/wp-content\/uploads\/2022\/09\/WhatsApp-Image-2022-09-05-at-13.27.55.jpeg","width":1181,"height":1280},{"@type":"BreadcrumbList","@id":"https:\/\/portalmf.com.br\/index.php\/2022\/09\/05\/vou-trazer-um-braco-da-uneb-para-livramento-afirma-acm-neto\/#breadcrumb","itemListElement":[{"@type":"ListItem","position":1,"name":"In\u00edcio","item":"https:\/\/portalmf.com.br\/"},{"@type":"ListItem","position":2,"name":"\u201dVou trazer um bra\u00e7o da UNEB para Livramento\u201d, afirma ACM Neto"}]},{"@type":"WebSite","@id":"https:\/\/portalmf.com.br\/#website","url":"https:\/\/portalmf.com.br\/","name":"Portal MF","description":"Voc\u00ea conectado com a informa\u00e7\u00e3o","potentialAction":[{"@type":"SearchAction","target":{"@type":"EntryPoint","urlTemplate":"https:\/\/portalmf.com.br\/?s={search_term_string}"},"query-input":"required name=search_term_string"}],"inLanguage":"pt-BR"},{"@type":"Person","@id":"https:\/\/portalmf.com.br\/#\/schema\/person\/11c82086fe8abc05a19147e964587285","name":"Reginaldo J\u00fanior","image":{"@type":"ImageObject","inLanguage":"pt-BR","@id":"https:\/\/portalmf.com.br\/#\/schema\/person\/image\/","url":"https:\/\/secure.gravatar.com\/avatar\/32a3c797cd0ac47cc53b8644c62776f9?s=96&d=mm&r=g","contentUrl":"https:\/\/secure.gravatar.com\/avatar\/32a3c797cd0ac47cc53b8644c62776f9?s=96&d=mm&r=g","caption":"Reginaldo J\u00fanior"},"description":"Jornalista e idealizador Portal MF","sameAs":["https:\/\/portalmf.com.br\/index.php\/author\/reginaldojr\/","reginaldojrfsa","reginaldojuniormf","https:\/\/x.com\/reginaldojrmf"],"url":"https:\/\/portalmf.com.br\/index.php\/author\/reginaldojr\/"}]}},"_links":{"self":[{"href":"https:\/\/portalmf.com.br\/index.php\/wp-json\/wp\/v2\/posts\/3983"}],"collection":[{"href":"https:\/\/portalmf.com.br\/index.php\/wp-json\/wp\/v2\/posts"}],"about":[{"href":"https:\/\/portalmf.com.br\/index.php\/wp-json\/wp\/v2\/types\/post"}],"author":[{"embeddable":true,"href":"https:\/\/portalmf.com.br\/index.php\/wp-json\/wp\/v2\/users\/2"}],"replies":[{"embeddable":true,"href":"https:\/\/portalmf.com.br\/index.php\/wp-json\/wp\/v2\/comments?post=3983"}],"version-history":[{"count":1,"href":"https:\/\/portalmf.com.br\/index.php\/wp-json\/wp\/v2\/posts\/3983\/revisions"}],"predecessor-version":[{"id":3985,"href":"https:\/\/portalmf.com.br\/index.php\/wp-json\/wp\/v2\/posts\/3983\/revisions\/3985"}],"wp:featuredmedia":[{"embeddable":true,"href":"https:\/\/portalmf.com.br\/index.php\/wp-json\/wp\/v2\/media\/3984"}],"wp:attachment":[{"href":"https:\/\/portalmf.com.br\/index.php\/wp-json\/wp\/v2\/media?parent=3983"}],"wp:term":[{"taxonomy":"category","embeddable":true,"href":"https:\/\/portalmf.com.br\/index.php\/wp-json\/wp\/v2\/categories?post=3983"},{"taxonomy":"post_tag","embeddable":true,"href":"https:\/\/portalmf.com.br\/index.php\/wp-json\/wp\/v2\/tags?post=3983"}],"curies":[{"name":"wp","href":"https:\/\/api.w.org\/{rel}","templated":true}]}}