{"id":3980,"date":"2022-09-05T14:51:36","date_gmt":"2022-09-05T17:51:36","guid":{"rendered":"http:\/\/portalmf.com.br\/?p=3980"},"modified":"2022-09-05T14:51:37","modified_gmt":"2022-09-05T17:51:37","slug":"vamos-cuidar-de-todos-os-baianos-dos-mais-pobres-aos-grandes-empresarios-afirma-jeronimo","status":"publish","type":"post","link":"https:\/\/portalmf.com.br\/index.php\/2022\/09\/05\/vamos-cuidar-de-todos-os-baianos-dos-mais-pobres-aos-grandes-empresarios-afirma-jeronimo\/","title":{"rendered":"&#8220;Vamos cuidar de todos os baianos, dos mais pobres aos grandes empres\u00e1rios\u201d, afirma Jer\u00f4nimo"},"content":{"rendered":"\n<p>O candidato a governador Jer\u00f4nimo Rodrigues (PT) criticou as gest\u00f5es do ex-prefeito Acm Neto (Uni\u00e3o Brasil) por conta da ind\u00fastria das multas e da cobran\u00e7a de taxas abusivas para o empresariado e para popula\u00e7\u00e3o. Em entrevista \u00e0 r\u00e1dio Metr\u00f3pole, o petista destacou que ir\u00e1 atuar para fortalecer a economia baiana e o empresariado da Bahia, mas com justi\u00e7a social.<\/p>\n\n\n\n<p>&#8220;N\u00f3s vamos cuidar de todos os baianos, dos mais pobres aos grandes empres\u00e1rios. Vamos atuar diferente do ex-prefeito. Ele que aumentou mais de 1.000% o IPTU, o maior da hist\u00f3ria, e terminou fechando empresas e aumentando o desemprego. Ele que implantou uma ind\u00fastria de multas, que agride todos os motoristas que circulam em Salvador. Em apenas cinco meses desse ano, a prefeitura arrecadou mais de R$ 35 milh\u00f5es&#8221;, afirmou Jer\u00f4nimo.<\/p>\n\n\n\n<p>O candidato do Time de Lula na Bahia destacou que ir\u00e1 gerar emprego a partir de tr\u00eas pilares: \u201co primeiro s\u00e3o as obras estaduais, construindo, ampliando e reformando hospitais, maternidades, policl\u00ednicas, escolas, encostas, barragens e rodovias, apenas para citar algumas a\u00e7\u00f5es. O segundo pilar \u00e9 a parceria com o presidente Lula. A ponte Salvador-Itaparica, a retomada do Minha Casa, Minha Vida, da ind\u00fastria naval, das ferrovias Oeste-Leste (FIOL) e Centro-Atl\u00e2ntica (FCA), al\u00e9m do Porto Sul. Por fim, vou lan\u00e7ar um plano de reindustrializa\u00e7\u00e3o da Bahia para atrair novas ind\u00fastrias a partir de bases tecnol\u00f3gicas e ambientais. Em di\u00e1logo permanente com os empres\u00e1rios, vamos estimular \u00e0 constru\u00e7\u00e3o civil, a economia criativa, economia verde, a energia e\u00f3lica e solar, al\u00e9m do hidrog\u00eanio verde\u201d, ressalta o candidato.<\/p>\n\n\n\n<p><em>&#8220;O ex-prefeito insiste em dizer que tanto faz (sobre as elei\u00e7\u00f5es presidenciais). Para ele, tanto faz um prato com comida ou a fome? O cidad\u00e3o empregado ou desempregado? O tanto faz n\u00e3o \u00e9 bom para o Brasil e bem para a Bahia [\u2026] Eu quero pedir que o ex-prefeito venha debater comigo<\/em>&#8220;, complementou o postulante ao Pal\u00e1cio de Ondina.<\/p>\n\n\n\n<p><strong>Seguran\u00e7a P\u00fablica<\/strong><\/p>\n\n\n\n<p><em>&#8220;Eu continuarei com os investimentos j\u00e1 feitos pelo governo do Estado em infraestrutura, equipamento e efetivo. Eu serei firme contra os grupos criminosos. N\u00f3s trabalharemos com valoriza\u00e7\u00e3o profissional, concursos, forma\u00e7\u00e3o e com um grande investimento em intelig\u00eancia&#8221;,<\/em> garantiu o candidato de Lula na Bahia.<\/p>\n\n\n\n<p><strong>Parceria com Lula<\/strong><\/p>\n\n\n\n<p>Questionado pelos jornalistas sobre como iria atuar com um advers\u00e1rio como presidente da Rep\u00fablica, Jer\u00f4nimo garantiu que ir\u00e1 atuar, assim como Rui Costa (PT), em tudo que cabe ao governador e no que mais seja poss\u00edvel fazer.<\/p>\n\n\n\n<p><em>&#8220;No meu plano de governo est\u00e1 tudo separado, o que \u00e9 responsabilidade estadual, federal e municipal. Eu farei como Rui est\u00e1 fazendo. Por exemplo, aqui em Salvador n\u00f3s pegamos o metr\u00f4 e finalizamos, a obra do metr\u00f4 era responsabilidade municipal&#8221;<\/em>, lembrou o petista.<\/p>\n","protected":false},"excerpt":{"rendered":"<p>O candidato a governador Jer\u00f4nimo Rodrigues (PT) criticou as gest\u00f5es do ex-prefeito Acm Neto (Uni\u00e3o Brasil) por conta da ind\u00fastria das multas e da cobran\u00e7a de taxas abusivas para o empresariado e para popula\u00e7\u00e3o. Em entrevista \u00e0 r\u00e1dio Metr\u00f3pole, o petista destacou que ir\u00e1 atuar para fortalecer a economia baiana e o empresariado da Bahia, [&hellip;]<\/p>\n","protected":false},"author":2,"featured_media":3981,"comment_status":"open","ping_status":"open","sticky":false,"template":"","format":"standard","meta":{"_monsterinsights_skip_tracking":false,"_monsterinsights_sitenote_active":false,"_monsterinsights_sitenote_note":"","_monsterinsights_sitenote_category":0,"footnotes":""},"categories":[34],"tags":[66,67,70,184,71],"yoast_head":"<!-- This site is optimized with the Yoast SEO plugin v22.9 - https:\/\/yoast.com\/wordpress\/plugins\/seo\/ -->\n<title>&quot;Vamos cuidar de todos os baianos, dos mais pobres aos grandes empres\u00e1rios\u201d, afirma Jer\u00f4nimo - Portal MF<\/title>\n<meta name=\"robots\" content=\"index, follow, max-snippet:-1, max-image-preview:large, max-video-preview:-1\" \/>\n<link rel=\"canonical\" href=\"https:\/\/portalmf.com.br\/index.php\/2022\/09\/05\/vamos-cuidar-de-todos-os-baianos-dos-mais-pobres-aos-grandes-empresarios-afirma-jeronimo\/\" \/>\n<meta property=\"og:locale\" content=\"pt_BR\" \/>\n<meta property=\"og:type\" content=\"article\" \/>\n<meta property=\"og:title\" content=\"&quot;Vamos cuidar de todos os baianos, dos mais pobres aos grandes empres\u00e1rios\u201d, afirma Jer\u00f4nimo - Portal MF\" \/>\n<meta property=\"og:description\" content=\"O candidato a governador Jer\u00f4nimo Rodrigues (PT) criticou as gest\u00f5es do ex-prefeito Acm Neto (Uni\u00e3o Brasil) por conta da ind\u00fastria das multas e da cobran\u00e7a de taxas abusivas para o empresariado e para popula\u00e7\u00e3o. Em entrevista \u00e0 r\u00e1dio Metr\u00f3pole, o petista destacou que ir\u00e1 atuar para fortalecer a economia baiana e o empresariado da Bahia, [&hellip;]\" \/>\n<meta property=\"og:url\" content=\"https:\/\/portalmf.com.br\/index.php\/2022\/09\/05\/vamos-cuidar-de-todos-os-baianos-dos-mais-pobres-aos-grandes-empresarios-afirma-jeronimo\/\" \/>\n<meta property=\"og:site_name\" content=\"Portal MF\" \/>\n<meta property=\"article:author\" content=\"reginaldojrfsa\" \/>\n<meta property=\"article:published_time\" content=\"2022-09-05T17:51:36+00:00\" \/>\n<meta property=\"article:modified_time\" content=\"2022-09-05T17:51:37+00:00\" \/>\n<meta property=\"og:image\" content=\"https:\/\/portalmf.com.br\/wp-content\/uploads\/2022\/09\/Vamos-cuidar-de-todos-os-baianos-dos-mais-pobres-aos-grandes-empresarios-afirma-Jeronimo.jpeg\" \/>\n\t<meta property=\"og:image:width\" content=\"1280\" \/>\n\t<meta property=\"og:image:height\" content=\"853\" \/>\n\t<meta property=\"og:image:type\" content=\"image\/jpeg\" \/>\n<meta name=\"author\" content=\"Reginaldo J\u00fanior\" \/>\n<meta name=\"twitter:card\" content=\"summary_large_image\" \/>\n<meta name=\"twitter:creator\" content=\"@reginaldojrmf\" \/>\n<meta name=\"twitter:label1\" content=\"Escrito por\" \/>\n\t<meta name=\"twitter:data1\" content=\"Reginaldo J\u00fanior\" \/>\n\t<meta name=\"twitter:label2\" content=\"Est. tempo de leitura\" \/>\n\t<meta name=\"twitter:data2\" content=\"3 minutos\" \/>\n<script type=\"application\/ld+json\" class=\"yoast-schema-graph\">{\"@context\":\"https:\/\/schema.org\",\"@graph\":[{\"@type\":\"WebPage\",\"@id\":\"https:\/\/portalmf.com.br\/index.php\/2022\/09\/05\/vamos-cuidar-de-todos-os-baianos-dos-mais-pobres-aos-grandes-empresarios-afirma-jeronimo\/\",\"url\":\"https:\/\/portalmf.com.br\/index.php\/2022\/09\/05\/vamos-cuidar-de-todos-os-baianos-dos-mais-pobres-aos-grandes-empresarios-afirma-jeronimo\/\",\"name\":\"\\\"Vamos cuidar de todos os baianos, dos mais pobres aos grandes empres\u00e1rios\u201d, afirma Jer\u00f4nimo - Portal MF\",\"isPartOf\":{\"@id\":\"https:\/\/portalmf.com.br\/#website\"},\"primaryImageOfPage\":{\"@id\":\"https:\/\/portalmf.com.br\/index.php\/2022\/09\/05\/vamos-cuidar-de-todos-os-baianos-dos-mais-pobres-aos-grandes-empresarios-afirma-jeronimo\/#primaryimage\"},\"image\":{\"@id\":\"https:\/\/portalmf.com.br\/index.php\/2022\/09\/05\/vamos-cuidar-de-todos-os-baianos-dos-mais-pobres-aos-grandes-empresarios-afirma-jeronimo\/#primaryimage\"},\"thumbnailUrl\":\"https:\/\/portalmf.com.br\/wp-content\/uploads\/2022\/09\/Vamos-cuidar-de-todos-os-baianos-dos-mais-pobres-aos-grandes-empresarios-afirma-Jeronimo.jpeg\",\"datePublished\":\"2022-09-05T17:51:36+00:00\",\"dateModified\":\"2022-09-05T17:51:37+00:00\",\"author\":{\"@id\":\"https:\/\/portalmf.com.br\/#\/schema\/person\/11c82086fe8abc05a19147e964587285\"},\"breadcrumb\":{\"@id\":\"https:\/\/portalmf.com.br\/index.php\/2022\/09\/05\/vamos-cuidar-de-todos-os-baianos-dos-mais-pobres-aos-grandes-empresarios-afirma-jeronimo\/#breadcrumb\"},\"inLanguage\":\"pt-BR\",\"potentialAction\":[{\"@type\":\"ReadAction\",\"target\":[\"https:\/\/portalmf.com.br\/index.php\/2022\/09\/05\/vamos-cuidar-de-todos-os-baianos-dos-mais-pobres-aos-grandes-empresarios-afirma-jeronimo\/\"]}]},{\"@type\":\"ImageObject\",\"inLanguage\":\"pt-BR\",\"@id\":\"https:\/\/portalmf.com.br\/index.php\/2022\/09\/05\/vamos-cuidar-de-todos-os-baianos-dos-mais-pobres-aos-grandes-empresarios-afirma-jeronimo\/#primaryimage\",\"url\":\"https:\/\/portalmf.com.br\/wp-content\/uploads\/2022\/09\/Vamos-cuidar-de-todos-os-baianos-dos-mais-pobres-aos-grandes-empresarios-afirma-Jeronimo.jpeg\",\"contentUrl\":\"https:\/\/portalmf.com.br\/wp-content\/uploads\/2022\/09\/Vamos-cuidar-de-todos-os-baianos-dos-mais-pobres-aos-grandes-empresarios-afirma-Jeronimo.jpeg\",\"width\":1280,\"height\":853},{\"@type\":\"BreadcrumbList\",\"@id\":\"https:\/\/portalmf.com.br\/index.php\/2022\/09\/05\/vamos-cuidar-de-todos-os-baianos-dos-mais-pobres-aos-grandes-empresarios-afirma-jeronimo\/#breadcrumb\",\"itemListElement\":[{\"@type\":\"ListItem\",\"position\":1,\"name\":\"In\u00edcio\",\"item\":\"https:\/\/portalmf.com.br\/\"},{\"@type\":\"ListItem\",\"position\":2,\"name\":\"&#8220;Vamos cuidar de todos os baianos, dos mais pobres aos grandes empres\u00e1rios\u201d, afirma Jer\u00f4nimo\"}]},{\"@type\":\"WebSite\",\"@id\":\"https:\/\/portalmf.com.br\/#website\",\"url\":\"https:\/\/portalmf.com.br\/\",\"name\":\"Portal MF\",\"description\":\"Voc\u00ea conectado com a informa\u00e7\u00e3o\",\"potentialAction\":[{\"@type\":\"SearchAction\",\"target\":{\"@type\":\"EntryPoint\",\"urlTemplate\":\"https:\/\/portalmf.com.br\/?s={search_term_string}\"},\"query-input\":\"required name=search_term_string\"}],\"inLanguage\":\"pt-BR\"},{\"@type\":\"Person\",\"@id\":\"https:\/\/portalmf.com.br\/#\/schema\/person\/11c82086fe8abc05a19147e964587285\",\"name\":\"Reginaldo J\u00fanior\",\"image\":{\"@type\":\"ImageObject\",\"inLanguage\":\"pt-BR\",\"@id\":\"https:\/\/portalmf.com.br\/#\/schema\/person\/image\/\",\"url\":\"https:\/\/secure.gravatar.com\/avatar\/32a3c797cd0ac47cc53b8644c62776f9?s=96&d=mm&r=g\",\"contentUrl\":\"https:\/\/secure.gravatar.com\/avatar\/32a3c797cd0ac47cc53b8644c62776f9?s=96&d=mm&r=g\",\"caption\":\"Reginaldo J\u00fanior\"},\"description\":\"Jornalista e idealizador Portal MF\",\"sameAs\":[\"https:\/\/portalmf.com.br\/index.php\/author\/reginaldojr\/\",\"reginaldojrfsa\",\"reginaldojuniormf\",\"https:\/\/x.com\/reginaldojrmf\"],\"url\":\"https:\/\/portalmf.com.br\/index.php\/author\/reginaldojr\/\"}]}<\/script>\n<!-- \/ Yoast SEO plugin. -->","yoast_head_json":{"title":"\"Vamos cuidar de todos os baianos, dos mais pobres aos grandes empres\u00e1rios\u201d, afirma Jer\u00f4nimo - Portal MF","robots":{"index":"index","follow":"follow","max-snippet":"max-snippet:-1","max-image-preview":"max-image-preview:large","max-video-preview":"max-video-preview:-1"},"canonical":"https:\/\/portalmf.com.br\/index.php\/2022\/09\/05\/vamos-cuidar-de-todos-os-baianos-dos-mais-pobres-aos-grandes-empresarios-afirma-jeronimo\/","og_locale":"pt_BR","og_type":"article","og_title":"\"Vamos cuidar de todos os baianos, dos mais pobres aos grandes empres\u00e1rios\u201d, afirma Jer\u00f4nimo - Portal MF","og_description":"O candidato a governador Jer\u00f4nimo Rodrigues (PT) criticou as gest\u00f5es do ex-prefeito Acm Neto (Uni\u00e3o Brasil) por conta da ind\u00fastria das multas e da cobran\u00e7a de taxas abusivas para o empresariado e para popula\u00e7\u00e3o. Em entrevista \u00e0 r\u00e1dio Metr\u00f3pole, o petista destacou que ir\u00e1 atuar para fortalecer a economia baiana e o empresariado da Bahia, [&hellip;]","og_url":"https:\/\/portalmf.com.br\/index.php\/2022\/09\/05\/vamos-cuidar-de-todos-os-baianos-dos-mais-pobres-aos-grandes-empresarios-afirma-jeronimo\/","og_site_name":"Portal MF","article_author":"reginaldojrfsa","article_published_time":"2022-09-05T17:51:36+00:00","article_modified_time":"2022-09-05T17:51:37+00:00","og_image":[{"width":1280,"height":853,"url":"https:\/\/portalmf.com.br\/wp-content\/uploads\/2022\/09\/Vamos-cuidar-de-todos-os-baianos-dos-mais-pobres-aos-grandes-empresarios-afirma-Jeronimo.jpeg","type":"image\/jpeg"}],"author":"Reginaldo J\u00fanior","twitter_card":"summary_large_image","twitter_creator":"@reginaldojrmf","twitter_misc":{"Escrito por":"Reginaldo J\u00fanior","Est. tempo de leitura":"3 minutos"},"schema":{"@context":"https:\/\/schema.org","@graph":[{"@type":"WebPage","@id":"https:\/\/portalmf.com.br\/index.php\/2022\/09\/05\/vamos-cuidar-de-todos-os-baianos-dos-mais-pobres-aos-grandes-empresarios-afirma-jeronimo\/","url":"https:\/\/portalmf.com.br\/index.php\/2022\/09\/05\/vamos-cuidar-de-todos-os-baianos-dos-mais-pobres-aos-grandes-empresarios-afirma-jeronimo\/","name":"\"Vamos cuidar de todos os baianos, dos mais pobres aos grandes empres\u00e1rios\u201d, afirma Jer\u00f4nimo - Portal MF","isPartOf":{"@id":"https:\/\/portalmf.com.br\/#website"},"primaryImageOfPage":{"@id":"https:\/\/portalmf.com.br\/index.php\/2022\/09\/05\/vamos-cuidar-de-todos-os-baianos-dos-mais-pobres-aos-grandes-empresarios-afirma-jeronimo\/#primaryimage"},"image":{"@id":"https:\/\/portalmf.com.br\/index.php\/2022\/09\/05\/vamos-cuidar-de-todos-os-baianos-dos-mais-pobres-aos-grandes-empresarios-afirma-jeronimo\/#primaryimage"},"thumbnailUrl":"https:\/\/portalmf.com.br\/wp-content\/uploads\/2022\/09\/Vamos-cuidar-de-todos-os-baianos-dos-mais-pobres-aos-grandes-empresarios-afirma-Jeronimo.jpeg","datePublished":"2022-09-05T17:51:36+00:00","dateModified":"2022-09-05T17:51:37+00:00","author":{"@id":"https:\/\/portalmf.com.br\/#\/schema\/person\/11c82086fe8abc05a19147e964587285"},"breadcrumb":{"@id":"https:\/\/portalmf.com.br\/index.php\/2022\/09\/05\/vamos-cuidar-de-todos-os-baianos-dos-mais-pobres-aos-grandes-empresarios-afirma-jeronimo\/#breadcrumb"},"inLanguage":"pt-BR","potentialAction":[{"@type":"ReadAction","target":["https:\/\/portalmf.com.br\/index.php\/2022\/09\/05\/vamos-cuidar-de-todos-os-baianos-dos-mais-pobres-aos-grandes-empresarios-afirma-jeronimo\/"]}]},{"@type":"ImageObject","inLanguage":"pt-BR","@id":"https:\/\/portalmf.com.br\/index.php\/2022\/09\/05\/vamos-cuidar-de-todos-os-baianos-dos-mais-pobres-aos-grandes-empresarios-afirma-jeronimo\/#primaryimage","url":"https:\/\/portalmf.com.br\/wp-content\/uploads\/2022\/09\/Vamos-cuidar-de-todos-os-baianos-dos-mais-pobres-aos-grandes-empresarios-afirma-Jeronimo.jpeg","contentUrl":"https:\/\/portalmf.com.br\/wp-content\/uploads\/2022\/09\/Vamos-cuidar-de-todos-os-baianos-dos-mais-pobres-aos-grandes-empresarios-afirma-Jeronimo.jpeg","width":1280,"height":853},{"@type":"BreadcrumbList","@id":"https:\/\/portalmf.com.br\/index.php\/2022\/09\/05\/vamos-cuidar-de-todos-os-baianos-dos-mais-pobres-aos-grandes-empresarios-afirma-jeronimo\/#breadcrumb","itemListElement":[{"@type":"ListItem","position":1,"name":"In\u00edcio","item":"https:\/\/portalmf.com.br\/"},{"@type":"ListItem","position":2,"name":"&#8220;Vamos cuidar de todos os baianos, dos mais pobres aos grandes empres\u00e1rios\u201d, afirma Jer\u00f4nimo"}]},{"@type":"WebSite","@id":"https:\/\/portalmf.com.br\/#website","url":"https:\/\/portalmf.com.br\/","name":"Portal MF","description":"Voc\u00ea conectado com a informa\u00e7\u00e3o","potentialAction":[{"@type":"SearchAction","target":{"@type":"EntryPoint","urlTemplate":"https:\/\/portalmf.com.br\/?s={search_term_string}"},"query-input":"required name=search_term_string"}],"inLanguage":"pt-BR"},{"@type":"Person","@id":"https:\/\/portalmf.com.br\/#\/schema\/person\/11c82086fe8abc05a19147e964587285","name":"Reginaldo J\u00fanior","image":{"@type":"ImageObject","inLanguage":"pt-BR","@id":"https:\/\/portalmf.com.br\/#\/schema\/person\/image\/","url":"https:\/\/secure.gravatar.com\/avatar\/32a3c797cd0ac47cc53b8644c62776f9?s=96&d=mm&r=g","contentUrl":"https:\/\/secure.gravatar.com\/avatar\/32a3c797cd0ac47cc53b8644c62776f9?s=96&d=mm&r=g","caption":"Reginaldo J\u00fanior"},"description":"Jornalista e idealizador Portal MF","sameAs":["https:\/\/portalmf.com.br\/index.php\/author\/reginaldojr\/","reginaldojrfsa","reginaldojuniormf","https:\/\/x.com\/reginaldojrmf"],"url":"https:\/\/portalmf.com.br\/index.php\/author\/reginaldojr\/"}]}},"_links":{"self":[{"href":"https:\/\/portalmf.com.br\/index.php\/wp-json\/wp\/v2\/posts\/3980"}],"collection":[{"href":"https:\/\/portalmf.com.br\/index.php\/wp-json\/wp\/v2\/posts"}],"about":[{"href":"https:\/\/portalmf.com.br\/index.php\/wp-json\/wp\/v2\/types\/post"}],"author":[{"embeddable":true,"href":"https:\/\/portalmf.com.br\/index.php\/wp-json\/wp\/v2\/users\/2"}],"replies":[{"embeddable":true,"href":"https:\/\/portalmf.com.br\/index.php\/wp-json\/wp\/v2\/comments?post=3980"}],"version-history":[{"count":1,"href":"https:\/\/portalmf.com.br\/index.php\/wp-json\/wp\/v2\/posts\/3980\/revisions"}],"predecessor-version":[{"id":3982,"href":"https:\/\/portalmf.com.br\/index.php\/wp-json\/wp\/v2\/posts\/3980\/revisions\/3982"}],"wp:featuredmedia":[{"embeddable":true,"href":"https:\/\/portalmf.com.br\/index.php\/wp-json\/wp\/v2\/media\/3981"}],"wp:attachment":[{"href":"https:\/\/portalmf.com.br\/index.php\/wp-json\/wp\/v2\/media?parent=3980"}],"wp:term":[{"taxonomy":"category","embeddable":true,"href":"https:\/\/portalmf.com.br\/index.php\/wp-json\/wp\/v2\/categories?post=3980"},{"taxonomy":"post_tag","embeddable":true,"href":"https:\/\/portalmf.com.br\/index.php\/wp-json\/wp\/v2\/tags?post=3980"}],"curies":[{"name":"wp","href":"https:\/\/api.w.org\/{rel}","templated":true}]}}