{"id":39694,"date":"2025-10-31T17:17:31","date_gmt":"2025-10-31T20:17:31","guid":{"rendered":"https:\/\/portalmf.com.br\/?p=39694"},"modified":"2025-10-31T17:17:32","modified_gmt":"2025-10-31T20:17:32","slug":"prazo-de-inscricoes-do-edital-carnaval-do-pelo-2026-termina-em-novembro","status":"publish","type":"post","link":"https:\/\/portalmf.com.br\/index.php\/2025\/10\/31\/prazo-de-inscricoes-do-edital-carnaval-do-pelo-2026-termina-em-novembro\/","title":{"rendered":"Prazo de inscri\u00e7\u00f5es do Edital Carnaval do Pel\u00f4 2026 termina em novembro"},"content":{"rendered":"\n<p>O prazo de inscri\u00e7\u00e3o no Edital Carnaval do Pel\u00f4 2026 termina na pr\u00f3xima segunda-feira (3). O certame, realizado pela Secretaria de Cultura do Estado da Bahia (Secult-BA), pretende selecionar 87 atra\u00e7\u00f5es culturais para a programa\u00e7\u00e3o art\u00edstica do Carnaval do Pel\u00f4, de 13 a 17 de fevereiro de 2026, no Centro Hist\u00f3rico de Salvador. Os cach\u00eas variam de R$15 mil a R$60 mil, dependendo da modalidade escolhida.<\/p>\n\n\n\n<p>O Pelourinho \u00e9 o ber\u00e7o da cultura afro-baiana e um dos espa\u00e7os mais simb\u00f3licos do Carnaval, onde as tradi\u00e7\u00f5es e express\u00f5es art\u00edsticas ganham forma e contam a hist\u00f3ria da festa. Em 2025, o circuito recebeu mais de 150 atra\u00e7\u00f5es culturais ao longo de seis dias de programa\u00e7\u00e3o, com shows gratuitos nos largos do Pelourinho, Pedro Archanjo, Tereza Batista, Quincas Berro D&#8217;\u00c1gua e Pra\u00e7a das Artes. Nomes como Mariene de Castro, Lazzo Matumbi, Ger\u00f4nimo Santana, Nelson Rufino, Banda Mel e M\u00e1rcia Freire integraram a programa\u00e7\u00e3o.<\/p>\n\n\n\n<p>As inscri\u00e7\u00f5es s\u00e3o gratuitas e devem ser realizadas exclusivamente online, por meio de formul\u00e1rio. O Edital \u00e9 destinado a artistas, grupos e bandas de toda a Bahia, tanto pessoas f\u00edsicas quanto jur\u00eddicas do campo art\u00edstico-cultural, que comprovem atua\u00e7\u00e3o compat\u00edvel com o objeto da sele\u00e7\u00e3o.<\/p>\n\n\n\n<p>==&gt;&nbsp;<strong>Confira o Edital Completo<\/strong><br><br>O processo seletivo contempla 10 modalidades distintas, distribu\u00eddas da seguinte forma:&nbsp;<br>Projeto 03 Artistas (9 vagas, R$ 60 mil cada)<br>Microtrio (6 vagas, R$ 50 mil)<br>Nanotrio (4 vagas, R$ 40 mil)<br>Show Musical em Palco (40 vagas, R$ 30 mil cada, distribu\u00eddas em estilos Afro, Reggae, Arrocha, Ax\u00e9, Antigos Carnavais, Samba, Pagode\/PagoTrap, Rap e Guitarra Baiana)<br>Baile Infantil (8 vagas, R$ 30 mil)<br>Orquestra (5 vagas, R$ 35 mil)<br>Bandinha de Percuss\u00e3o (4 vagas, R$ 15 mil)<br>Band\u00e3o (4 vagas, R$ 45 mil)<br>Bandinha de Sopro e Percuss\u00e3o (2 vagas, R$ 25 mil)<br>Performances (5 vagas, R$ 25 mil).<\/p>\n\n\n\n<p><strong>A sele\u00e7\u00e3o ocorrer\u00e1 em duas etapas:<\/strong><\/p>\n\n\n\n<p>Art\u00edstica (an\u00e1lise de portf\u00f3lio, fotos, material audiovisual e croquis, conforme a modalidade) &nbsp;e Habilita\u00e7\u00e3o documental (apresenta\u00e7\u00e3o de documentos jur\u00eddicos, fiscais, sociais, trabalhistas e t\u00e9cnicos).<\/p>\n\n\n\n<p>Com informa\u00e7\u00f5es da Secult<\/p>\n","protected":false},"excerpt":{"rendered":"<p>O prazo de inscri\u00e7\u00e3o no Edital Carnaval do Pel\u00f4 2026 termina na pr\u00f3xima segunda-feira (3). O certame, realizado pela Secretaria de Cultura do Estado da Bahia (Secult-BA), pretende selecionar 87 atra\u00e7\u00f5es culturais para a programa\u00e7\u00e3o art\u00edstica do Carnaval do Pel\u00f4, de 13 a 17 de fevereiro de 2026, no Centro Hist\u00f3rico de Salvador. Os cach\u00eas [&hellip;]<\/p>\n","protected":false},"author":3,"featured_media":39695,"comment_status":"open","ping_status":"open","sticky":false,"template":"","format":"standard","meta":{"_monsterinsights_skip_tracking":false,"_monsterinsights_sitenote_active":false,"_monsterinsights_sitenote_note":"","_monsterinsights_sitenote_category":0,"footnotes":""},"categories":[44],"tags":[],"yoast_head":"<!-- This site is optimized with the Yoast SEO plugin v22.9 - https:\/\/yoast.com\/wordpress\/plugins\/seo\/ -->\n<title>Prazo de inscri\u00e7\u00f5es do Edital Carnaval do Pel\u00f4 2026 termina em novembro - Portal MF<\/title>\n<meta name=\"robots\" content=\"index, follow, max-snippet:-1, max-image-preview:large, max-video-preview:-1\" \/>\n<link rel=\"canonical\" href=\"https:\/\/portalmf.com.br\/index.php\/2025\/10\/31\/prazo-de-inscricoes-do-edital-carnaval-do-pelo-2026-termina-em-novembro\/\" \/>\n<meta property=\"og:locale\" content=\"pt_BR\" \/>\n<meta property=\"og:type\" content=\"article\" \/>\n<meta property=\"og:title\" content=\"Prazo de inscri\u00e7\u00f5es do Edital Carnaval do Pel\u00f4 2026 termina em novembro - Portal MF\" \/>\n<meta property=\"og:description\" content=\"O prazo de inscri\u00e7\u00e3o no Edital Carnaval do Pel\u00f4 2026 termina na pr\u00f3xima segunda-feira (3). O certame, realizado pela Secretaria de Cultura do Estado da Bahia (Secult-BA), pretende selecionar 87 atra\u00e7\u00f5es culturais para a programa\u00e7\u00e3o art\u00edstica do Carnaval do Pel\u00f4, de 13 a 17 de fevereiro de 2026, no Centro Hist\u00f3rico de Salvador. Os cach\u00eas [&hellip;]\" \/>\n<meta property=\"og:url\" content=\"https:\/\/portalmf.com.br\/index.php\/2025\/10\/31\/prazo-de-inscricoes-do-edital-carnaval-do-pelo-2026-termina-em-novembro\/\" \/>\n<meta property=\"og:site_name\" content=\"Portal MF\" \/>\n<meta property=\"article:author\" content=\"https:\/\/www.facebook.com\/portalmfoficial\" \/>\n<meta property=\"article:published_time\" content=\"2025-10-31T20:17:31+00:00\" \/>\n<meta property=\"article:modified_time\" content=\"2025-10-31T20:17:32+00:00\" \/>\n<meta property=\"og:image\" content=\"https:\/\/portalmf.com.br\/wp-content\/uploads\/2025\/10\/Carnaval-do-Pelo_Creditos_Paula-Froes.jpg\" \/>\n\t<meta property=\"og:image:width\" content=\"1024\" \/>\n\t<meta property=\"og:image:height\" content=\"681\" \/>\n\t<meta property=\"og:image:type\" content=\"image\/jpeg\" \/>\n<meta name=\"author\" content=\"Reda\u00e7\u00e3o Portal MF\" \/>\n<meta name=\"twitter:card\" content=\"summary_large_image\" \/>\n<meta name=\"twitter:creator\" content=\"@https:\/\/x.com\/portalmfoficial\" \/>\n<meta name=\"twitter:label1\" content=\"Escrito por\" \/>\n\t<meta name=\"twitter:data1\" content=\"Reda\u00e7\u00e3o Portal MF\" \/>\n\t<meta name=\"twitter:label2\" content=\"Est. tempo de leitura\" \/>\n\t<meta name=\"twitter:data2\" content=\"3 minutos\" \/>\n<script type=\"application\/ld+json\" class=\"yoast-schema-graph\">{\"@context\":\"https:\/\/schema.org\",\"@graph\":[{\"@type\":\"WebPage\",\"@id\":\"https:\/\/portalmf.com.br\/index.php\/2025\/10\/31\/prazo-de-inscricoes-do-edital-carnaval-do-pelo-2026-termina-em-novembro\/\",\"url\":\"https:\/\/portalmf.com.br\/index.php\/2025\/10\/31\/prazo-de-inscricoes-do-edital-carnaval-do-pelo-2026-termina-em-novembro\/\",\"name\":\"Prazo de inscri\u00e7\u00f5es do Edital Carnaval do Pel\u00f4 2026 termina em novembro - Portal MF\",\"isPartOf\":{\"@id\":\"https:\/\/portalmf.com.br\/#website\"},\"primaryImageOfPage\":{\"@id\":\"https:\/\/portalmf.com.br\/index.php\/2025\/10\/31\/prazo-de-inscricoes-do-edital-carnaval-do-pelo-2026-termina-em-novembro\/#primaryimage\"},\"image\":{\"@id\":\"https:\/\/portalmf.com.br\/index.php\/2025\/10\/31\/prazo-de-inscricoes-do-edital-carnaval-do-pelo-2026-termina-em-novembro\/#primaryimage\"},\"thumbnailUrl\":\"https:\/\/portalmf.com.br\/wp-content\/uploads\/2025\/10\/Carnaval-do-Pelo_Creditos_Paula-Froes.jpg\",\"datePublished\":\"2025-10-31T20:17:31+00:00\",\"dateModified\":\"2025-10-31T20:17:32+00:00\",\"author\":{\"@id\":\"https:\/\/portalmf.com.br\/#\/schema\/person\/9ec101baf56233e53520c26de5d6f6f0\"},\"breadcrumb\":{\"@id\":\"https:\/\/portalmf.com.br\/index.php\/2025\/10\/31\/prazo-de-inscricoes-do-edital-carnaval-do-pelo-2026-termina-em-novembro\/#breadcrumb\"},\"inLanguage\":\"pt-BR\",\"potentialAction\":[{\"@type\":\"ReadAction\",\"target\":[\"https:\/\/portalmf.com.br\/index.php\/2025\/10\/31\/prazo-de-inscricoes-do-edital-carnaval-do-pelo-2026-termina-em-novembro\/\"]}]},{\"@type\":\"ImageObject\",\"inLanguage\":\"pt-BR\",\"@id\":\"https:\/\/portalmf.com.br\/index.php\/2025\/10\/31\/prazo-de-inscricoes-do-edital-carnaval-do-pelo-2026-termina-em-novembro\/#primaryimage\",\"url\":\"https:\/\/portalmf.com.br\/wp-content\/uploads\/2025\/10\/Carnaval-do-Pelo_Creditos_Paula-Froes.jpg\",\"contentUrl\":\"https:\/\/portalmf.com.br\/wp-content\/uploads\/2025\/10\/Carnaval-do-Pelo_Creditos_Paula-Froes.jpg\",\"width\":1024,\"height\":681},{\"@type\":\"BreadcrumbList\",\"@id\":\"https:\/\/portalmf.com.br\/index.php\/2025\/10\/31\/prazo-de-inscricoes-do-edital-carnaval-do-pelo-2026-termina-em-novembro\/#breadcrumb\",\"itemListElement\":[{\"@type\":\"ListItem\",\"position\":1,\"name\":\"In\u00edcio\",\"item\":\"https:\/\/portalmf.com.br\/\"},{\"@type\":\"ListItem\",\"position\":2,\"name\":\"Prazo de inscri\u00e7\u00f5es do Edital Carnaval do Pel\u00f4 2026 termina em novembro\"}]},{\"@type\":\"WebSite\",\"@id\":\"https:\/\/portalmf.com.br\/#website\",\"url\":\"https:\/\/portalmf.com.br\/\",\"name\":\"Portal MF\",\"description\":\"Voc\u00ea conectado com a informa\u00e7\u00e3o\",\"potentialAction\":[{\"@type\":\"SearchAction\",\"target\":{\"@type\":\"EntryPoint\",\"urlTemplate\":\"https:\/\/portalmf.com.br\/?s={search_term_string}\"},\"query-input\":\"required name=search_term_string\"}],\"inLanguage\":\"pt-BR\"},{\"@type\":\"Person\",\"@id\":\"https:\/\/portalmf.com.br\/#\/schema\/person\/9ec101baf56233e53520c26de5d6f6f0\",\"name\":\"Reda\u00e7\u00e3o Portal MF\",\"image\":{\"@type\":\"ImageObject\",\"inLanguage\":\"pt-BR\",\"@id\":\"https:\/\/portalmf.com.br\/#\/schema\/person\/image\/\",\"url\":\"https:\/\/secure.gravatar.com\/avatar\/41b9aaeb2100835f7c64362330f74c7f?s=96&d=mm&r=g\",\"contentUrl\":\"https:\/\/secure.gravatar.com\/avatar\/41b9aaeb2100835f7c64362330f74c7f?s=96&d=mm&r=g\",\"caption\":\"Reda\u00e7\u00e3o Portal MF\"},\"description\":\"Sejam bem-vindos o portal de informa\u00e7\u00f5es de entretenimento de Feira de Santana, desde 2006 realiza coberturas dos principais eventos com entrevistas exclusivas com as principais personalidades mundiais. Fique conectado tamb\u00e9m nas redes sociais.\",\"sameAs\":[\"http:\/\/www.portalmf.com.br\/\",\"https:\/\/www.facebook.com\/portalmfoficial\",\"https:\/\/www.instagram.com\/portalmf\/\",\"https:\/\/x.com\/https:\/\/x.com\/portalmfoficial\",\"https:\/\/www.youtube.com\/@portalmfoficial\"],\"url\":\"https:\/\/portalmf.com.br\/index.php\/author\/junior\/\"}]}<\/script>\n<!-- \/ Yoast SEO plugin. -->","yoast_head_json":{"title":"Prazo de inscri\u00e7\u00f5es do Edital Carnaval do Pel\u00f4 2026 termina em novembro - Portal MF","robots":{"index":"index","follow":"follow","max-snippet":"max-snippet:-1","max-image-preview":"max-image-preview:large","max-video-preview":"max-video-preview:-1"},"canonical":"https:\/\/portalmf.com.br\/index.php\/2025\/10\/31\/prazo-de-inscricoes-do-edital-carnaval-do-pelo-2026-termina-em-novembro\/","og_locale":"pt_BR","og_type":"article","og_title":"Prazo de inscri\u00e7\u00f5es do Edital Carnaval do Pel\u00f4 2026 termina em novembro - Portal MF","og_description":"O prazo de inscri\u00e7\u00e3o no Edital Carnaval do Pel\u00f4 2026 termina na pr\u00f3xima segunda-feira (3). O certame, realizado pela Secretaria de Cultura do Estado da Bahia (Secult-BA), pretende selecionar 87 atra\u00e7\u00f5es culturais para a programa\u00e7\u00e3o art\u00edstica do Carnaval do Pel\u00f4, de 13 a 17 de fevereiro de 2026, no Centro Hist\u00f3rico de Salvador. Os cach\u00eas [&hellip;]","og_url":"https:\/\/portalmf.com.br\/index.php\/2025\/10\/31\/prazo-de-inscricoes-do-edital-carnaval-do-pelo-2026-termina-em-novembro\/","og_site_name":"Portal MF","article_author":"https:\/\/www.facebook.com\/portalmfoficial","article_published_time":"2025-10-31T20:17:31+00:00","article_modified_time":"2025-10-31T20:17:32+00:00","og_image":[{"width":1024,"height":681,"url":"https:\/\/portalmf.com.br\/wp-content\/uploads\/2025\/10\/Carnaval-do-Pelo_Creditos_Paula-Froes.jpg","type":"image\/jpeg"}],"author":"Reda\u00e7\u00e3o Portal MF","twitter_card":"summary_large_image","twitter_creator":"@https:\/\/x.com\/portalmfoficial","twitter_misc":{"Escrito por":"Reda\u00e7\u00e3o Portal MF","Est. tempo de leitura":"3 minutos"},"schema":{"@context":"https:\/\/schema.org","@graph":[{"@type":"WebPage","@id":"https:\/\/portalmf.com.br\/index.php\/2025\/10\/31\/prazo-de-inscricoes-do-edital-carnaval-do-pelo-2026-termina-em-novembro\/","url":"https:\/\/portalmf.com.br\/index.php\/2025\/10\/31\/prazo-de-inscricoes-do-edital-carnaval-do-pelo-2026-termina-em-novembro\/","name":"Prazo de inscri\u00e7\u00f5es do Edital Carnaval do Pel\u00f4 2026 termina em novembro - Portal MF","isPartOf":{"@id":"https:\/\/portalmf.com.br\/#website"},"primaryImageOfPage":{"@id":"https:\/\/portalmf.com.br\/index.php\/2025\/10\/31\/prazo-de-inscricoes-do-edital-carnaval-do-pelo-2026-termina-em-novembro\/#primaryimage"},"image":{"@id":"https:\/\/portalmf.com.br\/index.php\/2025\/10\/31\/prazo-de-inscricoes-do-edital-carnaval-do-pelo-2026-termina-em-novembro\/#primaryimage"},"thumbnailUrl":"https:\/\/portalmf.com.br\/wp-content\/uploads\/2025\/10\/Carnaval-do-Pelo_Creditos_Paula-Froes.jpg","datePublished":"2025-10-31T20:17:31+00:00","dateModified":"2025-10-31T20:17:32+00:00","author":{"@id":"https:\/\/portalmf.com.br\/#\/schema\/person\/9ec101baf56233e53520c26de5d6f6f0"},"breadcrumb":{"@id":"https:\/\/portalmf.com.br\/index.php\/2025\/10\/31\/prazo-de-inscricoes-do-edital-carnaval-do-pelo-2026-termina-em-novembro\/#breadcrumb"},"inLanguage":"pt-BR","potentialAction":[{"@type":"ReadAction","target":["https:\/\/portalmf.com.br\/index.php\/2025\/10\/31\/prazo-de-inscricoes-do-edital-carnaval-do-pelo-2026-termina-em-novembro\/"]}]},{"@type":"ImageObject","inLanguage":"pt-BR","@id":"https:\/\/portalmf.com.br\/index.php\/2025\/10\/31\/prazo-de-inscricoes-do-edital-carnaval-do-pelo-2026-termina-em-novembro\/#primaryimage","url":"https:\/\/portalmf.com.br\/wp-content\/uploads\/2025\/10\/Carnaval-do-Pelo_Creditos_Paula-Froes.jpg","contentUrl":"https:\/\/portalmf.com.br\/wp-content\/uploads\/2025\/10\/Carnaval-do-Pelo_Creditos_Paula-Froes.jpg","width":1024,"height":681},{"@type":"BreadcrumbList","@id":"https:\/\/portalmf.com.br\/index.php\/2025\/10\/31\/prazo-de-inscricoes-do-edital-carnaval-do-pelo-2026-termina-em-novembro\/#breadcrumb","itemListElement":[{"@type":"ListItem","position":1,"name":"In\u00edcio","item":"https:\/\/portalmf.com.br\/"},{"@type":"ListItem","position":2,"name":"Prazo de inscri\u00e7\u00f5es do Edital Carnaval do Pel\u00f4 2026 termina em novembro"}]},{"@type":"WebSite","@id":"https:\/\/portalmf.com.br\/#website","url":"https:\/\/portalmf.com.br\/","name":"Portal MF","description":"Voc\u00ea conectado com a informa\u00e7\u00e3o","potentialAction":[{"@type":"SearchAction","target":{"@type":"EntryPoint","urlTemplate":"https:\/\/portalmf.com.br\/?s={search_term_string}"},"query-input":"required name=search_term_string"}],"inLanguage":"pt-BR"},{"@type":"Person","@id":"https:\/\/portalmf.com.br\/#\/schema\/person\/9ec101baf56233e53520c26de5d6f6f0","name":"Reda\u00e7\u00e3o Portal MF","image":{"@type":"ImageObject","inLanguage":"pt-BR","@id":"https:\/\/portalmf.com.br\/#\/schema\/person\/image\/","url":"https:\/\/secure.gravatar.com\/avatar\/41b9aaeb2100835f7c64362330f74c7f?s=96&d=mm&r=g","contentUrl":"https:\/\/secure.gravatar.com\/avatar\/41b9aaeb2100835f7c64362330f74c7f?s=96&d=mm&r=g","caption":"Reda\u00e7\u00e3o Portal MF"},"description":"Sejam bem-vindos o portal de informa\u00e7\u00f5es de entretenimento de Feira de Santana, desde 2006 realiza coberturas dos principais eventos com entrevistas exclusivas com as principais personalidades mundiais. Fique conectado tamb\u00e9m nas redes sociais.","sameAs":["http:\/\/www.portalmf.com.br\/","https:\/\/www.facebook.com\/portalmfoficial","https:\/\/www.instagram.com\/portalmf\/","https:\/\/x.com\/https:\/\/x.com\/portalmfoficial","https:\/\/www.youtube.com\/@portalmfoficial"],"url":"https:\/\/portalmf.com.br\/index.php\/author\/junior\/"}]}},"_links":{"self":[{"href":"https:\/\/portalmf.com.br\/index.php\/wp-json\/wp\/v2\/posts\/39694"}],"collection":[{"href":"https:\/\/portalmf.com.br\/index.php\/wp-json\/wp\/v2\/posts"}],"about":[{"href":"https:\/\/portalmf.com.br\/index.php\/wp-json\/wp\/v2\/types\/post"}],"author":[{"embeddable":true,"href":"https:\/\/portalmf.com.br\/index.php\/wp-json\/wp\/v2\/users\/3"}],"replies":[{"embeddable":true,"href":"https:\/\/portalmf.com.br\/index.php\/wp-json\/wp\/v2\/comments?post=39694"}],"version-history":[{"count":1,"href":"https:\/\/portalmf.com.br\/index.php\/wp-json\/wp\/v2\/posts\/39694\/revisions"}],"predecessor-version":[{"id":39696,"href":"https:\/\/portalmf.com.br\/index.php\/wp-json\/wp\/v2\/posts\/39694\/revisions\/39696"}],"wp:featuredmedia":[{"embeddable":true,"href":"https:\/\/portalmf.com.br\/index.php\/wp-json\/wp\/v2\/media\/39695"}],"wp:attachment":[{"href":"https:\/\/portalmf.com.br\/index.php\/wp-json\/wp\/v2\/media?parent=39694"}],"wp:term":[{"taxonomy":"category","embeddable":true,"href":"https:\/\/portalmf.com.br\/index.php\/wp-json\/wp\/v2\/categories?post=39694"},{"taxonomy":"post_tag","embeddable":true,"href":"https:\/\/portalmf.com.br\/index.php\/wp-json\/wp\/v2\/tags?post=39694"}],"curies":[{"name":"wp","href":"https:\/\/api.w.org\/{rel}","templated":true}]}}