{"id":39569,"date":"2025-10-21T07:56:38","date_gmt":"2025-10-21T10:56:38","guid":{"rendered":"https:\/\/portalmf.com.br\/?p=39569"},"modified":"2025-10-23T08:01:51","modified_gmt":"2025-10-23T11:01:51","slug":"feira-de-santana-em-breve-sera-contemplada-com-nova-filial-da-supreme-protecao-veicular","status":"publish","type":"post","link":"https:\/\/portalmf.com.br\/index.php\/2025\/10\/21\/feira-de-santana-em-breve-sera-contemplada-com-nova-filial-da-supreme-protecao-veicular\/","title":{"rendered":"Feira de Santana em breve ser\u00e1 contemplada com nova filial da Supreme Prote\u00e7\u00e3o Veicular"},"content":{"rendered":"\n<p>Estamos chegando para oferecer mais seguran\u00e7a, credibilidade e excel\u00eancia em atendimento, no seguimento de prote\u00e7\u00e3o veicular a Supreme Prote\u00e7\u00e3o Veicular que j\u00e1 atua no mercado, principalmente na regi\u00e3o do Sul e Baixo Sul do estado com uma carteira de clientes vultuosa na regi\u00e3o e com satisfa\u00e7\u00e3o dos clientes nos servi\u00e7os entregues, chega \u00e0 Feira de Santana com o intuito de n\u00e3o s\u00f3 vender um servi\u00e7o, mas sim de fornecer credibilidade e confian\u00e7a aos seus associados.<\/p>\n\n\n\n<p>Para confirmar esse sentimento de seguran\u00e7a e confiabilidade \u00e0 Supreme ir\u00e1 se instalar em um dos pontos mais conhecidos e tradicionais de nossa cidade \u201c O famoso Ponto do Zequinha, que se encontrava fechado devido ao falecimento do querido e conhecido Zequinha\u201d Tendo em vista que seus familiares n\u00e3o queriam passar o ponto tradicional, em nossa cidade para que fosse explorado por um segmento e que o mesmo n\u00e3o mantivesse confiabilidade que o nome Ponto do Zequinha tem a Supreme com toda a sua credibilidade foi aceita para manter o nome e o legado desse que \u00e9 um ponto de refer\u00eancia em nossa cidade mesmo que a empresa atue em outro segmento, a Supreme ficar\u00e1 instalada em um ponto de refer\u00eancia em Feira de Santana, e que com toda certeza se tornar\u00e1 refer\u00eancia quando forem perguntados onde fica a Supreme a resposta ser\u00e1 no antigo Ponto do Zequinha.<\/p>\n\n\n\n<p>Aguarde, vem a\u00ed um novo jeito de seguran\u00e7a e prote\u00e7\u00e3o para o seu bem.<\/p>\n\n\n\n<p>Supreme Prote\u00e7\u00e3o Veicular.<\/p>\n","protected":false},"excerpt":{"rendered":"<p>Estamos chegando para oferecer mais seguran\u00e7a, credibilidade e excel\u00eancia em atendimento, no seguimento de prote\u00e7\u00e3o veicular a Supreme Prote\u00e7\u00e3o Veicular que j\u00e1 atua no mercado, principalmente na regi\u00e3o do Sul e Baixo Sul do estado com uma carteira de clientes vultuosa na regi\u00e3o e com satisfa\u00e7\u00e3o dos clientes nos servi\u00e7os entregues, chega \u00e0 Feira de [&hellip;]<\/p>\n","protected":false},"author":3,"featured_media":39570,"comment_status":"open","ping_status":"open","sticky":false,"template":"","format":"standard","meta":{"_monsterinsights_skip_tracking":false,"_monsterinsights_sitenote_active":false,"_monsterinsights_sitenote_note":"","_monsterinsights_sitenote_category":0,"footnotes":""},"categories":[1],"tags":[],"yoast_head":"<!-- This site is optimized with the Yoast SEO plugin v22.9 - https:\/\/yoast.com\/wordpress\/plugins\/seo\/ -->\n<title>Feira de Santana em breve ser\u00e1 contemplada com nova filial da Supreme Prote\u00e7\u00e3o Veicular - Portal MF<\/title>\n<meta name=\"robots\" content=\"index, follow, max-snippet:-1, max-image-preview:large, max-video-preview:-1\" \/>\n<link rel=\"canonical\" href=\"https:\/\/portalmf.com.br\/index.php\/2025\/10\/21\/feira-de-santana-em-breve-sera-contemplada-com-nova-filial-da-supreme-protecao-veicular\/\" \/>\n<meta property=\"og:locale\" content=\"pt_BR\" \/>\n<meta property=\"og:type\" content=\"article\" \/>\n<meta property=\"og:title\" content=\"Feira de Santana em breve ser\u00e1 contemplada com nova filial da Supreme Prote\u00e7\u00e3o Veicular - Portal MF\" \/>\n<meta property=\"og:description\" content=\"Estamos chegando para oferecer mais seguran\u00e7a, credibilidade e excel\u00eancia em atendimento, no seguimento de prote\u00e7\u00e3o veicular a Supreme Prote\u00e7\u00e3o Veicular que j\u00e1 atua no mercado, principalmente na regi\u00e3o do Sul e Baixo Sul do estado com uma carteira de clientes vultuosa na regi\u00e3o e com satisfa\u00e7\u00e3o dos clientes nos servi\u00e7os entregues, chega \u00e0 Feira de [&hellip;]\" \/>\n<meta property=\"og:url\" content=\"https:\/\/portalmf.com.br\/index.php\/2025\/10\/21\/feira-de-santana-em-breve-sera-contemplada-com-nova-filial-da-supreme-protecao-veicular\/\" \/>\n<meta property=\"og:site_name\" content=\"Portal MF\" \/>\n<meta property=\"article:author\" content=\"https:\/\/www.facebook.com\/portalmfoficial\" \/>\n<meta property=\"article:published_time\" content=\"2025-10-21T10:56:38+00:00\" \/>\n<meta property=\"article:modified_time\" content=\"2025-10-23T11:01:51+00:00\" \/>\n<meta property=\"og:image\" content=\"https:\/\/portalmf.com.br\/wp-content\/uploads\/2025\/10\/Supreme_-scaled.jpg\" \/>\n\t<meta property=\"og:image:width\" content=\"2560\" \/>\n\t<meta property=\"og:image:height\" content=\"1920\" \/>\n\t<meta property=\"og:image:type\" content=\"image\/jpeg\" \/>\n<meta name=\"author\" content=\"Reda\u00e7\u00e3o Portal MF\" \/>\n<meta name=\"twitter:card\" content=\"summary_large_image\" \/>\n<meta name=\"twitter:creator\" content=\"@https:\/\/x.com\/portalmfoficial\" \/>\n<meta name=\"twitter:label1\" content=\"Escrito por\" \/>\n\t<meta name=\"twitter:data1\" content=\"Reda\u00e7\u00e3o Portal MF\" \/>\n\t<meta name=\"twitter:label2\" content=\"Est. tempo de leitura\" \/>\n\t<meta name=\"twitter:data2\" content=\"2 minutos\" \/>\n<script type=\"application\/ld+json\" class=\"yoast-schema-graph\">{\"@context\":\"https:\/\/schema.org\",\"@graph\":[{\"@type\":\"WebPage\",\"@id\":\"https:\/\/portalmf.com.br\/index.php\/2025\/10\/21\/feira-de-santana-em-breve-sera-contemplada-com-nova-filial-da-supreme-protecao-veicular\/\",\"url\":\"https:\/\/portalmf.com.br\/index.php\/2025\/10\/21\/feira-de-santana-em-breve-sera-contemplada-com-nova-filial-da-supreme-protecao-veicular\/\",\"name\":\"Feira de Santana em breve ser\u00e1 contemplada com nova filial da Supreme Prote\u00e7\u00e3o Veicular - Portal MF\",\"isPartOf\":{\"@id\":\"https:\/\/portalmf.com.br\/#website\"},\"primaryImageOfPage\":{\"@id\":\"https:\/\/portalmf.com.br\/index.php\/2025\/10\/21\/feira-de-santana-em-breve-sera-contemplada-com-nova-filial-da-supreme-protecao-veicular\/#primaryimage\"},\"image\":{\"@id\":\"https:\/\/portalmf.com.br\/index.php\/2025\/10\/21\/feira-de-santana-em-breve-sera-contemplada-com-nova-filial-da-supreme-protecao-veicular\/#primaryimage\"},\"thumbnailUrl\":\"https:\/\/portalmf.com.br\/wp-content\/uploads\/2025\/10\/Supreme_-scaled.jpg\",\"datePublished\":\"2025-10-21T10:56:38+00:00\",\"dateModified\":\"2025-10-23T11:01:51+00:00\",\"author\":{\"@id\":\"https:\/\/portalmf.com.br\/#\/schema\/person\/9ec101baf56233e53520c26de5d6f6f0\"},\"breadcrumb\":{\"@id\":\"https:\/\/portalmf.com.br\/index.php\/2025\/10\/21\/feira-de-santana-em-breve-sera-contemplada-com-nova-filial-da-supreme-protecao-veicular\/#breadcrumb\"},\"inLanguage\":\"pt-BR\",\"potentialAction\":[{\"@type\":\"ReadAction\",\"target\":[\"https:\/\/portalmf.com.br\/index.php\/2025\/10\/21\/feira-de-santana-em-breve-sera-contemplada-com-nova-filial-da-supreme-protecao-veicular\/\"]}]},{\"@type\":\"ImageObject\",\"inLanguage\":\"pt-BR\",\"@id\":\"https:\/\/portalmf.com.br\/index.php\/2025\/10\/21\/feira-de-santana-em-breve-sera-contemplada-com-nova-filial-da-supreme-protecao-veicular\/#primaryimage\",\"url\":\"https:\/\/portalmf.com.br\/wp-content\/uploads\/2025\/10\/Supreme_-scaled.jpg\",\"contentUrl\":\"https:\/\/portalmf.com.br\/wp-content\/uploads\/2025\/10\/Supreme_-scaled.jpg\",\"width\":2560,\"height\":1920},{\"@type\":\"BreadcrumbList\",\"@id\":\"https:\/\/portalmf.com.br\/index.php\/2025\/10\/21\/feira-de-santana-em-breve-sera-contemplada-com-nova-filial-da-supreme-protecao-veicular\/#breadcrumb\",\"itemListElement\":[{\"@type\":\"ListItem\",\"position\":1,\"name\":\"In\u00edcio\",\"item\":\"https:\/\/portalmf.com.br\/\"},{\"@type\":\"ListItem\",\"position\":2,\"name\":\"Feira de Santana em breve ser\u00e1 contemplada com nova filial da Supreme Prote\u00e7\u00e3o Veicular\"}]},{\"@type\":\"WebSite\",\"@id\":\"https:\/\/portalmf.com.br\/#website\",\"url\":\"https:\/\/portalmf.com.br\/\",\"name\":\"Portal MF\",\"description\":\"Voc\u00ea conectado com a informa\u00e7\u00e3o\",\"potentialAction\":[{\"@type\":\"SearchAction\",\"target\":{\"@type\":\"EntryPoint\",\"urlTemplate\":\"https:\/\/portalmf.com.br\/?s={search_term_string}\"},\"query-input\":\"required name=search_term_string\"}],\"inLanguage\":\"pt-BR\"},{\"@type\":\"Person\",\"@id\":\"https:\/\/portalmf.com.br\/#\/schema\/person\/9ec101baf56233e53520c26de5d6f6f0\",\"name\":\"Reda\u00e7\u00e3o Portal MF\",\"image\":{\"@type\":\"ImageObject\",\"inLanguage\":\"pt-BR\",\"@id\":\"https:\/\/portalmf.com.br\/#\/schema\/person\/image\/\",\"url\":\"https:\/\/secure.gravatar.com\/avatar\/41b9aaeb2100835f7c64362330f74c7f?s=96&d=mm&r=g\",\"contentUrl\":\"https:\/\/secure.gravatar.com\/avatar\/41b9aaeb2100835f7c64362330f74c7f?s=96&d=mm&r=g\",\"caption\":\"Reda\u00e7\u00e3o Portal MF\"},\"description\":\"Sejam bem-vindos o portal de informa\u00e7\u00f5es de entretenimento de Feira de Santana, desde 2006 realiza coberturas dos principais eventos com entrevistas exclusivas com as principais personalidades mundiais. Fique conectado tamb\u00e9m nas redes sociais.\",\"sameAs\":[\"http:\/\/www.portalmf.com.br\/\",\"https:\/\/www.facebook.com\/portalmfoficial\",\"https:\/\/www.instagram.com\/portalmf\/\",\"https:\/\/x.com\/https:\/\/x.com\/portalmfoficial\",\"https:\/\/www.youtube.com\/@portalmfoficial\"],\"url\":\"https:\/\/portalmf.com.br\/index.php\/author\/junior\/\"}]}<\/script>\n<!-- \/ Yoast SEO plugin. -->","yoast_head_json":{"title":"Feira de Santana em breve ser\u00e1 contemplada com nova filial da Supreme Prote\u00e7\u00e3o Veicular - Portal MF","robots":{"index":"index","follow":"follow","max-snippet":"max-snippet:-1","max-image-preview":"max-image-preview:large","max-video-preview":"max-video-preview:-1"},"canonical":"https:\/\/portalmf.com.br\/index.php\/2025\/10\/21\/feira-de-santana-em-breve-sera-contemplada-com-nova-filial-da-supreme-protecao-veicular\/","og_locale":"pt_BR","og_type":"article","og_title":"Feira de Santana em breve ser\u00e1 contemplada com nova filial da Supreme Prote\u00e7\u00e3o Veicular - Portal MF","og_description":"Estamos chegando para oferecer mais seguran\u00e7a, credibilidade e excel\u00eancia em atendimento, no seguimento de prote\u00e7\u00e3o veicular a Supreme Prote\u00e7\u00e3o Veicular que j\u00e1 atua no mercado, principalmente na regi\u00e3o do Sul e Baixo Sul do estado com uma carteira de clientes vultuosa na regi\u00e3o e com satisfa\u00e7\u00e3o dos clientes nos servi\u00e7os entregues, chega \u00e0 Feira de [&hellip;]","og_url":"https:\/\/portalmf.com.br\/index.php\/2025\/10\/21\/feira-de-santana-em-breve-sera-contemplada-com-nova-filial-da-supreme-protecao-veicular\/","og_site_name":"Portal MF","article_author":"https:\/\/www.facebook.com\/portalmfoficial","article_published_time":"2025-10-21T10:56:38+00:00","article_modified_time":"2025-10-23T11:01:51+00:00","og_image":[{"width":2560,"height":1920,"url":"https:\/\/portalmf.com.br\/wp-content\/uploads\/2025\/10\/Supreme_-scaled.jpg","type":"image\/jpeg"}],"author":"Reda\u00e7\u00e3o Portal MF","twitter_card":"summary_large_image","twitter_creator":"@https:\/\/x.com\/portalmfoficial","twitter_misc":{"Escrito por":"Reda\u00e7\u00e3o Portal MF","Est. tempo de leitura":"2 minutos"},"schema":{"@context":"https:\/\/schema.org","@graph":[{"@type":"WebPage","@id":"https:\/\/portalmf.com.br\/index.php\/2025\/10\/21\/feira-de-santana-em-breve-sera-contemplada-com-nova-filial-da-supreme-protecao-veicular\/","url":"https:\/\/portalmf.com.br\/index.php\/2025\/10\/21\/feira-de-santana-em-breve-sera-contemplada-com-nova-filial-da-supreme-protecao-veicular\/","name":"Feira de Santana em breve ser\u00e1 contemplada com nova filial da Supreme Prote\u00e7\u00e3o Veicular - Portal MF","isPartOf":{"@id":"https:\/\/portalmf.com.br\/#website"},"primaryImageOfPage":{"@id":"https:\/\/portalmf.com.br\/index.php\/2025\/10\/21\/feira-de-santana-em-breve-sera-contemplada-com-nova-filial-da-supreme-protecao-veicular\/#primaryimage"},"image":{"@id":"https:\/\/portalmf.com.br\/index.php\/2025\/10\/21\/feira-de-santana-em-breve-sera-contemplada-com-nova-filial-da-supreme-protecao-veicular\/#primaryimage"},"thumbnailUrl":"https:\/\/portalmf.com.br\/wp-content\/uploads\/2025\/10\/Supreme_-scaled.jpg","datePublished":"2025-10-21T10:56:38+00:00","dateModified":"2025-10-23T11:01:51+00:00","author":{"@id":"https:\/\/portalmf.com.br\/#\/schema\/person\/9ec101baf56233e53520c26de5d6f6f0"},"breadcrumb":{"@id":"https:\/\/portalmf.com.br\/index.php\/2025\/10\/21\/feira-de-santana-em-breve-sera-contemplada-com-nova-filial-da-supreme-protecao-veicular\/#breadcrumb"},"inLanguage":"pt-BR","potentialAction":[{"@type":"ReadAction","target":["https:\/\/portalmf.com.br\/index.php\/2025\/10\/21\/feira-de-santana-em-breve-sera-contemplada-com-nova-filial-da-supreme-protecao-veicular\/"]}]},{"@type":"ImageObject","inLanguage":"pt-BR","@id":"https:\/\/portalmf.com.br\/index.php\/2025\/10\/21\/feira-de-santana-em-breve-sera-contemplada-com-nova-filial-da-supreme-protecao-veicular\/#primaryimage","url":"https:\/\/portalmf.com.br\/wp-content\/uploads\/2025\/10\/Supreme_-scaled.jpg","contentUrl":"https:\/\/portalmf.com.br\/wp-content\/uploads\/2025\/10\/Supreme_-scaled.jpg","width":2560,"height":1920},{"@type":"BreadcrumbList","@id":"https:\/\/portalmf.com.br\/index.php\/2025\/10\/21\/feira-de-santana-em-breve-sera-contemplada-com-nova-filial-da-supreme-protecao-veicular\/#breadcrumb","itemListElement":[{"@type":"ListItem","position":1,"name":"In\u00edcio","item":"https:\/\/portalmf.com.br\/"},{"@type":"ListItem","position":2,"name":"Feira de Santana em breve ser\u00e1 contemplada com nova filial da Supreme Prote\u00e7\u00e3o Veicular"}]},{"@type":"WebSite","@id":"https:\/\/portalmf.com.br\/#website","url":"https:\/\/portalmf.com.br\/","name":"Portal MF","description":"Voc\u00ea conectado com a informa\u00e7\u00e3o","potentialAction":[{"@type":"SearchAction","target":{"@type":"EntryPoint","urlTemplate":"https:\/\/portalmf.com.br\/?s={search_term_string}"},"query-input":"required name=search_term_string"}],"inLanguage":"pt-BR"},{"@type":"Person","@id":"https:\/\/portalmf.com.br\/#\/schema\/person\/9ec101baf56233e53520c26de5d6f6f0","name":"Reda\u00e7\u00e3o Portal MF","image":{"@type":"ImageObject","inLanguage":"pt-BR","@id":"https:\/\/portalmf.com.br\/#\/schema\/person\/image\/","url":"https:\/\/secure.gravatar.com\/avatar\/41b9aaeb2100835f7c64362330f74c7f?s=96&d=mm&r=g","contentUrl":"https:\/\/secure.gravatar.com\/avatar\/41b9aaeb2100835f7c64362330f74c7f?s=96&d=mm&r=g","caption":"Reda\u00e7\u00e3o Portal MF"},"description":"Sejam bem-vindos o portal de informa\u00e7\u00f5es de entretenimento de Feira de Santana, desde 2006 realiza coberturas dos principais eventos com entrevistas exclusivas com as principais personalidades mundiais. Fique conectado tamb\u00e9m nas redes sociais.","sameAs":["http:\/\/www.portalmf.com.br\/","https:\/\/www.facebook.com\/portalmfoficial","https:\/\/www.instagram.com\/portalmf\/","https:\/\/x.com\/https:\/\/x.com\/portalmfoficial","https:\/\/www.youtube.com\/@portalmfoficial"],"url":"https:\/\/portalmf.com.br\/index.php\/author\/junior\/"}]}},"_links":{"self":[{"href":"https:\/\/portalmf.com.br\/index.php\/wp-json\/wp\/v2\/posts\/39569"}],"collection":[{"href":"https:\/\/portalmf.com.br\/index.php\/wp-json\/wp\/v2\/posts"}],"about":[{"href":"https:\/\/portalmf.com.br\/index.php\/wp-json\/wp\/v2\/types\/post"}],"author":[{"embeddable":true,"href":"https:\/\/portalmf.com.br\/index.php\/wp-json\/wp\/v2\/users\/3"}],"replies":[{"embeddable":true,"href":"https:\/\/portalmf.com.br\/index.php\/wp-json\/wp\/v2\/comments?post=39569"}],"version-history":[{"count":1,"href":"https:\/\/portalmf.com.br\/index.php\/wp-json\/wp\/v2\/posts\/39569\/revisions"}],"predecessor-version":[{"id":39571,"href":"https:\/\/portalmf.com.br\/index.php\/wp-json\/wp\/v2\/posts\/39569\/revisions\/39571"}],"wp:featuredmedia":[{"embeddable":true,"href":"https:\/\/portalmf.com.br\/index.php\/wp-json\/wp\/v2\/media\/39570"}],"wp:attachment":[{"href":"https:\/\/portalmf.com.br\/index.php\/wp-json\/wp\/v2\/media?parent=39569"}],"wp:term":[{"taxonomy":"category","embeddable":true,"href":"https:\/\/portalmf.com.br\/index.php\/wp-json\/wp\/v2\/categories?post=39569"},{"taxonomy":"post_tag","embeddable":true,"href":"https:\/\/portalmf.com.br\/index.php\/wp-json\/wp\/v2\/tags?post=39569"}],"curies":[{"name":"wp","href":"https:\/\/api.w.org\/{rel}","templated":true}]}}