{"id":39461,"date":"2025-10-17T20:24:09","date_gmt":"2025-10-17T23:24:09","guid":{"rendered":"https:\/\/portalmf.com.br\/?p=39461"},"modified":"2025-10-17T20:24:10","modified_gmt":"2025-10-17T23:24:10","slug":"ile-aiye-lanca-tema-do-carnaval-2026-com-show-no-pelourinho","status":"publish","type":"post","link":"https:\/\/portalmf.com.br\/index.php\/2025\/10\/17\/ile-aiye-lanca-tema-do-carnaval-2026-com-show-no-pelourinho\/","title":{"rendered":"Il\u00ea Aiy\u00ea lan\u00e7a tema do Carnaval 2026 com show no Pelourinho"},"content":{"rendered":"\n<p>Amanh\u00e3 (18), o Il\u00ea Aiy\u00ea celebra o tema que vai conduzir o Mais Belo dos Belos no Carnaval 2026. A partir das 20h, o Largo Quincas Berro D\u2019\u00c1gua, no Pelourinho, ser\u00e1 tomado pelo ritmo dos tambores e pelas cores da ancestralidade na festa que marca o lan\u00e7amento oficial de \u201cTurbantes e Cocares: a hist\u00f3ria de resist\u00eancia do povo afro e ind\u00edgena de Maric\u00e1\u201d . A noite contar\u00e1 com a for\u00e7a da anfitri\u00e3 Band\u2019Aiy\u00ea, a energia da banda Orisun e a participa\u00e7\u00e3o especial da Escola de Samba Uni\u00e3o de Maric\u00e1, em um encontro que aproxima Bahia e Rio de Janeiro em torno da valoriza\u00e7\u00e3o da cultura negra.<\/p>\n\n\n\n<p>Mais do que um fio condutor para m\u00fasicas, fantasias e alegorias, o tema do Il\u00ea Aiy\u00ea \u00e9 uma ferramenta pol\u00edtica, educativa e simb\u00f3lica. Desde sua funda\u00e7\u00e3o, em 1974, no bairro do Curuzu, o bloco transformou o Carnaval em arena de afirma\u00e7\u00e3o da identidade negra, resist\u00eancia ao racismo e valoriza\u00e7\u00e3o da ancestralidade africana. Cada tema \u00e9 escolhido com rigor, pois carrega em si mensagens de pertencimento, mem\u00f3ria coletiva, conscientiza\u00e7\u00e3o e orgulho da cultura afro.<\/p>\n\n\n\n<p>Com o tema de 2026, o Il\u00ea reafirma sua tradi\u00e7\u00e3o de propor reflex\u00f5es profundas em meio \u00e0 festa, mantendo viva a reputa\u00e7\u00e3o de ser n\u00e3o apenas um bloco, mas um movimento de empoderamento e transforma\u00e7\u00e3o social. <\/p>\n\n\n\n<p><em>\u201cPara o Il\u00ea Aiy\u00ea, o Carnaval nunca foi apenas festa. A escolha do tema \u00e9 um ato de responsabilidade com a nossa hist\u00f3ria. Cada ano, buscamos trazer \u00e0 avenida a mem\u00f3ria da ancestralidade africana, porque sabemos que nosso desfile \u00e9 tamb\u00e9m uma sala de aula a c\u00e9u aberto. O tema \u00e9 o fio que costura a est\u00e9tica, a m\u00fasica e a mensagem do Il\u00ea durante o Carnaval\u201d, <\/em>afirma o presidente do Il\u00ea Aiy\u00ea, Ant\u00f4nio Carlos Vov\u00f4.<\/p>\n\n\n\n<p>A atra\u00e7\u00e3o mais esperada da noite ser\u00e1 a Escola de Samba Uni\u00e3o de Maric\u00e1, que chega diretamente do Rio de Janeiro para trazer o brilho do samba-enredo. Criada no seio da cultura popular, a escola tem como prop\u00f3sito celebrar a diversidade e valorizar a cultura afro-brasileira por meio de enredos que narram hist\u00f3rias, desmistificam preconceitos e exaltam a ancestralidade negra. Em 2025, a Uni\u00e3o de Maric\u00e1 levou para a avenida a religiosidade afro-brasileira, e em 2026 seguir\u00e1 com a proposta de valorizar a heran\u00e7a africana, a partir do enredo \u201cBerenguend\u00e9ns e Balangand\u00e3s\u201d, uma homenagem \u00e0 joalheria negra, especialmente os balangand\u00e3s, que eram s\u00edmbolos de poder e liberdade para mulheres pretas no Brasil colonial e durante a escravid\u00e3o.<\/p>\n\n\n\n<p>O Lan\u00e7amento do Tema do Carnaval de 2026 do Il\u00ea Aiy\u00ea \u00e9 uma realiza\u00e7\u00e3o da Associa\u00e7\u00e3o Cultural Bloco Carnavalesco Il\u00ea Aiy\u00ea e do Governo Federal, com produ\u00e7\u00e3o da Caderno 2 Produ\u00e7\u00f5es e apoio do Clube Correio, contando com o patroc\u00ednio da Neoenergia e do Grupo Belov, mantenedores do Plano Anual do Il\u00ea Aiy\u00ea, atrav\u00e9s da Lei Federal de Incentivo \u00e0 Cultura \u2013 Lei Rouanet.<\/p>\n","protected":false},"excerpt":{"rendered":"<p>Amanh\u00e3 (18), o Il\u00ea Aiy\u00ea celebra o tema que vai conduzir o Mais Belo dos Belos no Carnaval 2026. A partir das 20h, o Largo Quincas Berro D\u2019\u00c1gua, no Pelourinho, ser\u00e1 tomado pelo ritmo dos tambores e pelas cores da ancestralidade na festa que marca o lan\u00e7amento oficial de \u201cTurbantes e Cocares: a hist\u00f3ria de [&hellip;]<\/p>\n","protected":false},"author":3,"featured_media":39462,"comment_status":"open","ping_status":"open","sticky":false,"template":"","format":"standard","meta":{"_monsterinsights_skip_tracking":false,"_monsterinsights_sitenote_active":false,"_monsterinsights_sitenote_note":"","_monsterinsights_sitenote_category":0,"footnotes":""},"categories":[44,47],"tags":[],"yoast_head":"<!-- This site is optimized with the Yoast SEO plugin v22.9 - https:\/\/yoast.com\/wordpress\/plugins\/seo\/ -->\n<title>Il\u00ea Aiy\u00ea lan\u00e7a tema do Carnaval 2026 com show no Pelourinho - Portal MF<\/title>\n<meta name=\"robots\" content=\"index, follow, max-snippet:-1, max-image-preview:large, max-video-preview:-1\" \/>\n<link rel=\"canonical\" href=\"https:\/\/portalmf.com.br\/index.php\/2025\/10\/17\/ile-aiye-lanca-tema-do-carnaval-2026-com-show-no-pelourinho\/\" \/>\n<meta property=\"og:locale\" content=\"pt_BR\" \/>\n<meta property=\"og:type\" content=\"article\" \/>\n<meta property=\"og:title\" content=\"Il\u00ea Aiy\u00ea lan\u00e7a tema do Carnaval 2026 com show no Pelourinho - Portal MF\" \/>\n<meta property=\"og:description\" content=\"Amanh\u00e3 (18), o Il\u00ea Aiy\u00ea celebra o tema que vai conduzir o Mais Belo dos Belos no Carnaval 2026. A partir das 20h, o Largo Quincas Berro D\u2019\u00c1gua, no Pelourinho, ser\u00e1 tomado pelo ritmo dos tambores e pelas cores da ancestralidade na festa que marca o lan\u00e7amento oficial de \u201cTurbantes e Cocares: a hist\u00f3ria de [&hellip;]\" \/>\n<meta property=\"og:url\" content=\"https:\/\/portalmf.com.br\/index.php\/2025\/10\/17\/ile-aiye-lanca-tema-do-carnaval-2026-com-show-no-pelourinho\/\" \/>\n<meta property=\"og:site_name\" content=\"Portal MF\" \/>\n<meta property=\"article:author\" content=\"https:\/\/www.facebook.com\/portalmfoficial\" \/>\n<meta property=\"article:published_time\" content=\"2025-10-17T23:24:09+00:00\" \/>\n<meta property=\"article:modified_time\" content=\"2025-10-17T23:24:10+00:00\" \/>\n<meta property=\"og:image\" content=\"https:\/\/portalmf.com.br\/wp-content\/uploads\/2025\/10\/Ile-Aiye_.jpg\" \/>\n\t<meta property=\"og:image:width\" content=\"1600\" \/>\n\t<meta property=\"og:image:height\" content=\"852\" \/>\n\t<meta property=\"og:image:type\" content=\"image\/jpeg\" \/>\n<meta name=\"author\" content=\"Reda\u00e7\u00e3o Portal MF\" \/>\n<meta name=\"twitter:card\" content=\"summary_large_image\" \/>\n<meta name=\"twitter:creator\" content=\"@https:\/\/x.com\/portalmfoficial\" \/>\n<meta name=\"twitter:label1\" content=\"Escrito por\" \/>\n\t<meta name=\"twitter:data1\" content=\"Reda\u00e7\u00e3o Portal MF\" \/>\n\t<meta name=\"twitter:label2\" content=\"Est. tempo de leitura\" \/>\n\t<meta name=\"twitter:data2\" content=\"3 minutos\" \/>\n<script type=\"application\/ld+json\" class=\"yoast-schema-graph\">{\"@context\":\"https:\/\/schema.org\",\"@graph\":[{\"@type\":\"WebPage\",\"@id\":\"https:\/\/portalmf.com.br\/index.php\/2025\/10\/17\/ile-aiye-lanca-tema-do-carnaval-2026-com-show-no-pelourinho\/\",\"url\":\"https:\/\/portalmf.com.br\/index.php\/2025\/10\/17\/ile-aiye-lanca-tema-do-carnaval-2026-com-show-no-pelourinho\/\",\"name\":\"Il\u00ea Aiy\u00ea lan\u00e7a tema do Carnaval 2026 com show no Pelourinho - Portal MF\",\"isPartOf\":{\"@id\":\"https:\/\/portalmf.com.br\/#website\"},\"primaryImageOfPage\":{\"@id\":\"https:\/\/portalmf.com.br\/index.php\/2025\/10\/17\/ile-aiye-lanca-tema-do-carnaval-2026-com-show-no-pelourinho\/#primaryimage\"},\"image\":{\"@id\":\"https:\/\/portalmf.com.br\/index.php\/2025\/10\/17\/ile-aiye-lanca-tema-do-carnaval-2026-com-show-no-pelourinho\/#primaryimage\"},\"thumbnailUrl\":\"https:\/\/portalmf.com.br\/wp-content\/uploads\/2025\/10\/Ile-Aiye_.jpg\",\"datePublished\":\"2025-10-17T23:24:09+00:00\",\"dateModified\":\"2025-10-17T23:24:10+00:00\",\"author\":{\"@id\":\"https:\/\/portalmf.com.br\/#\/schema\/person\/9ec101baf56233e53520c26de5d6f6f0\"},\"breadcrumb\":{\"@id\":\"https:\/\/portalmf.com.br\/index.php\/2025\/10\/17\/ile-aiye-lanca-tema-do-carnaval-2026-com-show-no-pelourinho\/#breadcrumb\"},\"inLanguage\":\"pt-BR\",\"potentialAction\":[{\"@type\":\"ReadAction\",\"target\":[\"https:\/\/portalmf.com.br\/index.php\/2025\/10\/17\/ile-aiye-lanca-tema-do-carnaval-2026-com-show-no-pelourinho\/\"]}]},{\"@type\":\"ImageObject\",\"inLanguage\":\"pt-BR\",\"@id\":\"https:\/\/portalmf.com.br\/index.php\/2025\/10\/17\/ile-aiye-lanca-tema-do-carnaval-2026-com-show-no-pelourinho\/#primaryimage\",\"url\":\"https:\/\/portalmf.com.br\/wp-content\/uploads\/2025\/10\/Ile-Aiye_.jpg\",\"contentUrl\":\"https:\/\/portalmf.com.br\/wp-content\/uploads\/2025\/10\/Ile-Aiye_.jpg\",\"width\":1600,\"height\":852},{\"@type\":\"BreadcrumbList\",\"@id\":\"https:\/\/portalmf.com.br\/index.php\/2025\/10\/17\/ile-aiye-lanca-tema-do-carnaval-2026-com-show-no-pelourinho\/#breadcrumb\",\"itemListElement\":[{\"@type\":\"ListItem\",\"position\":1,\"name\":\"In\u00edcio\",\"item\":\"https:\/\/portalmf.com.br\/\"},{\"@type\":\"ListItem\",\"position\":2,\"name\":\"Il\u00ea Aiy\u00ea lan\u00e7a tema do Carnaval 2026 com show no Pelourinho\"}]},{\"@type\":\"WebSite\",\"@id\":\"https:\/\/portalmf.com.br\/#website\",\"url\":\"https:\/\/portalmf.com.br\/\",\"name\":\"Portal MF\",\"description\":\"Voc\u00ea conectado com a informa\u00e7\u00e3o\",\"potentialAction\":[{\"@type\":\"SearchAction\",\"target\":{\"@type\":\"EntryPoint\",\"urlTemplate\":\"https:\/\/portalmf.com.br\/?s={search_term_string}\"},\"query-input\":\"required name=search_term_string\"}],\"inLanguage\":\"pt-BR\"},{\"@type\":\"Person\",\"@id\":\"https:\/\/portalmf.com.br\/#\/schema\/person\/9ec101baf56233e53520c26de5d6f6f0\",\"name\":\"Reda\u00e7\u00e3o Portal MF\",\"image\":{\"@type\":\"ImageObject\",\"inLanguage\":\"pt-BR\",\"@id\":\"https:\/\/portalmf.com.br\/#\/schema\/person\/image\/\",\"url\":\"https:\/\/secure.gravatar.com\/avatar\/41b9aaeb2100835f7c64362330f74c7f?s=96&d=mm&r=g\",\"contentUrl\":\"https:\/\/secure.gravatar.com\/avatar\/41b9aaeb2100835f7c64362330f74c7f?s=96&d=mm&r=g\",\"caption\":\"Reda\u00e7\u00e3o Portal MF\"},\"description\":\"Sejam bem-vindos o portal de informa\u00e7\u00f5es de entretenimento de Feira de Santana, desde 2006 realiza coberturas dos principais eventos com entrevistas exclusivas com as principais personalidades mundiais. Fique conectado tamb\u00e9m nas redes sociais.\",\"sameAs\":[\"http:\/\/www.portalmf.com.br\/\",\"https:\/\/www.facebook.com\/portalmfoficial\",\"https:\/\/www.instagram.com\/portalmf\/\",\"https:\/\/x.com\/https:\/\/x.com\/portalmfoficial\",\"https:\/\/www.youtube.com\/@portalmfoficial\"],\"url\":\"https:\/\/portalmf.com.br\/index.php\/author\/junior\/\"}]}<\/script>\n<!-- \/ Yoast SEO plugin. -->","yoast_head_json":{"title":"Il\u00ea Aiy\u00ea lan\u00e7a tema do Carnaval 2026 com show no Pelourinho - Portal MF","robots":{"index":"index","follow":"follow","max-snippet":"max-snippet:-1","max-image-preview":"max-image-preview:large","max-video-preview":"max-video-preview:-1"},"canonical":"https:\/\/portalmf.com.br\/index.php\/2025\/10\/17\/ile-aiye-lanca-tema-do-carnaval-2026-com-show-no-pelourinho\/","og_locale":"pt_BR","og_type":"article","og_title":"Il\u00ea Aiy\u00ea lan\u00e7a tema do Carnaval 2026 com show no Pelourinho - Portal MF","og_description":"Amanh\u00e3 (18), o Il\u00ea Aiy\u00ea celebra o tema que vai conduzir o Mais Belo dos Belos no Carnaval 2026. A partir das 20h, o Largo Quincas Berro D\u2019\u00c1gua, no Pelourinho, ser\u00e1 tomado pelo ritmo dos tambores e pelas cores da ancestralidade na festa que marca o lan\u00e7amento oficial de \u201cTurbantes e Cocares: a hist\u00f3ria de [&hellip;]","og_url":"https:\/\/portalmf.com.br\/index.php\/2025\/10\/17\/ile-aiye-lanca-tema-do-carnaval-2026-com-show-no-pelourinho\/","og_site_name":"Portal MF","article_author":"https:\/\/www.facebook.com\/portalmfoficial","article_published_time":"2025-10-17T23:24:09+00:00","article_modified_time":"2025-10-17T23:24:10+00:00","og_image":[{"width":1600,"height":852,"url":"https:\/\/portalmf.com.br\/wp-content\/uploads\/2025\/10\/Ile-Aiye_.jpg","type":"image\/jpeg"}],"author":"Reda\u00e7\u00e3o Portal MF","twitter_card":"summary_large_image","twitter_creator":"@https:\/\/x.com\/portalmfoficial","twitter_misc":{"Escrito por":"Reda\u00e7\u00e3o Portal MF","Est. tempo de leitura":"3 minutos"},"schema":{"@context":"https:\/\/schema.org","@graph":[{"@type":"WebPage","@id":"https:\/\/portalmf.com.br\/index.php\/2025\/10\/17\/ile-aiye-lanca-tema-do-carnaval-2026-com-show-no-pelourinho\/","url":"https:\/\/portalmf.com.br\/index.php\/2025\/10\/17\/ile-aiye-lanca-tema-do-carnaval-2026-com-show-no-pelourinho\/","name":"Il\u00ea Aiy\u00ea lan\u00e7a tema do Carnaval 2026 com show no Pelourinho - Portal MF","isPartOf":{"@id":"https:\/\/portalmf.com.br\/#website"},"primaryImageOfPage":{"@id":"https:\/\/portalmf.com.br\/index.php\/2025\/10\/17\/ile-aiye-lanca-tema-do-carnaval-2026-com-show-no-pelourinho\/#primaryimage"},"image":{"@id":"https:\/\/portalmf.com.br\/index.php\/2025\/10\/17\/ile-aiye-lanca-tema-do-carnaval-2026-com-show-no-pelourinho\/#primaryimage"},"thumbnailUrl":"https:\/\/portalmf.com.br\/wp-content\/uploads\/2025\/10\/Ile-Aiye_.jpg","datePublished":"2025-10-17T23:24:09+00:00","dateModified":"2025-10-17T23:24:10+00:00","author":{"@id":"https:\/\/portalmf.com.br\/#\/schema\/person\/9ec101baf56233e53520c26de5d6f6f0"},"breadcrumb":{"@id":"https:\/\/portalmf.com.br\/index.php\/2025\/10\/17\/ile-aiye-lanca-tema-do-carnaval-2026-com-show-no-pelourinho\/#breadcrumb"},"inLanguage":"pt-BR","potentialAction":[{"@type":"ReadAction","target":["https:\/\/portalmf.com.br\/index.php\/2025\/10\/17\/ile-aiye-lanca-tema-do-carnaval-2026-com-show-no-pelourinho\/"]}]},{"@type":"ImageObject","inLanguage":"pt-BR","@id":"https:\/\/portalmf.com.br\/index.php\/2025\/10\/17\/ile-aiye-lanca-tema-do-carnaval-2026-com-show-no-pelourinho\/#primaryimage","url":"https:\/\/portalmf.com.br\/wp-content\/uploads\/2025\/10\/Ile-Aiye_.jpg","contentUrl":"https:\/\/portalmf.com.br\/wp-content\/uploads\/2025\/10\/Ile-Aiye_.jpg","width":1600,"height":852},{"@type":"BreadcrumbList","@id":"https:\/\/portalmf.com.br\/index.php\/2025\/10\/17\/ile-aiye-lanca-tema-do-carnaval-2026-com-show-no-pelourinho\/#breadcrumb","itemListElement":[{"@type":"ListItem","position":1,"name":"In\u00edcio","item":"https:\/\/portalmf.com.br\/"},{"@type":"ListItem","position":2,"name":"Il\u00ea Aiy\u00ea lan\u00e7a tema do Carnaval 2026 com show no Pelourinho"}]},{"@type":"WebSite","@id":"https:\/\/portalmf.com.br\/#website","url":"https:\/\/portalmf.com.br\/","name":"Portal MF","description":"Voc\u00ea conectado com a informa\u00e7\u00e3o","potentialAction":[{"@type":"SearchAction","target":{"@type":"EntryPoint","urlTemplate":"https:\/\/portalmf.com.br\/?s={search_term_string}"},"query-input":"required name=search_term_string"}],"inLanguage":"pt-BR"},{"@type":"Person","@id":"https:\/\/portalmf.com.br\/#\/schema\/person\/9ec101baf56233e53520c26de5d6f6f0","name":"Reda\u00e7\u00e3o Portal MF","image":{"@type":"ImageObject","inLanguage":"pt-BR","@id":"https:\/\/portalmf.com.br\/#\/schema\/person\/image\/","url":"https:\/\/secure.gravatar.com\/avatar\/41b9aaeb2100835f7c64362330f74c7f?s=96&d=mm&r=g","contentUrl":"https:\/\/secure.gravatar.com\/avatar\/41b9aaeb2100835f7c64362330f74c7f?s=96&d=mm&r=g","caption":"Reda\u00e7\u00e3o Portal MF"},"description":"Sejam bem-vindos o portal de informa\u00e7\u00f5es de entretenimento de Feira de Santana, desde 2006 realiza coberturas dos principais eventos com entrevistas exclusivas com as principais personalidades mundiais. Fique conectado tamb\u00e9m nas redes sociais.","sameAs":["http:\/\/www.portalmf.com.br\/","https:\/\/www.facebook.com\/portalmfoficial","https:\/\/www.instagram.com\/portalmf\/","https:\/\/x.com\/https:\/\/x.com\/portalmfoficial","https:\/\/www.youtube.com\/@portalmfoficial"],"url":"https:\/\/portalmf.com.br\/index.php\/author\/junior\/"}]}},"_links":{"self":[{"href":"https:\/\/portalmf.com.br\/index.php\/wp-json\/wp\/v2\/posts\/39461"}],"collection":[{"href":"https:\/\/portalmf.com.br\/index.php\/wp-json\/wp\/v2\/posts"}],"about":[{"href":"https:\/\/portalmf.com.br\/index.php\/wp-json\/wp\/v2\/types\/post"}],"author":[{"embeddable":true,"href":"https:\/\/portalmf.com.br\/index.php\/wp-json\/wp\/v2\/users\/3"}],"replies":[{"embeddable":true,"href":"https:\/\/portalmf.com.br\/index.php\/wp-json\/wp\/v2\/comments?post=39461"}],"version-history":[{"count":1,"href":"https:\/\/portalmf.com.br\/index.php\/wp-json\/wp\/v2\/posts\/39461\/revisions"}],"predecessor-version":[{"id":39463,"href":"https:\/\/portalmf.com.br\/index.php\/wp-json\/wp\/v2\/posts\/39461\/revisions\/39463"}],"wp:featuredmedia":[{"embeddable":true,"href":"https:\/\/portalmf.com.br\/index.php\/wp-json\/wp\/v2\/media\/39462"}],"wp:attachment":[{"href":"https:\/\/portalmf.com.br\/index.php\/wp-json\/wp\/v2\/media?parent=39461"}],"wp:term":[{"taxonomy":"category","embeddable":true,"href":"https:\/\/portalmf.com.br\/index.php\/wp-json\/wp\/v2\/categories?post=39461"},{"taxonomy":"post_tag","embeddable":true,"href":"https:\/\/portalmf.com.br\/index.php\/wp-json\/wp\/v2\/tags?post=39461"}],"curies":[{"name":"wp","href":"https:\/\/api.w.org\/{rel}","templated":true}]}}