{"id":39407,"date":"2025-10-15T21:40:18","date_gmt":"2025-10-16T00:40:18","guid":{"rendered":"https:\/\/portalmf.com.br\/?p=39407"},"modified":"2025-10-15T21:40:20","modified_gmt":"2025-10-16T00:40:20","slug":"camarote-glamour-faz-aquecimento-para-o-carnaval-2026-a-123-dias-da-festa","status":"publish","type":"post","link":"https:\/\/portalmf.com.br\/index.php\/2025\/10\/15\/camarote-glamour-faz-aquecimento-para-o-carnaval-2026-a-123-dias-da-festa\/","title":{"rendered":"Camarote Glamour faz aquecimento para o Carnaval 2026 a 123 dias da festa"},"content":{"rendered":"\n<p>O Camarote Glamour realizou, na noite desta quarta-feira (15), um aquecimento para o Carnaval 2026. A exatos 123 dias da folia, o espa\u00e7o reuniu em um coquetel influenciadores, formadores de opini\u00e3o e imprensa em um coquetel cheio de energia, dando um gostinho de como ser\u00e1 a festa no pr\u00f3ximo ano.<\/p>\n\n\n\n<figure class=\"wp-block-image size-large\"><img fetchpriority=\"high\" decoding=\"async\" width=\"1024\" height=\"683\" src=\"https:\/\/portalmf.com.br\/wp-content\/uploads\/2025\/10\/camarote_glamuor-1024x683.jpg\" alt=\"\" class=\"wp-image-39409\" srcset=\"https:\/\/portalmf.com.br\/wp-content\/uploads\/2025\/10\/camarote_glamuor-1024x683.jpg 1024w, https:\/\/portalmf.com.br\/wp-content\/uploads\/2025\/10\/camarote_glamuor-300x200.jpg 300w, https:\/\/portalmf.com.br\/wp-content\/uploads\/2025\/10\/camarote_glamuor-768x512.jpg 768w, https:\/\/portalmf.com.br\/wp-content\/uploads\/2025\/10\/camarote_glamuor-696x464.jpg 696w, https:\/\/portalmf.com.br\/wp-content\/uploads\/2025\/10\/camarote_glamuor-1068x713.jpg 1068w, https:\/\/portalmf.com.br\/wp-content\/uploads\/2025\/10\/camarote_glamuor.jpg 1280w\" sizes=\"(max-width: 1024px) 100vw, 1024px\" \/><figcaption class=\"wp-element-caption\"><strong>Fotos:\u00a0Lucas\u00a0Leawry<\/strong><\/figcaption><\/figure>\n\n\n\n<p>O coquetel contou ainda com um show do cantor Uel, que deu um gostinho do que os foli\u00f5es ir\u00e3o viver durante o Carnaval.<\/p>\n\n\n\n<p>O Glamour &#8211; que conta com servi\u00e7o open e o maior mirante do circuito Barra\/Ondina trar\u00e1 em 2026 um line-up de peso, que contar\u00e1 com shows de Sorriso Maroto, P\u00e9ricles, Mumuzinho, Belo, Ludmilla, Tony Salles, Parangol\u00e9, Timbalada, Uel e Pagodart.<\/p>\n\n\n\n<p>Misturando ritmos e estilos \u2014 como pede o verdadeiro esp\u00edrito do Carnaval de Salvador, o Glamour Salvador promete entregar uma viv\u00eancia inesquec\u00edvel bem no cora\u00e7\u00e3o da folia.<\/p>\n\n\n\n<p>Al\u00e9m das atra\u00e7\u00f5es musicais e do servi\u00e7o open bar, o Camarote Glamour vai oferecer ainda:<\/p>\n\n\n\n<ul>\n<li>Pra\u00e7a de alimenta\u00e7\u00e3o exclusiva<\/li>\n\n\n\n<li>Espa\u00e7o Beleza<\/li>\n\n\n\n<li>Lounges relax<\/li>\n\n\n\n<li>Customiza\u00e7\u00e3o de Abad\u00e1<\/li>\n\n\n\n<li>Atendimento m\u00e9dico<\/li>\n\n\n\n<li>\u00c1rea de acolhimento<\/li>\n\n\n\n<li>Acessibilidade<\/li>\n\n\n\n<li>Espa\u00e7o recarregue-se<\/li>\n\n\n\n<li>Ambientes instagram\u00e1veis<\/li>\n<\/ul>\n\n\n\n<p>Os abad\u00e1s j\u00e1 est\u00e3o \u00e0 venda na loja Bora Tickets, localizada no 2\u00ba piso do Shopping da Bahia, na Sympla, na Central do Carnaval, na Folia Bahia, no Quero Abad\u00e1 ou pelo site: glamoursalvador.com.br.<\/p>\n\n\n\n<p>O Camarote Glamour Salvador \u00e9 uma iniciativa da Salvador Produ\u00e7\u00f5es em parceria com os empres\u00e1rios Marcelo Britto, Jo\u00e3o Meirelles e Nei \u00c1vila.<\/p>\n","protected":false},"excerpt":{"rendered":"<p>O Camarote Glamour realizou, na noite desta quarta-feira (15), um aquecimento para o Carnaval 2026. A exatos 123 dias da folia, o espa\u00e7o reuniu em um coquetel influenciadores, formadores de opini\u00e3o e imprensa em um coquetel cheio de energia, dando um gostinho de como ser\u00e1 a festa no pr\u00f3ximo ano. O coquetel contou ainda com [&hellip;]<\/p>\n","protected":false},"author":3,"featured_media":39408,"comment_status":"open","ping_status":"open","sticky":false,"template":"","format":"standard","meta":{"_monsterinsights_skip_tracking":false,"_monsterinsights_sitenote_active":false,"_monsterinsights_sitenote_note":"","_monsterinsights_sitenote_category":0,"footnotes":""},"categories":[44,47],"tags":[],"yoast_head":"<!-- This site is optimized with the Yoast SEO plugin v22.9 - https:\/\/yoast.com\/wordpress\/plugins\/seo\/ -->\n<title>Camarote Glamour faz aquecimento para o Carnaval 2026 a 123 dias da festa - Portal MF<\/title>\n<meta name=\"robots\" content=\"index, follow, max-snippet:-1, max-image-preview:large, max-video-preview:-1\" \/>\n<link rel=\"canonical\" href=\"https:\/\/portalmf.com.br\/index.php\/2025\/10\/15\/camarote-glamour-faz-aquecimento-para-o-carnaval-2026-a-123-dias-da-festa\/\" \/>\n<meta property=\"og:locale\" content=\"pt_BR\" \/>\n<meta property=\"og:type\" content=\"article\" \/>\n<meta property=\"og:title\" content=\"Camarote Glamour faz aquecimento para o Carnaval 2026 a 123 dias da festa - Portal MF\" \/>\n<meta property=\"og:description\" content=\"O Camarote Glamour realizou, na noite desta quarta-feira (15), um aquecimento para o Carnaval 2026. A exatos 123 dias da folia, o espa\u00e7o reuniu em um coquetel influenciadores, formadores de opini\u00e3o e imprensa em um coquetel cheio de energia, dando um gostinho de como ser\u00e1 a festa no pr\u00f3ximo ano. O coquetel contou ainda com [&hellip;]\" \/>\n<meta property=\"og:url\" content=\"https:\/\/portalmf.com.br\/index.php\/2025\/10\/15\/camarote-glamour-faz-aquecimento-para-o-carnaval-2026-a-123-dias-da-festa\/\" \/>\n<meta property=\"og:site_name\" content=\"Portal MF\" \/>\n<meta property=\"article:author\" content=\"https:\/\/www.facebook.com\/portalmfoficial\" \/>\n<meta property=\"article:published_time\" content=\"2025-10-16T00:40:18+00:00\" \/>\n<meta property=\"article:modified_time\" content=\"2025-10-16T00:40:20+00:00\" \/>\n<meta property=\"og:image\" content=\"https:\/\/portalmf.com.br\/wp-content\/uploads\/2025\/10\/camarote_glamuor_uel.jpg\" \/>\n\t<meta property=\"og:image:width\" content=\"1600\" \/>\n\t<meta property=\"og:image:height\" content=\"1066\" \/>\n\t<meta property=\"og:image:type\" content=\"image\/jpeg\" \/>\n<meta name=\"author\" content=\"Reda\u00e7\u00e3o Portal MF\" \/>\n<meta name=\"twitter:card\" content=\"summary_large_image\" \/>\n<meta name=\"twitter:creator\" content=\"@https:\/\/x.com\/portalmfoficial\" \/>\n<meta name=\"twitter:label1\" content=\"Escrito por\" \/>\n\t<meta name=\"twitter:data1\" content=\"Reda\u00e7\u00e3o Portal MF\" \/>\n\t<meta name=\"twitter:label2\" content=\"Est. tempo de leitura\" \/>\n\t<meta name=\"twitter:data2\" content=\"2 minutos\" \/>\n<script type=\"application\/ld+json\" class=\"yoast-schema-graph\">{\"@context\":\"https:\/\/schema.org\",\"@graph\":[{\"@type\":\"WebPage\",\"@id\":\"https:\/\/portalmf.com.br\/index.php\/2025\/10\/15\/camarote-glamour-faz-aquecimento-para-o-carnaval-2026-a-123-dias-da-festa\/\",\"url\":\"https:\/\/portalmf.com.br\/index.php\/2025\/10\/15\/camarote-glamour-faz-aquecimento-para-o-carnaval-2026-a-123-dias-da-festa\/\",\"name\":\"Camarote Glamour faz aquecimento para o Carnaval 2026 a 123 dias da festa - Portal MF\",\"isPartOf\":{\"@id\":\"https:\/\/portalmf.com.br\/#website\"},\"primaryImageOfPage\":{\"@id\":\"https:\/\/portalmf.com.br\/index.php\/2025\/10\/15\/camarote-glamour-faz-aquecimento-para-o-carnaval-2026-a-123-dias-da-festa\/#primaryimage\"},\"image\":{\"@id\":\"https:\/\/portalmf.com.br\/index.php\/2025\/10\/15\/camarote-glamour-faz-aquecimento-para-o-carnaval-2026-a-123-dias-da-festa\/#primaryimage\"},\"thumbnailUrl\":\"https:\/\/portalmf.com.br\/wp-content\/uploads\/2025\/10\/camarote_glamuor_uel.jpg\",\"datePublished\":\"2025-10-16T00:40:18+00:00\",\"dateModified\":\"2025-10-16T00:40:20+00:00\",\"author\":{\"@id\":\"https:\/\/portalmf.com.br\/#\/schema\/person\/9ec101baf56233e53520c26de5d6f6f0\"},\"breadcrumb\":{\"@id\":\"https:\/\/portalmf.com.br\/index.php\/2025\/10\/15\/camarote-glamour-faz-aquecimento-para-o-carnaval-2026-a-123-dias-da-festa\/#breadcrumb\"},\"inLanguage\":\"pt-BR\",\"potentialAction\":[{\"@type\":\"ReadAction\",\"target\":[\"https:\/\/portalmf.com.br\/index.php\/2025\/10\/15\/camarote-glamour-faz-aquecimento-para-o-carnaval-2026-a-123-dias-da-festa\/\"]}]},{\"@type\":\"ImageObject\",\"inLanguage\":\"pt-BR\",\"@id\":\"https:\/\/portalmf.com.br\/index.php\/2025\/10\/15\/camarote-glamour-faz-aquecimento-para-o-carnaval-2026-a-123-dias-da-festa\/#primaryimage\",\"url\":\"https:\/\/portalmf.com.br\/wp-content\/uploads\/2025\/10\/camarote_glamuor_uel.jpg\",\"contentUrl\":\"https:\/\/portalmf.com.br\/wp-content\/uploads\/2025\/10\/camarote_glamuor_uel.jpg\",\"width\":1600,\"height\":1066},{\"@type\":\"BreadcrumbList\",\"@id\":\"https:\/\/portalmf.com.br\/index.php\/2025\/10\/15\/camarote-glamour-faz-aquecimento-para-o-carnaval-2026-a-123-dias-da-festa\/#breadcrumb\",\"itemListElement\":[{\"@type\":\"ListItem\",\"position\":1,\"name\":\"In\u00edcio\",\"item\":\"https:\/\/portalmf.com.br\/\"},{\"@type\":\"ListItem\",\"position\":2,\"name\":\"Camarote Glamour faz aquecimento para o Carnaval 2026 a 123 dias da festa\"}]},{\"@type\":\"WebSite\",\"@id\":\"https:\/\/portalmf.com.br\/#website\",\"url\":\"https:\/\/portalmf.com.br\/\",\"name\":\"Portal MF\",\"description\":\"Voc\u00ea conectado com a informa\u00e7\u00e3o\",\"potentialAction\":[{\"@type\":\"SearchAction\",\"target\":{\"@type\":\"EntryPoint\",\"urlTemplate\":\"https:\/\/portalmf.com.br\/?s={search_term_string}\"},\"query-input\":\"required name=search_term_string\"}],\"inLanguage\":\"pt-BR\"},{\"@type\":\"Person\",\"@id\":\"https:\/\/portalmf.com.br\/#\/schema\/person\/9ec101baf56233e53520c26de5d6f6f0\",\"name\":\"Reda\u00e7\u00e3o Portal MF\",\"image\":{\"@type\":\"ImageObject\",\"inLanguage\":\"pt-BR\",\"@id\":\"https:\/\/portalmf.com.br\/#\/schema\/person\/image\/\",\"url\":\"https:\/\/secure.gravatar.com\/avatar\/41b9aaeb2100835f7c64362330f74c7f?s=96&d=mm&r=g\",\"contentUrl\":\"https:\/\/secure.gravatar.com\/avatar\/41b9aaeb2100835f7c64362330f74c7f?s=96&d=mm&r=g\",\"caption\":\"Reda\u00e7\u00e3o Portal MF\"},\"description\":\"Sejam bem-vindos o portal de informa\u00e7\u00f5es de entretenimento de Feira de Santana, desde 2006 realiza coberturas dos principais eventos com entrevistas exclusivas com as principais personalidades mundiais. Fique conectado tamb\u00e9m nas redes sociais.\",\"sameAs\":[\"http:\/\/www.portalmf.com.br\/\",\"https:\/\/www.facebook.com\/portalmfoficial\",\"https:\/\/www.instagram.com\/portalmf\/\",\"https:\/\/x.com\/https:\/\/x.com\/portalmfoficial\",\"https:\/\/www.youtube.com\/@portalmfoficial\"],\"url\":\"https:\/\/portalmf.com.br\/index.php\/author\/junior\/\"}]}<\/script>\n<!-- \/ Yoast SEO plugin. -->","yoast_head_json":{"title":"Camarote Glamour faz aquecimento para o Carnaval 2026 a 123 dias da festa - Portal MF","robots":{"index":"index","follow":"follow","max-snippet":"max-snippet:-1","max-image-preview":"max-image-preview:large","max-video-preview":"max-video-preview:-1"},"canonical":"https:\/\/portalmf.com.br\/index.php\/2025\/10\/15\/camarote-glamour-faz-aquecimento-para-o-carnaval-2026-a-123-dias-da-festa\/","og_locale":"pt_BR","og_type":"article","og_title":"Camarote Glamour faz aquecimento para o Carnaval 2026 a 123 dias da festa - Portal MF","og_description":"O Camarote Glamour realizou, na noite desta quarta-feira (15), um aquecimento para o Carnaval 2026. A exatos 123 dias da folia, o espa\u00e7o reuniu em um coquetel influenciadores, formadores de opini\u00e3o e imprensa em um coquetel cheio de energia, dando um gostinho de como ser\u00e1 a festa no pr\u00f3ximo ano. O coquetel contou ainda com [&hellip;]","og_url":"https:\/\/portalmf.com.br\/index.php\/2025\/10\/15\/camarote-glamour-faz-aquecimento-para-o-carnaval-2026-a-123-dias-da-festa\/","og_site_name":"Portal MF","article_author":"https:\/\/www.facebook.com\/portalmfoficial","article_published_time":"2025-10-16T00:40:18+00:00","article_modified_time":"2025-10-16T00:40:20+00:00","og_image":[{"width":1600,"height":1066,"url":"https:\/\/portalmf.com.br\/wp-content\/uploads\/2025\/10\/camarote_glamuor_uel.jpg","type":"image\/jpeg"}],"author":"Reda\u00e7\u00e3o Portal MF","twitter_card":"summary_large_image","twitter_creator":"@https:\/\/x.com\/portalmfoficial","twitter_misc":{"Escrito por":"Reda\u00e7\u00e3o Portal MF","Est. tempo de leitura":"2 minutos"},"schema":{"@context":"https:\/\/schema.org","@graph":[{"@type":"WebPage","@id":"https:\/\/portalmf.com.br\/index.php\/2025\/10\/15\/camarote-glamour-faz-aquecimento-para-o-carnaval-2026-a-123-dias-da-festa\/","url":"https:\/\/portalmf.com.br\/index.php\/2025\/10\/15\/camarote-glamour-faz-aquecimento-para-o-carnaval-2026-a-123-dias-da-festa\/","name":"Camarote Glamour faz aquecimento para o Carnaval 2026 a 123 dias da festa - Portal MF","isPartOf":{"@id":"https:\/\/portalmf.com.br\/#website"},"primaryImageOfPage":{"@id":"https:\/\/portalmf.com.br\/index.php\/2025\/10\/15\/camarote-glamour-faz-aquecimento-para-o-carnaval-2026-a-123-dias-da-festa\/#primaryimage"},"image":{"@id":"https:\/\/portalmf.com.br\/index.php\/2025\/10\/15\/camarote-glamour-faz-aquecimento-para-o-carnaval-2026-a-123-dias-da-festa\/#primaryimage"},"thumbnailUrl":"https:\/\/portalmf.com.br\/wp-content\/uploads\/2025\/10\/camarote_glamuor_uel.jpg","datePublished":"2025-10-16T00:40:18+00:00","dateModified":"2025-10-16T00:40:20+00:00","author":{"@id":"https:\/\/portalmf.com.br\/#\/schema\/person\/9ec101baf56233e53520c26de5d6f6f0"},"breadcrumb":{"@id":"https:\/\/portalmf.com.br\/index.php\/2025\/10\/15\/camarote-glamour-faz-aquecimento-para-o-carnaval-2026-a-123-dias-da-festa\/#breadcrumb"},"inLanguage":"pt-BR","potentialAction":[{"@type":"ReadAction","target":["https:\/\/portalmf.com.br\/index.php\/2025\/10\/15\/camarote-glamour-faz-aquecimento-para-o-carnaval-2026-a-123-dias-da-festa\/"]}]},{"@type":"ImageObject","inLanguage":"pt-BR","@id":"https:\/\/portalmf.com.br\/index.php\/2025\/10\/15\/camarote-glamour-faz-aquecimento-para-o-carnaval-2026-a-123-dias-da-festa\/#primaryimage","url":"https:\/\/portalmf.com.br\/wp-content\/uploads\/2025\/10\/camarote_glamuor_uel.jpg","contentUrl":"https:\/\/portalmf.com.br\/wp-content\/uploads\/2025\/10\/camarote_glamuor_uel.jpg","width":1600,"height":1066},{"@type":"BreadcrumbList","@id":"https:\/\/portalmf.com.br\/index.php\/2025\/10\/15\/camarote-glamour-faz-aquecimento-para-o-carnaval-2026-a-123-dias-da-festa\/#breadcrumb","itemListElement":[{"@type":"ListItem","position":1,"name":"In\u00edcio","item":"https:\/\/portalmf.com.br\/"},{"@type":"ListItem","position":2,"name":"Camarote Glamour faz aquecimento para o Carnaval 2026 a 123 dias da festa"}]},{"@type":"WebSite","@id":"https:\/\/portalmf.com.br\/#website","url":"https:\/\/portalmf.com.br\/","name":"Portal MF","description":"Voc\u00ea conectado com a informa\u00e7\u00e3o","potentialAction":[{"@type":"SearchAction","target":{"@type":"EntryPoint","urlTemplate":"https:\/\/portalmf.com.br\/?s={search_term_string}"},"query-input":"required name=search_term_string"}],"inLanguage":"pt-BR"},{"@type":"Person","@id":"https:\/\/portalmf.com.br\/#\/schema\/person\/9ec101baf56233e53520c26de5d6f6f0","name":"Reda\u00e7\u00e3o Portal MF","image":{"@type":"ImageObject","inLanguage":"pt-BR","@id":"https:\/\/portalmf.com.br\/#\/schema\/person\/image\/","url":"https:\/\/secure.gravatar.com\/avatar\/41b9aaeb2100835f7c64362330f74c7f?s=96&d=mm&r=g","contentUrl":"https:\/\/secure.gravatar.com\/avatar\/41b9aaeb2100835f7c64362330f74c7f?s=96&d=mm&r=g","caption":"Reda\u00e7\u00e3o Portal MF"},"description":"Sejam bem-vindos o portal de informa\u00e7\u00f5es de entretenimento de Feira de Santana, desde 2006 realiza coberturas dos principais eventos com entrevistas exclusivas com as principais personalidades mundiais. Fique conectado tamb\u00e9m nas redes sociais.","sameAs":["http:\/\/www.portalmf.com.br\/","https:\/\/www.facebook.com\/portalmfoficial","https:\/\/www.instagram.com\/portalmf\/","https:\/\/x.com\/https:\/\/x.com\/portalmfoficial","https:\/\/www.youtube.com\/@portalmfoficial"],"url":"https:\/\/portalmf.com.br\/index.php\/author\/junior\/"}]}},"_links":{"self":[{"href":"https:\/\/portalmf.com.br\/index.php\/wp-json\/wp\/v2\/posts\/39407"}],"collection":[{"href":"https:\/\/portalmf.com.br\/index.php\/wp-json\/wp\/v2\/posts"}],"about":[{"href":"https:\/\/portalmf.com.br\/index.php\/wp-json\/wp\/v2\/types\/post"}],"author":[{"embeddable":true,"href":"https:\/\/portalmf.com.br\/index.php\/wp-json\/wp\/v2\/users\/3"}],"replies":[{"embeddable":true,"href":"https:\/\/portalmf.com.br\/index.php\/wp-json\/wp\/v2\/comments?post=39407"}],"version-history":[{"count":1,"href":"https:\/\/portalmf.com.br\/index.php\/wp-json\/wp\/v2\/posts\/39407\/revisions"}],"predecessor-version":[{"id":39410,"href":"https:\/\/portalmf.com.br\/index.php\/wp-json\/wp\/v2\/posts\/39407\/revisions\/39410"}],"wp:featuredmedia":[{"embeddable":true,"href":"https:\/\/portalmf.com.br\/index.php\/wp-json\/wp\/v2\/media\/39408"}],"wp:attachment":[{"href":"https:\/\/portalmf.com.br\/index.php\/wp-json\/wp\/v2\/media?parent=39407"}],"wp:term":[{"taxonomy":"category","embeddable":true,"href":"https:\/\/portalmf.com.br\/index.php\/wp-json\/wp\/v2\/categories?post=39407"},{"taxonomy":"post_tag","embeddable":true,"href":"https:\/\/portalmf.com.br\/index.php\/wp-json\/wp\/v2\/tags?post=39407"}],"curies":[{"name":"wp","href":"https:\/\/api.w.org\/{rel}","templated":true}]}}