{"id":39175,"date":"2025-10-04T21:43:45","date_gmt":"2025-10-05T00:43:45","guid":{"rendered":"https:\/\/portalmf.com.br\/?p=39175"},"modified":"2025-10-04T21:43:47","modified_gmt":"2025-10-05T00:43:47","slug":"cozinha-show-vila-do-chocolate-e-pratos-promocionais-saiba-o-que-vai-rolar-no-festival-sabores-de-itacare","status":"publish","type":"post","link":"https:\/\/portalmf.com.br\/index.php\/2025\/10\/04\/cozinha-show-vila-do-chocolate-e-pratos-promocionais-saiba-o-que-vai-rolar-no-festival-sabores-de-itacare\/","title":{"rendered":"Cozinha Show, Vila do Chocolate e pratos promocionais: saiba o que vai rolar no Festival Sabores de Itacar\u00e9"},"content":{"rendered":"\n<p>Come\u00e7a no dia 14 e se estende at\u00e9 o dia 26 de outubro a programa\u00e7\u00e3o oficial da 11\u00aa edi\u00e7\u00e3o do Festival Sabores de Itacar\u00e9. O celebrado evento gastron\u00f4mico, que contempla da alta gastronomia ao street food, tornou-se um dos mais esperados do calend\u00e1rio do paradis\u00edaco munic\u00edpio baiano de pouco mais de 27 mil habitantes e deve abranger diversas cadeias produtivas que movimentam a economia da regi\u00e3o, al\u00e9m de receber milhares de turistas para a ocasi\u00e3o.<\/p>\n\n\n\n<p><em>\u201cA gera\u00e7\u00e3o de renda direta e indireta \u00e9 a principal linha de crescimento econ\u00f4mico por meio do evento, que se consolida em sua 11\u00aa edi\u00e7\u00e3o. Esperamos um aumento entre 20% e 30% na taxa de ocupa\u00e7\u00e3o hoteleira, al\u00e9m de impulsionar as vendas de produtos, artesanato e insumos nos estabelecimentos participantes\u201d,<\/em> destacou Marcos Souza, Secret\u00e1rio de Turismo de Itacar\u00e9.<\/p>\n\n\n\n<p>Realizado em duas etapas &#8211; 14 a 23 com Festival Gastron\u00f4mico e 24 a 26 com a Feira Gastron\u00f4mica e Cozinha Show &#8211; o Festival mant\u00e9m o escopo original do projeto com a perman\u00eancia de a\u00e7\u00f5es como lan\u00e7amentos de pratos promocionais &#8211; que neste ano ter\u00e3o 24 restaurantes participantes e 34 pratos inscritos que estar\u00e3o dispon\u00edveis durante todo o evento, entre as op\u00e7\u00f5es est\u00e3o entradas, pratos principais, sobremesas, drinks e lanches inspirados no tema Cacau e Chocolate. Al\u00e9m de Feira Gastron\u00f4mica e Vila do Chocolate, com exposi\u00e7\u00f5es de produtos e produtores da agricultura familiar, e atra\u00e7\u00f5es musicais e culturais que ainda ser\u00e3o definidas.<\/p>\n\n\n\n<p>Um dos momentos mais aguardados pelo p\u00fablico, a Cozinha Show contar\u00e1 com grandes chefs como Lucas Corazza, apresentador, palestrante e pesquisador da confeitaria brasileira, eleito duas vezes Melhor Confeiteiro do Ano pela Prazeres da Mesa, Cadu Moura que conquistou os paladares mais exigentes em sua participa\u00e7\u00e3o no reality Mestre do Sabor e Mirian Rocha, Mestre Chocolatier e \u00fanica sommeli\u00e8re de chocolate do Brasil.<\/p>\n\n\n\n<p>Outros nomes confirmados s\u00e3o Marly Katarina (Caf\u00e9 com Cacau), Dani Fa\u00e7anha (Morro dos Navegantes), Chef Mia Carazoli (Restaurante U\u00e7\u00e1 \u2013 Hotel Aldeia do Mar), Thi\u00e1ra Novas (Mirante Marina), Su\u00e9lio Nascimento (S\u00e3o Jos\u00e9 Beach Club), Nena (Txai Resort), L\u00e9ia Tavares e L\u00e9a Batiston (Coco Pimenta Gastrobar) e Deia Lopes (Restaurante da Fazenda Dengo \u2013 Grupo Origem). O evento ainda ter\u00e1 Cozinha Kids com o palha\u00e7o Shampoo (Sorveteria Show de Bola), Mia Carazoli (@verdeverdinho).<\/p>\n\n\n\n<p>Ap\u00f3s mais de uma d\u00e9cada de realiza\u00e7\u00e3o do festival, esta edi\u00e7\u00e3o traz novidades, uma delas \u00e9 a mudan\u00e7a do local do evento para a Pra\u00e7a das Mangueiras, a iniciativa visa melhorar a circula\u00e7\u00e3o e o contato com o trade tur\u00edstico. A curadoria retorna \u00e0s m\u00e3os do chef J\u00fanior Fran\u00e7a (Restaurante Mandio \u2013 Hotel Resende Imperial), defensor da culin\u00e1ria regional e contempor\u00e2nea.<\/p>\n\n\n\n<p><em>\u201cJ\u00e1 trabalhamos com o tema cacau em outras edi\u00e7\u00f5es. Desta vez, pensamos inicialmente em chocolate, mas por sua complexidade em pratos salgados, optamos por ampliar para \u2018Cacau e Chocolate\u2019, dando mais liberdade criativa aos chefs\u201d<\/em>, explicou o curador.<\/p>\n\n\n\n<p>O XI Festival Sabores de Itacar\u00e9 \u00e9 uma realiza\u00e7\u00e3o da Carambola Produ\u00e7\u00f5es e Prefeitura Municipal de Itacar\u00e9, atrav\u00e9s da Secretaria de Turismo de Itacar\u00e9 com apoio do Comtur Itacar\u00e9, C\u00e2mara de Vereadores, SPHA, Sebrae, CAR, SDR, CESOL, SETRE, Secretaria de Turismo da Bahia e Governo do Estado da Bahia.<\/p>\n\n\n\n<p>SERVI\u00c7O<\/p>\n\n\n\n<p>Programa\u00e7\u00e3o da 11\u00aa edi\u00e7\u00e3o do Festival Sabores de Itacar\u00e9<\/p>\n\n\n\n<p>Quando: 14 a 26 de outubro de 2025<\/p>\n\n\n\n<p>Onde: Itacar\u00e9\/Bahia<\/p>\n\n\n\n<p>Entrada: gratuita<\/p>\n\n\n\n<p>&nbsp;Fotos: T\u00e1rek Roveran<\/p>\n\n\n\n<p>Programa\u00e7\u00e3o<\/p>\n\n\n\n<p>De 15 a 26\/10\/2025 Venda dos pratos inscritos nos 24 estabelecimentos participantes do Festival<\/p>\n\n\n\n<p>Cozinha Show<\/p>\n\n\n\n<p><strong>24\/OUTUBRO \u2013 SEXTA-FEIRA<\/strong><\/p>\n\n\n\n<p>\u25aa 19:00 \u2013 Chef Marly Katarina (Caf\u00e9 com Cacau)<\/p>\n\n\n\n<p>Tema: Encantos Caf\u00e9 com Cacau<\/p>\n\n\n\n<p>\u25aa 20:00 \u2013 Chef Dani Fa\u00e7anha (Morro dos Navegantes)<\/p>\n\n\n\n<p>Tema: Mini Burguer de catado de siri com chutney de cacau verde<\/p>\n\n\n\n<p>\u25aa 21:00 \u2013 Chef Lucas Corazza (Confeiteiro e apresentador GNT)<\/p>\n\n\n\n<p>Tema: Sabl\u00e9 Breton (tortinha de chocolate)<\/p>\n\n\n\n<p>\u25aa 22:00 \u2013 Chef Thi\u00e1ra Novaes (Restaurante Mirante Marina)<\/p>\n\n\n\n<p>Tema: Costelinha su\u00edna ao molho de mel de cacau e mostarda em gr\u00e3os com Risoto de gorgonzola.<\/p>\n\n\n\n<p><strong>25\/OUTUBRO \u2013 S\u00c1BADO<\/strong><\/p>\n\n\n\n<p>\u25aa 19:00 \u2013 Chef Nena (Txai Resort)<\/p>\n\n\n\n<p>Tema: Peixe com Mel de Cacau<\/p>\n\n\n\n<p>\u25aa 20:00 \u2013 Chef Cadu Moura (Grupo Origem)<\/p>\n\n\n\n<p>Apresenta\u00e7\u00e3o do prato: Tagliata do Sol com Roti de Chocolate, pir\u00e3o de queijo coalho e saladinha crocante de coentro.<\/p>\n\n\n\n<p>\u25aa 21:00 \u2013 Chef Deia Lopes (Toca da Tapioca)<\/p>\n\n\n\n<p>Tema: Terra e mar<\/p>\n\n\n\n<p>\u25aa 22:00 \u2013 Chef Junior Fran\u00e7a (Curador)<\/p>\n\n\n\n<p>Tema: Costela Imperial\u200b&nbsp;<\/p>\n\n\n\n<p><strong>26\/OUTUBRO \u2013 DOMINGO<\/strong><\/p>\n\n\n\n<p>\u25aa 19:00 \u2013 Chef L\u00e9a Baptiston \/ Chef L\u00e9ia Tavares (Coco Pimenta Gastrobar)<\/p>\n\n\n\n<p>Tema: Do mar ao cacau.<\/p>\n\n\n\n<p>\u25aa 20:00 \u2013 Chef Mia Pettinati (Aldeia do Mar)<\/p>\n\n\n\n<p>Tema: Ceviche de cacau em \u00e1gua<\/p>\n\n\n\n<p>\u25aa 21:00 \u2013 Chef Mirian Rocha \u2013 Sommeliere de chocolate, chocolatier<\/p>\n\n\n\n<p>Tema: Chocolateria moderna &#8211; Cores, texturas e sabores<\/p>\n\n\n\n<p>\u25aa 22:00 \u2013 Subchef Su\u00e9lio Nascimento (S\u00e3o Jos\u00e9 Beach Club)<\/p>\n\n\n\n<p>Tema: Peixe da Bahia<\/p>\n\n\n\n<p><em><strong>COZINHA KIDS<\/strong><\/em>&nbsp;<\/p>\n\n\n\n<p><strong>25\/OUTUBRO \u2013 S\u00c1BADO<\/strong><\/p>\n\n\n\n<p>16:30 \u2013 Chef Mia Carazoli (Verde Verdinho @verdeverdinho)<\/p>\n\n\n\n<p>Tema: Comer Bem, Viver Bem<\/p>\n\n\n\n<p><strong>26\/OUTUBRO \u2013 DOMINGO<\/strong><\/p>\n\n\n\n<p>16:30 \u2013 Palha\u00e7o Shampoo (Sorveteria Show de Bola)<\/p>\n\n\n\n<p>Sorteio do pr\u00eamio dia 26\/10\/2025 no palco que ser\u00e1 instalado na Pra\u00e7a da Mangueira, a partir das 23:00 mesmo hor\u00e1rio da abertura do show musical&nbsp;<\/p>\n\n\n\n<p><strong>FEIRA GASTRON\u00d4MICA (PRA\u00c7A DA MANGUEIRA) \u2013 24 a 26\/10\/25<\/strong><\/p>\n\n\n\n<ul>\n<li>Feira Gastron\u00f4mica &#8211; 24, 25 e 26\/10 17:00h \u00e0s 23:00h<\/li>\n\n\n\n<li>Apresenta\u00e7\u00e3o Cultural &#8211; 24\/10 ap\u00f3s abertura, Vila do chocolate \/ cozinha show<\/li>\n\n\n\n<li>Apresenta\u00e7\u00e3o Cultural &#8211; 25\/10 18:00h Arrast\u00e3o Cultural &#8211; saindo do Mar\u00e9 Alta<\/li>\n\n\n\n<li>Apresenta\u00e7\u00e3o Cultural &#8211; 26\/10 18:00h Arrast\u00e3o Cultural &#8211; saindo do Mar\u00e9 Alta<\/li>\n\n\n\n<li>Atra\u00e7\u00f5es Musicais \u2013 24\/10 \u00c0 26\/10 &#8211; 23:00h \u00e0 1h00<\/li>\n<\/ul>\n\n\n\n<p><strong>VILA DO CHOCOLATE<\/strong><\/p>\n\n\n\n<p>(AV. Pau Brasil &#8211; Estacionamento externo do Hotel Ecoporan)<\/p>\n\n\n\n<p>24\/10 de 18:00h \u00e0s 23:00h<\/p>\n\n\n\n<p>25 e 26\/10\/25 de 16:30h \u00e0s 23:00h<\/p>\n\n\n\n<p><strong>FESTAS DOS CHEFS<\/strong><\/p>\n\n\n\n<p>15\/10\/25 (Quarta-Feira) \u00e0s 19h \u00c0S Restaurante U\u00e7\u00e1&nbsp; (Hotel Aldeia do Mar)<\/p>\n\n\n\n<p>16\/10\/25 (Quinta-Feira) \u00e0s 15h &#8211; Restaurante Mirantes Marina (Praia da Costa)<\/p>\n\n\n\n<p>18\/10\/25 (S\u00e1bado) \u00e0s 19h Restaurante Alamaim (Pituba)<\/p>\n\n\n\n<p>19\/10\/25 (Domingo) \u00e0s 19h \u2013 Mar\u00e9 Alta (Orla Mar\u00edtima)<\/p>\n\n\n\n<p>21\/10\/25 (Ter\u00e7a-feira) \u00e0s 19h &#8211; Blue Ocean Chopp (Praia da Concha)<\/p>\n\n\n\n<p>22\/10\/25 (Quarta-Feira) \u00e0s 19h &#8211; Restaurante Mandio (Hotel Resende Imperial)<\/p>\n\n\n\n<p>23\/10\/25 (Quinta-Feira) \u00e0s 19h &#8211; Restaurante Sabores da Terra &#8211; Ecoporan Hotel<\/p>\n\n\n\n<p><em>Programa\u00e7\u00e3o sujeita&nbsp;a&nbsp;altera\u00e7\u00e3o<\/em><\/p>\n","protected":false},"excerpt":{"rendered":"<p>Come\u00e7a no dia 14 e se estende at\u00e9 o dia 26 de outubro a programa\u00e7\u00e3o oficial da 11\u00aa edi\u00e7\u00e3o do Festival Sabores de Itacar\u00e9. O celebrado evento gastron\u00f4mico, que contempla da alta gastronomia ao street food, tornou-se um dos mais esperados do calend\u00e1rio do paradis\u00edaco munic\u00edpio baiano de pouco mais de 27 mil habitantes e [&hellip;]<\/p>\n","protected":false},"author":3,"featured_media":39176,"comment_status":"open","ping_status":"open","sticky":false,"template":"","format":"standard","meta":{"_monsterinsights_skip_tracking":false,"_monsterinsights_sitenote_active":false,"_monsterinsights_sitenote_note":"","_monsterinsights_sitenote_category":0,"footnotes":""},"categories":[47,45],"tags":[],"yoast_head":"<!-- This site is optimized with the Yoast SEO plugin v22.9 - https:\/\/yoast.com\/wordpress\/plugins\/seo\/ -->\n<title>Cozinha Show, Vila do Chocolate e pratos promocionais: saiba o que vai rolar no Festival Sabores de Itacar\u00e9 - Portal MF<\/title>\n<meta name=\"robots\" content=\"index, follow, max-snippet:-1, max-image-preview:large, max-video-preview:-1\" \/>\n<link rel=\"canonical\" href=\"https:\/\/portalmf.com.br\/index.php\/2025\/10\/04\/cozinha-show-vila-do-chocolate-e-pratos-promocionais-saiba-o-que-vai-rolar-no-festival-sabores-de-itacare\/\" \/>\n<meta property=\"og:locale\" content=\"pt_BR\" \/>\n<meta property=\"og:type\" content=\"article\" \/>\n<meta property=\"og:title\" content=\"Cozinha Show, Vila do Chocolate e pratos promocionais: saiba o que vai rolar no Festival Sabores de Itacar\u00e9 - Portal MF\" \/>\n<meta property=\"og:description\" content=\"Come\u00e7a no dia 14 e se estende at\u00e9 o dia 26 de outubro a programa\u00e7\u00e3o oficial da 11\u00aa edi\u00e7\u00e3o do Festival Sabores de Itacar\u00e9. O celebrado evento gastron\u00f4mico, que contempla da alta gastronomia ao street food, tornou-se um dos mais esperados do calend\u00e1rio do paradis\u00edaco munic\u00edpio baiano de pouco mais de 27 mil habitantes e [&hellip;]\" \/>\n<meta property=\"og:url\" content=\"https:\/\/portalmf.com.br\/index.php\/2025\/10\/04\/cozinha-show-vila-do-chocolate-e-pratos-promocionais-saiba-o-que-vai-rolar-no-festival-sabores-de-itacare\/\" \/>\n<meta property=\"og:site_name\" content=\"Portal MF\" \/>\n<meta property=\"article:author\" content=\"https:\/\/www.facebook.com\/portalmfoficial\" \/>\n<meta property=\"article:published_time\" content=\"2025-10-05T00:43:45+00:00\" \/>\n<meta property=\"article:modified_time\" content=\"2025-10-05T00:43:47+00:00\" \/>\n<meta property=\"og:image\" content=\"https:\/\/portalmf.com.br\/wp-content\/uploads\/2025\/10\/Festival_Itacare_3.jpg\" \/>\n\t<meta property=\"og:image:width\" content=\"1060\" \/>\n\t<meta property=\"og:image:height\" content=\"607\" \/>\n\t<meta property=\"og:image:type\" content=\"image\/jpeg\" \/>\n<meta name=\"author\" content=\"Reda\u00e7\u00e3o Portal MF\" \/>\n<meta name=\"twitter:card\" content=\"summary_large_image\" \/>\n<meta name=\"twitter:creator\" content=\"@https:\/\/x.com\/portalmfoficial\" \/>\n<meta name=\"twitter:label1\" content=\"Escrito por\" \/>\n\t<meta name=\"twitter:data1\" content=\"Reda\u00e7\u00e3o Portal MF\" \/>\n\t<meta name=\"twitter:label2\" content=\"Est. tempo de leitura\" \/>\n\t<meta name=\"twitter:data2\" content=\"6 minutos\" \/>\n<script type=\"application\/ld+json\" class=\"yoast-schema-graph\">{\"@context\":\"https:\/\/schema.org\",\"@graph\":[{\"@type\":\"WebPage\",\"@id\":\"https:\/\/portalmf.com.br\/index.php\/2025\/10\/04\/cozinha-show-vila-do-chocolate-e-pratos-promocionais-saiba-o-que-vai-rolar-no-festival-sabores-de-itacare\/\",\"url\":\"https:\/\/portalmf.com.br\/index.php\/2025\/10\/04\/cozinha-show-vila-do-chocolate-e-pratos-promocionais-saiba-o-que-vai-rolar-no-festival-sabores-de-itacare\/\",\"name\":\"Cozinha Show, Vila do Chocolate e pratos promocionais: saiba o que vai rolar no Festival Sabores de Itacar\u00e9 - Portal MF\",\"isPartOf\":{\"@id\":\"https:\/\/portalmf.com.br\/#website\"},\"primaryImageOfPage\":{\"@id\":\"https:\/\/portalmf.com.br\/index.php\/2025\/10\/04\/cozinha-show-vila-do-chocolate-e-pratos-promocionais-saiba-o-que-vai-rolar-no-festival-sabores-de-itacare\/#primaryimage\"},\"image\":{\"@id\":\"https:\/\/portalmf.com.br\/index.php\/2025\/10\/04\/cozinha-show-vila-do-chocolate-e-pratos-promocionais-saiba-o-que-vai-rolar-no-festival-sabores-de-itacare\/#primaryimage\"},\"thumbnailUrl\":\"https:\/\/portalmf.com.br\/wp-content\/uploads\/2025\/10\/Festival_Itacare_3.jpg\",\"datePublished\":\"2025-10-05T00:43:45+00:00\",\"dateModified\":\"2025-10-05T00:43:47+00:00\",\"author\":{\"@id\":\"https:\/\/portalmf.com.br\/#\/schema\/person\/9ec101baf56233e53520c26de5d6f6f0\"},\"breadcrumb\":{\"@id\":\"https:\/\/portalmf.com.br\/index.php\/2025\/10\/04\/cozinha-show-vila-do-chocolate-e-pratos-promocionais-saiba-o-que-vai-rolar-no-festival-sabores-de-itacare\/#breadcrumb\"},\"inLanguage\":\"pt-BR\",\"potentialAction\":[{\"@type\":\"ReadAction\",\"target\":[\"https:\/\/portalmf.com.br\/index.php\/2025\/10\/04\/cozinha-show-vila-do-chocolate-e-pratos-promocionais-saiba-o-que-vai-rolar-no-festival-sabores-de-itacare\/\"]}]},{\"@type\":\"ImageObject\",\"inLanguage\":\"pt-BR\",\"@id\":\"https:\/\/portalmf.com.br\/index.php\/2025\/10\/04\/cozinha-show-vila-do-chocolate-e-pratos-promocionais-saiba-o-que-vai-rolar-no-festival-sabores-de-itacare\/#primaryimage\",\"url\":\"https:\/\/portalmf.com.br\/wp-content\/uploads\/2025\/10\/Festival_Itacare_3.jpg\",\"contentUrl\":\"https:\/\/portalmf.com.br\/wp-content\/uploads\/2025\/10\/Festival_Itacare_3.jpg\",\"width\":1060,\"height\":607},{\"@type\":\"BreadcrumbList\",\"@id\":\"https:\/\/portalmf.com.br\/index.php\/2025\/10\/04\/cozinha-show-vila-do-chocolate-e-pratos-promocionais-saiba-o-que-vai-rolar-no-festival-sabores-de-itacare\/#breadcrumb\",\"itemListElement\":[{\"@type\":\"ListItem\",\"position\":1,\"name\":\"In\u00edcio\",\"item\":\"https:\/\/portalmf.com.br\/\"},{\"@type\":\"ListItem\",\"position\":2,\"name\":\"Cozinha Show, Vila do Chocolate e pratos promocionais: saiba o que vai rolar no Festival Sabores de Itacar\u00e9\"}]},{\"@type\":\"WebSite\",\"@id\":\"https:\/\/portalmf.com.br\/#website\",\"url\":\"https:\/\/portalmf.com.br\/\",\"name\":\"Portal MF\",\"description\":\"Voc\u00ea conectado com a informa\u00e7\u00e3o\",\"potentialAction\":[{\"@type\":\"SearchAction\",\"target\":{\"@type\":\"EntryPoint\",\"urlTemplate\":\"https:\/\/portalmf.com.br\/?s={search_term_string}\"},\"query-input\":\"required name=search_term_string\"}],\"inLanguage\":\"pt-BR\"},{\"@type\":\"Person\",\"@id\":\"https:\/\/portalmf.com.br\/#\/schema\/person\/9ec101baf56233e53520c26de5d6f6f0\",\"name\":\"Reda\u00e7\u00e3o Portal MF\",\"image\":{\"@type\":\"ImageObject\",\"inLanguage\":\"pt-BR\",\"@id\":\"https:\/\/portalmf.com.br\/#\/schema\/person\/image\/\",\"url\":\"https:\/\/secure.gravatar.com\/avatar\/41b9aaeb2100835f7c64362330f74c7f?s=96&d=mm&r=g\",\"contentUrl\":\"https:\/\/secure.gravatar.com\/avatar\/41b9aaeb2100835f7c64362330f74c7f?s=96&d=mm&r=g\",\"caption\":\"Reda\u00e7\u00e3o Portal MF\"},\"description\":\"Sejam bem-vindos o portal de informa\u00e7\u00f5es de entretenimento de Feira de Santana, desde 2006 realiza coberturas dos principais eventos com entrevistas exclusivas com as principais personalidades mundiais. Fique conectado tamb\u00e9m nas redes sociais.\",\"sameAs\":[\"http:\/\/www.portalmf.com.br\/\",\"https:\/\/www.facebook.com\/portalmfoficial\",\"https:\/\/www.instagram.com\/portalmf\/\",\"https:\/\/x.com\/https:\/\/x.com\/portalmfoficial\",\"https:\/\/www.youtube.com\/@portalmfoficial\"],\"url\":\"https:\/\/portalmf.com.br\/index.php\/author\/junior\/\"}]}<\/script>\n<!-- \/ Yoast SEO plugin. -->","yoast_head_json":{"title":"Cozinha Show, Vila do Chocolate e pratos promocionais: saiba o que vai rolar no Festival Sabores de Itacar\u00e9 - Portal MF","robots":{"index":"index","follow":"follow","max-snippet":"max-snippet:-1","max-image-preview":"max-image-preview:large","max-video-preview":"max-video-preview:-1"},"canonical":"https:\/\/portalmf.com.br\/index.php\/2025\/10\/04\/cozinha-show-vila-do-chocolate-e-pratos-promocionais-saiba-o-que-vai-rolar-no-festival-sabores-de-itacare\/","og_locale":"pt_BR","og_type":"article","og_title":"Cozinha Show, Vila do Chocolate e pratos promocionais: saiba o que vai rolar no Festival Sabores de Itacar\u00e9 - Portal MF","og_description":"Come\u00e7a no dia 14 e se estende at\u00e9 o dia 26 de outubro a programa\u00e7\u00e3o oficial da 11\u00aa edi\u00e7\u00e3o do Festival Sabores de Itacar\u00e9. O celebrado evento gastron\u00f4mico, que contempla da alta gastronomia ao street food, tornou-se um dos mais esperados do calend\u00e1rio do paradis\u00edaco munic\u00edpio baiano de pouco mais de 27 mil habitantes e [&hellip;]","og_url":"https:\/\/portalmf.com.br\/index.php\/2025\/10\/04\/cozinha-show-vila-do-chocolate-e-pratos-promocionais-saiba-o-que-vai-rolar-no-festival-sabores-de-itacare\/","og_site_name":"Portal MF","article_author":"https:\/\/www.facebook.com\/portalmfoficial","article_published_time":"2025-10-05T00:43:45+00:00","article_modified_time":"2025-10-05T00:43:47+00:00","og_image":[{"width":1060,"height":607,"url":"https:\/\/portalmf.com.br\/wp-content\/uploads\/2025\/10\/Festival_Itacare_3.jpg","type":"image\/jpeg"}],"author":"Reda\u00e7\u00e3o Portal MF","twitter_card":"summary_large_image","twitter_creator":"@https:\/\/x.com\/portalmfoficial","twitter_misc":{"Escrito por":"Reda\u00e7\u00e3o Portal MF","Est. tempo de leitura":"6 minutos"},"schema":{"@context":"https:\/\/schema.org","@graph":[{"@type":"WebPage","@id":"https:\/\/portalmf.com.br\/index.php\/2025\/10\/04\/cozinha-show-vila-do-chocolate-e-pratos-promocionais-saiba-o-que-vai-rolar-no-festival-sabores-de-itacare\/","url":"https:\/\/portalmf.com.br\/index.php\/2025\/10\/04\/cozinha-show-vila-do-chocolate-e-pratos-promocionais-saiba-o-que-vai-rolar-no-festival-sabores-de-itacare\/","name":"Cozinha Show, Vila do Chocolate e pratos promocionais: saiba o que vai rolar no Festival Sabores de Itacar\u00e9 - Portal MF","isPartOf":{"@id":"https:\/\/portalmf.com.br\/#website"},"primaryImageOfPage":{"@id":"https:\/\/portalmf.com.br\/index.php\/2025\/10\/04\/cozinha-show-vila-do-chocolate-e-pratos-promocionais-saiba-o-que-vai-rolar-no-festival-sabores-de-itacare\/#primaryimage"},"image":{"@id":"https:\/\/portalmf.com.br\/index.php\/2025\/10\/04\/cozinha-show-vila-do-chocolate-e-pratos-promocionais-saiba-o-que-vai-rolar-no-festival-sabores-de-itacare\/#primaryimage"},"thumbnailUrl":"https:\/\/portalmf.com.br\/wp-content\/uploads\/2025\/10\/Festival_Itacare_3.jpg","datePublished":"2025-10-05T00:43:45+00:00","dateModified":"2025-10-05T00:43:47+00:00","author":{"@id":"https:\/\/portalmf.com.br\/#\/schema\/person\/9ec101baf56233e53520c26de5d6f6f0"},"breadcrumb":{"@id":"https:\/\/portalmf.com.br\/index.php\/2025\/10\/04\/cozinha-show-vila-do-chocolate-e-pratos-promocionais-saiba-o-que-vai-rolar-no-festival-sabores-de-itacare\/#breadcrumb"},"inLanguage":"pt-BR","potentialAction":[{"@type":"ReadAction","target":["https:\/\/portalmf.com.br\/index.php\/2025\/10\/04\/cozinha-show-vila-do-chocolate-e-pratos-promocionais-saiba-o-que-vai-rolar-no-festival-sabores-de-itacare\/"]}]},{"@type":"ImageObject","inLanguage":"pt-BR","@id":"https:\/\/portalmf.com.br\/index.php\/2025\/10\/04\/cozinha-show-vila-do-chocolate-e-pratos-promocionais-saiba-o-que-vai-rolar-no-festival-sabores-de-itacare\/#primaryimage","url":"https:\/\/portalmf.com.br\/wp-content\/uploads\/2025\/10\/Festival_Itacare_3.jpg","contentUrl":"https:\/\/portalmf.com.br\/wp-content\/uploads\/2025\/10\/Festival_Itacare_3.jpg","width":1060,"height":607},{"@type":"BreadcrumbList","@id":"https:\/\/portalmf.com.br\/index.php\/2025\/10\/04\/cozinha-show-vila-do-chocolate-e-pratos-promocionais-saiba-o-que-vai-rolar-no-festival-sabores-de-itacare\/#breadcrumb","itemListElement":[{"@type":"ListItem","position":1,"name":"In\u00edcio","item":"https:\/\/portalmf.com.br\/"},{"@type":"ListItem","position":2,"name":"Cozinha Show, Vila do Chocolate e pratos promocionais: saiba o que vai rolar no Festival Sabores de Itacar\u00e9"}]},{"@type":"WebSite","@id":"https:\/\/portalmf.com.br\/#website","url":"https:\/\/portalmf.com.br\/","name":"Portal MF","description":"Voc\u00ea conectado com a informa\u00e7\u00e3o","potentialAction":[{"@type":"SearchAction","target":{"@type":"EntryPoint","urlTemplate":"https:\/\/portalmf.com.br\/?s={search_term_string}"},"query-input":"required name=search_term_string"}],"inLanguage":"pt-BR"},{"@type":"Person","@id":"https:\/\/portalmf.com.br\/#\/schema\/person\/9ec101baf56233e53520c26de5d6f6f0","name":"Reda\u00e7\u00e3o Portal MF","image":{"@type":"ImageObject","inLanguage":"pt-BR","@id":"https:\/\/portalmf.com.br\/#\/schema\/person\/image\/","url":"https:\/\/secure.gravatar.com\/avatar\/41b9aaeb2100835f7c64362330f74c7f?s=96&d=mm&r=g","contentUrl":"https:\/\/secure.gravatar.com\/avatar\/41b9aaeb2100835f7c64362330f74c7f?s=96&d=mm&r=g","caption":"Reda\u00e7\u00e3o Portal MF"},"description":"Sejam bem-vindos o portal de informa\u00e7\u00f5es de entretenimento de Feira de Santana, desde 2006 realiza coberturas dos principais eventos com entrevistas exclusivas com as principais personalidades mundiais. Fique conectado tamb\u00e9m nas redes sociais.","sameAs":["http:\/\/www.portalmf.com.br\/","https:\/\/www.facebook.com\/portalmfoficial","https:\/\/www.instagram.com\/portalmf\/","https:\/\/x.com\/https:\/\/x.com\/portalmfoficial","https:\/\/www.youtube.com\/@portalmfoficial"],"url":"https:\/\/portalmf.com.br\/index.php\/author\/junior\/"}]}},"_links":{"self":[{"href":"https:\/\/portalmf.com.br\/index.php\/wp-json\/wp\/v2\/posts\/39175"}],"collection":[{"href":"https:\/\/portalmf.com.br\/index.php\/wp-json\/wp\/v2\/posts"}],"about":[{"href":"https:\/\/portalmf.com.br\/index.php\/wp-json\/wp\/v2\/types\/post"}],"author":[{"embeddable":true,"href":"https:\/\/portalmf.com.br\/index.php\/wp-json\/wp\/v2\/users\/3"}],"replies":[{"embeddable":true,"href":"https:\/\/portalmf.com.br\/index.php\/wp-json\/wp\/v2\/comments?post=39175"}],"version-history":[{"count":1,"href":"https:\/\/portalmf.com.br\/index.php\/wp-json\/wp\/v2\/posts\/39175\/revisions"}],"predecessor-version":[{"id":39177,"href":"https:\/\/portalmf.com.br\/index.php\/wp-json\/wp\/v2\/posts\/39175\/revisions\/39177"}],"wp:featuredmedia":[{"embeddable":true,"href":"https:\/\/portalmf.com.br\/index.php\/wp-json\/wp\/v2\/media\/39176"}],"wp:attachment":[{"href":"https:\/\/portalmf.com.br\/index.php\/wp-json\/wp\/v2\/media?parent=39175"}],"wp:term":[{"taxonomy":"category","embeddable":true,"href":"https:\/\/portalmf.com.br\/index.php\/wp-json\/wp\/v2\/categories?post=39175"},{"taxonomy":"post_tag","embeddable":true,"href":"https:\/\/portalmf.com.br\/index.php\/wp-json\/wp\/v2\/tags?post=39175"}],"curies":[{"name":"wp","href":"https:\/\/api.w.org\/{rel}","templated":true}]}}