{"id":3915,"date":"2022-09-01T17:34:15","date_gmt":"2022-09-01T20:34:15","guid":{"rendered":"http:\/\/portalmf.com.br\/?p=3915"},"modified":"2022-09-01T17:34:15","modified_gmt":"2022-09-01T20:34:15","slug":"ivete-homenageia-jo-soares-no-pipoca-deste-domingo","status":"publish","type":"post","link":"https:\/\/portalmf.com.br\/index.php\/2022\/09\/01\/ivete-homenageia-jo-soares-no-pipoca-deste-domingo\/","title":{"rendered":"Ivete homenageia J\u00f4 Soares no &#8216;Pipoca&#8217; deste domingo"},"content":{"rendered":"\n<p>Domingo \u00e9 dia de &#8216;Pipoca da Ivete&#8217;! E nesta semana, dia 4, Veveta homenageia o eterno J\u00f4 Soares no quadro &#8216;Vale a Pena Rir de Novo&#8217;. Ao lado de Douglas Silva e do cantor Gustavo Mioto, a apresentadora se caracteriza de Capit\u00e3o Gay enquanto os dois interpretam o fiel escudeiro Carlos Suely. O personagem de J\u00f4 Soares foi criado h\u00e1 40 anos para o programa &#8216;Viva o Gordo&#8217;.<\/p>\n\n\n\n<p>Os dois ainda participam do &#8216;Jogo do Sof\u00e1&#8217; ao lado de Giovanna Ewbank e Gaby Amarantos. &#8220;Foi maravilhoso! Eu sabia que ia chegar no est\u00fadio e a energia da Ivete ia ser incr\u00edvel. Estar com ela \u00e9 sempre uma experi\u00eancia maravilhosa porque ela sempre deixa tudo alto astral. Eu vim com essa vontade de me divertir e me jogar&#8221;, conta Giovanna.<\/p>\n\n\n\n<p>E m\u00fasica \u00e9 o que n\u00e3o vai faltar neste domingo. Com Douglas Silva, que estar\u00e1 em &#8216;Todas as Flores&#8217;, novela original Globoplay, Veveta canta &#8216;A Sombra da Maldade&#8217;, do grupo Cidade Negra. J\u00e1 com Gustavo Mioto o&nbsp;<em>hit<\/em>&nbsp;\u00e9 &#8216;Zero a Dez&#8217; da banda Melim. Com Gaby Amarantos \u2013 nova t\u00e9cnica do \u2018The Voice Brasil\u2019 \u2013 a apresentadora canta &#8216;Chorando Se Foi&#8217;. &#8220;Foi uma del\u00edcia e uma farra muita boa gravar o &#8216;Pipoca&#8217;. Estou muito feliz porque ainda cantei com Veveta!&#8221;, revela Gaby.<\/p>\n\n\n\n<p>No duelo de fam\u00edlia \u00e9 a vez do apresentador Alex Escobar brincar com Mainha. O dois jogam &#8216;Embaixo dos Len\u00e7\u00f3is&#8217; e d\u00e3o um &#8216;Rol\u00ea na geleira&#8217;.&nbsp;<\/p>\n\n\n\n<p>&#8216;Pipoca da Ivete&#8217; tem dire\u00e7\u00e3o art\u00edstica de Creso Eduardo Macedo com apresenta\u00e7\u00e3o de Ivete Sangalo. A produ\u00e7\u00e3o \u00e9 de Valesca Campos e a dire\u00e7\u00e3o de g\u00eanero \u00e9 de Boninho. O programa vai ao ar no domingo ap\u00f3s &#8216;Temperatura M\u00e1xima&#8217;.<\/p>\n","protected":false},"excerpt":{"rendered":"<p>Domingo \u00e9 dia de &#8216;Pipoca da Ivete&#8217;! E nesta semana, dia 4, Veveta homenageia o eterno J\u00f4 Soares no quadro &#8216;Vale a Pena Rir de Novo&#8217;. Ao lado de Douglas Silva e do cantor Gustavo Mioto, a apresentadora se caracteriza de Capit\u00e3o Gay enquanto os dois interpretam o fiel escudeiro Carlos Suely. O personagem de [&hellip;]<\/p>\n","protected":false},"author":2,"featured_media":3916,"comment_status":"open","ping_status":"open","sticky":false,"template":"","format":"standard","meta":{"_monsterinsights_skip_tracking":false,"_monsterinsights_sitenote_active":false,"_monsterinsights_sitenote_note":"","_monsterinsights_sitenote_category":0,"footnotes":""},"categories":[47,43],"tags":[168,169,166,167],"yoast_head":"<!-- This site is optimized with the Yoast SEO plugin v22.9 - https:\/\/yoast.com\/wordpress\/plugins\/seo\/ -->\n<title>Ivete homenageia J\u00f4 Soares no &#039;Pipoca&#039; deste domingo - Portal MF<\/title>\n<meta name=\"robots\" content=\"index, follow, max-snippet:-1, max-image-preview:large, max-video-preview:-1\" \/>\n<link rel=\"canonical\" href=\"https:\/\/portalmf.com.br\/index.php\/2022\/09\/01\/ivete-homenageia-jo-soares-no-pipoca-deste-domingo\/\" \/>\n<meta property=\"og:locale\" content=\"pt_BR\" \/>\n<meta property=\"og:type\" content=\"article\" \/>\n<meta property=\"og:title\" content=\"Ivete homenageia J\u00f4 Soares no &#039;Pipoca&#039; deste domingo - Portal MF\" \/>\n<meta property=\"og:description\" content=\"Domingo \u00e9 dia de &#8216;Pipoca da Ivete&#8217;! E nesta semana, dia 4, Veveta homenageia o eterno J\u00f4 Soares no quadro &#8216;Vale a Pena Rir de Novo&#8217;. Ao lado de Douglas Silva e do cantor Gustavo Mioto, a apresentadora se caracteriza de Capit\u00e3o Gay enquanto os dois interpretam o fiel escudeiro Carlos Suely. O personagem de [&hellip;]\" \/>\n<meta property=\"og:url\" content=\"https:\/\/portalmf.com.br\/index.php\/2022\/09\/01\/ivete-homenageia-jo-soares-no-pipoca-deste-domingo\/\" \/>\n<meta property=\"og:site_name\" content=\"Portal MF\" \/>\n<meta property=\"article:author\" content=\"reginaldojrfsa\" \/>\n<meta property=\"article:published_time\" content=\"2022-09-01T20:34:15+00:00\" \/>\n<meta property=\"og:image\" content=\"https:\/\/portalmf.com.br\/wp-content\/uploads\/2022\/09\/assets_fotos_951_ivete-homenageia-jo-soares-no-pipoca-deste-domingo-ffd46d4d1874-scaled.jpg\" \/>\n\t<meta property=\"og:image:width\" content=\"2560\" \/>\n\t<meta property=\"og:image:height\" content=\"1747\" \/>\n\t<meta property=\"og:image:type\" content=\"image\/jpeg\" \/>\n<meta name=\"author\" content=\"Reginaldo J\u00fanior\" \/>\n<meta name=\"twitter:card\" content=\"summary_large_image\" \/>\n<meta name=\"twitter:creator\" content=\"@reginaldojrmf\" \/>\n<meta name=\"twitter:label1\" content=\"Escrito por\" \/>\n\t<meta name=\"twitter:data1\" content=\"Reginaldo J\u00fanior\" \/>\n\t<meta name=\"twitter:label2\" content=\"Est. tempo de leitura\" \/>\n\t<meta name=\"twitter:data2\" content=\"2 minutos\" \/>\n<script type=\"application\/ld+json\" class=\"yoast-schema-graph\">{\"@context\":\"https:\/\/schema.org\",\"@graph\":[{\"@type\":\"WebPage\",\"@id\":\"https:\/\/portalmf.com.br\/index.php\/2022\/09\/01\/ivete-homenageia-jo-soares-no-pipoca-deste-domingo\/\",\"url\":\"https:\/\/portalmf.com.br\/index.php\/2022\/09\/01\/ivete-homenageia-jo-soares-no-pipoca-deste-domingo\/\",\"name\":\"Ivete homenageia J\u00f4 Soares no 'Pipoca' deste domingo - Portal MF\",\"isPartOf\":{\"@id\":\"https:\/\/portalmf.com.br\/#website\"},\"primaryImageOfPage\":{\"@id\":\"https:\/\/portalmf.com.br\/index.php\/2022\/09\/01\/ivete-homenageia-jo-soares-no-pipoca-deste-domingo\/#primaryimage\"},\"image\":{\"@id\":\"https:\/\/portalmf.com.br\/index.php\/2022\/09\/01\/ivete-homenageia-jo-soares-no-pipoca-deste-domingo\/#primaryimage\"},\"thumbnailUrl\":\"https:\/\/portalmf.com.br\/wp-content\/uploads\/2022\/09\/assets_fotos_951_ivete-homenageia-jo-soares-no-pipoca-deste-domingo-ffd46d4d1874-scaled.jpg\",\"datePublished\":\"2022-09-01T20:34:15+00:00\",\"dateModified\":\"2022-09-01T20:34:15+00:00\",\"author\":{\"@id\":\"https:\/\/portalmf.com.br\/#\/schema\/person\/11c82086fe8abc05a19147e964587285\"},\"breadcrumb\":{\"@id\":\"https:\/\/portalmf.com.br\/index.php\/2022\/09\/01\/ivete-homenageia-jo-soares-no-pipoca-deste-domingo\/#breadcrumb\"},\"inLanguage\":\"pt-BR\",\"potentialAction\":[{\"@type\":\"ReadAction\",\"target\":[\"https:\/\/portalmf.com.br\/index.php\/2022\/09\/01\/ivete-homenageia-jo-soares-no-pipoca-deste-domingo\/\"]}]},{\"@type\":\"ImageObject\",\"inLanguage\":\"pt-BR\",\"@id\":\"https:\/\/portalmf.com.br\/index.php\/2022\/09\/01\/ivete-homenageia-jo-soares-no-pipoca-deste-domingo\/#primaryimage\",\"url\":\"https:\/\/portalmf.com.br\/wp-content\/uploads\/2022\/09\/assets_fotos_951_ivete-homenageia-jo-soares-no-pipoca-deste-domingo-ffd46d4d1874-scaled.jpg\",\"contentUrl\":\"https:\/\/portalmf.com.br\/wp-content\/uploads\/2022\/09\/assets_fotos_951_ivete-homenageia-jo-soares-no-pipoca-deste-domingo-ffd46d4d1874-scaled.jpg\",\"width\":2560,\"height\":1747,\"caption\":\"Ivete Sangalo, Gaby Amarantos, Gustavo Mioto, Douglas Silva, Gio Ewbank\"},{\"@type\":\"BreadcrumbList\",\"@id\":\"https:\/\/portalmf.com.br\/index.php\/2022\/09\/01\/ivete-homenageia-jo-soares-no-pipoca-deste-domingo\/#breadcrumb\",\"itemListElement\":[{\"@type\":\"ListItem\",\"position\":1,\"name\":\"In\u00edcio\",\"item\":\"https:\/\/portalmf.com.br\/\"},{\"@type\":\"ListItem\",\"position\":2,\"name\":\"Ivete homenageia J\u00f4 Soares no &#8216;Pipoca&#8217; deste domingo\"}]},{\"@type\":\"WebSite\",\"@id\":\"https:\/\/portalmf.com.br\/#website\",\"url\":\"https:\/\/portalmf.com.br\/\",\"name\":\"Portal MF\",\"description\":\"Voc\u00ea conectado com a informa\u00e7\u00e3o\",\"potentialAction\":[{\"@type\":\"SearchAction\",\"target\":{\"@type\":\"EntryPoint\",\"urlTemplate\":\"https:\/\/portalmf.com.br\/?s={search_term_string}\"},\"query-input\":\"required name=search_term_string\"}],\"inLanguage\":\"pt-BR\"},{\"@type\":\"Person\",\"@id\":\"https:\/\/portalmf.com.br\/#\/schema\/person\/11c82086fe8abc05a19147e964587285\",\"name\":\"Reginaldo J\u00fanior\",\"image\":{\"@type\":\"ImageObject\",\"inLanguage\":\"pt-BR\",\"@id\":\"https:\/\/portalmf.com.br\/#\/schema\/person\/image\/\",\"url\":\"https:\/\/secure.gravatar.com\/avatar\/32a3c797cd0ac47cc53b8644c62776f9?s=96&d=mm&r=g\",\"contentUrl\":\"https:\/\/secure.gravatar.com\/avatar\/32a3c797cd0ac47cc53b8644c62776f9?s=96&d=mm&r=g\",\"caption\":\"Reginaldo J\u00fanior\"},\"description\":\"Jornalista e idealizador Portal MF\",\"sameAs\":[\"https:\/\/portalmf.com.br\/index.php\/author\/reginaldojr\/\",\"reginaldojrfsa\",\"reginaldojuniormf\",\"https:\/\/x.com\/reginaldojrmf\"],\"url\":\"https:\/\/portalmf.com.br\/index.php\/author\/reginaldojr\/\"}]}<\/script>\n<!-- \/ Yoast SEO plugin. -->","yoast_head_json":{"title":"Ivete homenageia J\u00f4 Soares no 'Pipoca' deste domingo - Portal MF","robots":{"index":"index","follow":"follow","max-snippet":"max-snippet:-1","max-image-preview":"max-image-preview:large","max-video-preview":"max-video-preview:-1"},"canonical":"https:\/\/portalmf.com.br\/index.php\/2022\/09\/01\/ivete-homenageia-jo-soares-no-pipoca-deste-domingo\/","og_locale":"pt_BR","og_type":"article","og_title":"Ivete homenageia J\u00f4 Soares no 'Pipoca' deste domingo - Portal MF","og_description":"Domingo \u00e9 dia de &#8216;Pipoca da Ivete&#8217;! E nesta semana, dia 4, Veveta homenageia o eterno J\u00f4 Soares no quadro &#8216;Vale a Pena Rir de Novo&#8217;. Ao lado de Douglas Silva e do cantor Gustavo Mioto, a apresentadora se caracteriza de Capit\u00e3o Gay enquanto os dois interpretam o fiel escudeiro Carlos Suely. O personagem de [&hellip;]","og_url":"https:\/\/portalmf.com.br\/index.php\/2022\/09\/01\/ivete-homenageia-jo-soares-no-pipoca-deste-domingo\/","og_site_name":"Portal MF","article_author":"reginaldojrfsa","article_published_time":"2022-09-01T20:34:15+00:00","og_image":[{"width":2560,"height":1747,"url":"https:\/\/portalmf.com.br\/wp-content\/uploads\/2022\/09\/assets_fotos_951_ivete-homenageia-jo-soares-no-pipoca-deste-domingo-ffd46d4d1874-scaled.jpg","type":"image\/jpeg"}],"author":"Reginaldo J\u00fanior","twitter_card":"summary_large_image","twitter_creator":"@reginaldojrmf","twitter_misc":{"Escrito por":"Reginaldo J\u00fanior","Est. tempo de leitura":"2 minutos"},"schema":{"@context":"https:\/\/schema.org","@graph":[{"@type":"WebPage","@id":"https:\/\/portalmf.com.br\/index.php\/2022\/09\/01\/ivete-homenageia-jo-soares-no-pipoca-deste-domingo\/","url":"https:\/\/portalmf.com.br\/index.php\/2022\/09\/01\/ivete-homenageia-jo-soares-no-pipoca-deste-domingo\/","name":"Ivete homenageia J\u00f4 Soares no 'Pipoca' deste domingo - Portal MF","isPartOf":{"@id":"https:\/\/portalmf.com.br\/#website"},"primaryImageOfPage":{"@id":"https:\/\/portalmf.com.br\/index.php\/2022\/09\/01\/ivete-homenageia-jo-soares-no-pipoca-deste-domingo\/#primaryimage"},"image":{"@id":"https:\/\/portalmf.com.br\/index.php\/2022\/09\/01\/ivete-homenageia-jo-soares-no-pipoca-deste-domingo\/#primaryimage"},"thumbnailUrl":"https:\/\/portalmf.com.br\/wp-content\/uploads\/2022\/09\/assets_fotos_951_ivete-homenageia-jo-soares-no-pipoca-deste-domingo-ffd46d4d1874-scaled.jpg","datePublished":"2022-09-01T20:34:15+00:00","dateModified":"2022-09-01T20:34:15+00:00","author":{"@id":"https:\/\/portalmf.com.br\/#\/schema\/person\/11c82086fe8abc05a19147e964587285"},"breadcrumb":{"@id":"https:\/\/portalmf.com.br\/index.php\/2022\/09\/01\/ivete-homenageia-jo-soares-no-pipoca-deste-domingo\/#breadcrumb"},"inLanguage":"pt-BR","potentialAction":[{"@type":"ReadAction","target":["https:\/\/portalmf.com.br\/index.php\/2022\/09\/01\/ivete-homenageia-jo-soares-no-pipoca-deste-domingo\/"]}]},{"@type":"ImageObject","inLanguage":"pt-BR","@id":"https:\/\/portalmf.com.br\/index.php\/2022\/09\/01\/ivete-homenageia-jo-soares-no-pipoca-deste-domingo\/#primaryimage","url":"https:\/\/portalmf.com.br\/wp-content\/uploads\/2022\/09\/assets_fotos_951_ivete-homenageia-jo-soares-no-pipoca-deste-domingo-ffd46d4d1874-scaled.jpg","contentUrl":"https:\/\/portalmf.com.br\/wp-content\/uploads\/2022\/09\/assets_fotos_951_ivete-homenageia-jo-soares-no-pipoca-deste-domingo-ffd46d4d1874-scaled.jpg","width":2560,"height":1747,"caption":"Ivete Sangalo, Gaby Amarantos, Gustavo Mioto, Douglas Silva, Gio Ewbank"},{"@type":"BreadcrumbList","@id":"https:\/\/portalmf.com.br\/index.php\/2022\/09\/01\/ivete-homenageia-jo-soares-no-pipoca-deste-domingo\/#breadcrumb","itemListElement":[{"@type":"ListItem","position":1,"name":"In\u00edcio","item":"https:\/\/portalmf.com.br\/"},{"@type":"ListItem","position":2,"name":"Ivete homenageia J\u00f4 Soares no &#8216;Pipoca&#8217; deste domingo"}]},{"@type":"WebSite","@id":"https:\/\/portalmf.com.br\/#website","url":"https:\/\/portalmf.com.br\/","name":"Portal MF","description":"Voc\u00ea conectado com a informa\u00e7\u00e3o","potentialAction":[{"@type":"SearchAction","target":{"@type":"EntryPoint","urlTemplate":"https:\/\/portalmf.com.br\/?s={search_term_string}"},"query-input":"required name=search_term_string"}],"inLanguage":"pt-BR"},{"@type":"Person","@id":"https:\/\/portalmf.com.br\/#\/schema\/person\/11c82086fe8abc05a19147e964587285","name":"Reginaldo J\u00fanior","image":{"@type":"ImageObject","inLanguage":"pt-BR","@id":"https:\/\/portalmf.com.br\/#\/schema\/person\/image\/","url":"https:\/\/secure.gravatar.com\/avatar\/32a3c797cd0ac47cc53b8644c62776f9?s=96&d=mm&r=g","contentUrl":"https:\/\/secure.gravatar.com\/avatar\/32a3c797cd0ac47cc53b8644c62776f9?s=96&d=mm&r=g","caption":"Reginaldo J\u00fanior"},"description":"Jornalista e idealizador Portal MF","sameAs":["https:\/\/portalmf.com.br\/index.php\/author\/reginaldojr\/","reginaldojrfsa","reginaldojuniormf","https:\/\/x.com\/reginaldojrmf"],"url":"https:\/\/portalmf.com.br\/index.php\/author\/reginaldojr\/"}]}},"_links":{"self":[{"href":"https:\/\/portalmf.com.br\/index.php\/wp-json\/wp\/v2\/posts\/3915"}],"collection":[{"href":"https:\/\/portalmf.com.br\/index.php\/wp-json\/wp\/v2\/posts"}],"about":[{"href":"https:\/\/portalmf.com.br\/index.php\/wp-json\/wp\/v2\/types\/post"}],"author":[{"embeddable":true,"href":"https:\/\/portalmf.com.br\/index.php\/wp-json\/wp\/v2\/users\/2"}],"replies":[{"embeddable":true,"href":"https:\/\/portalmf.com.br\/index.php\/wp-json\/wp\/v2\/comments?post=3915"}],"version-history":[{"count":1,"href":"https:\/\/portalmf.com.br\/index.php\/wp-json\/wp\/v2\/posts\/3915\/revisions"}],"predecessor-version":[{"id":3917,"href":"https:\/\/portalmf.com.br\/index.php\/wp-json\/wp\/v2\/posts\/3915\/revisions\/3917"}],"wp:featuredmedia":[{"embeddable":true,"href":"https:\/\/portalmf.com.br\/index.php\/wp-json\/wp\/v2\/media\/3916"}],"wp:attachment":[{"href":"https:\/\/portalmf.com.br\/index.php\/wp-json\/wp\/v2\/media?parent=3915"}],"wp:term":[{"taxonomy":"category","embeddable":true,"href":"https:\/\/portalmf.com.br\/index.php\/wp-json\/wp\/v2\/categories?post=3915"},{"taxonomy":"post_tag","embeddable":true,"href":"https:\/\/portalmf.com.br\/index.php\/wp-json\/wp\/v2\/tags?post=3915"}],"curies":[{"name":"wp","href":"https:\/\/api.w.org\/{rel}","templated":true}]}}