{"id":3912,"date":"2022-09-01T17:31:09","date_gmt":"2022-09-01T20:31:09","guid":{"rendered":"http:\/\/portalmf.com.br\/?p=3912"},"modified":"2022-09-01T17:31:11","modified_gmt":"2022-09-01T20:31:11","slug":"carlinhos-maia-e-criticado-na-web-por-nao-se-posicionar-nas-eleicoes","status":"publish","type":"post","link":"https:\/\/portalmf.com.br\/index.php\/2022\/09\/01\/carlinhos-maia-e-criticado-na-web-por-nao-se-posicionar-nas-eleicoes\/","title":{"rendered":"Carlinhos Maia \u00e9 criticado na web por n\u00e3o se posicionar nas elei\u00e7\u00f5es"},"content":{"rendered":"\n<p>Carlinhos Maia decidiu anunciar que n\u00e3o ir\u00e1 se posicionar nas elei\u00e7\u00f5es presidenciais de 2022. O influenciador foi criticado nas redes sociais nesta quinta-feira (1) pela posi\u00e7\u00e3o de se anular por medo de perder seguidores no Instagram.<\/p>\n\n\n\n<p>Ao ser perguntado por seguidores em quem iria votar, Carlinhos comentou nos stories que n\u00e3o far\u00e1 isso para n\u00e3o perder f\u00e3s. &#8220;Eles &#8216;tudo doido&#8217; para saber em quem eu voto, eu digo n\u00e3o, sabe por qu\u00ea? \u00c9 t\u00e3o ruim perder seguidor, \u00e9 uma peleja para conquistar voc\u00eas, n\u00e3o posso n\u00e3o&#8221;, citou.<\/p>\n\n\n\n<p>Ele at\u00e9 sugeriu de falar em quem votou, mas ap\u00f3s as elei\u00e7\u00f5es. &#8220;N\u00e3o t\u00f4 podendo perder voc\u00eas agora n\u00e3o. Quando passar a campanha eu digo em quem votei, quem ganhar eu falo que votei, t\u00e1 votado&#8221;, afirmou e brincou com a situa\u00e7\u00e3o:<\/p>\n\n\n\n<figure class=\"wp-block-embed is-type-rich is-provider-twitter wp-block-embed-twitter\"><div class=\"wp-block-embed__wrapper\">\n<blockquote class=\"twitter-tweet\" data-width=\"550\" data-dnt=\"true\"><p lang=\"pt\" dir=\"ltr\">gente???<br><br>o carlinhos maia na cara dura dizendo q n\u00e3o vai dizer em quem vai votar pra n\u00e3o perder seguidor kkkkkkk nem pra s\u00f3 ficar calado \ud83d\udc80 <a href=\"https:\/\/t.co\/TyoQ4lQrwu\">pic.twitter.com\/TyoQ4lQrwu<\/a><\/p>&mdash; PEDRAO (@Itspedrito) <a href=\"https:\/\/twitter.com\/Itspedrito\/status\/1565404454203031553?ref_src=twsrc%5Etfw\">September 1, 2022<\/a><\/blockquote><script async src=\"https:\/\/platform.twitter.com\/widgets.js\" charset=\"utf-8\"><\/script>\n<\/div><\/figure>\n\n\n\n<p>&#8220;Voc\u00eas s\u00e3o dif\u00edceis, quando voc\u00eas voam, para voltar \u00e9 um problema. A\u00ed entra pol\u00eamica, a\u00ed voc\u00eas voam, n\u00e3o pode, \u00e9 o trabalho da gente&#8221;. Ao ser questionado por uma seguidora da raz\u00e3o por n\u00e3o se posicionar, ele se disse &#8220;fr\u00e1gil&#8221; para se envolver na quest\u00e3o pol\u00edtica.<\/p>\n\n\n\n<p>&#8220;T\u00f4 fr\u00e1gil, n\u00e3o quero ser atacado. N\u00e3o vale a pena, aprendi que falar demais o que pensa, te consome mais do que calar. N\u00e3o \u00e9 covardia, \u00e9 paz de esp\u00edrito mesmo. N\u00e3o d\u00e1 para tentar ser o super-her\u00f3i em tudo. Uma miss\u00e3o por vez&#8221;, afirmou.<\/p>\n\n\n\n<p>Nas redes sociais, internautas criticaram a posi\u00e7\u00e3o de Carlinhos, que com mais de 26 milh\u00f5es de seguidores, teve medo de perder f\u00e3s na rede social e foi na contram\u00e3o de outros influenciadores, como Bianca Andrade e Anitta.<\/p>\n\n\n\n<p>Com informa\u00e7\u00f5es do IG<\/p>\n","protected":false},"excerpt":{"rendered":"<p>Carlinhos Maia decidiu anunciar que n\u00e3o ir\u00e1 se posicionar nas elei\u00e7\u00f5es presidenciais de 2022. O influenciador foi criticado nas redes sociais nesta quinta-feira (1) pela posi\u00e7\u00e3o de se anular por medo de perder seguidores no Instagram. Ao ser perguntado por seguidores em quem iria votar, Carlinhos comentou nos stories que n\u00e3o far\u00e1 isso para n\u00e3o [&hellip;]<\/p>\n","protected":false},"author":2,"featured_media":3913,"comment_status":"open","ping_status":"open","sticky":false,"template":"","format":"standard","meta":{"_monsterinsights_skip_tracking":false,"_monsterinsights_sitenote_active":false,"_monsterinsights_sitenote_note":"","_monsterinsights_sitenote_category":0,"footnotes":""},"categories":[47,35],"tags":[165,66,67],"yoast_head":"<!-- This site is optimized with the Yoast SEO plugin v22.9 - https:\/\/yoast.com\/wordpress\/plugins\/seo\/ -->\n<title>Carlinhos Maia \u00e9 criticado na web por n\u00e3o se posicionar nas elei\u00e7\u00f5es - Portal MF<\/title>\n<meta name=\"robots\" content=\"index, follow, max-snippet:-1, max-image-preview:large, max-video-preview:-1\" \/>\n<link rel=\"canonical\" href=\"https:\/\/portalmf.com.br\/index.php\/2022\/09\/01\/carlinhos-maia-e-criticado-na-web-por-nao-se-posicionar-nas-eleicoes\/\" \/>\n<meta property=\"og:locale\" content=\"pt_BR\" \/>\n<meta property=\"og:type\" content=\"article\" \/>\n<meta property=\"og:title\" content=\"Carlinhos Maia \u00e9 criticado na web por n\u00e3o se posicionar nas elei\u00e7\u00f5es - Portal MF\" \/>\n<meta property=\"og:description\" content=\"Carlinhos Maia decidiu anunciar que n\u00e3o ir\u00e1 se posicionar nas elei\u00e7\u00f5es presidenciais de 2022. O influenciador foi criticado nas redes sociais nesta quinta-feira (1) pela posi\u00e7\u00e3o de se anular por medo de perder seguidores no Instagram. Ao ser perguntado por seguidores em quem iria votar, Carlinhos comentou nos stories que n\u00e3o far\u00e1 isso para n\u00e3o [&hellip;]\" \/>\n<meta property=\"og:url\" content=\"https:\/\/portalmf.com.br\/index.php\/2022\/09\/01\/carlinhos-maia-e-criticado-na-web-por-nao-se-posicionar-nas-eleicoes\/\" \/>\n<meta property=\"og:site_name\" content=\"Portal MF\" \/>\n<meta property=\"article:author\" content=\"reginaldojrfsa\" \/>\n<meta property=\"article:published_time\" content=\"2022-09-01T20:31:09+00:00\" \/>\n<meta property=\"article:modified_time\" content=\"2022-09-01T20:31:11+00:00\" \/>\n<meta property=\"og:image\" content=\"https:\/\/portalmf.com.br\/wp-content\/uploads\/2022\/09\/carlinhos-maia-posando-serio-em-selfie-1024x683.jpg.webp\" \/>\n\t<meta property=\"og:image:width\" content=\"1024\" \/>\n\t<meta property=\"og:image:height\" content=\"683\" \/>\n\t<meta property=\"og:image:type\" content=\"image\/webp\" \/>\n<meta name=\"author\" content=\"Reginaldo J\u00fanior\" \/>\n<meta name=\"twitter:card\" content=\"summary_large_image\" \/>\n<meta name=\"twitter:creator\" content=\"@reginaldojrmf\" \/>\n<meta name=\"twitter:label1\" content=\"Escrito por\" \/>\n\t<meta name=\"twitter:data1\" content=\"Reginaldo J\u00fanior\" \/>\n\t<meta name=\"twitter:label2\" content=\"Est. tempo de leitura\" \/>\n\t<meta name=\"twitter:data2\" content=\"2 minutos\" \/>\n<script type=\"application\/ld+json\" class=\"yoast-schema-graph\">{\"@context\":\"https:\/\/schema.org\",\"@graph\":[{\"@type\":\"WebPage\",\"@id\":\"https:\/\/portalmf.com.br\/index.php\/2022\/09\/01\/carlinhos-maia-e-criticado-na-web-por-nao-se-posicionar-nas-eleicoes\/\",\"url\":\"https:\/\/portalmf.com.br\/index.php\/2022\/09\/01\/carlinhos-maia-e-criticado-na-web-por-nao-se-posicionar-nas-eleicoes\/\",\"name\":\"Carlinhos Maia \u00e9 criticado na web por n\u00e3o se posicionar nas elei\u00e7\u00f5es - Portal MF\",\"isPartOf\":{\"@id\":\"https:\/\/portalmf.com.br\/#website\"},\"primaryImageOfPage\":{\"@id\":\"https:\/\/portalmf.com.br\/index.php\/2022\/09\/01\/carlinhos-maia-e-criticado-na-web-por-nao-se-posicionar-nas-eleicoes\/#primaryimage\"},\"image\":{\"@id\":\"https:\/\/portalmf.com.br\/index.php\/2022\/09\/01\/carlinhos-maia-e-criticado-na-web-por-nao-se-posicionar-nas-eleicoes\/#primaryimage\"},\"thumbnailUrl\":\"https:\/\/portalmf.com.br\/wp-content\/uploads\/2022\/09\/carlinhos-maia-posando-serio-em-selfie-1024x683.jpg.webp\",\"datePublished\":\"2022-09-01T20:31:09+00:00\",\"dateModified\":\"2022-09-01T20:31:11+00:00\",\"author\":{\"@id\":\"https:\/\/portalmf.com.br\/#\/schema\/person\/11c82086fe8abc05a19147e964587285\"},\"breadcrumb\":{\"@id\":\"https:\/\/portalmf.com.br\/index.php\/2022\/09\/01\/carlinhos-maia-e-criticado-na-web-por-nao-se-posicionar-nas-eleicoes\/#breadcrumb\"},\"inLanguage\":\"pt-BR\",\"potentialAction\":[{\"@type\":\"ReadAction\",\"target\":[\"https:\/\/portalmf.com.br\/index.php\/2022\/09\/01\/carlinhos-maia-e-criticado-na-web-por-nao-se-posicionar-nas-eleicoes\/\"]}]},{\"@type\":\"ImageObject\",\"inLanguage\":\"pt-BR\",\"@id\":\"https:\/\/portalmf.com.br\/index.php\/2022\/09\/01\/carlinhos-maia-e-criticado-na-web-por-nao-se-posicionar-nas-eleicoes\/#primaryimage\",\"url\":\"https:\/\/portalmf.com.br\/wp-content\/uploads\/2022\/09\/carlinhos-maia-posando-serio-em-selfie-1024x683.jpg.webp\",\"contentUrl\":\"https:\/\/portalmf.com.br\/wp-content\/uploads\/2022\/09\/carlinhos-maia-posando-serio-em-selfie-1024x683.jpg.webp\",\"width\":1024,\"height\":683},{\"@type\":\"BreadcrumbList\",\"@id\":\"https:\/\/portalmf.com.br\/index.php\/2022\/09\/01\/carlinhos-maia-e-criticado-na-web-por-nao-se-posicionar-nas-eleicoes\/#breadcrumb\",\"itemListElement\":[{\"@type\":\"ListItem\",\"position\":1,\"name\":\"In\u00edcio\",\"item\":\"https:\/\/portalmf.com.br\/\"},{\"@type\":\"ListItem\",\"position\":2,\"name\":\"Carlinhos Maia \u00e9 criticado na web por n\u00e3o se posicionar nas elei\u00e7\u00f5es\"}]},{\"@type\":\"WebSite\",\"@id\":\"https:\/\/portalmf.com.br\/#website\",\"url\":\"https:\/\/portalmf.com.br\/\",\"name\":\"Portal MF\",\"description\":\"Voc\u00ea conectado com a informa\u00e7\u00e3o\",\"potentialAction\":[{\"@type\":\"SearchAction\",\"target\":{\"@type\":\"EntryPoint\",\"urlTemplate\":\"https:\/\/portalmf.com.br\/?s={search_term_string}\"},\"query-input\":\"required name=search_term_string\"}],\"inLanguage\":\"pt-BR\"},{\"@type\":\"Person\",\"@id\":\"https:\/\/portalmf.com.br\/#\/schema\/person\/11c82086fe8abc05a19147e964587285\",\"name\":\"Reginaldo J\u00fanior\",\"image\":{\"@type\":\"ImageObject\",\"inLanguage\":\"pt-BR\",\"@id\":\"https:\/\/portalmf.com.br\/#\/schema\/person\/image\/\",\"url\":\"https:\/\/secure.gravatar.com\/avatar\/32a3c797cd0ac47cc53b8644c62776f9?s=96&d=mm&r=g\",\"contentUrl\":\"https:\/\/secure.gravatar.com\/avatar\/32a3c797cd0ac47cc53b8644c62776f9?s=96&d=mm&r=g\",\"caption\":\"Reginaldo J\u00fanior\"},\"description\":\"Jornalista e idealizador Portal MF\",\"sameAs\":[\"https:\/\/portalmf.com.br\/index.php\/author\/reginaldojr\/\",\"reginaldojrfsa\",\"reginaldojuniormf\",\"https:\/\/x.com\/reginaldojrmf\"],\"url\":\"https:\/\/portalmf.com.br\/index.php\/author\/reginaldojr\/\"}]}<\/script>\n<!-- \/ Yoast SEO plugin. -->","yoast_head_json":{"title":"Carlinhos Maia \u00e9 criticado na web por n\u00e3o se posicionar nas elei\u00e7\u00f5es - Portal MF","robots":{"index":"index","follow":"follow","max-snippet":"max-snippet:-1","max-image-preview":"max-image-preview:large","max-video-preview":"max-video-preview:-1"},"canonical":"https:\/\/portalmf.com.br\/index.php\/2022\/09\/01\/carlinhos-maia-e-criticado-na-web-por-nao-se-posicionar-nas-eleicoes\/","og_locale":"pt_BR","og_type":"article","og_title":"Carlinhos Maia \u00e9 criticado na web por n\u00e3o se posicionar nas elei\u00e7\u00f5es - Portal MF","og_description":"Carlinhos Maia decidiu anunciar que n\u00e3o ir\u00e1 se posicionar nas elei\u00e7\u00f5es presidenciais de 2022. O influenciador foi criticado nas redes sociais nesta quinta-feira (1) pela posi\u00e7\u00e3o de se anular por medo de perder seguidores no Instagram. Ao ser perguntado por seguidores em quem iria votar, Carlinhos comentou nos stories que n\u00e3o far\u00e1 isso para n\u00e3o [&hellip;]","og_url":"https:\/\/portalmf.com.br\/index.php\/2022\/09\/01\/carlinhos-maia-e-criticado-na-web-por-nao-se-posicionar-nas-eleicoes\/","og_site_name":"Portal MF","article_author":"reginaldojrfsa","article_published_time":"2022-09-01T20:31:09+00:00","article_modified_time":"2022-09-01T20:31:11+00:00","og_image":[{"width":1024,"height":683,"url":"https:\/\/portalmf.com.br\/wp-content\/uploads\/2022\/09\/carlinhos-maia-posando-serio-em-selfie-1024x683.jpg.webp","type":"image\/webp"}],"author":"Reginaldo J\u00fanior","twitter_card":"summary_large_image","twitter_creator":"@reginaldojrmf","twitter_misc":{"Escrito por":"Reginaldo J\u00fanior","Est. tempo de leitura":"2 minutos"},"schema":{"@context":"https:\/\/schema.org","@graph":[{"@type":"WebPage","@id":"https:\/\/portalmf.com.br\/index.php\/2022\/09\/01\/carlinhos-maia-e-criticado-na-web-por-nao-se-posicionar-nas-eleicoes\/","url":"https:\/\/portalmf.com.br\/index.php\/2022\/09\/01\/carlinhos-maia-e-criticado-na-web-por-nao-se-posicionar-nas-eleicoes\/","name":"Carlinhos Maia \u00e9 criticado na web por n\u00e3o se posicionar nas elei\u00e7\u00f5es - Portal MF","isPartOf":{"@id":"https:\/\/portalmf.com.br\/#website"},"primaryImageOfPage":{"@id":"https:\/\/portalmf.com.br\/index.php\/2022\/09\/01\/carlinhos-maia-e-criticado-na-web-por-nao-se-posicionar-nas-eleicoes\/#primaryimage"},"image":{"@id":"https:\/\/portalmf.com.br\/index.php\/2022\/09\/01\/carlinhos-maia-e-criticado-na-web-por-nao-se-posicionar-nas-eleicoes\/#primaryimage"},"thumbnailUrl":"https:\/\/portalmf.com.br\/wp-content\/uploads\/2022\/09\/carlinhos-maia-posando-serio-em-selfie-1024x683.jpg.webp","datePublished":"2022-09-01T20:31:09+00:00","dateModified":"2022-09-01T20:31:11+00:00","author":{"@id":"https:\/\/portalmf.com.br\/#\/schema\/person\/11c82086fe8abc05a19147e964587285"},"breadcrumb":{"@id":"https:\/\/portalmf.com.br\/index.php\/2022\/09\/01\/carlinhos-maia-e-criticado-na-web-por-nao-se-posicionar-nas-eleicoes\/#breadcrumb"},"inLanguage":"pt-BR","potentialAction":[{"@type":"ReadAction","target":["https:\/\/portalmf.com.br\/index.php\/2022\/09\/01\/carlinhos-maia-e-criticado-na-web-por-nao-se-posicionar-nas-eleicoes\/"]}]},{"@type":"ImageObject","inLanguage":"pt-BR","@id":"https:\/\/portalmf.com.br\/index.php\/2022\/09\/01\/carlinhos-maia-e-criticado-na-web-por-nao-se-posicionar-nas-eleicoes\/#primaryimage","url":"https:\/\/portalmf.com.br\/wp-content\/uploads\/2022\/09\/carlinhos-maia-posando-serio-em-selfie-1024x683.jpg.webp","contentUrl":"https:\/\/portalmf.com.br\/wp-content\/uploads\/2022\/09\/carlinhos-maia-posando-serio-em-selfie-1024x683.jpg.webp","width":1024,"height":683},{"@type":"BreadcrumbList","@id":"https:\/\/portalmf.com.br\/index.php\/2022\/09\/01\/carlinhos-maia-e-criticado-na-web-por-nao-se-posicionar-nas-eleicoes\/#breadcrumb","itemListElement":[{"@type":"ListItem","position":1,"name":"In\u00edcio","item":"https:\/\/portalmf.com.br\/"},{"@type":"ListItem","position":2,"name":"Carlinhos Maia \u00e9 criticado na web por n\u00e3o se posicionar nas elei\u00e7\u00f5es"}]},{"@type":"WebSite","@id":"https:\/\/portalmf.com.br\/#website","url":"https:\/\/portalmf.com.br\/","name":"Portal MF","description":"Voc\u00ea conectado com a informa\u00e7\u00e3o","potentialAction":[{"@type":"SearchAction","target":{"@type":"EntryPoint","urlTemplate":"https:\/\/portalmf.com.br\/?s={search_term_string}"},"query-input":"required name=search_term_string"}],"inLanguage":"pt-BR"},{"@type":"Person","@id":"https:\/\/portalmf.com.br\/#\/schema\/person\/11c82086fe8abc05a19147e964587285","name":"Reginaldo J\u00fanior","image":{"@type":"ImageObject","inLanguage":"pt-BR","@id":"https:\/\/portalmf.com.br\/#\/schema\/person\/image\/","url":"https:\/\/secure.gravatar.com\/avatar\/32a3c797cd0ac47cc53b8644c62776f9?s=96&d=mm&r=g","contentUrl":"https:\/\/secure.gravatar.com\/avatar\/32a3c797cd0ac47cc53b8644c62776f9?s=96&d=mm&r=g","caption":"Reginaldo J\u00fanior"},"description":"Jornalista e idealizador Portal MF","sameAs":["https:\/\/portalmf.com.br\/index.php\/author\/reginaldojr\/","reginaldojrfsa","reginaldojuniormf","https:\/\/x.com\/reginaldojrmf"],"url":"https:\/\/portalmf.com.br\/index.php\/author\/reginaldojr\/"}]}},"_links":{"self":[{"href":"https:\/\/portalmf.com.br\/index.php\/wp-json\/wp\/v2\/posts\/3912"}],"collection":[{"href":"https:\/\/portalmf.com.br\/index.php\/wp-json\/wp\/v2\/posts"}],"about":[{"href":"https:\/\/portalmf.com.br\/index.php\/wp-json\/wp\/v2\/types\/post"}],"author":[{"embeddable":true,"href":"https:\/\/portalmf.com.br\/index.php\/wp-json\/wp\/v2\/users\/2"}],"replies":[{"embeddable":true,"href":"https:\/\/portalmf.com.br\/index.php\/wp-json\/wp\/v2\/comments?post=3912"}],"version-history":[{"count":1,"href":"https:\/\/portalmf.com.br\/index.php\/wp-json\/wp\/v2\/posts\/3912\/revisions"}],"predecessor-version":[{"id":3914,"href":"https:\/\/portalmf.com.br\/index.php\/wp-json\/wp\/v2\/posts\/3912\/revisions\/3914"}],"wp:featuredmedia":[{"embeddable":true,"href":"https:\/\/portalmf.com.br\/index.php\/wp-json\/wp\/v2\/media\/3913"}],"wp:attachment":[{"href":"https:\/\/portalmf.com.br\/index.php\/wp-json\/wp\/v2\/media?parent=3912"}],"wp:term":[{"taxonomy":"category","embeddable":true,"href":"https:\/\/portalmf.com.br\/index.php\/wp-json\/wp\/v2\/categories?post=3912"},{"taxonomy":"post_tag","embeddable":true,"href":"https:\/\/portalmf.com.br\/index.php\/wp-json\/wp\/v2\/tags?post=3912"}],"curies":[{"name":"wp","href":"https:\/\/api.w.org\/{rel}","templated":true}]}}