{"id":39090,"date":"2025-09-30T22:23:37","date_gmt":"2025-10-01T01:23:37","guid":{"rendered":"https:\/\/portalmf.com.br\/?p=39090"},"modified":"2025-09-30T22:23:38","modified_gmt":"2025-10-01T01:23:38","slug":"camarote-glamour-salvador-trara-grandes-nomes-do-samba-para-o-carnaval-de-202","status":"publish","type":"post","link":"https:\/\/portalmf.com.br\/index.php\/2025\/09\/30\/camarote-glamour-salvador-trara-grandes-nomes-do-samba-para-o-carnaval-de-202\/","title":{"rendered":"Camarote Glamour Salvador trar\u00e1 grandes nomes do samba para o Carnaval de 202"},"content":{"rendered":"\n<p>O Carnaval de Salvador vai ganhar um toque extra de glamour em 2026. Pelo segundo ano consecutivo, a maior festa popular do planeta contar\u00e1 com o Camarote Glamour Salvador \u2014 um espa\u00e7o com servi\u00e7o open bar e cinco dias de festa, alto astral e muita m\u00fasica com grandes nomes da cena nacional.<\/p>\n\n\n\n<p>Durante os dias de folia, o Glamour receber\u00e1 atra\u00e7\u00f5es de peso: Ludmilla e Parangol\u00e9 na sexta-feira; Belo e Tony Salles no s\u00e1bado; Timbalada e Pagodart no domingo; P\u00e9ricles e Mumuzinho na segunda-feira; e, encerrando o Carnaval em grande estilo, Sorriso Maroto e Uel na ter\u00e7a-feira.<\/p>\n\n\n\n<p>Al\u00e9m das atra\u00e7\u00f5es musicais, o camarote contar\u00e1 com um open bar completo, com \u00e1gua, refrigerante, cerveja, gin, vodca e u\u00edsque, tudo pensado para proporcionar uma experi\u00eancia \u00fanica e sofisticada ao p\u00fablico ao longo dos cinco dias de festa.<\/p>\n\n\n\n<p>Misturando ritmos e estilos \u2014 como pede o verdadeiro esp\u00edrito do Carnaval de Salvador \u2014 o Glamour Salvador promete entregar uma viv\u00eancia inesquec\u00edvel bem no cora\u00e7\u00e3o do circuito Barra\/Ondina, com o maior mirante da folia.<\/p>\n\n\n\n<p>Os abad\u00e1s j\u00e1 est\u00e3o \u00e0 venda na loja Bora Tickets, localizada no 2\u00ba piso do Shopping da Bahia, na Sympla, na Central do Carnaval, na Folia Bahia, no Quero Abad\u00e1 ou pelo site: glamoursalvador.com.br.<\/p>\n","protected":false},"excerpt":{"rendered":"<p>O Carnaval de Salvador vai ganhar um toque extra de glamour em 2026. Pelo segundo ano consecutivo, a maior festa popular do planeta contar\u00e1 com o Camarote Glamour Salvador \u2014 um espa\u00e7o com servi\u00e7o open bar e cinco dias de festa, alto astral e muita m\u00fasica com grandes nomes da cena nacional. Durante os dias [&hellip;]<\/p>\n","protected":false},"author":3,"featured_media":39091,"comment_status":"open","ping_status":"open","sticky":false,"template":"","format":"standard","meta":{"_monsterinsights_skip_tracking":false,"_monsterinsights_sitenote_active":false,"_monsterinsights_sitenote_note":"","_monsterinsights_sitenote_category":0,"footnotes":""},"categories":[44],"tags":[],"yoast_head":"<!-- This site is optimized with the Yoast SEO plugin v22.9 - https:\/\/yoast.com\/wordpress\/plugins\/seo\/ -->\n<title>Camarote Glamour Salvador trar\u00e1 grandes nomes do samba para o Carnaval de 202 - Portal MF<\/title>\n<meta name=\"robots\" content=\"index, follow, max-snippet:-1, max-image-preview:large, max-video-preview:-1\" \/>\n<link rel=\"canonical\" href=\"https:\/\/portalmf.com.br\/index.php\/2025\/09\/30\/camarote-glamour-salvador-trara-grandes-nomes-do-samba-para-o-carnaval-de-202\/\" \/>\n<meta property=\"og:locale\" content=\"pt_BR\" \/>\n<meta property=\"og:type\" content=\"article\" \/>\n<meta property=\"og:title\" content=\"Camarote Glamour Salvador trar\u00e1 grandes nomes do samba para o Carnaval de 202 - Portal MF\" \/>\n<meta property=\"og:description\" content=\"O Carnaval de Salvador vai ganhar um toque extra de glamour em 2026. Pelo segundo ano consecutivo, a maior festa popular do planeta contar\u00e1 com o Camarote Glamour Salvador \u2014 um espa\u00e7o com servi\u00e7o open bar e cinco dias de festa, alto astral e muita m\u00fasica com grandes nomes da cena nacional. Durante os dias [&hellip;]\" \/>\n<meta property=\"og:url\" content=\"https:\/\/portalmf.com.br\/index.php\/2025\/09\/30\/camarote-glamour-salvador-trara-grandes-nomes-do-samba-para-o-carnaval-de-202\/\" \/>\n<meta property=\"og:site_name\" content=\"Portal MF\" \/>\n<meta property=\"article:author\" content=\"https:\/\/www.facebook.com\/portalmfoficial\" \/>\n<meta property=\"article:published_time\" content=\"2025-10-01T01:23:37+00:00\" \/>\n<meta property=\"article:modified_time\" content=\"2025-10-01T01:23:38+00:00\" \/>\n<meta property=\"og:image\" content=\"https:\/\/portalmf.com.br\/wp-content\/uploads\/2025\/09\/Camarote-Glamour-Salvador-trara-grandes-nomes-do-samba-para-o-Carnaval-de-202.jpg\" \/>\n\t<meta property=\"og:image:width\" content=\"1600\" \/>\n\t<meta property=\"og:image:height\" content=\"900\" \/>\n\t<meta property=\"og:image:type\" content=\"image\/jpeg\" \/>\n<meta name=\"author\" content=\"Reda\u00e7\u00e3o Portal MF\" \/>\n<meta name=\"twitter:card\" content=\"summary_large_image\" \/>\n<meta name=\"twitter:creator\" content=\"@https:\/\/x.com\/portalmfoficial\" \/>\n<meta name=\"twitter:label1\" content=\"Escrito por\" \/>\n\t<meta name=\"twitter:data1\" content=\"Reda\u00e7\u00e3o Portal MF\" \/>\n\t<meta name=\"twitter:label2\" content=\"Est. tempo de leitura\" \/>\n\t<meta name=\"twitter:data2\" content=\"2 minutos\" \/>\n<script type=\"application\/ld+json\" class=\"yoast-schema-graph\">{\"@context\":\"https:\/\/schema.org\",\"@graph\":[{\"@type\":\"WebPage\",\"@id\":\"https:\/\/portalmf.com.br\/index.php\/2025\/09\/30\/camarote-glamour-salvador-trara-grandes-nomes-do-samba-para-o-carnaval-de-202\/\",\"url\":\"https:\/\/portalmf.com.br\/index.php\/2025\/09\/30\/camarote-glamour-salvador-trara-grandes-nomes-do-samba-para-o-carnaval-de-202\/\",\"name\":\"Camarote Glamour Salvador trar\u00e1 grandes nomes do samba para o Carnaval de 202 - Portal MF\",\"isPartOf\":{\"@id\":\"https:\/\/portalmf.com.br\/#website\"},\"primaryImageOfPage\":{\"@id\":\"https:\/\/portalmf.com.br\/index.php\/2025\/09\/30\/camarote-glamour-salvador-trara-grandes-nomes-do-samba-para-o-carnaval-de-202\/#primaryimage\"},\"image\":{\"@id\":\"https:\/\/portalmf.com.br\/index.php\/2025\/09\/30\/camarote-glamour-salvador-trara-grandes-nomes-do-samba-para-o-carnaval-de-202\/#primaryimage\"},\"thumbnailUrl\":\"https:\/\/portalmf.com.br\/wp-content\/uploads\/2025\/09\/Camarote-Glamour-Salvador-trara-grandes-nomes-do-samba-para-o-Carnaval-de-202.jpg\",\"datePublished\":\"2025-10-01T01:23:37+00:00\",\"dateModified\":\"2025-10-01T01:23:38+00:00\",\"author\":{\"@id\":\"https:\/\/portalmf.com.br\/#\/schema\/person\/9ec101baf56233e53520c26de5d6f6f0\"},\"breadcrumb\":{\"@id\":\"https:\/\/portalmf.com.br\/index.php\/2025\/09\/30\/camarote-glamour-salvador-trara-grandes-nomes-do-samba-para-o-carnaval-de-202\/#breadcrumb\"},\"inLanguage\":\"pt-BR\",\"potentialAction\":[{\"@type\":\"ReadAction\",\"target\":[\"https:\/\/portalmf.com.br\/index.php\/2025\/09\/30\/camarote-glamour-salvador-trara-grandes-nomes-do-samba-para-o-carnaval-de-202\/\"]}]},{\"@type\":\"ImageObject\",\"inLanguage\":\"pt-BR\",\"@id\":\"https:\/\/portalmf.com.br\/index.php\/2025\/09\/30\/camarote-glamour-salvador-trara-grandes-nomes-do-samba-para-o-carnaval-de-202\/#primaryimage\",\"url\":\"https:\/\/portalmf.com.br\/wp-content\/uploads\/2025\/09\/Camarote-Glamour-Salvador-trara-grandes-nomes-do-samba-para-o-Carnaval-de-202.jpg\",\"contentUrl\":\"https:\/\/portalmf.com.br\/wp-content\/uploads\/2025\/09\/Camarote-Glamour-Salvador-trara-grandes-nomes-do-samba-para-o-Carnaval-de-202.jpg\",\"width\":1600,\"height\":900},{\"@type\":\"BreadcrumbList\",\"@id\":\"https:\/\/portalmf.com.br\/index.php\/2025\/09\/30\/camarote-glamour-salvador-trara-grandes-nomes-do-samba-para-o-carnaval-de-202\/#breadcrumb\",\"itemListElement\":[{\"@type\":\"ListItem\",\"position\":1,\"name\":\"In\u00edcio\",\"item\":\"https:\/\/portalmf.com.br\/\"},{\"@type\":\"ListItem\",\"position\":2,\"name\":\"Camarote Glamour Salvador trar\u00e1 grandes nomes do samba para o Carnaval de 202\"}]},{\"@type\":\"WebSite\",\"@id\":\"https:\/\/portalmf.com.br\/#website\",\"url\":\"https:\/\/portalmf.com.br\/\",\"name\":\"Portal MF\",\"description\":\"Voc\u00ea conectado com a informa\u00e7\u00e3o\",\"potentialAction\":[{\"@type\":\"SearchAction\",\"target\":{\"@type\":\"EntryPoint\",\"urlTemplate\":\"https:\/\/portalmf.com.br\/?s={search_term_string}\"},\"query-input\":\"required name=search_term_string\"}],\"inLanguage\":\"pt-BR\"},{\"@type\":\"Person\",\"@id\":\"https:\/\/portalmf.com.br\/#\/schema\/person\/9ec101baf56233e53520c26de5d6f6f0\",\"name\":\"Reda\u00e7\u00e3o Portal MF\",\"image\":{\"@type\":\"ImageObject\",\"inLanguage\":\"pt-BR\",\"@id\":\"https:\/\/portalmf.com.br\/#\/schema\/person\/image\/\",\"url\":\"https:\/\/secure.gravatar.com\/avatar\/41b9aaeb2100835f7c64362330f74c7f?s=96&d=mm&r=g\",\"contentUrl\":\"https:\/\/secure.gravatar.com\/avatar\/41b9aaeb2100835f7c64362330f74c7f?s=96&d=mm&r=g\",\"caption\":\"Reda\u00e7\u00e3o Portal MF\"},\"description\":\"Sejam bem-vindos o portal de informa\u00e7\u00f5es de entretenimento de Feira de Santana, desde 2006 realiza coberturas dos principais eventos com entrevistas exclusivas com as principais personalidades mundiais. Fique conectado tamb\u00e9m nas redes sociais.\",\"sameAs\":[\"http:\/\/www.portalmf.com.br\/\",\"https:\/\/www.facebook.com\/portalmfoficial\",\"https:\/\/www.instagram.com\/portalmf\/\",\"https:\/\/x.com\/https:\/\/x.com\/portalmfoficial\",\"https:\/\/www.youtube.com\/@portalmfoficial\"],\"url\":\"https:\/\/portalmf.com.br\/index.php\/author\/junior\/\"}]}<\/script>\n<!-- \/ Yoast SEO plugin. -->","yoast_head_json":{"title":"Camarote Glamour Salvador trar\u00e1 grandes nomes do samba para o Carnaval de 202 - Portal MF","robots":{"index":"index","follow":"follow","max-snippet":"max-snippet:-1","max-image-preview":"max-image-preview:large","max-video-preview":"max-video-preview:-1"},"canonical":"https:\/\/portalmf.com.br\/index.php\/2025\/09\/30\/camarote-glamour-salvador-trara-grandes-nomes-do-samba-para-o-carnaval-de-202\/","og_locale":"pt_BR","og_type":"article","og_title":"Camarote Glamour Salvador trar\u00e1 grandes nomes do samba para o Carnaval de 202 - Portal MF","og_description":"O Carnaval de Salvador vai ganhar um toque extra de glamour em 2026. Pelo segundo ano consecutivo, a maior festa popular do planeta contar\u00e1 com o Camarote Glamour Salvador \u2014 um espa\u00e7o com servi\u00e7o open bar e cinco dias de festa, alto astral e muita m\u00fasica com grandes nomes da cena nacional. Durante os dias [&hellip;]","og_url":"https:\/\/portalmf.com.br\/index.php\/2025\/09\/30\/camarote-glamour-salvador-trara-grandes-nomes-do-samba-para-o-carnaval-de-202\/","og_site_name":"Portal MF","article_author":"https:\/\/www.facebook.com\/portalmfoficial","article_published_time":"2025-10-01T01:23:37+00:00","article_modified_time":"2025-10-01T01:23:38+00:00","og_image":[{"width":1600,"height":900,"url":"https:\/\/portalmf.com.br\/wp-content\/uploads\/2025\/09\/Camarote-Glamour-Salvador-trara-grandes-nomes-do-samba-para-o-Carnaval-de-202.jpg","type":"image\/jpeg"}],"author":"Reda\u00e7\u00e3o Portal MF","twitter_card":"summary_large_image","twitter_creator":"@https:\/\/x.com\/portalmfoficial","twitter_misc":{"Escrito por":"Reda\u00e7\u00e3o Portal MF","Est. tempo de leitura":"2 minutos"},"schema":{"@context":"https:\/\/schema.org","@graph":[{"@type":"WebPage","@id":"https:\/\/portalmf.com.br\/index.php\/2025\/09\/30\/camarote-glamour-salvador-trara-grandes-nomes-do-samba-para-o-carnaval-de-202\/","url":"https:\/\/portalmf.com.br\/index.php\/2025\/09\/30\/camarote-glamour-salvador-trara-grandes-nomes-do-samba-para-o-carnaval-de-202\/","name":"Camarote Glamour Salvador trar\u00e1 grandes nomes do samba para o Carnaval de 202 - Portal MF","isPartOf":{"@id":"https:\/\/portalmf.com.br\/#website"},"primaryImageOfPage":{"@id":"https:\/\/portalmf.com.br\/index.php\/2025\/09\/30\/camarote-glamour-salvador-trara-grandes-nomes-do-samba-para-o-carnaval-de-202\/#primaryimage"},"image":{"@id":"https:\/\/portalmf.com.br\/index.php\/2025\/09\/30\/camarote-glamour-salvador-trara-grandes-nomes-do-samba-para-o-carnaval-de-202\/#primaryimage"},"thumbnailUrl":"https:\/\/portalmf.com.br\/wp-content\/uploads\/2025\/09\/Camarote-Glamour-Salvador-trara-grandes-nomes-do-samba-para-o-Carnaval-de-202.jpg","datePublished":"2025-10-01T01:23:37+00:00","dateModified":"2025-10-01T01:23:38+00:00","author":{"@id":"https:\/\/portalmf.com.br\/#\/schema\/person\/9ec101baf56233e53520c26de5d6f6f0"},"breadcrumb":{"@id":"https:\/\/portalmf.com.br\/index.php\/2025\/09\/30\/camarote-glamour-salvador-trara-grandes-nomes-do-samba-para-o-carnaval-de-202\/#breadcrumb"},"inLanguage":"pt-BR","potentialAction":[{"@type":"ReadAction","target":["https:\/\/portalmf.com.br\/index.php\/2025\/09\/30\/camarote-glamour-salvador-trara-grandes-nomes-do-samba-para-o-carnaval-de-202\/"]}]},{"@type":"ImageObject","inLanguage":"pt-BR","@id":"https:\/\/portalmf.com.br\/index.php\/2025\/09\/30\/camarote-glamour-salvador-trara-grandes-nomes-do-samba-para-o-carnaval-de-202\/#primaryimage","url":"https:\/\/portalmf.com.br\/wp-content\/uploads\/2025\/09\/Camarote-Glamour-Salvador-trara-grandes-nomes-do-samba-para-o-Carnaval-de-202.jpg","contentUrl":"https:\/\/portalmf.com.br\/wp-content\/uploads\/2025\/09\/Camarote-Glamour-Salvador-trara-grandes-nomes-do-samba-para-o-Carnaval-de-202.jpg","width":1600,"height":900},{"@type":"BreadcrumbList","@id":"https:\/\/portalmf.com.br\/index.php\/2025\/09\/30\/camarote-glamour-salvador-trara-grandes-nomes-do-samba-para-o-carnaval-de-202\/#breadcrumb","itemListElement":[{"@type":"ListItem","position":1,"name":"In\u00edcio","item":"https:\/\/portalmf.com.br\/"},{"@type":"ListItem","position":2,"name":"Camarote Glamour Salvador trar\u00e1 grandes nomes do samba para o Carnaval de 202"}]},{"@type":"WebSite","@id":"https:\/\/portalmf.com.br\/#website","url":"https:\/\/portalmf.com.br\/","name":"Portal MF","description":"Voc\u00ea conectado com a informa\u00e7\u00e3o","potentialAction":[{"@type":"SearchAction","target":{"@type":"EntryPoint","urlTemplate":"https:\/\/portalmf.com.br\/?s={search_term_string}"},"query-input":"required name=search_term_string"}],"inLanguage":"pt-BR"},{"@type":"Person","@id":"https:\/\/portalmf.com.br\/#\/schema\/person\/9ec101baf56233e53520c26de5d6f6f0","name":"Reda\u00e7\u00e3o Portal MF","image":{"@type":"ImageObject","inLanguage":"pt-BR","@id":"https:\/\/portalmf.com.br\/#\/schema\/person\/image\/","url":"https:\/\/secure.gravatar.com\/avatar\/41b9aaeb2100835f7c64362330f74c7f?s=96&d=mm&r=g","contentUrl":"https:\/\/secure.gravatar.com\/avatar\/41b9aaeb2100835f7c64362330f74c7f?s=96&d=mm&r=g","caption":"Reda\u00e7\u00e3o Portal MF"},"description":"Sejam bem-vindos o portal de informa\u00e7\u00f5es de entretenimento de Feira de Santana, desde 2006 realiza coberturas dos principais eventos com entrevistas exclusivas com as principais personalidades mundiais. Fique conectado tamb\u00e9m nas redes sociais.","sameAs":["http:\/\/www.portalmf.com.br\/","https:\/\/www.facebook.com\/portalmfoficial","https:\/\/www.instagram.com\/portalmf\/","https:\/\/x.com\/https:\/\/x.com\/portalmfoficial","https:\/\/www.youtube.com\/@portalmfoficial"],"url":"https:\/\/portalmf.com.br\/index.php\/author\/junior\/"}]}},"_links":{"self":[{"href":"https:\/\/portalmf.com.br\/index.php\/wp-json\/wp\/v2\/posts\/39090"}],"collection":[{"href":"https:\/\/portalmf.com.br\/index.php\/wp-json\/wp\/v2\/posts"}],"about":[{"href":"https:\/\/portalmf.com.br\/index.php\/wp-json\/wp\/v2\/types\/post"}],"author":[{"embeddable":true,"href":"https:\/\/portalmf.com.br\/index.php\/wp-json\/wp\/v2\/users\/3"}],"replies":[{"embeddable":true,"href":"https:\/\/portalmf.com.br\/index.php\/wp-json\/wp\/v2\/comments?post=39090"}],"version-history":[{"count":1,"href":"https:\/\/portalmf.com.br\/index.php\/wp-json\/wp\/v2\/posts\/39090\/revisions"}],"predecessor-version":[{"id":39092,"href":"https:\/\/portalmf.com.br\/index.php\/wp-json\/wp\/v2\/posts\/39090\/revisions\/39092"}],"wp:featuredmedia":[{"embeddable":true,"href":"https:\/\/portalmf.com.br\/index.php\/wp-json\/wp\/v2\/media\/39091"}],"wp:attachment":[{"href":"https:\/\/portalmf.com.br\/index.php\/wp-json\/wp\/v2\/media?parent=39090"}],"wp:term":[{"taxonomy":"category","embeddable":true,"href":"https:\/\/portalmf.com.br\/index.php\/wp-json\/wp\/v2\/categories?post=39090"},{"taxonomy":"post_tag","embeddable":true,"href":"https:\/\/portalmf.com.br\/index.php\/wp-json\/wp\/v2\/tags?post=39090"}],"curies":[{"name":"wp","href":"https:\/\/api.w.org\/{rel}","templated":true}]}}