{"id":3906,"date":"2022-09-01T17:19:43","date_gmt":"2022-09-01T20:19:43","guid":{"rendered":"http:\/\/portalmf.com.br\/?p=3906"},"modified":"2022-09-01T17:19:44","modified_gmt":"2022-09-01T20:19:44","slug":"cidadao-que-nao-entregar-celular-sera-impedido-de-votar-diz-tse","status":"publish","type":"post","link":"https:\/\/portalmf.com.br\/index.php\/2022\/09\/01\/cidadao-que-nao-entregar-celular-sera-impedido-de-votar-diz-tse\/","title":{"rendered":"Cidad\u00e3o que n\u00e3o entregar celular ser\u00e1 impedido de votar, diz TSE"},"content":{"rendered":"\n<p>O Tribunal Superior Eleitoral (TSE) autorizou nesta quinta-feira (01), uma resolu\u00e7\u00e3o sobre&nbsp;o uso de celulares nas cabines de vota\u00e7\u00e3o&nbsp;e o&nbsp;porte de armas no dia das elei\u00e7\u00f5es. O tribunal autorizou a pris\u00e3o em flagrante para quem n\u00e3o cumprir a regra sobre as armas e o impedimento do voto de quem n\u00e3o entregar o telefone ao mes\u00e1rio.<\/p>\n\n\n\n<p><strong>O porte de armas nos locais de vota\u00e7\u00e3o podem levar \u00e0 pris\u00e3o<\/strong><\/p>\n\n\n\n<p>Segundo os ministros, \u00e9 proibido o porte de armas em um raio de at\u00e9 100 metros das se\u00e7\u00f5es eleitorais por cidad\u00e3os, incluindo agentes de for\u00e7as de seguran\u00e7a. A restri\u00e7\u00e3o vale para o dia das elei\u00e7\u00f5es e para as 48 horas que antecedem o pleito, ficando vigente at\u00e9 as 24 horas seguintes.<\/p>\n\n\n\n<p>A medida tem exce\u00e7\u00e3o para agentes de seguran\u00e7a que estejam a servi\u00e7o da Justi\u00e7a Eleitoral ou que tenham autoriza\u00e7\u00e3o judicial para se aproximarem da se\u00e7\u00e3o eleitoral. Caso a decis\u00e3o n\u00e3o seja cumprida, o cidad\u00e3o responder\u00e1 por crime eleitoral e ser\u00e1 preso em flagrante por porte ilegal de arma.<\/p>\n\n\n\n<p>Ao aprovar a restri\u00e7\u00e3o na \u00faltima ter\u00e7a-feira (30), o ministro&nbsp;Ricardo Lewandowski, vice-presidente do TSE, afirmou que a medida foi tomada em raz\u00e3o do aumento do n\u00famero de casos de viol\u00eancia pol\u00edtica contra candidatos e a maior circula\u00e7\u00e3o de armas. Segundo ele, &#8220;armas e votos s\u00e3o elementos que n\u00e3o se misturam&#8221;.<\/p>\n\n\n\n<p><strong>Vota\u00e7\u00e3o proibida se n\u00e3o entregar o celular<\/strong><\/p>\n\n\n\n<p>O porte do aparelho eletr\u00f4nico dentro das cabines eleitorais est\u00e1 proibido. Segundo a resolu\u00e7\u00e3o, o celular deve ser desligado e entregue aos mes\u00e1rios, que ficar\u00e3o com os celulares at\u00e9 a conclus\u00e3o do voto eleitor.<\/p>\n\n\n\n<p>Caso o cidad\u00e3o se recuse a entregar o telefone, ele n\u00e3o ser\u00e1 autorizado a votar. As autoridades eleitorais ainda podem acionar a for\u00e7a policial se necess\u00e1rio. O objetivo da medida \u00e9 garantir o sigilo do voto.<\/p>\n\n\n\n<p>Na sess\u00e3o em que a decis\u00e3o foi tomada,&nbsp;o ministro do Superior Tribunal Federal (STF) e presidente do TSE, Alexandre de Moraes&nbsp;, afirmou que&nbsp;\u201ctemos uma grande preocupa\u00e7\u00e3o com a utiliza\u00e7\u00e3o il\u00edcita dos celulares no dia de vota\u00e7\u00e3o, porque o sigilo do voto fica comprometido\u201d.<br>Ele ainda refor\u00e7ou que \u201c\u00e9 ilegal a entrada, o ingresso com telefones celulares na cabine de vota\u00e7\u00e3o\u201d. &#8220;\u00c9 crime eleitoral&#8221;, finalizou o ministro.<\/p>\n\n\n\n<p>Com informa\u00e7\u00f5es do IG<\/p>\n","protected":false},"excerpt":{"rendered":"<p>O Tribunal Superior Eleitoral (TSE) autorizou nesta quinta-feira (01), uma resolu\u00e7\u00e3o sobre&nbsp;o uso de celulares nas cabines de vota\u00e7\u00e3o&nbsp;e o&nbsp;porte de armas no dia das elei\u00e7\u00f5es. O tribunal autorizou a pris\u00e3o em flagrante para quem n\u00e3o cumprir a regra sobre as armas e o impedimento do voto de quem n\u00e3o entregar o telefone ao mes\u00e1rio. [&hellip;]<\/p>\n","protected":false},"author":2,"featured_media":3907,"comment_status":"open","ping_status":"open","sticky":false,"template":"","format":"standard","meta":{"_monsterinsights_skip_tracking":false,"_monsterinsights_sitenote_active":false,"_monsterinsights_sitenote_note":"","_monsterinsights_sitenote_category":0,"footnotes":""},"categories":[34],"tags":[67],"yoast_head":"<!-- This site is optimized with the Yoast SEO plugin v22.9 - https:\/\/yoast.com\/wordpress\/plugins\/seo\/ -->\n<title>Cidad\u00e3o que n\u00e3o entregar celular ser\u00e1 impedido de votar, diz TSE - Portal MF<\/title>\n<meta name=\"robots\" content=\"index, follow, max-snippet:-1, max-image-preview:large, max-video-preview:-1\" \/>\n<link rel=\"canonical\" href=\"https:\/\/portalmf.com.br\/index.php\/2022\/09\/01\/cidadao-que-nao-entregar-celular-sera-impedido-de-votar-diz-tse\/\" \/>\n<meta property=\"og:locale\" content=\"pt_BR\" \/>\n<meta property=\"og:type\" content=\"article\" \/>\n<meta property=\"og:title\" content=\"Cidad\u00e3o que n\u00e3o entregar celular ser\u00e1 impedido de votar, diz TSE - Portal MF\" \/>\n<meta property=\"og:description\" content=\"O Tribunal Superior Eleitoral (TSE) autorizou nesta quinta-feira (01), uma resolu\u00e7\u00e3o sobre&nbsp;o uso de celulares nas cabines de vota\u00e7\u00e3o&nbsp;e o&nbsp;porte de armas no dia das elei\u00e7\u00f5es. O tribunal autorizou a pris\u00e3o em flagrante para quem n\u00e3o cumprir a regra sobre as armas e o impedimento do voto de quem n\u00e3o entregar o telefone ao mes\u00e1rio. [&hellip;]\" \/>\n<meta property=\"og:url\" content=\"https:\/\/portalmf.com.br\/index.php\/2022\/09\/01\/cidadao-que-nao-entregar-celular-sera-impedido-de-votar-diz-tse\/\" \/>\n<meta property=\"og:site_name\" content=\"Portal MF\" \/>\n<meta property=\"article:author\" content=\"reginaldojrfsa\" \/>\n<meta property=\"article:published_time\" content=\"2022-09-01T20:19:43+00:00\" \/>\n<meta property=\"article:modified_time\" content=\"2022-09-01T20:19:44+00:00\" \/>\n<meta property=\"og:image\" content=\"https:\/\/portalmf.com.br\/wp-content\/uploads\/2022\/09\/urna-eletronica_1.jpg\" \/>\n\t<meta property=\"og:image:width\" content=\"1181\" \/>\n\t<meta property=\"og:image:height\" content=\"801\" \/>\n\t<meta property=\"og:image:type\" content=\"image\/jpeg\" \/>\n<meta name=\"author\" content=\"Reginaldo J\u00fanior\" \/>\n<meta name=\"twitter:card\" content=\"summary_large_image\" \/>\n<meta name=\"twitter:creator\" content=\"@reginaldojrmf\" \/>\n<meta name=\"twitter:label1\" content=\"Escrito por\" \/>\n\t<meta name=\"twitter:data1\" content=\"Reginaldo J\u00fanior\" \/>\n\t<meta name=\"twitter:label2\" content=\"Est. tempo de leitura\" \/>\n\t<meta name=\"twitter:data2\" content=\"3 minutos\" \/>\n<script type=\"application\/ld+json\" class=\"yoast-schema-graph\">{\"@context\":\"https:\/\/schema.org\",\"@graph\":[{\"@type\":\"WebPage\",\"@id\":\"https:\/\/portalmf.com.br\/index.php\/2022\/09\/01\/cidadao-que-nao-entregar-celular-sera-impedido-de-votar-diz-tse\/\",\"url\":\"https:\/\/portalmf.com.br\/index.php\/2022\/09\/01\/cidadao-que-nao-entregar-celular-sera-impedido-de-votar-diz-tse\/\",\"name\":\"Cidad\u00e3o que n\u00e3o entregar celular ser\u00e1 impedido de votar, diz TSE - Portal MF\",\"isPartOf\":{\"@id\":\"https:\/\/portalmf.com.br\/#website\"},\"primaryImageOfPage\":{\"@id\":\"https:\/\/portalmf.com.br\/index.php\/2022\/09\/01\/cidadao-que-nao-entregar-celular-sera-impedido-de-votar-diz-tse\/#primaryimage\"},\"image\":{\"@id\":\"https:\/\/portalmf.com.br\/index.php\/2022\/09\/01\/cidadao-que-nao-entregar-celular-sera-impedido-de-votar-diz-tse\/#primaryimage\"},\"thumbnailUrl\":\"https:\/\/portalmf.com.br\/wp-content\/uploads\/2022\/09\/urna-eletronica_1.jpg\",\"datePublished\":\"2022-09-01T20:19:43+00:00\",\"dateModified\":\"2022-09-01T20:19:44+00:00\",\"author\":{\"@id\":\"https:\/\/portalmf.com.br\/#\/schema\/person\/11c82086fe8abc05a19147e964587285\"},\"breadcrumb\":{\"@id\":\"https:\/\/portalmf.com.br\/index.php\/2022\/09\/01\/cidadao-que-nao-entregar-celular-sera-impedido-de-votar-diz-tse\/#breadcrumb\"},\"inLanguage\":\"pt-BR\",\"potentialAction\":[{\"@type\":\"ReadAction\",\"target\":[\"https:\/\/portalmf.com.br\/index.php\/2022\/09\/01\/cidadao-que-nao-entregar-celular-sera-impedido-de-votar-diz-tse\/\"]}]},{\"@type\":\"ImageObject\",\"inLanguage\":\"pt-BR\",\"@id\":\"https:\/\/portalmf.com.br\/index.php\/2022\/09\/01\/cidadao-que-nao-entregar-celular-sera-impedido-de-votar-diz-tse\/#primaryimage\",\"url\":\"https:\/\/portalmf.com.br\/wp-content\/uploads\/2022\/09\/urna-eletronica_1.jpg\",\"contentUrl\":\"https:\/\/portalmf.com.br\/wp-content\/uploads\/2022\/09\/urna-eletronica_1.jpg\",\"width\":1181,\"height\":801},{\"@type\":\"BreadcrumbList\",\"@id\":\"https:\/\/portalmf.com.br\/index.php\/2022\/09\/01\/cidadao-que-nao-entregar-celular-sera-impedido-de-votar-diz-tse\/#breadcrumb\",\"itemListElement\":[{\"@type\":\"ListItem\",\"position\":1,\"name\":\"In\u00edcio\",\"item\":\"https:\/\/portalmf.com.br\/\"},{\"@type\":\"ListItem\",\"position\":2,\"name\":\"Cidad\u00e3o que n\u00e3o entregar celular ser\u00e1 impedido de votar, diz TSE\"}]},{\"@type\":\"WebSite\",\"@id\":\"https:\/\/portalmf.com.br\/#website\",\"url\":\"https:\/\/portalmf.com.br\/\",\"name\":\"Portal MF\",\"description\":\"Voc\u00ea conectado com a informa\u00e7\u00e3o\",\"potentialAction\":[{\"@type\":\"SearchAction\",\"target\":{\"@type\":\"EntryPoint\",\"urlTemplate\":\"https:\/\/portalmf.com.br\/?s={search_term_string}\"},\"query-input\":\"required name=search_term_string\"}],\"inLanguage\":\"pt-BR\"},{\"@type\":\"Person\",\"@id\":\"https:\/\/portalmf.com.br\/#\/schema\/person\/11c82086fe8abc05a19147e964587285\",\"name\":\"Reginaldo J\u00fanior\",\"image\":{\"@type\":\"ImageObject\",\"inLanguage\":\"pt-BR\",\"@id\":\"https:\/\/portalmf.com.br\/#\/schema\/person\/image\/\",\"url\":\"https:\/\/secure.gravatar.com\/avatar\/32a3c797cd0ac47cc53b8644c62776f9?s=96&d=mm&r=g\",\"contentUrl\":\"https:\/\/secure.gravatar.com\/avatar\/32a3c797cd0ac47cc53b8644c62776f9?s=96&d=mm&r=g\",\"caption\":\"Reginaldo J\u00fanior\"},\"description\":\"Jornalista e idealizador Portal MF\",\"sameAs\":[\"https:\/\/portalmf.com.br\/index.php\/author\/reginaldojr\/\",\"reginaldojrfsa\",\"reginaldojuniormf\",\"https:\/\/x.com\/reginaldojrmf\"],\"url\":\"https:\/\/portalmf.com.br\/index.php\/author\/reginaldojr\/\"}]}<\/script>\n<!-- \/ Yoast SEO plugin. -->","yoast_head_json":{"title":"Cidad\u00e3o que n\u00e3o entregar celular ser\u00e1 impedido de votar, diz TSE - Portal MF","robots":{"index":"index","follow":"follow","max-snippet":"max-snippet:-1","max-image-preview":"max-image-preview:large","max-video-preview":"max-video-preview:-1"},"canonical":"https:\/\/portalmf.com.br\/index.php\/2022\/09\/01\/cidadao-que-nao-entregar-celular-sera-impedido-de-votar-diz-tse\/","og_locale":"pt_BR","og_type":"article","og_title":"Cidad\u00e3o que n\u00e3o entregar celular ser\u00e1 impedido de votar, diz TSE - Portal MF","og_description":"O Tribunal Superior Eleitoral (TSE) autorizou nesta quinta-feira (01), uma resolu\u00e7\u00e3o sobre&nbsp;o uso de celulares nas cabines de vota\u00e7\u00e3o&nbsp;e o&nbsp;porte de armas no dia das elei\u00e7\u00f5es. O tribunal autorizou a pris\u00e3o em flagrante para quem n\u00e3o cumprir a regra sobre as armas e o impedimento do voto de quem n\u00e3o entregar o telefone ao mes\u00e1rio. [&hellip;]","og_url":"https:\/\/portalmf.com.br\/index.php\/2022\/09\/01\/cidadao-que-nao-entregar-celular-sera-impedido-de-votar-diz-tse\/","og_site_name":"Portal MF","article_author":"reginaldojrfsa","article_published_time":"2022-09-01T20:19:43+00:00","article_modified_time":"2022-09-01T20:19:44+00:00","og_image":[{"width":1181,"height":801,"url":"https:\/\/portalmf.com.br\/wp-content\/uploads\/2022\/09\/urna-eletronica_1.jpg","type":"image\/jpeg"}],"author":"Reginaldo J\u00fanior","twitter_card":"summary_large_image","twitter_creator":"@reginaldojrmf","twitter_misc":{"Escrito por":"Reginaldo J\u00fanior","Est. tempo de leitura":"3 minutos"},"schema":{"@context":"https:\/\/schema.org","@graph":[{"@type":"WebPage","@id":"https:\/\/portalmf.com.br\/index.php\/2022\/09\/01\/cidadao-que-nao-entregar-celular-sera-impedido-de-votar-diz-tse\/","url":"https:\/\/portalmf.com.br\/index.php\/2022\/09\/01\/cidadao-que-nao-entregar-celular-sera-impedido-de-votar-diz-tse\/","name":"Cidad\u00e3o que n\u00e3o entregar celular ser\u00e1 impedido de votar, diz TSE - Portal MF","isPartOf":{"@id":"https:\/\/portalmf.com.br\/#website"},"primaryImageOfPage":{"@id":"https:\/\/portalmf.com.br\/index.php\/2022\/09\/01\/cidadao-que-nao-entregar-celular-sera-impedido-de-votar-diz-tse\/#primaryimage"},"image":{"@id":"https:\/\/portalmf.com.br\/index.php\/2022\/09\/01\/cidadao-que-nao-entregar-celular-sera-impedido-de-votar-diz-tse\/#primaryimage"},"thumbnailUrl":"https:\/\/portalmf.com.br\/wp-content\/uploads\/2022\/09\/urna-eletronica_1.jpg","datePublished":"2022-09-01T20:19:43+00:00","dateModified":"2022-09-01T20:19:44+00:00","author":{"@id":"https:\/\/portalmf.com.br\/#\/schema\/person\/11c82086fe8abc05a19147e964587285"},"breadcrumb":{"@id":"https:\/\/portalmf.com.br\/index.php\/2022\/09\/01\/cidadao-que-nao-entregar-celular-sera-impedido-de-votar-diz-tse\/#breadcrumb"},"inLanguage":"pt-BR","potentialAction":[{"@type":"ReadAction","target":["https:\/\/portalmf.com.br\/index.php\/2022\/09\/01\/cidadao-que-nao-entregar-celular-sera-impedido-de-votar-diz-tse\/"]}]},{"@type":"ImageObject","inLanguage":"pt-BR","@id":"https:\/\/portalmf.com.br\/index.php\/2022\/09\/01\/cidadao-que-nao-entregar-celular-sera-impedido-de-votar-diz-tse\/#primaryimage","url":"https:\/\/portalmf.com.br\/wp-content\/uploads\/2022\/09\/urna-eletronica_1.jpg","contentUrl":"https:\/\/portalmf.com.br\/wp-content\/uploads\/2022\/09\/urna-eletronica_1.jpg","width":1181,"height":801},{"@type":"BreadcrumbList","@id":"https:\/\/portalmf.com.br\/index.php\/2022\/09\/01\/cidadao-que-nao-entregar-celular-sera-impedido-de-votar-diz-tse\/#breadcrumb","itemListElement":[{"@type":"ListItem","position":1,"name":"In\u00edcio","item":"https:\/\/portalmf.com.br\/"},{"@type":"ListItem","position":2,"name":"Cidad\u00e3o que n\u00e3o entregar celular ser\u00e1 impedido de votar, diz TSE"}]},{"@type":"WebSite","@id":"https:\/\/portalmf.com.br\/#website","url":"https:\/\/portalmf.com.br\/","name":"Portal MF","description":"Voc\u00ea conectado com a informa\u00e7\u00e3o","potentialAction":[{"@type":"SearchAction","target":{"@type":"EntryPoint","urlTemplate":"https:\/\/portalmf.com.br\/?s={search_term_string}"},"query-input":"required name=search_term_string"}],"inLanguage":"pt-BR"},{"@type":"Person","@id":"https:\/\/portalmf.com.br\/#\/schema\/person\/11c82086fe8abc05a19147e964587285","name":"Reginaldo J\u00fanior","image":{"@type":"ImageObject","inLanguage":"pt-BR","@id":"https:\/\/portalmf.com.br\/#\/schema\/person\/image\/","url":"https:\/\/secure.gravatar.com\/avatar\/32a3c797cd0ac47cc53b8644c62776f9?s=96&d=mm&r=g","contentUrl":"https:\/\/secure.gravatar.com\/avatar\/32a3c797cd0ac47cc53b8644c62776f9?s=96&d=mm&r=g","caption":"Reginaldo J\u00fanior"},"description":"Jornalista e idealizador Portal MF","sameAs":["https:\/\/portalmf.com.br\/index.php\/author\/reginaldojr\/","reginaldojrfsa","reginaldojuniormf","https:\/\/x.com\/reginaldojrmf"],"url":"https:\/\/portalmf.com.br\/index.php\/author\/reginaldojr\/"}]}},"_links":{"self":[{"href":"https:\/\/portalmf.com.br\/index.php\/wp-json\/wp\/v2\/posts\/3906"}],"collection":[{"href":"https:\/\/portalmf.com.br\/index.php\/wp-json\/wp\/v2\/posts"}],"about":[{"href":"https:\/\/portalmf.com.br\/index.php\/wp-json\/wp\/v2\/types\/post"}],"author":[{"embeddable":true,"href":"https:\/\/portalmf.com.br\/index.php\/wp-json\/wp\/v2\/users\/2"}],"replies":[{"embeddable":true,"href":"https:\/\/portalmf.com.br\/index.php\/wp-json\/wp\/v2\/comments?post=3906"}],"version-history":[{"count":1,"href":"https:\/\/portalmf.com.br\/index.php\/wp-json\/wp\/v2\/posts\/3906\/revisions"}],"predecessor-version":[{"id":3908,"href":"https:\/\/portalmf.com.br\/index.php\/wp-json\/wp\/v2\/posts\/3906\/revisions\/3908"}],"wp:featuredmedia":[{"embeddable":true,"href":"https:\/\/portalmf.com.br\/index.php\/wp-json\/wp\/v2\/media\/3907"}],"wp:attachment":[{"href":"https:\/\/portalmf.com.br\/index.php\/wp-json\/wp\/v2\/media?parent=3906"}],"wp:term":[{"taxonomy":"category","embeddable":true,"href":"https:\/\/portalmf.com.br\/index.php\/wp-json\/wp\/v2\/categories?post=3906"},{"taxonomy":"post_tag","embeddable":true,"href":"https:\/\/portalmf.com.br\/index.php\/wp-json\/wp\/v2\/tags?post=3906"}],"curies":[{"name":"wp","href":"https:\/\/api.w.org\/{rel}","templated":true}]}}