{"id":39038,"date":"2025-09-27T13:26:09","date_gmt":"2025-09-27T16:26:09","guid":{"rendered":"https:\/\/portalmf.com.br\/?p=39038"},"modified":"2025-09-27T13:26:10","modified_gmt":"2025-09-27T16:26:10","slug":"com-investimento-recorde-governo-do-estado-lanca-edital-ouro-negro-2026-com-aporte-de-r-17-milhoes","status":"publish","type":"post","link":"https:\/\/portalmf.com.br\/index.php\/2025\/09\/27\/com-investimento-recorde-governo-do-estado-lanca-edital-ouro-negro-2026-com-aporte-de-r-17-milhoes\/","title":{"rendered":"Com investimento recorde, Governo do Estado lan\u00e7a Edital Ouro Negro 2026 com aporte de R$ 17 milh\u00f5es"},"content":{"rendered":"\n<p>O Governo do Estado, por meio da Secretaria de Cultura (Secult-BA), lan\u00e7ou, nesta sexta-feira (26), o Edital Ouro Negro 2026, com investimento recorde de R$ 17 milh\u00f5es para apoio \u00e0s entidades culturais de matrizes africanas. O valor representa R$ 2 milh\u00f5es a mais do que em 2025 e marca os 18 anos de hist\u00f3ria do programa. O evento aconteceu na Pra\u00e7a Tereza Batista, no Pelourinho, e contou com a presen\u00e7a de representantes das agremia\u00e7\u00f5es.<\/p>\n\n\n\n<p>Ser\u00e3o selecionados 138 projetos. Os recursos do Edital Ouro Negro asseguram a participa\u00e7\u00e3o de grupos nos desfiles do Carnaval de Salvador e em outras cinco festas populares baianas: Lavagem do Bonfim, Lavagem de Itapu\u00e3, Lavagem de Purifica\u00e7\u00e3o (Santo Amaro), Micareta de Feira de Santana, Festa de Reis de Cachoeira e Carnaval do Interior. As inscri\u00e7\u00f5es s\u00e3o gratuitas e devem ser realizadas atrav\u00e9s de formul\u00e1rio online (<a href=\"https:\/\/forms.gle\/UcoVHFMw8Ec9ZMJx6\">https:\/\/forms.gle\/UcoVHFMw8Ec9ZMJx6<\/a>) at\u00e9 o dia 15 de outubro.<\/p>\n\n\n\n<p>Ser\u00e3o contempladas entidades como blocos afro, afox\u00e9s, de \u00edndio, samba e reggae. O edital busca selecionar projetos que valorizem as tradi\u00e7\u00f5es culturais afro-brasileiras, incentivem a participa\u00e7\u00e3o da juventude, preservem a est\u00e9tica e os s\u00edmbolos dessas manifesta\u00e7\u00f5es e garantam a transmiss\u00e3o do legado cultural \u00e0s novas gera\u00e7\u00f5es. \u201cA partir do di\u00e1logo, da experi\u00eancia e dos resultados que esse programa gera, o Governo do Estado amplia, mais uma vez, o Ouro Negro, garantindo a preserva\u00e7\u00e3o da hist\u00f3ria e ancestralidade do povo baiano no carnaval e nas festas populares\u201d, comentou o secret\u00e1rio estadual de cultura da Bahia, Bruno Monteiro.<\/p>\n\n\n\n<p>Simplifica\u00e7\u00e3o na entrega dos documentos de habilita\u00e7\u00e3o das entidades e inclus\u00e3o de uma nova faixa de valor (R$ 300 mil) no edital foram algumas mudan\u00e7as implantadas em rela\u00e7\u00e3o ao edital de 2025. Al\u00e9m do aumento no investimento, o Ouro Negro 2026 ampliou o alcance do programa: o n\u00famero de projetos selecionados passou de 112 em 2025 para 138 neste ano. Ser\u00e3o beneficiadas 120 entidades culturais, 20 a mais do que o ano anterior. A expans\u00e3o refor\u00e7a o compromisso do governo em democratizar o acesso aos recursos, incentivar a diversidade e fortalecer a presen\u00e7a de diferentes manifesta\u00e7\u00f5es culturais em todas as festas populares do estado.<\/p>\n\n\n\n<p>\u201cO Edital Ouro Negro \u00e9 uma pol\u00edtica p\u00fablica que reafirma a for\u00e7a e a centralidade das culturas negras na identidade da Bahia. Ao ampliar o investimento e garantir a participa\u00e7\u00e3o de blocos e entidades de matrizes africanas &nbsp;no Carnaval de Salvador, no Micareta de Feira de Santana e em festas populares, o Governo do Estado valoriza tradi\u00e7\u00f5es, fortalece o legado dos nossos ancestrais e promove a igualdade racial por meio da cultura. \u00c9 um momento hist\u00f3rico de reconhecimento e de celebra\u00e7\u00e3o da diversidade que faz da Bahia e refer\u00eancia mundial\u201d, destacou a secret\u00e1ria de promo\u00e7\u00e3o da igualdade racial e dos povos e comunidades tradicionais da Bahia, \u00c2ngela Guimar\u00e3es.<\/p>\n\n\n\n<p><strong>Processo Seletivo<\/strong>&nbsp;&#8211; Para o Carnaval de Salvador, os projetos dever\u00e3o propor desfiles em pelo menos um dos oito circuitos oficiais, enquanto para as demais festas ser\u00e1 exigido desfile em circuito oficial correspondente. O processo seletivo ocorrer\u00e1 em duas etapas: sele\u00e7\u00e3o de m\u00e9rito, que analisar\u00e1 portf\u00f3lio, hist\u00f3rico da entidade, relev\u00e2ncia sociocultural, participa\u00e7\u00e3o em festas populares e atua\u00e7\u00e3o comunit\u00e1ria, incluindo crit\u00e9rios de diversidade no quadro diretivo e habilita\u00e7\u00e3o documental, na qual os projetos classificados dever\u00e3o apresentar documenta\u00e7\u00e3o jur\u00eddica, fiscal, banc\u00e1ria, social e trabalhista.<\/p>\n\n\n\n<p><strong>Consulta P\u00fablica<\/strong>&nbsp;&#8211; A constru\u00e7\u00e3o do edital contou com uma consulta p\u00fablica, realizada entre os dias 11 e 20 de agosto, com a participa\u00e7\u00e3o de 63 representantes da sociedade civil, artistas, produtores culturais e lideran\u00e7as de entidades.<\/p>\n\n\n\n<p><strong>Ouro Negro&nbsp;<\/strong>&#8211; Criado em 2008, o Programa Ouro Negro \u00e9 uma consolida\u00e7\u00e3o do compromisso do Governo do Estado, atrav\u00e9s da Secretaria de Cultura (Secult-BA) e da Secretaria de Promo\u00e7\u00e3o da Igualdade Racial e dos Povos e Comunidades Tradicionais (Sepromi), para o fortalecimento das manifesta\u00e7\u00f5es da cultura afro-brasileiras. O edital concede apoio financeiro a blocos afro, afox\u00e9s, grupos de samba, reggae e blocos de \u00edndio, sendo reconhecido e ampliado pela Lei n\u00ba 13.182\/2014, que instituiu o Estatuto da Igualdade Racial e de Combate \u00e0 Intoler\u00e2ncia Religiosa do Estado da Bahia.<\/p>\n\n\n\n<p>Acesse o edital no link &#8211;&nbsp;<a href=\"https:\/\/www.ba.gov.br\/cultura\/edital-ouro-negro-2026\">https:\/\/www.ba.gov.br\/cultura\/edital-ouro-negro-2026<\/a>.<\/p>\n","protected":false},"excerpt":{"rendered":"<p>O Governo do Estado, por meio da Secretaria de Cultura (Secult-BA), lan\u00e7ou, nesta sexta-feira (26), o Edital Ouro Negro 2026, com investimento recorde de R$ 17 milh\u00f5es para apoio \u00e0s entidades culturais de matrizes africanas. O valor representa R$ 2 milh\u00f5es a mais do que em 2025 e marca os 18 anos de hist\u00f3ria do [&hellip;]<\/p>\n","protected":false},"author":3,"featured_media":39039,"comment_status":"open","ping_status":"open","sticky":false,"template":"","format":"standard","meta":{"_monsterinsights_skip_tracking":false,"_monsterinsights_sitenote_active":false,"_monsterinsights_sitenote_note":"","_monsterinsights_sitenote_category":0,"footnotes":""},"categories":[44,40],"tags":[],"yoast_head":"<!-- This site is optimized with the Yoast SEO plugin v22.9 - https:\/\/yoast.com\/wordpress\/plugins\/seo\/ -->\n<title>Com investimento recorde, Governo do Estado lan\u00e7a Edital Ouro Negro 2026 com aporte de R$ 17 milh\u00f5es - Portal MF<\/title>\n<meta name=\"robots\" content=\"index, follow, max-snippet:-1, max-image-preview:large, max-video-preview:-1\" \/>\n<link rel=\"canonical\" href=\"https:\/\/portalmf.com.br\/index.php\/2025\/09\/27\/com-investimento-recorde-governo-do-estado-lanca-edital-ouro-negro-2026-com-aporte-de-r-17-milhoes\/\" \/>\n<meta property=\"og:locale\" content=\"pt_BR\" \/>\n<meta property=\"og:type\" content=\"article\" \/>\n<meta property=\"og:title\" content=\"Com investimento recorde, Governo do Estado lan\u00e7a Edital Ouro Negro 2026 com aporte de R$ 17 milh\u00f5es - Portal MF\" \/>\n<meta property=\"og:description\" content=\"O Governo do Estado, por meio da Secretaria de Cultura (Secult-BA), lan\u00e7ou, nesta sexta-feira (26), o Edital Ouro Negro 2026, com investimento recorde de R$ 17 milh\u00f5es para apoio \u00e0s entidades culturais de matrizes africanas. O valor representa R$ 2 milh\u00f5es a mais do que em 2025 e marca os 18 anos de hist\u00f3ria do [&hellip;]\" \/>\n<meta property=\"og:url\" content=\"https:\/\/portalmf.com.br\/index.php\/2025\/09\/27\/com-investimento-recorde-governo-do-estado-lanca-edital-ouro-negro-2026-com-aporte-de-r-17-milhoes\/\" \/>\n<meta property=\"og:site_name\" content=\"Portal MF\" \/>\n<meta property=\"article:author\" content=\"https:\/\/www.facebook.com\/portalmfoficial\" \/>\n<meta property=\"article:published_time\" content=\"2025-09-27T16:26:09+00:00\" \/>\n<meta property=\"article:modified_time\" content=\"2025-09-27T16:26:10+00:00\" \/>\n<meta property=\"og:image\" content=\"https:\/\/portalmf.com.br\/wp-content\/uploads\/2025\/09\/Com-investimento-recorde-Governo-do-Estado-lanca-Edital-Ouro-Negro-2026-com-aporte-de-R-17-milhoes.jpeg\" \/>\n\t<meta property=\"og:image:width\" content=\"1600\" \/>\n\t<meta property=\"og:image:height\" content=\"1066\" \/>\n\t<meta property=\"og:image:type\" content=\"image\/jpeg\" \/>\n<meta name=\"author\" content=\"Reda\u00e7\u00e3o Portal MF\" \/>\n<meta name=\"twitter:card\" content=\"summary_large_image\" \/>\n<meta name=\"twitter:creator\" content=\"@https:\/\/x.com\/portalmfoficial\" \/>\n<meta name=\"twitter:label1\" content=\"Escrito por\" \/>\n\t<meta name=\"twitter:data1\" content=\"Reda\u00e7\u00e3o Portal MF\" \/>\n\t<meta name=\"twitter:label2\" content=\"Est. tempo de leitura\" \/>\n\t<meta name=\"twitter:data2\" content=\"4 minutos\" \/>\n<script type=\"application\/ld+json\" class=\"yoast-schema-graph\">{\"@context\":\"https:\/\/schema.org\",\"@graph\":[{\"@type\":\"WebPage\",\"@id\":\"https:\/\/portalmf.com.br\/index.php\/2025\/09\/27\/com-investimento-recorde-governo-do-estado-lanca-edital-ouro-negro-2026-com-aporte-de-r-17-milhoes\/\",\"url\":\"https:\/\/portalmf.com.br\/index.php\/2025\/09\/27\/com-investimento-recorde-governo-do-estado-lanca-edital-ouro-negro-2026-com-aporte-de-r-17-milhoes\/\",\"name\":\"Com investimento recorde, Governo do Estado lan\u00e7a Edital Ouro Negro 2026 com aporte de R$ 17 milh\u00f5es - Portal MF\",\"isPartOf\":{\"@id\":\"https:\/\/portalmf.com.br\/#website\"},\"primaryImageOfPage\":{\"@id\":\"https:\/\/portalmf.com.br\/index.php\/2025\/09\/27\/com-investimento-recorde-governo-do-estado-lanca-edital-ouro-negro-2026-com-aporte-de-r-17-milhoes\/#primaryimage\"},\"image\":{\"@id\":\"https:\/\/portalmf.com.br\/index.php\/2025\/09\/27\/com-investimento-recorde-governo-do-estado-lanca-edital-ouro-negro-2026-com-aporte-de-r-17-milhoes\/#primaryimage\"},\"thumbnailUrl\":\"https:\/\/portalmf.com.br\/wp-content\/uploads\/2025\/09\/Com-investimento-recorde-Governo-do-Estado-lanca-Edital-Ouro-Negro-2026-com-aporte-de-R-17-milhoes.jpeg\",\"datePublished\":\"2025-09-27T16:26:09+00:00\",\"dateModified\":\"2025-09-27T16:26:10+00:00\",\"author\":{\"@id\":\"https:\/\/portalmf.com.br\/#\/schema\/person\/9ec101baf56233e53520c26de5d6f6f0\"},\"breadcrumb\":{\"@id\":\"https:\/\/portalmf.com.br\/index.php\/2025\/09\/27\/com-investimento-recorde-governo-do-estado-lanca-edital-ouro-negro-2026-com-aporte-de-r-17-milhoes\/#breadcrumb\"},\"inLanguage\":\"pt-BR\",\"potentialAction\":[{\"@type\":\"ReadAction\",\"target\":[\"https:\/\/portalmf.com.br\/index.php\/2025\/09\/27\/com-investimento-recorde-governo-do-estado-lanca-edital-ouro-negro-2026-com-aporte-de-r-17-milhoes\/\"]}]},{\"@type\":\"ImageObject\",\"inLanguage\":\"pt-BR\",\"@id\":\"https:\/\/portalmf.com.br\/index.php\/2025\/09\/27\/com-investimento-recorde-governo-do-estado-lanca-edital-ouro-negro-2026-com-aporte-de-r-17-milhoes\/#primaryimage\",\"url\":\"https:\/\/portalmf.com.br\/wp-content\/uploads\/2025\/09\/Com-investimento-recorde-Governo-do-Estado-lanca-Edital-Ouro-Negro-2026-com-aporte-de-R-17-milhoes.jpeg\",\"contentUrl\":\"https:\/\/portalmf.com.br\/wp-content\/uploads\/2025\/09\/Com-investimento-recorde-Governo-do-Estado-lanca-Edital-Ouro-Negro-2026-com-aporte-de-R-17-milhoes.jpeg\",\"width\":1600,\"height\":1066},{\"@type\":\"BreadcrumbList\",\"@id\":\"https:\/\/portalmf.com.br\/index.php\/2025\/09\/27\/com-investimento-recorde-governo-do-estado-lanca-edital-ouro-negro-2026-com-aporte-de-r-17-milhoes\/#breadcrumb\",\"itemListElement\":[{\"@type\":\"ListItem\",\"position\":1,\"name\":\"In\u00edcio\",\"item\":\"https:\/\/portalmf.com.br\/\"},{\"@type\":\"ListItem\",\"position\":2,\"name\":\"Com investimento recorde, Governo do Estado lan\u00e7a Edital Ouro Negro 2026 com aporte de R$ 17 milh\u00f5es\"}]},{\"@type\":\"WebSite\",\"@id\":\"https:\/\/portalmf.com.br\/#website\",\"url\":\"https:\/\/portalmf.com.br\/\",\"name\":\"Portal MF\",\"description\":\"Voc\u00ea conectado com a informa\u00e7\u00e3o\",\"potentialAction\":[{\"@type\":\"SearchAction\",\"target\":{\"@type\":\"EntryPoint\",\"urlTemplate\":\"https:\/\/portalmf.com.br\/?s={search_term_string}\"},\"query-input\":\"required name=search_term_string\"}],\"inLanguage\":\"pt-BR\"},{\"@type\":\"Person\",\"@id\":\"https:\/\/portalmf.com.br\/#\/schema\/person\/9ec101baf56233e53520c26de5d6f6f0\",\"name\":\"Reda\u00e7\u00e3o Portal MF\",\"image\":{\"@type\":\"ImageObject\",\"inLanguage\":\"pt-BR\",\"@id\":\"https:\/\/portalmf.com.br\/#\/schema\/person\/image\/\",\"url\":\"https:\/\/secure.gravatar.com\/avatar\/41b9aaeb2100835f7c64362330f74c7f?s=96&d=mm&r=g\",\"contentUrl\":\"https:\/\/secure.gravatar.com\/avatar\/41b9aaeb2100835f7c64362330f74c7f?s=96&d=mm&r=g\",\"caption\":\"Reda\u00e7\u00e3o Portal MF\"},\"description\":\"Sejam bem-vindos o portal de informa\u00e7\u00f5es de entretenimento de Feira de Santana, desde 2006 realiza coberturas dos principais eventos com entrevistas exclusivas com as principais personalidades mundiais. Fique conectado tamb\u00e9m nas redes sociais.\",\"sameAs\":[\"http:\/\/www.portalmf.com.br\/\",\"https:\/\/www.facebook.com\/portalmfoficial\",\"https:\/\/www.instagram.com\/portalmf\/\",\"https:\/\/x.com\/https:\/\/x.com\/portalmfoficial\",\"https:\/\/www.youtube.com\/@portalmfoficial\"],\"url\":\"https:\/\/portalmf.com.br\/index.php\/author\/junior\/\"}]}<\/script>\n<!-- \/ Yoast SEO plugin. -->","yoast_head_json":{"title":"Com investimento recorde, Governo do Estado lan\u00e7a Edital Ouro Negro 2026 com aporte de R$ 17 milh\u00f5es - Portal MF","robots":{"index":"index","follow":"follow","max-snippet":"max-snippet:-1","max-image-preview":"max-image-preview:large","max-video-preview":"max-video-preview:-1"},"canonical":"https:\/\/portalmf.com.br\/index.php\/2025\/09\/27\/com-investimento-recorde-governo-do-estado-lanca-edital-ouro-negro-2026-com-aporte-de-r-17-milhoes\/","og_locale":"pt_BR","og_type":"article","og_title":"Com investimento recorde, Governo do Estado lan\u00e7a Edital Ouro Negro 2026 com aporte de R$ 17 milh\u00f5es - Portal MF","og_description":"O Governo do Estado, por meio da Secretaria de Cultura (Secult-BA), lan\u00e7ou, nesta sexta-feira (26), o Edital Ouro Negro 2026, com investimento recorde de R$ 17 milh\u00f5es para apoio \u00e0s entidades culturais de matrizes africanas. O valor representa R$ 2 milh\u00f5es a mais do que em 2025 e marca os 18 anos de hist\u00f3ria do [&hellip;]","og_url":"https:\/\/portalmf.com.br\/index.php\/2025\/09\/27\/com-investimento-recorde-governo-do-estado-lanca-edital-ouro-negro-2026-com-aporte-de-r-17-milhoes\/","og_site_name":"Portal MF","article_author":"https:\/\/www.facebook.com\/portalmfoficial","article_published_time":"2025-09-27T16:26:09+00:00","article_modified_time":"2025-09-27T16:26:10+00:00","og_image":[{"width":1600,"height":1066,"url":"https:\/\/portalmf.com.br\/wp-content\/uploads\/2025\/09\/Com-investimento-recorde-Governo-do-Estado-lanca-Edital-Ouro-Negro-2026-com-aporte-de-R-17-milhoes.jpeg","type":"image\/jpeg"}],"author":"Reda\u00e7\u00e3o Portal MF","twitter_card":"summary_large_image","twitter_creator":"@https:\/\/x.com\/portalmfoficial","twitter_misc":{"Escrito por":"Reda\u00e7\u00e3o Portal MF","Est. tempo de leitura":"4 minutos"},"schema":{"@context":"https:\/\/schema.org","@graph":[{"@type":"WebPage","@id":"https:\/\/portalmf.com.br\/index.php\/2025\/09\/27\/com-investimento-recorde-governo-do-estado-lanca-edital-ouro-negro-2026-com-aporte-de-r-17-milhoes\/","url":"https:\/\/portalmf.com.br\/index.php\/2025\/09\/27\/com-investimento-recorde-governo-do-estado-lanca-edital-ouro-negro-2026-com-aporte-de-r-17-milhoes\/","name":"Com investimento recorde, Governo do Estado lan\u00e7a Edital Ouro Negro 2026 com aporte de R$ 17 milh\u00f5es - Portal MF","isPartOf":{"@id":"https:\/\/portalmf.com.br\/#website"},"primaryImageOfPage":{"@id":"https:\/\/portalmf.com.br\/index.php\/2025\/09\/27\/com-investimento-recorde-governo-do-estado-lanca-edital-ouro-negro-2026-com-aporte-de-r-17-milhoes\/#primaryimage"},"image":{"@id":"https:\/\/portalmf.com.br\/index.php\/2025\/09\/27\/com-investimento-recorde-governo-do-estado-lanca-edital-ouro-negro-2026-com-aporte-de-r-17-milhoes\/#primaryimage"},"thumbnailUrl":"https:\/\/portalmf.com.br\/wp-content\/uploads\/2025\/09\/Com-investimento-recorde-Governo-do-Estado-lanca-Edital-Ouro-Negro-2026-com-aporte-de-R-17-milhoes.jpeg","datePublished":"2025-09-27T16:26:09+00:00","dateModified":"2025-09-27T16:26:10+00:00","author":{"@id":"https:\/\/portalmf.com.br\/#\/schema\/person\/9ec101baf56233e53520c26de5d6f6f0"},"breadcrumb":{"@id":"https:\/\/portalmf.com.br\/index.php\/2025\/09\/27\/com-investimento-recorde-governo-do-estado-lanca-edital-ouro-negro-2026-com-aporte-de-r-17-milhoes\/#breadcrumb"},"inLanguage":"pt-BR","potentialAction":[{"@type":"ReadAction","target":["https:\/\/portalmf.com.br\/index.php\/2025\/09\/27\/com-investimento-recorde-governo-do-estado-lanca-edital-ouro-negro-2026-com-aporte-de-r-17-milhoes\/"]}]},{"@type":"ImageObject","inLanguage":"pt-BR","@id":"https:\/\/portalmf.com.br\/index.php\/2025\/09\/27\/com-investimento-recorde-governo-do-estado-lanca-edital-ouro-negro-2026-com-aporte-de-r-17-milhoes\/#primaryimage","url":"https:\/\/portalmf.com.br\/wp-content\/uploads\/2025\/09\/Com-investimento-recorde-Governo-do-Estado-lanca-Edital-Ouro-Negro-2026-com-aporte-de-R-17-milhoes.jpeg","contentUrl":"https:\/\/portalmf.com.br\/wp-content\/uploads\/2025\/09\/Com-investimento-recorde-Governo-do-Estado-lanca-Edital-Ouro-Negro-2026-com-aporte-de-R-17-milhoes.jpeg","width":1600,"height":1066},{"@type":"BreadcrumbList","@id":"https:\/\/portalmf.com.br\/index.php\/2025\/09\/27\/com-investimento-recorde-governo-do-estado-lanca-edital-ouro-negro-2026-com-aporte-de-r-17-milhoes\/#breadcrumb","itemListElement":[{"@type":"ListItem","position":1,"name":"In\u00edcio","item":"https:\/\/portalmf.com.br\/"},{"@type":"ListItem","position":2,"name":"Com investimento recorde, Governo do Estado lan\u00e7a Edital Ouro Negro 2026 com aporte de R$ 17 milh\u00f5es"}]},{"@type":"WebSite","@id":"https:\/\/portalmf.com.br\/#website","url":"https:\/\/portalmf.com.br\/","name":"Portal MF","description":"Voc\u00ea conectado com a informa\u00e7\u00e3o","potentialAction":[{"@type":"SearchAction","target":{"@type":"EntryPoint","urlTemplate":"https:\/\/portalmf.com.br\/?s={search_term_string}"},"query-input":"required name=search_term_string"}],"inLanguage":"pt-BR"},{"@type":"Person","@id":"https:\/\/portalmf.com.br\/#\/schema\/person\/9ec101baf56233e53520c26de5d6f6f0","name":"Reda\u00e7\u00e3o Portal MF","image":{"@type":"ImageObject","inLanguage":"pt-BR","@id":"https:\/\/portalmf.com.br\/#\/schema\/person\/image\/","url":"https:\/\/secure.gravatar.com\/avatar\/41b9aaeb2100835f7c64362330f74c7f?s=96&d=mm&r=g","contentUrl":"https:\/\/secure.gravatar.com\/avatar\/41b9aaeb2100835f7c64362330f74c7f?s=96&d=mm&r=g","caption":"Reda\u00e7\u00e3o Portal MF"},"description":"Sejam bem-vindos o portal de informa\u00e7\u00f5es de entretenimento de Feira de Santana, desde 2006 realiza coberturas dos principais eventos com entrevistas exclusivas com as principais personalidades mundiais. Fique conectado tamb\u00e9m nas redes sociais.","sameAs":["http:\/\/www.portalmf.com.br\/","https:\/\/www.facebook.com\/portalmfoficial","https:\/\/www.instagram.com\/portalmf\/","https:\/\/x.com\/https:\/\/x.com\/portalmfoficial","https:\/\/www.youtube.com\/@portalmfoficial"],"url":"https:\/\/portalmf.com.br\/index.php\/author\/junior\/"}]}},"_links":{"self":[{"href":"https:\/\/portalmf.com.br\/index.php\/wp-json\/wp\/v2\/posts\/39038"}],"collection":[{"href":"https:\/\/portalmf.com.br\/index.php\/wp-json\/wp\/v2\/posts"}],"about":[{"href":"https:\/\/portalmf.com.br\/index.php\/wp-json\/wp\/v2\/types\/post"}],"author":[{"embeddable":true,"href":"https:\/\/portalmf.com.br\/index.php\/wp-json\/wp\/v2\/users\/3"}],"replies":[{"embeddable":true,"href":"https:\/\/portalmf.com.br\/index.php\/wp-json\/wp\/v2\/comments?post=39038"}],"version-history":[{"count":1,"href":"https:\/\/portalmf.com.br\/index.php\/wp-json\/wp\/v2\/posts\/39038\/revisions"}],"predecessor-version":[{"id":39040,"href":"https:\/\/portalmf.com.br\/index.php\/wp-json\/wp\/v2\/posts\/39038\/revisions\/39040"}],"wp:featuredmedia":[{"embeddable":true,"href":"https:\/\/portalmf.com.br\/index.php\/wp-json\/wp\/v2\/media\/39039"}],"wp:attachment":[{"href":"https:\/\/portalmf.com.br\/index.php\/wp-json\/wp\/v2\/media?parent=39038"}],"wp:term":[{"taxonomy":"category","embeddable":true,"href":"https:\/\/portalmf.com.br\/index.php\/wp-json\/wp\/v2\/categories?post=39038"},{"taxonomy":"post_tag","embeddable":true,"href":"https:\/\/portalmf.com.br\/index.php\/wp-json\/wp\/v2\/tags?post=39038"}],"curies":[{"name":"wp","href":"https:\/\/api.w.org\/{rel}","templated":true}]}}