{"id":38992,"date":"2025-09-24T18:27:03","date_gmt":"2025-09-24T21:27:03","guid":{"rendered":"https:\/\/portalmf.com.br\/?p=38992"},"modified":"2025-09-24T18:27:04","modified_gmt":"2025-09-24T21:27:04","slug":"camarote-club-trara-mistura-de-ritmos-para-agitar-os-6-dias-de-festa","status":"publish","type":"post","link":"https:\/\/portalmf.com.br\/index.php\/2025\/09\/24\/camarote-club-trara-mistura-de-ritmos-para-agitar-os-6-dias-de-festa\/","title":{"rendered":"Camarote Club trar\u00e1 mistura de ritmos para agitar os 6 dias de festa"},"content":{"rendered":"\n<p><br>O Camarote Club , uma das maiores atra\u00e7\u00f5es do Carnaval de Salvador, chega em 2026 comemorando 8 anos de sucesso . Localizado no Clube Espanhol , o espa\u00e7o \u00e9 conhecido por proporcionar experi\u00eancias sensoriais \u00fanicas, aliando excel\u00eancia em servi\u00e7os, conforto e sofistica\u00e7\u00e3o em um ambiente amplo e elegante.<\/p>\n\n\n\n<p>Neste ano, o Club aposta novamente em uma mistura de ritmos que promete animar os seis dias de festa com muita m\u00fasica, alto astral e um servi\u00e7o all inclusive premium .<\/p>\n\n\n\n<p>Entre as primeiras atra\u00e7\u00f5es j\u00e1 confirmadas est\u00e3o: Henry Freitas e Natanzinho Lima (quinta-feira), Wesley Safad\u00e3o e o grupo Menos \u00c9 Mais (sexta-feira), a batida percussiva da Timbalada (s\u00e1bado), o romantismo de Thiaguinho (segunda-feira) e, encerrando em grande estilo, o GG L\u00e9o Santana (ter\u00e7a-feira).<\/p>\n\n\n\n<p>Entre os servi\u00e7os oferecidos pelo Club, destacam-se:<br>\u2022 Servi\u00e7o all inclusive , com bebidas premium e buffet de alta gastronomia;<br>\u2022 Line-up especial com grandes atra\u00e7\u00f5es nacionais, em uma arena coberta e climatizada de 1.500 m\u00b2 ;<br>\u2022 Sal\u00e3o de beleza , maquiagem, customiza\u00e7\u00e3o de abad\u00e1s e massagem, focando no conforto e na comodidade do p\u00fablico;<br>\u2022 Banheiros climatizados ;<br>\u2022 E um mirante no circuito , com uma das vistas mais privilegiadas para o percurso do Carnaval de Salvador.<\/p>\n\n\n\n<p>O Camarote Club levar\u00e1 toda a magia emblem\u00e1tica do cosmo e dos signos para o Carnaval de Salvador , fazendo com que o foli\u00e3o viva uma experi\u00eancia \u00fanica e sensorial durante os 6 dias de festa.<\/p>\n\n\n\n<p>Em breve, novas atra\u00e7\u00f5es ser\u00e3o anunciadas. Para acompanhar todas as novidades, siga: @camarotecluboficial .<\/p>\n\n\n\n<p>O Camarote Club \u00e9 uma iniciativa dos empres\u00e1rios Marcelo Britto , Marcelo Rangel , Marcelo Brasileiro , Nei \u00c1vila e L\u00e9o G\u00f3es .<\/p>\n\n\n\n<p>Est\u00e1 tudo preparado para seis dias inesquec\u00edveis , com muito charme, sofistica\u00e7\u00e3o e alegria. Todos prontos p<\/p>\n","protected":false},"excerpt":{"rendered":"<p>O Camarote Club , uma das maiores atra\u00e7\u00f5es do Carnaval de Salvador, chega em 2026 comemorando 8 anos de sucesso . Localizado no Clube Espanhol , o espa\u00e7o \u00e9 conhecido por proporcionar experi\u00eancias sensoriais \u00fanicas, aliando excel\u00eancia em servi\u00e7os, conforto e sofistica\u00e7\u00e3o em um ambiente amplo e elegante. Neste ano, o Club aposta novamente em [&hellip;]<\/p>\n","protected":false},"author":3,"featured_media":38993,"comment_status":"open","ping_status":"open","sticky":false,"template":"","format":"standard","meta":{"_monsterinsights_skip_tracking":false,"_monsterinsights_sitenote_active":false,"_monsterinsights_sitenote_note":"","_monsterinsights_sitenote_category":0,"footnotes":""},"categories":[44],"tags":[],"yoast_head":"<!-- This site is optimized with the Yoast SEO plugin v22.9 - https:\/\/yoast.com\/wordpress\/plugins\/seo\/ -->\n<title>Camarote Club trar\u00e1 mistura de ritmos para agitar os 6 dias de festa - Portal MF<\/title>\n<meta name=\"robots\" content=\"index, follow, max-snippet:-1, max-image-preview:large, max-video-preview:-1\" \/>\n<link rel=\"canonical\" href=\"https:\/\/portalmf.com.br\/index.php\/2025\/09\/24\/camarote-club-trara-mistura-de-ritmos-para-agitar-os-6-dias-de-festa\/\" \/>\n<meta property=\"og:locale\" content=\"pt_BR\" \/>\n<meta property=\"og:type\" content=\"article\" \/>\n<meta property=\"og:title\" content=\"Camarote Club trar\u00e1 mistura de ritmos para agitar os 6 dias de festa - Portal MF\" \/>\n<meta property=\"og:description\" content=\"O Camarote Club , uma das maiores atra\u00e7\u00f5es do Carnaval de Salvador, chega em 2026 comemorando 8 anos de sucesso . Localizado no Clube Espanhol , o espa\u00e7o \u00e9 conhecido por proporcionar experi\u00eancias sensoriais \u00fanicas, aliando excel\u00eancia em servi\u00e7os, conforto e sofistica\u00e7\u00e3o em um ambiente amplo e elegante. Neste ano, o Club aposta novamente em [&hellip;]\" \/>\n<meta property=\"og:url\" content=\"https:\/\/portalmf.com.br\/index.php\/2025\/09\/24\/camarote-club-trara-mistura-de-ritmos-para-agitar-os-6-dias-de-festa\/\" \/>\n<meta property=\"og:site_name\" content=\"Portal MF\" \/>\n<meta property=\"article:author\" content=\"https:\/\/www.facebook.com\/portalmfoficial\" \/>\n<meta property=\"article:published_time\" content=\"2025-09-24T21:27:03+00:00\" \/>\n<meta property=\"article:modified_time\" content=\"2025-09-24T21:27:04+00:00\" \/>\n<meta property=\"og:image\" content=\"https:\/\/portalmf.com.br\/wp-content\/uploads\/2025\/09\/Camarote-Club.jpg\" \/>\n\t<meta property=\"og:image:width\" content=\"1080\" \/>\n\t<meta property=\"og:image:height\" content=\"620\" \/>\n\t<meta property=\"og:image:type\" content=\"image\/jpeg\" \/>\n<meta name=\"author\" content=\"Reda\u00e7\u00e3o Portal MF\" \/>\n<meta name=\"twitter:card\" content=\"summary_large_image\" \/>\n<meta name=\"twitter:creator\" content=\"@https:\/\/x.com\/portalmfoficial\" \/>\n<meta name=\"twitter:label1\" content=\"Escrito por\" \/>\n\t<meta name=\"twitter:data1\" content=\"Reda\u00e7\u00e3o Portal MF\" \/>\n\t<meta name=\"twitter:label2\" content=\"Est. tempo de leitura\" \/>\n\t<meta name=\"twitter:data2\" content=\"2 minutos\" \/>\n<script type=\"application\/ld+json\" class=\"yoast-schema-graph\">{\"@context\":\"https:\/\/schema.org\",\"@graph\":[{\"@type\":\"WebPage\",\"@id\":\"https:\/\/portalmf.com.br\/index.php\/2025\/09\/24\/camarote-club-trara-mistura-de-ritmos-para-agitar-os-6-dias-de-festa\/\",\"url\":\"https:\/\/portalmf.com.br\/index.php\/2025\/09\/24\/camarote-club-trara-mistura-de-ritmos-para-agitar-os-6-dias-de-festa\/\",\"name\":\"Camarote Club trar\u00e1 mistura de ritmos para agitar os 6 dias de festa - Portal MF\",\"isPartOf\":{\"@id\":\"https:\/\/portalmf.com.br\/#website\"},\"primaryImageOfPage\":{\"@id\":\"https:\/\/portalmf.com.br\/index.php\/2025\/09\/24\/camarote-club-trara-mistura-de-ritmos-para-agitar-os-6-dias-de-festa\/#primaryimage\"},\"image\":{\"@id\":\"https:\/\/portalmf.com.br\/index.php\/2025\/09\/24\/camarote-club-trara-mistura-de-ritmos-para-agitar-os-6-dias-de-festa\/#primaryimage\"},\"thumbnailUrl\":\"https:\/\/portalmf.com.br\/wp-content\/uploads\/2025\/09\/Camarote-Club.jpg\",\"datePublished\":\"2025-09-24T21:27:03+00:00\",\"dateModified\":\"2025-09-24T21:27:04+00:00\",\"author\":{\"@id\":\"https:\/\/portalmf.com.br\/#\/schema\/person\/9ec101baf56233e53520c26de5d6f6f0\"},\"breadcrumb\":{\"@id\":\"https:\/\/portalmf.com.br\/index.php\/2025\/09\/24\/camarote-club-trara-mistura-de-ritmos-para-agitar-os-6-dias-de-festa\/#breadcrumb\"},\"inLanguage\":\"pt-BR\",\"potentialAction\":[{\"@type\":\"ReadAction\",\"target\":[\"https:\/\/portalmf.com.br\/index.php\/2025\/09\/24\/camarote-club-trara-mistura-de-ritmos-para-agitar-os-6-dias-de-festa\/\"]}]},{\"@type\":\"ImageObject\",\"inLanguage\":\"pt-BR\",\"@id\":\"https:\/\/portalmf.com.br\/index.php\/2025\/09\/24\/camarote-club-trara-mistura-de-ritmos-para-agitar-os-6-dias-de-festa\/#primaryimage\",\"url\":\"https:\/\/portalmf.com.br\/wp-content\/uploads\/2025\/09\/Camarote-Club.jpg\",\"contentUrl\":\"https:\/\/portalmf.com.br\/wp-content\/uploads\/2025\/09\/Camarote-Club.jpg\",\"width\":1080,\"height\":620},{\"@type\":\"BreadcrumbList\",\"@id\":\"https:\/\/portalmf.com.br\/index.php\/2025\/09\/24\/camarote-club-trara-mistura-de-ritmos-para-agitar-os-6-dias-de-festa\/#breadcrumb\",\"itemListElement\":[{\"@type\":\"ListItem\",\"position\":1,\"name\":\"In\u00edcio\",\"item\":\"https:\/\/portalmf.com.br\/\"},{\"@type\":\"ListItem\",\"position\":2,\"name\":\"Camarote Club trar\u00e1 mistura de ritmos para agitar os 6 dias de festa\"}]},{\"@type\":\"WebSite\",\"@id\":\"https:\/\/portalmf.com.br\/#website\",\"url\":\"https:\/\/portalmf.com.br\/\",\"name\":\"Portal MF\",\"description\":\"Voc\u00ea conectado com a informa\u00e7\u00e3o\",\"potentialAction\":[{\"@type\":\"SearchAction\",\"target\":{\"@type\":\"EntryPoint\",\"urlTemplate\":\"https:\/\/portalmf.com.br\/?s={search_term_string}\"},\"query-input\":\"required name=search_term_string\"}],\"inLanguage\":\"pt-BR\"},{\"@type\":\"Person\",\"@id\":\"https:\/\/portalmf.com.br\/#\/schema\/person\/9ec101baf56233e53520c26de5d6f6f0\",\"name\":\"Reda\u00e7\u00e3o Portal MF\",\"image\":{\"@type\":\"ImageObject\",\"inLanguage\":\"pt-BR\",\"@id\":\"https:\/\/portalmf.com.br\/#\/schema\/person\/image\/\",\"url\":\"https:\/\/secure.gravatar.com\/avatar\/41b9aaeb2100835f7c64362330f74c7f?s=96&d=mm&r=g\",\"contentUrl\":\"https:\/\/secure.gravatar.com\/avatar\/41b9aaeb2100835f7c64362330f74c7f?s=96&d=mm&r=g\",\"caption\":\"Reda\u00e7\u00e3o Portal MF\"},\"description\":\"Sejam bem-vindos o portal de informa\u00e7\u00f5es de entretenimento de Feira de Santana, desde 2006 realiza coberturas dos principais eventos com entrevistas exclusivas com as principais personalidades mundiais. Fique conectado tamb\u00e9m nas redes sociais.\",\"sameAs\":[\"http:\/\/www.portalmf.com.br\/\",\"https:\/\/www.facebook.com\/portalmfoficial\",\"https:\/\/www.instagram.com\/portalmf\/\",\"https:\/\/x.com\/https:\/\/x.com\/portalmfoficial\",\"https:\/\/www.youtube.com\/@portalmfoficial\"],\"url\":\"https:\/\/portalmf.com.br\/index.php\/author\/junior\/\"}]}<\/script>\n<!-- \/ Yoast SEO plugin. -->","yoast_head_json":{"title":"Camarote Club trar\u00e1 mistura de ritmos para agitar os 6 dias de festa - Portal MF","robots":{"index":"index","follow":"follow","max-snippet":"max-snippet:-1","max-image-preview":"max-image-preview:large","max-video-preview":"max-video-preview:-1"},"canonical":"https:\/\/portalmf.com.br\/index.php\/2025\/09\/24\/camarote-club-trara-mistura-de-ritmos-para-agitar-os-6-dias-de-festa\/","og_locale":"pt_BR","og_type":"article","og_title":"Camarote Club trar\u00e1 mistura de ritmos para agitar os 6 dias de festa - Portal MF","og_description":"O Camarote Club , uma das maiores atra\u00e7\u00f5es do Carnaval de Salvador, chega em 2026 comemorando 8 anos de sucesso . Localizado no Clube Espanhol , o espa\u00e7o \u00e9 conhecido por proporcionar experi\u00eancias sensoriais \u00fanicas, aliando excel\u00eancia em servi\u00e7os, conforto e sofistica\u00e7\u00e3o em um ambiente amplo e elegante. Neste ano, o Club aposta novamente em [&hellip;]","og_url":"https:\/\/portalmf.com.br\/index.php\/2025\/09\/24\/camarote-club-trara-mistura-de-ritmos-para-agitar-os-6-dias-de-festa\/","og_site_name":"Portal MF","article_author":"https:\/\/www.facebook.com\/portalmfoficial","article_published_time":"2025-09-24T21:27:03+00:00","article_modified_time":"2025-09-24T21:27:04+00:00","og_image":[{"width":1080,"height":620,"url":"https:\/\/portalmf.com.br\/wp-content\/uploads\/2025\/09\/Camarote-Club.jpg","type":"image\/jpeg"}],"author":"Reda\u00e7\u00e3o Portal MF","twitter_card":"summary_large_image","twitter_creator":"@https:\/\/x.com\/portalmfoficial","twitter_misc":{"Escrito por":"Reda\u00e7\u00e3o Portal MF","Est. tempo de leitura":"2 minutos"},"schema":{"@context":"https:\/\/schema.org","@graph":[{"@type":"WebPage","@id":"https:\/\/portalmf.com.br\/index.php\/2025\/09\/24\/camarote-club-trara-mistura-de-ritmos-para-agitar-os-6-dias-de-festa\/","url":"https:\/\/portalmf.com.br\/index.php\/2025\/09\/24\/camarote-club-trara-mistura-de-ritmos-para-agitar-os-6-dias-de-festa\/","name":"Camarote Club trar\u00e1 mistura de ritmos para agitar os 6 dias de festa - Portal MF","isPartOf":{"@id":"https:\/\/portalmf.com.br\/#website"},"primaryImageOfPage":{"@id":"https:\/\/portalmf.com.br\/index.php\/2025\/09\/24\/camarote-club-trara-mistura-de-ritmos-para-agitar-os-6-dias-de-festa\/#primaryimage"},"image":{"@id":"https:\/\/portalmf.com.br\/index.php\/2025\/09\/24\/camarote-club-trara-mistura-de-ritmos-para-agitar-os-6-dias-de-festa\/#primaryimage"},"thumbnailUrl":"https:\/\/portalmf.com.br\/wp-content\/uploads\/2025\/09\/Camarote-Club.jpg","datePublished":"2025-09-24T21:27:03+00:00","dateModified":"2025-09-24T21:27:04+00:00","author":{"@id":"https:\/\/portalmf.com.br\/#\/schema\/person\/9ec101baf56233e53520c26de5d6f6f0"},"breadcrumb":{"@id":"https:\/\/portalmf.com.br\/index.php\/2025\/09\/24\/camarote-club-trara-mistura-de-ritmos-para-agitar-os-6-dias-de-festa\/#breadcrumb"},"inLanguage":"pt-BR","potentialAction":[{"@type":"ReadAction","target":["https:\/\/portalmf.com.br\/index.php\/2025\/09\/24\/camarote-club-trara-mistura-de-ritmos-para-agitar-os-6-dias-de-festa\/"]}]},{"@type":"ImageObject","inLanguage":"pt-BR","@id":"https:\/\/portalmf.com.br\/index.php\/2025\/09\/24\/camarote-club-trara-mistura-de-ritmos-para-agitar-os-6-dias-de-festa\/#primaryimage","url":"https:\/\/portalmf.com.br\/wp-content\/uploads\/2025\/09\/Camarote-Club.jpg","contentUrl":"https:\/\/portalmf.com.br\/wp-content\/uploads\/2025\/09\/Camarote-Club.jpg","width":1080,"height":620},{"@type":"BreadcrumbList","@id":"https:\/\/portalmf.com.br\/index.php\/2025\/09\/24\/camarote-club-trara-mistura-de-ritmos-para-agitar-os-6-dias-de-festa\/#breadcrumb","itemListElement":[{"@type":"ListItem","position":1,"name":"In\u00edcio","item":"https:\/\/portalmf.com.br\/"},{"@type":"ListItem","position":2,"name":"Camarote Club trar\u00e1 mistura de ritmos para agitar os 6 dias de festa"}]},{"@type":"WebSite","@id":"https:\/\/portalmf.com.br\/#website","url":"https:\/\/portalmf.com.br\/","name":"Portal MF","description":"Voc\u00ea conectado com a informa\u00e7\u00e3o","potentialAction":[{"@type":"SearchAction","target":{"@type":"EntryPoint","urlTemplate":"https:\/\/portalmf.com.br\/?s={search_term_string}"},"query-input":"required name=search_term_string"}],"inLanguage":"pt-BR"},{"@type":"Person","@id":"https:\/\/portalmf.com.br\/#\/schema\/person\/9ec101baf56233e53520c26de5d6f6f0","name":"Reda\u00e7\u00e3o Portal MF","image":{"@type":"ImageObject","inLanguage":"pt-BR","@id":"https:\/\/portalmf.com.br\/#\/schema\/person\/image\/","url":"https:\/\/secure.gravatar.com\/avatar\/41b9aaeb2100835f7c64362330f74c7f?s=96&d=mm&r=g","contentUrl":"https:\/\/secure.gravatar.com\/avatar\/41b9aaeb2100835f7c64362330f74c7f?s=96&d=mm&r=g","caption":"Reda\u00e7\u00e3o Portal MF"},"description":"Sejam bem-vindos o portal de informa\u00e7\u00f5es de entretenimento de Feira de Santana, desde 2006 realiza coberturas dos principais eventos com entrevistas exclusivas com as principais personalidades mundiais. Fique conectado tamb\u00e9m nas redes sociais.","sameAs":["http:\/\/www.portalmf.com.br\/","https:\/\/www.facebook.com\/portalmfoficial","https:\/\/www.instagram.com\/portalmf\/","https:\/\/x.com\/https:\/\/x.com\/portalmfoficial","https:\/\/www.youtube.com\/@portalmfoficial"],"url":"https:\/\/portalmf.com.br\/index.php\/author\/junior\/"}]}},"_links":{"self":[{"href":"https:\/\/portalmf.com.br\/index.php\/wp-json\/wp\/v2\/posts\/38992"}],"collection":[{"href":"https:\/\/portalmf.com.br\/index.php\/wp-json\/wp\/v2\/posts"}],"about":[{"href":"https:\/\/portalmf.com.br\/index.php\/wp-json\/wp\/v2\/types\/post"}],"author":[{"embeddable":true,"href":"https:\/\/portalmf.com.br\/index.php\/wp-json\/wp\/v2\/users\/3"}],"replies":[{"embeddable":true,"href":"https:\/\/portalmf.com.br\/index.php\/wp-json\/wp\/v2\/comments?post=38992"}],"version-history":[{"count":1,"href":"https:\/\/portalmf.com.br\/index.php\/wp-json\/wp\/v2\/posts\/38992\/revisions"}],"predecessor-version":[{"id":38994,"href":"https:\/\/portalmf.com.br\/index.php\/wp-json\/wp\/v2\/posts\/38992\/revisions\/38994"}],"wp:featuredmedia":[{"embeddable":true,"href":"https:\/\/portalmf.com.br\/index.php\/wp-json\/wp\/v2\/media\/38993"}],"wp:attachment":[{"href":"https:\/\/portalmf.com.br\/index.php\/wp-json\/wp\/v2\/media?parent=38992"}],"wp:term":[{"taxonomy":"category","embeddable":true,"href":"https:\/\/portalmf.com.br\/index.php\/wp-json\/wp\/v2\/categories?post=38992"},{"taxonomy":"post_tag","embeddable":true,"href":"https:\/\/portalmf.com.br\/index.php\/wp-json\/wp\/v2\/tags?post=38992"}],"curies":[{"name":"wp","href":"https:\/\/api.w.org\/{rel}","templated":true}]}}