{"id":38834,"date":"2025-09-17T07:40:47","date_gmt":"2025-09-17T10:40:47","guid":{"rendered":"https:\/\/portalmf.com.br\/?p=38834"},"modified":"2025-09-17T08:18:45","modified_gmt":"2025-09-17T11:18:45","slug":"38834secultba-lanca-edital-de-selecao-para-artistas-do-carnaval-do-pelo-2026","status":"publish","type":"post","link":"https:\/\/portalmf.com.br\/index.php\/2025\/09\/17\/38834secultba-lanca-edital-de-selecao-para-artistas-do-carnaval-do-pelo-2026\/","title":{"rendered":"SecultBA lan\u00e7a edital de sele\u00e7\u00e3o para artistas do Carnaval do Pel\u00f4 2026"},"content":{"rendered":"\n<p>A Secretaria de Cultura do Estado da Bahia (SecultBA), lan\u00e7a, nesta ter\u00e7a-feira (16), o Edital que abre inscri\u00e7\u00f5es para a sele\u00e7\u00e3o e contrata\u00e7\u00e3o de 87 atra\u00e7\u00f5es culturais que ir\u00e3o compor a programa\u00e7\u00e3o art\u00edstica do Carnaval do Pel\u00f4 2026, que ser\u00e1 realizado entre os dias 13 e 17 de fevereiro de 2026, no Centro Hist\u00f3rico de Salvador.&nbsp;<br><br>O certame \u00e9 destinado a artistas, grupos e bandas da Bahia, tanto pessoas f\u00edsicas quanto jur\u00eddicas do campo art\u00edstico-cultural, que comprovem atua\u00e7\u00e3o compat\u00edvel com o objeto da sele\u00e7\u00e3o. O investimento total do edital \u00e9 de mais de R$3 milh\u00f5es. As inscri\u00e7\u00f5es s\u00e3o gratuitas e estar\u00e3o abertas desta ter\u00e7a-feira (16) at\u00e9 03 de novembro de 2025, sendo realizadas exclusivamente online, por meio de formul\u00e1rio dispon\u00edvel&nbsp;<a href=\"https:\/\/docs.google.com\/forms\/d\/e\/1FAIpQLSf01cMgpxVX01brDn6q9UNc1mqu2q7ut5RxZMn9DYi7YYZFqA\/viewform\"><strong>AQUI<\/strong><\/a>.<\/p>\n\n\n\n<p>O Edital contempla 10 modalidades distintas, distribu\u00eddas da seguinte forma: Projeto 03 Artistas (9 vagas, R$ 60 mil cada), Microtrio (6 vagas, R$ 50 mil), Nanotrio (4 vagas, R$ 40 mil), Show Musical em Palco (40 vagas, R$ 30 mil cada, distribu\u00eddas em estilos Afro, Reggae, Arrocha, Ax\u00e9, Antigos Carnavais, Samba, Pagode\/PagoTrap, Rap e Guitarra Baiana), Baile Infantil (8 vagas, R$ 30 mil), Orquestra (5 vagas, R$ 35 mil), Bandinha de Percuss\u00e3o (4 vagas, R$ 15 mil), Band\u00e3o (4 vagas, R$ 45 mil), Bandinha de Sopro e Percuss\u00e3o (2 vagas, R$ 25 mil) e Performances (5 vagas, R$ 25 mil).<br><br>O processo seletivo ocorrer\u00e1 em duas etapas: a primeira \u00e9 a sele\u00e7\u00e3o art\u00edstica, que consiste na an\u00e1lise de propostas com portf\u00f3lio, fotos, material audiovisual e croquis, conforme a modalidade; a segunda \u00e9 a habilita\u00e7\u00e3o documental, na qual os proponentes selecionados dever\u00e3o apresentar documentos jur\u00eddicos, fiscais, sociais, trabalhistas e t\u00e9cnicos.<br><br><strong>CRONOGRAMA<\/strong>&nbsp;&#8211; O cronograma do Edital prev\u00ea que, ap\u00f3s o encerramento das inscri\u00e7\u00f5es em 03 de novembro, as propostas ser\u00e3o analisadas pela Comiss\u00e3o de Sele\u00e7\u00e3o entre 04 e 21 de novembro. O resultado preliminar ser\u00e1 divulgado no dia 22 de novembro, seguido do prazo para recursos de 24 a 26, com an\u00e1lise nos dias 27 e 28 e homologa\u00e7\u00e3o do resultado final em 29 de novembro.&nbsp;<br><br>A fase de habilita\u00e7\u00e3o come\u00e7ar\u00e1 em 1\u00ba de dezembro, com prazo at\u00e9 8 de dezembro para envio da documenta\u00e7\u00e3o obrigat\u00f3ria, e an\u00e1lise entre 9 e 29 de dezembro. O resultado preliminar desta fase ser\u00e1 divulgado em 30 de dezembro, com prazo para recursos de 2 a 6 de janeiro de 2026, julgamento nos dias 7 a 9 e publica\u00e7\u00e3o do resultado final dos habilitados em 10 de janeiro. A entrega da documenta\u00e7\u00e3o para assinatura de contrato ocorrer\u00e1 de 12 a 20 de janeiro, seguida da assinatura entre os dias 21 e 29 e da publica\u00e7\u00e3o dos contratos no&nbsp;<a href=\"https:\/\/dool.egba.ba.gov.br\/\">Di\u00e1rio Oficial do Estado<\/a>&nbsp;em 30 de janeiro de 2026.<\/p>\n\n\n\n<p><strong>==&gt; CONFIRA&nbsp;<\/strong><a href=\"https:\/\/www.ba.gov.br\/cultura\/carnaval-do-pelo-2026\"><strong>AQUI<\/strong><\/a><strong>&nbsp;O EDITAL COMPLETO<\/strong><\/p>\n","protected":false},"excerpt":{"rendered":"<p>A Secretaria de Cultura do Estado da Bahia (SecultBA), lan\u00e7a, nesta ter\u00e7a-feira (16), o Edital que abre inscri\u00e7\u00f5es para a sele\u00e7\u00e3o e contrata\u00e7\u00e3o de 87 atra\u00e7\u00f5es culturais que ir\u00e3o compor a programa\u00e7\u00e3o art\u00edstica do Carnaval do Pel\u00f4 2026, que ser\u00e1 realizado entre os dias 13 e 17 de fevereiro de 2026, no Centro Hist\u00f3rico de [&hellip;]<\/p>\n","protected":false},"author":3,"featured_media":38836,"comment_status":"open","ping_status":"open","sticky":false,"template":"","format":"standard","meta":{"_monsterinsights_skip_tracking":false,"_monsterinsights_sitenote_active":false,"_monsterinsights_sitenote_note":"","_monsterinsights_sitenote_category":0,"footnotes":""},"categories":[44],"tags":[],"yoast_head":"<!-- This site is optimized with the Yoast SEO plugin v22.9 - https:\/\/yoast.com\/wordpress\/plugins\/seo\/ -->\n<title>SecultBA lan\u00e7a edital de sele\u00e7\u00e3o para artistas do Carnaval do Pel\u00f4 2026 - Portal MF<\/title>\n<meta name=\"robots\" content=\"index, follow, max-snippet:-1, max-image-preview:large, max-video-preview:-1\" \/>\n<link rel=\"canonical\" href=\"https:\/\/portalmf.com.br\/index.php\/2025\/09\/17\/38834secultba-lanca-edital-de-selecao-para-artistas-do-carnaval-do-pelo-2026\/\" \/>\n<meta property=\"og:locale\" content=\"pt_BR\" \/>\n<meta property=\"og:type\" content=\"article\" \/>\n<meta property=\"og:title\" content=\"SecultBA lan\u00e7a edital de sele\u00e7\u00e3o para artistas do Carnaval do Pel\u00f4 2026 - Portal MF\" \/>\n<meta property=\"og:description\" content=\"A Secretaria de Cultura do Estado da Bahia (SecultBA), lan\u00e7a, nesta ter\u00e7a-feira (16), o Edital que abre inscri\u00e7\u00f5es para a sele\u00e7\u00e3o e contrata\u00e7\u00e3o de 87 atra\u00e7\u00f5es culturais que ir\u00e3o compor a programa\u00e7\u00e3o art\u00edstica do Carnaval do Pel\u00f4 2026, que ser\u00e1 realizado entre os dias 13 e 17 de fevereiro de 2026, no Centro Hist\u00f3rico de [&hellip;]\" \/>\n<meta property=\"og:url\" content=\"https:\/\/portalmf.com.br\/index.php\/2025\/09\/17\/38834secultba-lanca-edital-de-selecao-para-artistas-do-carnaval-do-pelo-2026\/\" \/>\n<meta property=\"og:site_name\" content=\"Portal MF\" \/>\n<meta property=\"article:author\" content=\"https:\/\/www.facebook.com\/portalmfoficial\" \/>\n<meta property=\"article:published_time\" content=\"2025-09-17T10:40:47+00:00\" \/>\n<meta property=\"article:modified_time\" content=\"2025-09-17T11:18:45+00:00\" \/>\n<meta property=\"og:image\" content=\"https:\/\/portalmf.com.br\/wp-content\/uploads\/2025\/09\/Carnaval-do-Pelo.jpg\" \/>\n\t<meta property=\"og:image:width\" content=\"1200\" \/>\n\t<meta property=\"og:image:height\" content=\"800\" \/>\n\t<meta property=\"og:image:type\" content=\"image\/jpeg\" \/>\n<meta name=\"author\" content=\"Reda\u00e7\u00e3o Portal MF\" \/>\n<meta name=\"twitter:card\" content=\"summary_large_image\" \/>\n<meta name=\"twitter:creator\" content=\"@https:\/\/x.com\/portalmfoficial\" \/>\n<meta name=\"twitter:label1\" content=\"Escrito por\" \/>\n\t<meta name=\"twitter:data1\" content=\"Reda\u00e7\u00e3o Portal MF\" \/>\n\t<meta name=\"twitter:label2\" content=\"Est. tempo de leitura\" \/>\n\t<meta name=\"twitter:data2\" content=\"3 minutos\" \/>\n<script type=\"application\/ld+json\" class=\"yoast-schema-graph\">{\"@context\":\"https:\/\/schema.org\",\"@graph\":[{\"@type\":\"WebPage\",\"@id\":\"https:\/\/portalmf.com.br\/index.php\/2025\/09\/17\/38834secultba-lanca-edital-de-selecao-para-artistas-do-carnaval-do-pelo-2026\/\",\"url\":\"https:\/\/portalmf.com.br\/index.php\/2025\/09\/17\/38834secultba-lanca-edital-de-selecao-para-artistas-do-carnaval-do-pelo-2026\/\",\"name\":\"SecultBA lan\u00e7a edital de sele\u00e7\u00e3o para artistas do Carnaval do Pel\u00f4 2026 - Portal MF\",\"isPartOf\":{\"@id\":\"https:\/\/portalmf.com.br\/#website\"},\"primaryImageOfPage\":{\"@id\":\"https:\/\/portalmf.com.br\/index.php\/2025\/09\/17\/38834secultba-lanca-edital-de-selecao-para-artistas-do-carnaval-do-pelo-2026\/#primaryimage\"},\"image\":{\"@id\":\"https:\/\/portalmf.com.br\/index.php\/2025\/09\/17\/38834secultba-lanca-edital-de-selecao-para-artistas-do-carnaval-do-pelo-2026\/#primaryimage\"},\"thumbnailUrl\":\"https:\/\/portalmf.com.br\/wp-content\/uploads\/2025\/09\/Carnaval-do-Pelo.jpg\",\"datePublished\":\"2025-09-17T10:40:47+00:00\",\"dateModified\":\"2025-09-17T11:18:45+00:00\",\"author\":{\"@id\":\"https:\/\/portalmf.com.br\/#\/schema\/person\/9ec101baf56233e53520c26de5d6f6f0\"},\"breadcrumb\":{\"@id\":\"https:\/\/portalmf.com.br\/index.php\/2025\/09\/17\/38834secultba-lanca-edital-de-selecao-para-artistas-do-carnaval-do-pelo-2026\/#breadcrumb\"},\"inLanguage\":\"pt-BR\",\"potentialAction\":[{\"@type\":\"ReadAction\",\"target\":[\"https:\/\/portalmf.com.br\/index.php\/2025\/09\/17\/38834secultba-lanca-edital-de-selecao-para-artistas-do-carnaval-do-pelo-2026\/\"]}]},{\"@type\":\"ImageObject\",\"inLanguage\":\"pt-BR\",\"@id\":\"https:\/\/portalmf.com.br\/index.php\/2025\/09\/17\/38834secultba-lanca-edital-de-selecao-para-artistas-do-carnaval-do-pelo-2026\/#primaryimage\",\"url\":\"https:\/\/portalmf.com.br\/wp-content\/uploads\/2025\/09\/Carnaval-do-Pelo.jpg\",\"contentUrl\":\"https:\/\/portalmf.com.br\/wp-content\/uploads\/2025\/09\/Carnaval-do-Pelo.jpg\",\"width\":1200,\"height\":800},{\"@type\":\"BreadcrumbList\",\"@id\":\"https:\/\/portalmf.com.br\/index.php\/2025\/09\/17\/38834secultba-lanca-edital-de-selecao-para-artistas-do-carnaval-do-pelo-2026\/#breadcrumb\",\"itemListElement\":[{\"@type\":\"ListItem\",\"position\":1,\"name\":\"In\u00edcio\",\"item\":\"https:\/\/portalmf.com.br\/\"},{\"@type\":\"ListItem\",\"position\":2,\"name\":\"SecultBA lan\u00e7a edital de sele\u00e7\u00e3o para artistas do Carnaval do Pel\u00f4 2026\"}]},{\"@type\":\"WebSite\",\"@id\":\"https:\/\/portalmf.com.br\/#website\",\"url\":\"https:\/\/portalmf.com.br\/\",\"name\":\"Portal MF\",\"description\":\"Voc\u00ea conectado com a informa\u00e7\u00e3o\",\"potentialAction\":[{\"@type\":\"SearchAction\",\"target\":{\"@type\":\"EntryPoint\",\"urlTemplate\":\"https:\/\/portalmf.com.br\/?s={search_term_string}\"},\"query-input\":\"required name=search_term_string\"}],\"inLanguage\":\"pt-BR\"},{\"@type\":\"Person\",\"@id\":\"https:\/\/portalmf.com.br\/#\/schema\/person\/9ec101baf56233e53520c26de5d6f6f0\",\"name\":\"Reda\u00e7\u00e3o Portal MF\",\"image\":{\"@type\":\"ImageObject\",\"inLanguage\":\"pt-BR\",\"@id\":\"https:\/\/portalmf.com.br\/#\/schema\/person\/image\/\",\"url\":\"https:\/\/secure.gravatar.com\/avatar\/41b9aaeb2100835f7c64362330f74c7f?s=96&d=mm&r=g\",\"contentUrl\":\"https:\/\/secure.gravatar.com\/avatar\/41b9aaeb2100835f7c64362330f74c7f?s=96&d=mm&r=g\",\"caption\":\"Reda\u00e7\u00e3o Portal MF\"},\"description\":\"Sejam bem-vindos o portal de informa\u00e7\u00f5es de entretenimento de Feira de Santana, desde 2006 realiza coberturas dos principais eventos com entrevistas exclusivas com as principais personalidades mundiais. Fique conectado tamb\u00e9m nas redes sociais.\",\"sameAs\":[\"http:\/\/www.portalmf.com.br\/\",\"https:\/\/www.facebook.com\/portalmfoficial\",\"https:\/\/www.instagram.com\/portalmf\/\",\"https:\/\/x.com\/https:\/\/x.com\/portalmfoficial\",\"https:\/\/www.youtube.com\/@portalmfoficial\"],\"url\":\"https:\/\/portalmf.com.br\/index.php\/author\/junior\/\"}]}<\/script>\n<!-- \/ Yoast SEO plugin. -->","yoast_head_json":{"title":"SecultBA lan\u00e7a edital de sele\u00e7\u00e3o para artistas do Carnaval do Pel\u00f4 2026 - Portal MF","robots":{"index":"index","follow":"follow","max-snippet":"max-snippet:-1","max-image-preview":"max-image-preview:large","max-video-preview":"max-video-preview:-1"},"canonical":"https:\/\/portalmf.com.br\/index.php\/2025\/09\/17\/38834secultba-lanca-edital-de-selecao-para-artistas-do-carnaval-do-pelo-2026\/","og_locale":"pt_BR","og_type":"article","og_title":"SecultBA lan\u00e7a edital de sele\u00e7\u00e3o para artistas do Carnaval do Pel\u00f4 2026 - Portal MF","og_description":"A Secretaria de Cultura do Estado da Bahia (SecultBA), lan\u00e7a, nesta ter\u00e7a-feira (16), o Edital que abre inscri\u00e7\u00f5es para a sele\u00e7\u00e3o e contrata\u00e7\u00e3o de 87 atra\u00e7\u00f5es culturais que ir\u00e3o compor a programa\u00e7\u00e3o art\u00edstica do Carnaval do Pel\u00f4 2026, que ser\u00e1 realizado entre os dias 13 e 17 de fevereiro de 2026, no Centro Hist\u00f3rico de [&hellip;]","og_url":"https:\/\/portalmf.com.br\/index.php\/2025\/09\/17\/38834secultba-lanca-edital-de-selecao-para-artistas-do-carnaval-do-pelo-2026\/","og_site_name":"Portal MF","article_author":"https:\/\/www.facebook.com\/portalmfoficial","article_published_time":"2025-09-17T10:40:47+00:00","article_modified_time":"2025-09-17T11:18:45+00:00","og_image":[{"width":1200,"height":800,"url":"https:\/\/portalmf.com.br\/wp-content\/uploads\/2025\/09\/Carnaval-do-Pelo.jpg","type":"image\/jpeg"}],"author":"Reda\u00e7\u00e3o Portal MF","twitter_card":"summary_large_image","twitter_creator":"@https:\/\/x.com\/portalmfoficial","twitter_misc":{"Escrito por":"Reda\u00e7\u00e3o Portal MF","Est. tempo de leitura":"3 minutos"},"schema":{"@context":"https:\/\/schema.org","@graph":[{"@type":"WebPage","@id":"https:\/\/portalmf.com.br\/index.php\/2025\/09\/17\/38834secultba-lanca-edital-de-selecao-para-artistas-do-carnaval-do-pelo-2026\/","url":"https:\/\/portalmf.com.br\/index.php\/2025\/09\/17\/38834secultba-lanca-edital-de-selecao-para-artistas-do-carnaval-do-pelo-2026\/","name":"SecultBA lan\u00e7a edital de sele\u00e7\u00e3o para artistas do Carnaval do Pel\u00f4 2026 - Portal MF","isPartOf":{"@id":"https:\/\/portalmf.com.br\/#website"},"primaryImageOfPage":{"@id":"https:\/\/portalmf.com.br\/index.php\/2025\/09\/17\/38834secultba-lanca-edital-de-selecao-para-artistas-do-carnaval-do-pelo-2026\/#primaryimage"},"image":{"@id":"https:\/\/portalmf.com.br\/index.php\/2025\/09\/17\/38834secultba-lanca-edital-de-selecao-para-artistas-do-carnaval-do-pelo-2026\/#primaryimage"},"thumbnailUrl":"https:\/\/portalmf.com.br\/wp-content\/uploads\/2025\/09\/Carnaval-do-Pelo.jpg","datePublished":"2025-09-17T10:40:47+00:00","dateModified":"2025-09-17T11:18:45+00:00","author":{"@id":"https:\/\/portalmf.com.br\/#\/schema\/person\/9ec101baf56233e53520c26de5d6f6f0"},"breadcrumb":{"@id":"https:\/\/portalmf.com.br\/index.php\/2025\/09\/17\/38834secultba-lanca-edital-de-selecao-para-artistas-do-carnaval-do-pelo-2026\/#breadcrumb"},"inLanguage":"pt-BR","potentialAction":[{"@type":"ReadAction","target":["https:\/\/portalmf.com.br\/index.php\/2025\/09\/17\/38834secultba-lanca-edital-de-selecao-para-artistas-do-carnaval-do-pelo-2026\/"]}]},{"@type":"ImageObject","inLanguage":"pt-BR","@id":"https:\/\/portalmf.com.br\/index.php\/2025\/09\/17\/38834secultba-lanca-edital-de-selecao-para-artistas-do-carnaval-do-pelo-2026\/#primaryimage","url":"https:\/\/portalmf.com.br\/wp-content\/uploads\/2025\/09\/Carnaval-do-Pelo.jpg","contentUrl":"https:\/\/portalmf.com.br\/wp-content\/uploads\/2025\/09\/Carnaval-do-Pelo.jpg","width":1200,"height":800},{"@type":"BreadcrumbList","@id":"https:\/\/portalmf.com.br\/index.php\/2025\/09\/17\/38834secultba-lanca-edital-de-selecao-para-artistas-do-carnaval-do-pelo-2026\/#breadcrumb","itemListElement":[{"@type":"ListItem","position":1,"name":"In\u00edcio","item":"https:\/\/portalmf.com.br\/"},{"@type":"ListItem","position":2,"name":"SecultBA lan\u00e7a edital de sele\u00e7\u00e3o para artistas do Carnaval do Pel\u00f4 2026"}]},{"@type":"WebSite","@id":"https:\/\/portalmf.com.br\/#website","url":"https:\/\/portalmf.com.br\/","name":"Portal MF","description":"Voc\u00ea conectado com a informa\u00e7\u00e3o","potentialAction":[{"@type":"SearchAction","target":{"@type":"EntryPoint","urlTemplate":"https:\/\/portalmf.com.br\/?s={search_term_string}"},"query-input":"required name=search_term_string"}],"inLanguage":"pt-BR"},{"@type":"Person","@id":"https:\/\/portalmf.com.br\/#\/schema\/person\/9ec101baf56233e53520c26de5d6f6f0","name":"Reda\u00e7\u00e3o Portal MF","image":{"@type":"ImageObject","inLanguage":"pt-BR","@id":"https:\/\/portalmf.com.br\/#\/schema\/person\/image\/","url":"https:\/\/secure.gravatar.com\/avatar\/41b9aaeb2100835f7c64362330f74c7f?s=96&d=mm&r=g","contentUrl":"https:\/\/secure.gravatar.com\/avatar\/41b9aaeb2100835f7c64362330f74c7f?s=96&d=mm&r=g","caption":"Reda\u00e7\u00e3o Portal MF"},"description":"Sejam bem-vindos o portal de informa\u00e7\u00f5es de entretenimento de Feira de Santana, desde 2006 realiza coberturas dos principais eventos com entrevistas exclusivas com as principais personalidades mundiais. Fique conectado tamb\u00e9m nas redes sociais.","sameAs":["http:\/\/www.portalmf.com.br\/","https:\/\/www.facebook.com\/portalmfoficial","https:\/\/www.instagram.com\/portalmf\/","https:\/\/x.com\/https:\/\/x.com\/portalmfoficial","https:\/\/www.youtube.com\/@portalmfoficial"],"url":"https:\/\/portalmf.com.br\/index.php\/author\/junior\/"}]}},"_links":{"self":[{"href":"https:\/\/portalmf.com.br\/index.php\/wp-json\/wp\/v2\/posts\/38834"}],"collection":[{"href":"https:\/\/portalmf.com.br\/index.php\/wp-json\/wp\/v2\/posts"}],"about":[{"href":"https:\/\/portalmf.com.br\/index.php\/wp-json\/wp\/v2\/types\/post"}],"author":[{"embeddable":true,"href":"https:\/\/portalmf.com.br\/index.php\/wp-json\/wp\/v2\/users\/3"}],"replies":[{"embeddable":true,"href":"https:\/\/portalmf.com.br\/index.php\/wp-json\/wp\/v2\/comments?post=38834"}],"version-history":[{"count":2,"href":"https:\/\/portalmf.com.br\/index.php\/wp-json\/wp\/v2\/posts\/38834\/revisions"}],"predecessor-version":[{"id":38838,"href":"https:\/\/portalmf.com.br\/index.php\/wp-json\/wp\/v2\/posts\/38834\/revisions\/38838"}],"wp:featuredmedia":[{"embeddable":true,"href":"https:\/\/portalmf.com.br\/index.php\/wp-json\/wp\/v2\/media\/38836"}],"wp:attachment":[{"href":"https:\/\/portalmf.com.br\/index.php\/wp-json\/wp\/v2\/media?parent=38834"}],"wp:term":[{"taxonomy":"category","embeddable":true,"href":"https:\/\/portalmf.com.br\/index.php\/wp-json\/wp\/v2\/categories?post=38834"},{"taxonomy":"post_tag","embeddable":true,"href":"https:\/\/portalmf.com.br\/index.php\/wp-json\/wp\/v2\/tags?post=38834"}],"curies":[{"name":"wp","href":"https:\/\/api.w.org\/{rel}","templated":true}]}}