{"id":38784,"date":"2025-09-15T21:51:17","date_gmt":"2025-09-16T00:51:17","guid":{"rendered":"https:\/\/portalmf.com.br\/?p=38784"},"modified":"2025-09-15T21:51:18","modified_gmt":"2025-09-16T00:51:18","slug":"cadastramento-de-ambulantes-para-trabalhar-nas-festas-populares-de-salvador-comeca-nesta-terca-feira-16","status":"publish","type":"post","link":"https:\/\/portalmf.com.br\/index.php\/2025\/09\/15\/cadastramento-de-ambulantes-para-trabalhar-nas-festas-populares-de-salvador-comeca-nesta-terca-feira-16\/","title":{"rendered":"Cadastramento de ambulantes para trabalhar nas festas populares de Salvador come\u00e7a nesta ter\u00e7a-feira (16)"},"content":{"rendered":"\n<p>A Prefeitura de Salvador, atrav\u00e9s da Secretaria Municipal de Ordem P\u00fablica (Semop), vai abrir a partir da pr\u00f3xima ter\u00e7a-feira, 16 de setembro, indo at\u00e9 o dia 16 de outubro, o sistema de cadastramento dos trabalhadores ambulantes que desejam atuar nas festas populares da capital baiana. Ser\u00e3o disponibilizadas quase 9 mil vagas para o per\u00edodo, que inclui o Festival Virada, a Lavagem do Bonfim, a Lavagem de Itapu\u00e3, a Festa de Iemanj\u00e1, os circuitos pr\u00e9-carnavalescas e a maior festa popular do mundo, o Carnaval.<\/p>\n\n\n\n<p>As inscri\u00e7\u00f5es ser\u00e3o feitas apenas pela internet, atrav\u00e9s do site www.sca.salvador.ba.gov.br. O per\u00edodo de cadastro vai das 8h do dia 16 de setembro at\u00e9 as 23h59 do dia 16 de outubro. Quem tiver dificuldade de acesso \u00e0 internet poder\u00e1 mais uma vez procurar atendimento em uma das 10 unidades de Prefeituras-Bairro de Salvador. Cada interessado poder\u00e1 se inscrever em mais de uma festa, realizando cadastros separados, sendo nas mesmas categorias que j\u00e1 participou.<\/p>\n\n\n\n<p>Todos os inscritos passar\u00e3o por uma avalia\u00e7\u00e3o da Semop e ser\u00e3o selecionados de acordo com uma pontua\u00e7\u00e3o baseada em crit\u00e9rios sociais e profissionais como: residir em Salvador; ter experi\u00eancia em eventos anteriores nos \u00faltimos cinco anos; possuir certificados de capacita\u00e7\u00e3o; ser chefe de fam\u00edlia monoparental feminina; e ser idoso ou aposentado.<\/p>\n\n\n\n<p>Em caso de empate na pontua\u00e7\u00e3o, ser\u00e1 escolhido o candidato de maior idade; persistindo o empate, ser\u00e1 realizado um sorteio eletr\u00f4nico nos moldes previstos no edital. Essas e demais informa\u00e7\u00f5es sobre o processo seletivo foram divulgados no Di\u00e1rio Oficial do Munic\u00edpio (DOM) nesta sexta-feira (12).<\/p>\n\n\n\n<p>Resultados &#8211; A lista com as pontua\u00e7\u00f5es ser\u00e1 divulgada no dia 29 de outubro. Ap\u00f3s as fases de recursos, o resultado final ser\u00e1 publicado no dia 1\u00ba de dezembro.<\/p>\n\n\n\n<p>O titular da Semop, Decio Martins, refor\u00e7ou que n\u00e3o h\u00e1 necessidade de correria e que as pessoas devem se atentar ao prazo para realizar as inscri\u00e7\u00f5es. \u201cO sistema de cadastramento de ambulantes foi criado pela Prefeitura justamente para dar dignidade ao p\u00fablico que pretende trabalhar nas festas populares. Independentemente do dia em que o candidato se inscrever, o crit\u00e9rio para a habilita\u00e7\u00e3o ser\u00e1 o da pontua\u00e7\u00e3o prevista no edital. N\u00e3o importa se essa pessoa se inscreveu antes ou depois: todos os inscritos concorrer\u00e3o em iguais condi\u00e7\u00f5es\u201d,&nbsp;disse.<\/p>\n","protected":false},"excerpt":{"rendered":"<p>A Prefeitura de Salvador, atrav\u00e9s da Secretaria Municipal de Ordem P\u00fablica (Semop), vai abrir a partir da pr\u00f3xima ter\u00e7a-feira, 16 de setembro, indo at\u00e9 o dia 16 de outubro, o sistema de cadastramento dos trabalhadores ambulantes que desejam atuar nas festas populares da capital baiana. Ser\u00e3o disponibilizadas quase 9 mil vagas para o per\u00edodo, que [&hellip;]<\/p>\n","protected":false},"author":3,"featured_media":38785,"comment_status":"open","ping_status":"open","sticky":false,"template":"","format":"standard","meta":{"_monsterinsights_skip_tracking":false,"_monsterinsights_sitenote_active":false,"_monsterinsights_sitenote_note":"","_monsterinsights_sitenote_category":0,"footnotes":""},"categories":[44,47],"tags":[],"yoast_head":"<!-- This site is optimized with the Yoast SEO plugin v22.9 - https:\/\/yoast.com\/wordpress\/plugins\/seo\/ -->\n<title>Cadastramento de ambulantes para trabalhar nas festas populares de Salvador come\u00e7a nesta ter\u00e7a-feira (16) - Portal MF<\/title>\n<meta name=\"robots\" content=\"index, follow, max-snippet:-1, max-image-preview:large, max-video-preview:-1\" \/>\n<link rel=\"canonical\" href=\"https:\/\/portalmf.com.br\/index.php\/2025\/09\/15\/cadastramento-de-ambulantes-para-trabalhar-nas-festas-populares-de-salvador-comeca-nesta-terca-feira-16\/\" \/>\n<meta property=\"og:locale\" content=\"pt_BR\" \/>\n<meta property=\"og:type\" content=\"article\" \/>\n<meta property=\"og:title\" content=\"Cadastramento de ambulantes para trabalhar nas festas populares de Salvador come\u00e7a nesta ter\u00e7a-feira (16) - Portal MF\" \/>\n<meta property=\"og:description\" content=\"A Prefeitura de Salvador, atrav\u00e9s da Secretaria Municipal de Ordem P\u00fablica (Semop), vai abrir a partir da pr\u00f3xima ter\u00e7a-feira, 16 de setembro, indo at\u00e9 o dia 16 de outubro, o sistema de cadastramento dos trabalhadores ambulantes que desejam atuar nas festas populares da capital baiana. Ser\u00e3o disponibilizadas quase 9 mil vagas para o per\u00edodo, que [&hellip;]\" \/>\n<meta property=\"og:url\" content=\"https:\/\/portalmf.com.br\/index.php\/2025\/09\/15\/cadastramento-de-ambulantes-para-trabalhar-nas-festas-populares-de-salvador-comeca-nesta-terca-feira-16\/\" \/>\n<meta property=\"og:site_name\" content=\"Portal MF\" \/>\n<meta property=\"article:author\" content=\"https:\/\/www.facebook.com\/portalmfoficial\" \/>\n<meta property=\"article:published_time\" content=\"2025-09-16T00:51:17+00:00\" \/>\n<meta property=\"article:modified_time\" content=\"2025-09-16T00:51:18+00:00\" \/>\n<meta property=\"og:image\" content=\"https:\/\/portalmf.com.br\/wp-content\/uploads\/2025\/09\/Cadastramento-de-ambulantes-para-trabalhar-nas-festas-populares-de-Salvador-.jpg\" \/>\n\t<meta property=\"og:image:width\" content=\"1280\" \/>\n\t<meta property=\"og:image:height\" content=\"853\" \/>\n\t<meta property=\"og:image:type\" content=\"image\/jpeg\" \/>\n<meta name=\"author\" content=\"Reda\u00e7\u00e3o Portal MF\" \/>\n<meta name=\"twitter:card\" content=\"summary_large_image\" \/>\n<meta name=\"twitter:creator\" content=\"@https:\/\/x.com\/portalmfoficial\" \/>\n<meta name=\"twitter:label1\" content=\"Escrito por\" \/>\n\t<meta name=\"twitter:data1\" content=\"Reda\u00e7\u00e3o Portal MF\" \/>\n\t<meta name=\"twitter:label2\" content=\"Est. tempo de leitura\" \/>\n\t<meta name=\"twitter:data2\" content=\"3 minutos\" \/>\n<script type=\"application\/ld+json\" class=\"yoast-schema-graph\">{\"@context\":\"https:\/\/schema.org\",\"@graph\":[{\"@type\":\"WebPage\",\"@id\":\"https:\/\/portalmf.com.br\/index.php\/2025\/09\/15\/cadastramento-de-ambulantes-para-trabalhar-nas-festas-populares-de-salvador-comeca-nesta-terca-feira-16\/\",\"url\":\"https:\/\/portalmf.com.br\/index.php\/2025\/09\/15\/cadastramento-de-ambulantes-para-trabalhar-nas-festas-populares-de-salvador-comeca-nesta-terca-feira-16\/\",\"name\":\"Cadastramento de ambulantes para trabalhar nas festas populares de Salvador come\u00e7a nesta ter\u00e7a-feira (16) - Portal MF\",\"isPartOf\":{\"@id\":\"https:\/\/portalmf.com.br\/#website\"},\"primaryImageOfPage\":{\"@id\":\"https:\/\/portalmf.com.br\/index.php\/2025\/09\/15\/cadastramento-de-ambulantes-para-trabalhar-nas-festas-populares-de-salvador-comeca-nesta-terca-feira-16\/#primaryimage\"},\"image\":{\"@id\":\"https:\/\/portalmf.com.br\/index.php\/2025\/09\/15\/cadastramento-de-ambulantes-para-trabalhar-nas-festas-populares-de-salvador-comeca-nesta-terca-feira-16\/#primaryimage\"},\"thumbnailUrl\":\"https:\/\/portalmf.com.br\/wp-content\/uploads\/2025\/09\/Cadastramento-de-ambulantes-para-trabalhar-nas-festas-populares-de-Salvador-.jpg\",\"datePublished\":\"2025-09-16T00:51:17+00:00\",\"dateModified\":\"2025-09-16T00:51:18+00:00\",\"author\":{\"@id\":\"https:\/\/portalmf.com.br\/#\/schema\/person\/9ec101baf56233e53520c26de5d6f6f0\"},\"breadcrumb\":{\"@id\":\"https:\/\/portalmf.com.br\/index.php\/2025\/09\/15\/cadastramento-de-ambulantes-para-trabalhar-nas-festas-populares-de-salvador-comeca-nesta-terca-feira-16\/#breadcrumb\"},\"inLanguage\":\"pt-BR\",\"potentialAction\":[{\"@type\":\"ReadAction\",\"target\":[\"https:\/\/portalmf.com.br\/index.php\/2025\/09\/15\/cadastramento-de-ambulantes-para-trabalhar-nas-festas-populares-de-salvador-comeca-nesta-terca-feira-16\/\"]}]},{\"@type\":\"ImageObject\",\"inLanguage\":\"pt-BR\",\"@id\":\"https:\/\/portalmf.com.br\/index.php\/2025\/09\/15\/cadastramento-de-ambulantes-para-trabalhar-nas-festas-populares-de-salvador-comeca-nesta-terca-feira-16\/#primaryimage\",\"url\":\"https:\/\/portalmf.com.br\/wp-content\/uploads\/2025\/09\/Cadastramento-de-ambulantes-para-trabalhar-nas-festas-populares-de-Salvador-.jpg\",\"contentUrl\":\"https:\/\/portalmf.com.br\/wp-content\/uploads\/2025\/09\/Cadastramento-de-ambulantes-para-trabalhar-nas-festas-populares-de-Salvador-.jpg\",\"width\":1280,\"height\":853},{\"@type\":\"BreadcrumbList\",\"@id\":\"https:\/\/portalmf.com.br\/index.php\/2025\/09\/15\/cadastramento-de-ambulantes-para-trabalhar-nas-festas-populares-de-salvador-comeca-nesta-terca-feira-16\/#breadcrumb\",\"itemListElement\":[{\"@type\":\"ListItem\",\"position\":1,\"name\":\"In\u00edcio\",\"item\":\"https:\/\/portalmf.com.br\/\"},{\"@type\":\"ListItem\",\"position\":2,\"name\":\"Cadastramento de ambulantes para trabalhar nas festas populares de Salvador come\u00e7a nesta ter\u00e7a-feira (16)\"}]},{\"@type\":\"WebSite\",\"@id\":\"https:\/\/portalmf.com.br\/#website\",\"url\":\"https:\/\/portalmf.com.br\/\",\"name\":\"Portal MF\",\"description\":\"Voc\u00ea conectado com a informa\u00e7\u00e3o\",\"potentialAction\":[{\"@type\":\"SearchAction\",\"target\":{\"@type\":\"EntryPoint\",\"urlTemplate\":\"https:\/\/portalmf.com.br\/?s={search_term_string}\"},\"query-input\":\"required name=search_term_string\"}],\"inLanguage\":\"pt-BR\"},{\"@type\":\"Person\",\"@id\":\"https:\/\/portalmf.com.br\/#\/schema\/person\/9ec101baf56233e53520c26de5d6f6f0\",\"name\":\"Reda\u00e7\u00e3o Portal MF\",\"image\":{\"@type\":\"ImageObject\",\"inLanguage\":\"pt-BR\",\"@id\":\"https:\/\/portalmf.com.br\/#\/schema\/person\/image\/\",\"url\":\"https:\/\/secure.gravatar.com\/avatar\/41b9aaeb2100835f7c64362330f74c7f?s=96&d=mm&r=g\",\"contentUrl\":\"https:\/\/secure.gravatar.com\/avatar\/41b9aaeb2100835f7c64362330f74c7f?s=96&d=mm&r=g\",\"caption\":\"Reda\u00e7\u00e3o Portal MF\"},\"description\":\"Sejam bem-vindos o portal de informa\u00e7\u00f5es de entretenimento de Feira de Santana, desde 2006 realiza coberturas dos principais eventos com entrevistas exclusivas com as principais personalidades mundiais. Fique conectado tamb\u00e9m nas redes sociais.\",\"sameAs\":[\"http:\/\/www.portalmf.com.br\/\",\"https:\/\/www.facebook.com\/portalmfoficial\",\"https:\/\/www.instagram.com\/portalmf\/\",\"https:\/\/x.com\/https:\/\/x.com\/portalmfoficial\",\"https:\/\/www.youtube.com\/@portalmfoficial\"],\"url\":\"https:\/\/portalmf.com.br\/index.php\/author\/junior\/\"}]}<\/script>\n<!-- \/ Yoast SEO plugin. -->","yoast_head_json":{"title":"Cadastramento de ambulantes para trabalhar nas festas populares de Salvador come\u00e7a nesta ter\u00e7a-feira (16) - Portal MF","robots":{"index":"index","follow":"follow","max-snippet":"max-snippet:-1","max-image-preview":"max-image-preview:large","max-video-preview":"max-video-preview:-1"},"canonical":"https:\/\/portalmf.com.br\/index.php\/2025\/09\/15\/cadastramento-de-ambulantes-para-trabalhar-nas-festas-populares-de-salvador-comeca-nesta-terca-feira-16\/","og_locale":"pt_BR","og_type":"article","og_title":"Cadastramento de ambulantes para trabalhar nas festas populares de Salvador come\u00e7a nesta ter\u00e7a-feira (16) - Portal MF","og_description":"A Prefeitura de Salvador, atrav\u00e9s da Secretaria Municipal de Ordem P\u00fablica (Semop), vai abrir a partir da pr\u00f3xima ter\u00e7a-feira, 16 de setembro, indo at\u00e9 o dia 16 de outubro, o sistema de cadastramento dos trabalhadores ambulantes que desejam atuar nas festas populares da capital baiana. Ser\u00e3o disponibilizadas quase 9 mil vagas para o per\u00edodo, que [&hellip;]","og_url":"https:\/\/portalmf.com.br\/index.php\/2025\/09\/15\/cadastramento-de-ambulantes-para-trabalhar-nas-festas-populares-de-salvador-comeca-nesta-terca-feira-16\/","og_site_name":"Portal MF","article_author":"https:\/\/www.facebook.com\/portalmfoficial","article_published_time":"2025-09-16T00:51:17+00:00","article_modified_time":"2025-09-16T00:51:18+00:00","og_image":[{"width":1280,"height":853,"url":"https:\/\/portalmf.com.br\/wp-content\/uploads\/2025\/09\/Cadastramento-de-ambulantes-para-trabalhar-nas-festas-populares-de-Salvador-.jpg","type":"image\/jpeg"}],"author":"Reda\u00e7\u00e3o Portal MF","twitter_card":"summary_large_image","twitter_creator":"@https:\/\/x.com\/portalmfoficial","twitter_misc":{"Escrito por":"Reda\u00e7\u00e3o Portal MF","Est. tempo de leitura":"3 minutos"},"schema":{"@context":"https:\/\/schema.org","@graph":[{"@type":"WebPage","@id":"https:\/\/portalmf.com.br\/index.php\/2025\/09\/15\/cadastramento-de-ambulantes-para-trabalhar-nas-festas-populares-de-salvador-comeca-nesta-terca-feira-16\/","url":"https:\/\/portalmf.com.br\/index.php\/2025\/09\/15\/cadastramento-de-ambulantes-para-trabalhar-nas-festas-populares-de-salvador-comeca-nesta-terca-feira-16\/","name":"Cadastramento de ambulantes para trabalhar nas festas populares de Salvador come\u00e7a nesta ter\u00e7a-feira (16) - Portal MF","isPartOf":{"@id":"https:\/\/portalmf.com.br\/#website"},"primaryImageOfPage":{"@id":"https:\/\/portalmf.com.br\/index.php\/2025\/09\/15\/cadastramento-de-ambulantes-para-trabalhar-nas-festas-populares-de-salvador-comeca-nesta-terca-feira-16\/#primaryimage"},"image":{"@id":"https:\/\/portalmf.com.br\/index.php\/2025\/09\/15\/cadastramento-de-ambulantes-para-trabalhar-nas-festas-populares-de-salvador-comeca-nesta-terca-feira-16\/#primaryimage"},"thumbnailUrl":"https:\/\/portalmf.com.br\/wp-content\/uploads\/2025\/09\/Cadastramento-de-ambulantes-para-trabalhar-nas-festas-populares-de-Salvador-.jpg","datePublished":"2025-09-16T00:51:17+00:00","dateModified":"2025-09-16T00:51:18+00:00","author":{"@id":"https:\/\/portalmf.com.br\/#\/schema\/person\/9ec101baf56233e53520c26de5d6f6f0"},"breadcrumb":{"@id":"https:\/\/portalmf.com.br\/index.php\/2025\/09\/15\/cadastramento-de-ambulantes-para-trabalhar-nas-festas-populares-de-salvador-comeca-nesta-terca-feira-16\/#breadcrumb"},"inLanguage":"pt-BR","potentialAction":[{"@type":"ReadAction","target":["https:\/\/portalmf.com.br\/index.php\/2025\/09\/15\/cadastramento-de-ambulantes-para-trabalhar-nas-festas-populares-de-salvador-comeca-nesta-terca-feira-16\/"]}]},{"@type":"ImageObject","inLanguage":"pt-BR","@id":"https:\/\/portalmf.com.br\/index.php\/2025\/09\/15\/cadastramento-de-ambulantes-para-trabalhar-nas-festas-populares-de-salvador-comeca-nesta-terca-feira-16\/#primaryimage","url":"https:\/\/portalmf.com.br\/wp-content\/uploads\/2025\/09\/Cadastramento-de-ambulantes-para-trabalhar-nas-festas-populares-de-Salvador-.jpg","contentUrl":"https:\/\/portalmf.com.br\/wp-content\/uploads\/2025\/09\/Cadastramento-de-ambulantes-para-trabalhar-nas-festas-populares-de-Salvador-.jpg","width":1280,"height":853},{"@type":"BreadcrumbList","@id":"https:\/\/portalmf.com.br\/index.php\/2025\/09\/15\/cadastramento-de-ambulantes-para-trabalhar-nas-festas-populares-de-salvador-comeca-nesta-terca-feira-16\/#breadcrumb","itemListElement":[{"@type":"ListItem","position":1,"name":"In\u00edcio","item":"https:\/\/portalmf.com.br\/"},{"@type":"ListItem","position":2,"name":"Cadastramento de ambulantes para trabalhar nas festas populares de Salvador come\u00e7a nesta ter\u00e7a-feira (16)"}]},{"@type":"WebSite","@id":"https:\/\/portalmf.com.br\/#website","url":"https:\/\/portalmf.com.br\/","name":"Portal MF","description":"Voc\u00ea conectado com a informa\u00e7\u00e3o","potentialAction":[{"@type":"SearchAction","target":{"@type":"EntryPoint","urlTemplate":"https:\/\/portalmf.com.br\/?s={search_term_string}"},"query-input":"required name=search_term_string"}],"inLanguage":"pt-BR"},{"@type":"Person","@id":"https:\/\/portalmf.com.br\/#\/schema\/person\/9ec101baf56233e53520c26de5d6f6f0","name":"Reda\u00e7\u00e3o Portal MF","image":{"@type":"ImageObject","inLanguage":"pt-BR","@id":"https:\/\/portalmf.com.br\/#\/schema\/person\/image\/","url":"https:\/\/secure.gravatar.com\/avatar\/41b9aaeb2100835f7c64362330f74c7f?s=96&d=mm&r=g","contentUrl":"https:\/\/secure.gravatar.com\/avatar\/41b9aaeb2100835f7c64362330f74c7f?s=96&d=mm&r=g","caption":"Reda\u00e7\u00e3o Portal MF"},"description":"Sejam bem-vindos o portal de informa\u00e7\u00f5es de entretenimento de Feira de Santana, desde 2006 realiza coberturas dos principais eventos com entrevistas exclusivas com as principais personalidades mundiais. Fique conectado tamb\u00e9m nas redes sociais.","sameAs":["http:\/\/www.portalmf.com.br\/","https:\/\/www.facebook.com\/portalmfoficial","https:\/\/www.instagram.com\/portalmf\/","https:\/\/x.com\/https:\/\/x.com\/portalmfoficial","https:\/\/www.youtube.com\/@portalmfoficial"],"url":"https:\/\/portalmf.com.br\/index.php\/author\/junior\/"}]}},"_links":{"self":[{"href":"https:\/\/portalmf.com.br\/index.php\/wp-json\/wp\/v2\/posts\/38784"}],"collection":[{"href":"https:\/\/portalmf.com.br\/index.php\/wp-json\/wp\/v2\/posts"}],"about":[{"href":"https:\/\/portalmf.com.br\/index.php\/wp-json\/wp\/v2\/types\/post"}],"author":[{"embeddable":true,"href":"https:\/\/portalmf.com.br\/index.php\/wp-json\/wp\/v2\/users\/3"}],"replies":[{"embeddable":true,"href":"https:\/\/portalmf.com.br\/index.php\/wp-json\/wp\/v2\/comments?post=38784"}],"version-history":[{"count":1,"href":"https:\/\/portalmf.com.br\/index.php\/wp-json\/wp\/v2\/posts\/38784\/revisions"}],"predecessor-version":[{"id":38786,"href":"https:\/\/portalmf.com.br\/index.php\/wp-json\/wp\/v2\/posts\/38784\/revisions\/38786"}],"wp:featuredmedia":[{"embeddable":true,"href":"https:\/\/portalmf.com.br\/index.php\/wp-json\/wp\/v2\/media\/38785"}],"wp:attachment":[{"href":"https:\/\/portalmf.com.br\/index.php\/wp-json\/wp\/v2\/media?parent=38784"}],"wp:term":[{"taxonomy":"category","embeddable":true,"href":"https:\/\/portalmf.com.br\/index.php\/wp-json\/wp\/v2\/categories?post=38784"},{"taxonomy":"post_tag","embeddable":true,"href":"https:\/\/portalmf.com.br\/index.php\/wp-json\/wp\/v2\/tags?post=38784"}],"curies":[{"name":"wp","href":"https:\/\/api.w.org\/{rel}","templated":true}]}}