{"id":38547,"date":"2025-09-03T17:49:55","date_gmt":"2025-09-03T20:49:55","guid":{"rendered":"https:\/\/portalmf.com.br\/?p=38547"},"modified":"2025-09-03T17:49:57","modified_gmt":"2025-09-03T20:49:57","slug":"sergynho-pimenta-e-confirmado-pelo-bloco-paparico-que-desfilara-no-pre-carnaval-de-maceio","status":"publish","type":"post","link":"https:\/\/portalmf.com.br\/index.php\/2025\/09\/03\/sergynho-pimenta-e-confirmado-pelo-bloco-paparico-que-desfilara-no-pre-carnaval-de-maceio\/","title":{"rendered":"Sergynho Pimenta \u00e9 confirmado pelo Bloco Paparico, que desfilar\u00e1 no pr\u00e9 Carnaval de Macei\u00f3"},"content":{"rendered":"\n<p>Com muita irrever\u00eancia, alegria e o p\u00e9 direito na avenida, o bloco Paparico desfilar\u00e1 no pr\u00e9-carnaval de Macei\u00f3, no dia 01 de fevereiro de 2026 (domingo), a partir das 13h, nas orlas da Ponta Verde e Paju\u00e7ara. A grande novidade \u00e9 a confirma\u00e7\u00e3o de Sergynho Pimenta com atra\u00e7\u00e3o.<\/p>\n\n\n\n<p>O artista voltou a p\u00f4r o p\u00e9 na estrada e nos palcos este ano, ap\u00f3s hiato de 18 anos, quando interrompeu sua carreira para cuidar da sa\u00fade de sua esposa, F\u00e1bia Tafarel.<\/p>\n\n\n\n<p>\u201cPuxa vida! Recebi esse convite com muita alegria, e j\u00e1 posso adiantar que teremos um repert\u00f3rio ecl\u00e9tico, feliz e muito dan\u00e7ante. Vai ser lindo, minha amada Macei\u00f3!\u201d Comentou Sergynho.<\/p>\n\n\n\n<p>Mais novo componente da Liga Carnavalesca de Macei\u00f3, o Bloco Paparico oferece completa estrutura com trio el\u00e9trico, cordas, carro de apoio com banheiros, bares fixos e m\u00f3veis e seguran\u00e7as.<\/p>\n\n\n\n<p>De forma pioneira, a agremia\u00e7\u00e3o tem em sua dire\u00e7\u00e3o duas mulheres que dividem a paix\u00e3o pelo Carnaval: Jana\u00edna Freire Mendes e Dan\u00fabia Barbosa, que trazem na bagagem o DNA, a tradi\u00e7\u00e3o e a heran\u00e7a de suas fam\u00edlias na participa\u00e7\u00e3o das festas momescas. As duas carregam a experi\u00eancia de integrar a organiza\u00e7\u00e3o dos desfiles do bloco Coirm\u00e3o, o tradicional Rei.<\/p>\n\n\n\n<p>\u201cEm seu primeiro desfile, o Paparico contagiou o cora\u00e7\u00e3o dos foli\u00f5es dentro e fora das cordas, surpreendendo a todos pela qualidade da entrega. Fizemos com amor, e estamos bem felizes com o resultado\u201d, disseram as s\u00f3cias.<\/p>\n\n\n\n<p>No repert\u00f3rio o artista baiano levar\u00e1 can\u00e7\u00f5es imortalizadas em sua voz como; \u2018Me Sinto S\u00f3\u2019, \u2018Maria Joaquina\u2019 e a nova faixa \u2018\u00c9 Voc\u00ea\u2019, que recentemente alcan\u00e7ou a marca de 50 mil players nas plataformas digitais. <\/p>\n\n\n\n<figure class=\"wp-block-embed is-type-video is-provider-youtube wp-block-embed-youtube wp-embed-aspect-4-3 wp-has-aspect-ratio\"><div class=\"wp-block-embed__wrapper\">\n<iframe title=\"\u00c9 Voc\u00ea\" width=\"696\" height=\"522\" src=\"https:\/\/www.youtube.com\/embed\/fx6JCUNJmd8?feature=oembed\" frameborder=\"0\" allow=\"accelerometer; autoplay; clipboard-write; encrypted-media; gyroscope; picture-in-picture; web-share\" referrerpolicy=\"strict-origin-when-cross-origin\" allowfullscreen><\/iframe>\n<\/div><\/figure>\n","protected":false},"excerpt":{"rendered":"<p>Com muita irrever\u00eancia, alegria e o p\u00e9 direito na avenida, o bloco Paparico desfilar\u00e1 no pr\u00e9-carnaval de Macei\u00f3, no dia 01 de fevereiro de 2026 (domingo), a partir das 13h, nas orlas da Ponta Verde e Paju\u00e7ara. A grande novidade \u00e9 a confirma\u00e7\u00e3o de Sergynho Pimenta com atra\u00e7\u00e3o. O artista voltou a p\u00f4r o p\u00e9 [&hellip;]<\/p>\n","protected":false},"author":3,"featured_media":34217,"comment_status":"open","ping_status":"open","sticky":false,"template":"","format":"standard","meta":{"_monsterinsights_skip_tracking":false,"_monsterinsights_sitenote_active":false,"_monsterinsights_sitenote_note":"","_monsterinsights_sitenote_category":0,"footnotes":""},"categories":[44],"tags":[],"yoast_head":"<!-- This site is optimized with the Yoast SEO plugin v22.9 - https:\/\/yoast.com\/wordpress\/plugins\/seo\/ -->\n<title>Sergynho Pimenta \u00e9 confirmado pelo Bloco Paparico, que desfilar\u00e1 no pr\u00e9 Carnaval de Macei\u00f3 - Portal MF<\/title>\n<meta name=\"robots\" content=\"index, follow, max-snippet:-1, max-image-preview:large, max-video-preview:-1\" \/>\n<link rel=\"canonical\" href=\"https:\/\/portalmf.com.br\/index.php\/2025\/09\/03\/sergynho-pimenta-e-confirmado-pelo-bloco-paparico-que-desfilara-no-pre-carnaval-de-maceio\/\" \/>\n<meta property=\"og:locale\" content=\"pt_BR\" \/>\n<meta property=\"og:type\" content=\"article\" \/>\n<meta property=\"og:title\" content=\"Sergynho Pimenta \u00e9 confirmado pelo Bloco Paparico, que desfilar\u00e1 no pr\u00e9 Carnaval de Macei\u00f3 - Portal MF\" \/>\n<meta property=\"og:description\" content=\"Com muita irrever\u00eancia, alegria e o p\u00e9 direito na avenida, o bloco Paparico desfilar\u00e1 no pr\u00e9-carnaval de Macei\u00f3, no dia 01 de fevereiro de 2026 (domingo), a partir das 13h, nas orlas da Ponta Verde e Paju\u00e7ara. A grande novidade \u00e9 a confirma\u00e7\u00e3o de Sergynho Pimenta com atra\u00e7\u00e3o. O artista voltou a p\u00f4r o p\u00e9 [&hellip;]\" \/>\n<meta property=\"og:url\" content=\"https:\/\/portalmf.com.br\/index.php\/2025\/09\/03\/sergynho-pimenta-e-confirmado-pelo-bloco-paparico-que-desfilara-no-pre-carnaval-de-maceio\/\" \/>\n<meta property=\"og:site_name\" content=\"Portal MF\" \/>\n<meta property=\"article:author\" content=\"https:\/\/www.facebook.com\/portalmfoficial\" \/>\n<meta property=\"article:published_time\" content=\"2025-09-03T20:49:55+00:00\" \/>\n<meta property=\"article:modified_time\" content=\"2025-09-03T20:49:57+00:00\" \/>\n<meta property=\"og:image\" content=\"https:\/\/portalmf.com.br\/wp-content\/uploads\/2025\/02\/Sergynho-Pimenta_1.jpg\" \/>\n\t<meta property=\"og:image:width\" content=\"1600\" \/>\n\t<meta property=\"og:image:height\" content=\"996\" \/>\n\t<meta property=\"og:image:type\" content=\"image\/jpeg\" \/>\n<meta name=\"author\" content=\"Reda\u00e7\u00e3o Portal MF\" \/>\n<meta name=\"twitter:card\" content=\"summary_large_image\" \/>\n<meta name=\"twitter:creator\" content=\"@https:\/\/x.com\/portalmfoficial\" \/>\n<meta name=\"twitter:label1\" content=\"Escrito por\" \/>\n\t<meta name=\"twitter:data1\" content=\"Reda\u00e7\u00e3o Portal MF\" \/>\n\t<meta name=\"twitter:label2\" content=\"Est. tempo de leitura\" \/>\n\t<meta name=\"twitter:data2\" content=\"2 minutos\" \/>\n<script type=\"application\/ld+json\" class=\"yoast-schema-graph\">{\"@context\":\"https:\/\/schema.org\",\"@graph\":[{\"@type\":\"WebPage\",\"@id\":\"https:\/\/portalmf.com.br\/index.php\/2025\/09\/03\/sergynho-pimenta-e-confirmado-pelo-bloco-paparico-que-desfilara-no-pre-carnaval-de-maceio\/\",\"url\":\"https:\/\/portalmf.com.br\/index.php\/2025\/09\/03\/sergynho-pimenta-e-confirmado-pelo-bloco-paparico-que-desfilara-no-pre-carnaval-de-maceio\/\",\"name\":\"Sergynho Pimenta \u00e9 confirmado pelo Bloco Paparico, que desfilar\u00e1 no pr\u00e9 Carnaval de Macei\u00f3 - Portal MF\",\"isPartOf\":{\"@id\":\"https:\/\/portalmf.com.br\/#website\"},\"primaryImageOfPage\":{\"@id\":\"https:\/\/portalmf.com.br\/index.php\/2025\/09\/03\/sergynho-pimenta-e-confirmado-pelo-bloco-paparico-que-desfilara-no-pre-carnaval-de-maceio\/#primaryimage\"},\"image\":{\"@id\":\"https:\/\/portalmf.com.br\/index.php\/2025\/09\/03\/sergynho-pimenta-e-confirmado-pelo-bloco-paparico-que-desfilara-no-pre-carnaval-de-maceio\/#primaryimage\"},\"thumbnailUrl\":\"https:\/\/portalmf.com.br\/wp-content\/uploads\/2025\/02\/Sergynho-Pimenta_1.jpg\",\"datePublished\":\"2025-09-03T20:49:55+00:00\",\"dateModified\":\"2025-09-03T20:49:57+00:00\",\"author\":{\"@id\":\"https:\/\/portalmf.com.br\/#\/schema\/person\/9ec101baf56233e53520c26de5d6f6f0\"},\"breadcrumb\":{\"@id\":\"https:\/\/portalmf.com.br\/index.php\/2025\/09\/03\/sergynho-pimenta-e-confirmado-pelo-bloco-paparico-que-desfilara-no-pre-carnaval-de-maceio\/#breadcrumb\"},\"inLanguage\":\"pt-BR\",\"potentialAction\":[{\"@type\":\"ReadAction\",\"target\":[\"https:\/\/portalmf.com.br\/index.php\/2025\/09\/03\/sergynho-pimenta-e-confirmado-pelo-bloco-paparico-que-desfilara-no-pre-carnaval-de-maceio\/\"]}]},{\"@type\":\"ImageObject\",\"inLanguage\":\"pt-BR\",\"@id\":\"https:\/\/portalmf.com.br\/index.php\/2025\/09\/03\/sergynho-pimenta-e-confirmado-pelo-bloco-paparico-que-desfilara-no-pre-carnaval-de-maceio\/#primaryimage\",\"url\":\"https:\/\/portalmf.com.br\/wp-content\/uploads\/2025\/02\/Sergynho-Pimenta_1.jpg\",\"contentUrl\":\"https:\/\/portalmf.com.br\/wp-content\/uploads\/2025\/02\/Sergynho-Pimenta_1.jpg\",\"width\":1600,\"height\":996},{\"@type\":\"BreadcrumbList\",\"@id\":\"https:\/\/portalmf.com.br\/index.php\/2025\/09\/03\/sergynho-pimenta-e-confirmado-pelo-bloco-paparico-que-desfilara-no-pre-carnaval-de-maceio\/#breadcrumb\",\"itemListElement\":[{\"@type\":\"ListItem\",\"position\":1,\"name\":\"In\u00edcio\",\"item\":\"https:\/\/portalmf.com.br\/\"},{\"@type\":\"ListItem\",\"position\":2,\"name\":\"Sergynho Pimenta \u00e9 confirmado pelo Bloco Paparico, que desfilar\u00e1 no pr\u00e9 Carnaval de Macei\u00f3\"}]},{\"@type\":\"WebSite\",\"@id\":\"https:\/\/portalmf.com.br\/#website\",\"url\":\"https:\/\/portalmf.com.br\/\",\"name\":\"Portal MF\",\"description\":\"Voc\u00ea conectado com a informa\u00e7\u00e3o\",\"potentialAction\":[{\"@type\":\"SearchAction\",\"target\":{\"@type\":\"EntryPoint\",\"urlTemplate\":\"https:\/\/portalmf.com.br\/?s={search_term_string}\"},\"query-input\":\"required name=search_term_string\"}],\"inLanguage\":\"pt-BR\"},{\"@type\":\"Person\",\"@id\":\"https:\/\/portalmf.com.br\/#\/schema\/person\/9ec101baf56233e53520c26de5d6f6f0\",\"name\":\"Reda\u00e7\u00e3o Portal MF\",\"image\":{\"@type\":\"ImageObject\",\"inLanguage\":\"pt-BR\",\"@id\":\"https:\/\/portalmf.com.br\/#\/schema\/person\/image\/\",\"url\":\"https:\/\/secure.gravatar.com\/avatar\/41b9aaeb2100835f7c64362330f74c7f?s=96&d=mm&r=g\",\"contentUrl\":\"https:\/\/secure.gravatar.com\/avatar\/41b9aaeb2100835f7c64362330f74c7f?s=96&d=mm&r=g\",\"caption\":\"Reda\u00e7\u00e3o Portal MF\"},\"description\":\"Sejam bem-vindos o portal de informa\u00e7\u00f5es de entretenimento de Feira de Santana, desde 2006 realiza coberturas dos principais eventos com entrevistas exclusivas com as principais personalidades mundiais. Fique conectado tamb\u00e9m nas redes sociais.\",\"sameAs\":[\"http:\/\/www.portalmf.com.br\/\",\"https:\/\/www.facebook.com\/portalmfoficial\",\"https:\/\/www.instagram.com\/portalmf\/\",\"https:\/\/x.com\/https:\/\/x.com\/portalmfoficial\",\"https:\/\/www.youtube.com\/@portalmfoficial\"],\"url\":\"https:\/\/portalmf.com.br\/index.php\/author\/junior\/\"}]}<\/script>\n<!-- \/ Yoast SEO plugin. -->","yoast_head_json":{"title":"Sergynho Pimenta \u00e9 confirmado pelo Bloco Paparico, que desfilar\u00e1 no pr\u00e9 Carnaval de Macei\u00f3 - Portal MF","robots":{"index":"index","follow":"follow","max-snippet":"max-snippet:-1","max-image-preview":"max-image-preview:large","max-video-preview":"max-video-preview:-1"},"canonical":"https:\/\/portalmf.com.br\/index.php\/2025\/09\/03\/sergynho-pimenta-e-confirmado-pelo-bloco-paparico-que-desfilara-no-pre-carnaval-de-maceio\/","og_locale":"pt_BR","og_type":"article","og_title":"Sergynho Pimenta \u00e9 confirmado pelo Bloco Paparico, que desfilar\u00e1 no pr\u00e9 Carnaval de Macei\u00f3 - Portal MF","og_description":"Com muita irrever\u00eancia, alegria e o p\u00e9 direito na avenida, o bloco Paparico desfilar\u00e1 no pr\u00e9-carnaval de Macei\u00f3, no dia 01 de fevereiro de 2026 (domingo), a partir das 13h, nas orlas da Ponta Verde e Paju\u00e7ara. A grande novidade \u00e9 a confirma\u00e7\u00e3o de Sergynho Pimenta com atra\u00e7\u00e3o. O artista voltou a p\u00f4r o p\u00e9 [&hellip;]","og_url":"https:\/\/portalmf.com.br\/index.php\/2025\/09\/03\/sergynho-pimenta-e-confirmado-pelo-bloco-paparico-que-desfilara-no-pre-carnaval-de-maceio\/","og_site_name":"Portal MF","article_author":"https:\/\/www.facebook.com\/portalmfoficial","article_published_time":"2025-09-03T20:49:55+00:00","article_modified_time":"2025-09-03T20:49:57+00:00","og_image":[{"width":1600,"height":996,"url":"https:\/\/portalmf.com.br\/wp-content\/uploads\/2025\/02\/Sergynho-Pimenta_1.jpg","type":"image\/jpeg"}],"author":"Reda\u00e7\u00e3o Portal MF","twitter_card":"summary_large_image","twitter_creator":"@https:\/\/x.com\/portalmfoficial","twitter_misc":{"Escrito por":"Reda\u00e7\u00e3o Portal MF","Est. tempo de leitura":"2 minutos"},"schema":{"@context":"https:\/\/schema.org","@graph":[{"@type":"WebPage","@id":"https:\/\/portalmf.com.br\/index.php\/2025\/09\/03\/sergynho-pimenta-e-confirmado-pelo-bloco-paparico-que-desfilara-no-pre-carnaval-de-maceio\/","url":"https:\/\/portalmf.com.br\/index.php\/2025\/09\/03\/sergynho-pimenta-e-confirmado-pelo-bloco-paparico-que-desfilara-no-pre-carnaval-de-maceio\/","name":"Sergynho Pimenta \u00e9 confirmado pelo Bloco Paparico, que desfilar\u00e1 no pr\u00e9 Carnaval de Macei\u00f3 - Portal MF","isPartOf":{"@id":"https:\/\/portalmf.com.br\/#website"},"primaryImageOfPage":{"@id":"https:\/\/portalmf.com.br\/index.php\/2025\/09\/03\/sergynho-pimenta-e-confirmado-pelo-bloco-paparico-que-desfilara-no-pre-carnaval-de-maceio\/#primaryimage"},"image":{"@id":"https:\/\/portalmf.com.br\/index.php\/2025\/09\/03\/sergynho-pimenta-e-confirmado-pelo-bloco-paparico-que-desfilara-no-pre-carnaval-de-maceio\/#primaryimage"},"thumbnailUrl":"https:\/\/portalmf.com.br\/wp-content\/uploads\/2025\/02\/Sergynho-Pimenta_1.jpg","datePublished":"2025-09-03T20:49:55+00:00","dateModified":"2025-09-03T20:49:57+00:00","author":{"@id":"https:\/\/portalmf.com.br\/#\/schema\/person\/9ec101baf56233e53520c26de5d6f6f0"},"breadcrumb":{"@id":"https:\/\/portalmf.com.br\/index.php\/2025\/09\/03\/sergynho-pimenta-e-confirmado-pelo-bloco-paparico-que-desfilara-no-pre-carnaval-de-maceio\/#breadcrumb"},"inLanguage":"pt-BR","potentialAction":[{"@type":"ReadAction","target":["https:\/\/portalmf.com.br\/index.php\/2025\/09\/03\/sergynho-pimenta-e-confirmado-pelo-bloco-paparico-que-desfilara-no-pre-carnaval-de-maceio\/"]}]},{"@type":"ImageObject","inLanguage":"pt-BR","@id":"https:\/\/portalmf.com.br\/index.php\/2025\/09\/03\/sergynho-pimenta-e-confirmado-pelo-bloco-paparico-que-desfilara-no-pre-carnaval-de-maceio\/#primaryimage","url":"https:\/\/portalmf.com.br\/wp-content\/uploads\/2025\/02\/Sergynho-Pimenta_1.jpg","contentUrl":"https:\/\/portalmf.com.br\/wp-content\/uploads\/2025\/02\/Sergynho-Pimenta_1.jpg","width":1600,"height":996},{"@type":"BreadcrumbList","@id":"https:\/\/portalmf.com.br\/index.php\/2025\/09\/03\/sergynho-pimenta-e-confirmado-pelo-bloco-paparico-que-desfilara-no-pre-carnaval-de-maceio\/#breadcrumb","itemListElement":[{"@type":"ListItem","position":1,"name":"In\u00edcio","item":"https:\/\/portalmf.com.br\/"},{"@type":"ListItem","position":2,"name":"Sergynho Pimenta \u00e9 confirmado pelo Bloco Paparico, que desfilar\u00e1 no pr\u00e9 Carnaval de Macei\u00f3"}]},{"@type":"WebSite","@id":"https:\/\/portalmf.com.br\/#website","url":"https:\/\/portalmf.com.br\/","name":"Portal MF","description":"Voc\u00ea conectado com a informa\u00e7\u00e3o","potentialAction":[{"@type":"SearchAction","target":{"@type":"EntryPoint","urlTemplate":"https:\/\/portalmf.com.br\/?s={search_term_string}"},"query-input":"required name=search_term_string"}],"inLanguage":"pt-BR"},{"@type":"Person","@id":"https:\/\/portalmf.com.br\/#\/schema\/person\/9ec101baf56233e53520c26de5d6f6f0","name":"Reda\u00e7\u00e3o Portal MF","image":{"@type":"ImageObject","inLanguage":"pt-BR","@id":"https:\/\/portalmf.com.br\/#\/schema\/person\/image\/","url":"https:\/\/secure.gravatar.com\/avatar\/41b9aaeb2100835f7c64362330f74c7f?s=96&d=mm&r=g","contentUrl":"https:\/\/secure.gravatar.com\/avatar\/41b9aaeb2100835f7c64362330f74c7f?s=96&d=mm&r=g","caption":"Reda\u00e7\u00e3o Portal MF"},"description":"Sejam bem-vindos o portal de informa\u00e7\u00f5es de entretenimento de Feira de Santana, desde 2006 realiza coberturas dos principais eventos com entrevistas exclusivas com as principais personalidades mundiais. Fique conectado tamb\u00e9m nas redes sociais.","sameAs":["http:\/\/www.portalmf.com.br\/","https:\/\/www.facebook.com\/portalmfoficial","https:\/\/www.instagram.com\/portalmf\/","https:\/\/x.com\/https:\/\/x.com\/portalmfoficial","https:\/\/www.youtube.com\/@portalmfoficial"],"url":"https:\/\/portalmf.com.br\/index.php\/author\/junior\/"}]}},"_links":{"self":[{"href":"https:\/\/portalmf.com.br\/index.php\/wp-json\/wp\/v2\/posts\/38547"}],"collection":[{"href":"https:\/\/portalmf.com.br\/index.php\/wp-json\/wp\/v2\/posts"}],"about":[{"href":"https:\/\/portalmf.com.br\/index.php\/wp-json\/wp\/v2\/types\/post"}],"author":[{"embeddable":true,"href":"https:\/\/portalmf.com.br\/index.php\/wp-json\/wp\/v2\/users\/3"}],"replies":[{"embeddable":true,"href":"https:\/\/portalmf.com.br\/index.php\/wp-json\/wp\/v2\/comments?post=38547"}],"version-history":[{"count":1,"href":"https:\/\/portalmf.com.br\/index.php\/wp-json\/wp\/v2\/posts\/38547\/revisions"}],"predecessor-version":[{"id":38548,"href":"https:\/\/portalmf.com.br\/index.php\/wp-json\/wp\/v2\/posts\/38547\/revisions\/38548"}],"wp:featuredmedia":[{"embeddable":true,"href":"https:\/\/portalmf.com.br\/index.php\/wp-json\/wp\/v2\/media\/34217"}],"wp:attachment":[{"href":"https:\/\/portalmf.com.br\/index.php\/wp-json\/wp\/v2\/media?parent=38547"}],"wp:term":[{"taxonomy":"category","embeddable":true,"href":"https:\/\/portalmf.com.br\/index.php\/wp-json\/wp\/v2\/categories?post=38547"},{"taxonomy":"post_tag","embeddable":true,"href":"https:\/\/portalmf.com.br\/index.php\/wp-json\/wp\/v2\/tags?post=38547"}],"curies":[{"name":"wp","href":"https:\/\/api.w.org\/{rel}","templated":true}]}}