{"id":38508,"date":"2025-09-01T19:35:00","date_gmt":"2025-09-01T22:35:00","guid":{"rendered":"https:\/\/portalmf.com.br\/?p=38508"},"modified":"2025-09-01T19:35:01","modified_gmt":"2025-09-01T22:35:01","slug":"novo-pac-investira-r-305-bi-em-projetos-de-combustiveis-de-baixo-carbono-ate-2030","status":"publish","type":"post","link":"https:\/\/portalmf.com.br\/index.php\/2025\/09\/01\/novo-pac-investira-r-305-bi-em-projetos-de-combustiveis-de-baixo-carbono-ate-2030\/","title":{"rendered":"Novo PAC investir\u00e1 R$ 30,5 bi em projetos de combust\u00edveis de baixo carbono at\u00e9 2030"},"content":{"rendered":"\n<p>Gerar pesquisa, inova\u00e7\u00e3o e tecnologia para o desenvolvimento da maca\u00faba, uma mat\u00e9ria-prima brasileira de alto poder energ\u00e9tico que ser\u00e1 usada para produzir Combust\u00edvel Sustent\u00e1vel de Avia\u00e7\u00e3o (SAF, na sigla em ingl\u00eas) e Diesel Verde (HVO). Essa \u00e9 a principal miss\u00e3o da Acelen Renov\u00e1veis, projeto que integra o Novo PAC e cujo centro de tecnologia foi inaugurado na \u00faltima sexta-feira (29), em Montes Claros (MG).<\/p>\n\n\n\n<p>O maior centro agroindustrial do mundo dedicado \u00e0 maca\u00faba ser\u00e1 respons\u00e1vel pela pesquisa para viabilizar a futura biorrefinaria de combust\u00edveis da Acelen, a ser constru\u00edda em S\u00e3o Francisco do Conde (BA).<\/p>\n\n\n\n<p>A constru\u00e7\u00e3o do Acelen Agripark teve investimento de R$ 314 milh\u00f5es, sendo R$ 258 milh\u00f5es financiados pelo Banco Nacional de Desenvolvimento Social e Econ\u00f4mico (BNDES). O complexo integra o projeto de biocombust\u00edveis da empresa, e prev\u00ea investimentos iniciais de US$ 3 bilh\u00f5es na constru\u00e7\u00e3o da primeira planta integrada, que incluem, al\u00e9m do parque em Minas e da biorrefinaria na Bahia, o plantio de maca\u00faba em terras degradadas e outras infraestruturas, nos dois estados.<\/p>\n\n\n\n<p>A expectativa \u00e9 de que seja produzido 1 bilh\u00e3o de litros de SAF por ano a partir de 2028, com previs\u00e3o de gerar 85 mil empregos em toda a cadeia produtiva, de acordo com estudo da Funda\u00e7\u00e3o Get\u00falio Vargas (FGV).<\/p>\n\n\n\n<p><em>\u201cN\u00f3s temos mais de 40 milh\u00f5es de hectares de terra degradadas que a gente pode recuperar produzindo outras coisas que n\u00e3o aquilo que a gente j\u00e1 planta. Por isso, o dia de hoje \u00e9 muito especial para mim, \u00e9 a concretiza\u00e7\u00e3o de um sonho que est\u00e1 se transformando, definitivamente, em realidade. E eu vi a cara das jovens e dos jovens que trabalham nessa f\u00e1brica e eu, sinceramente, vi os olhos de pessoas que sonham\u201d,<\/em> disse o presidente Luiz In\u00e1cio Lula da Silva durante o evento.<\/p>\n\n\n\n<p><strong>LEI DO COMBUST\u00cdVEL DO FUTURO &#8211; <\/strong>Segundo o ministro Alexandre Silveira (Minas e Energia), o Acelen Agripark vai impulsionar a descarboniza\u00e7\u00e3o dos setores a\u00e9reo e de transportes, um dos principais objetivos da Lei do Combust\u00edvel do Futuro, enviada pelo governo e sancionada pelo presidente Lula em 2024. Essa norma \u00e9 decisiva para estruturar o mercado de SAF no Brasil, ao estabelecer metas obrigat\u00f3rias de redu\u00e7\u00e3o das emiss\u00f5es do setor a\u00e9reo a partir de 2027 e criar previsibilidade para novos investimentos.<\/p>\n\n\n\n<p>\u201cPor que n\u00f3s somos imbat\u00edveis? Porque produzir maca\u00faba no Brasil \u00e9 mais barato do que produzir em qualquer outra parte do mundo e o presidente Lula j\u00e1 enxergava isso. E, no projeto Combust\u00edvel do Futuro, n\u00f3s criamos mandato para o diesel verde, que \u00e9 para onde vai a maca\u00faba desses 180 mil hectares que plantaremos no norte de Minas e no sul da Bahia\u201d, disse Silveira.<\/p>\n\n\n\n<p>A legisla\u00e7\u00e3o, portanto, impulsiona a atra\u00e7\u00e3o de capital privado, o desenvolvimento de tecnologias a partir de diferentes mat\u00e9rias-primas, como soja, palma, maca\u00faba e etanol, posicionando o Brasil como protagonista na transi\u00e7\u00e3o energ\u00e9tica da avia\u00e7\u00e3o. Os biocombust\u00edveis, como o SAF, t\u00eam potencial de redu\u00e7\u00e3o de at\u00e9 80% das emiss\u00f5es de CO2. \u201cTenho muito orgulho do Combust\u00edvel do Futuro\u201d, declarou Lula.<\/p>\n\n\n\n<p>NOVO PAC &#8211; O Novo PAC prev\u00ea um investimento total de R$ 30,5 bilh\u00f5es em 22 projetos de combust\u00edveis de baixo carbono. Desse montante, R$ 17,8 bilh\u00f5es ser\u00e3o aplicados entre 2023 e 2026 e R$ 12,8 bilh\u00f5es ser\u00e3o investidos ap\u00f3s 2026. A execu\u00e7\u00e3o financeira da carteira at\u00e9 agora foi de R$ 7,3 bilh\u00f5es, o que corresponde a 40,8% do valor previsto at\u00e9 o final de 2026. J\u00e1 a execu\u00e7\u00e3o f\u00edsica est\u00e1 em 29,4%.<\/p>\n\n\n\n<p>O setor \u00e9 central para a neoindustrializa\u00e7\u00e3o verde do Brasil, englobando a produ\u00e7\u00e3o de biocombust\u00edveis (biodiesel, etanol 2G, biometano e diesel verde), captura de carbono, biorefinarias e estudos de viabilidade de novos empreendimentos relacionados \u00e0 transi\u00e7\u00e3o energ\u00e9tica.<\/p>\n\n\n\n<p>Dentre os empreendimentos de combust\u00edveis de baixo carbono j\u00e1 conclu\u00eddos dentro do Novo PAC, destacam-se a maior planta de biometano do Brasil em Piracicaba (SP), que j\u00e1 fornece o g\u00e1s para produ\u00e7\u00e3o de fertilizante de baixo carbono, al\u00e9m da entrega de 3 plantas de usinas para a produ\u00e7\u00e3o de etanol de segunda gera\u00e7\u00e3o e a conclus\u00e3o, com resultados exitosos, de estudos para convers\u00e3o de uma refinaria de petr\u00f3leo em biorrefinaria.<\/p>\n\n\n\n<p>Combust\u00edveis de baixo carbono s\u00e3o fontes de energia que, quando em combust\u00e3o, emitem menos gases do efeito estufa (como o di\u00f3xido de carbono) na atmosfera em compara\u00e7\u00e3o com os combust\u00edveis f\u00f3sseis tradicionais, como gasolina, diesel e carv\u00e3o.<\/p>\n\n\n\n<p>Esses combust\u00edveis podem ser produzidos a partir de diferentes fontes, e a redu\u00e7\u00e3o de emiss\u00f5es pode ocorrer em todo o ciclo de vida, desde a produ\u00e7\u00e3o at\u00e9 o uso final. Exemplos de combust\u00edveis de baixo carbono importantes para o Brasil s\u00e3o o etanol, o etanol de segunda gera\u00e7\u00e3o (obtido a partir de baga\u00e7o e palha da cana), biodiesel, biometano, SAF, diesel verde, hidrog\u00eanio de baixo carbono, dentre v\u00e1rios outros.<\/p>\n","protected":false},"excerpt":{"rendered":"<p>Gerar pesquisa, inova\u00e7\u00e3o e tecnologia para o desenvolvimento da maca\u00faba, uma mat\u00e9ria-prima brasileira de alto poder energ\u00e9tico que ser\u00e1 usada para produzir Combust\u00edvel Sustent\u00e1vel de Avia\u00e7\u00e3o (SAF, na sigla em ingl\u00eas) e Diesel Verde (HVO). Essa \u00e9 a principal miss\u00e3o da Acelen Renov\u00e1veis, projeto que integra o Novo PAC e cujo centro de tecnologia foi [&hellip;]<\/p>\n","protected":false},"author":3,"featured_media":38509,"comment_status":"open","ping_status":"open","sticky":false,"template":"","format":"standard","meta":{"_monsterinsights_skip_tracking":false,"_monsterinsights_sitenote_active":false,"_monsterinsights_sitenote_note":"","_monsterinsights_sitenote_category":0,"footnotes":""},"categories":[34],"tags":[],"yoast_head":"<!-- This site is optimized with the Yoast SEO plugin v22.9 - https:\/\/yoast.com\/wordpress\/plugins\/seo\/ -->\n<title>Novo PAC investir\u00e1 R$ 30,5 bi em projetos de combust\u00edveis de baixo carbono at\u00e9 2030 - Portal MF<\/title>\n<meta name=\"robots\" content=\"index, follow, max-snippet:-1, max-image-preview:large, max-video-preview:-1\" \/>\n<link rel=\"canonical\" href=\"https:\/\/portalmf.com.br\/index.php\/2025\/09\/01\/novo-pac-investira-r-305-bi-em-projetos-de-combustiveis-de-baixo-carbono-ate-2030\/\" \/>\n<meta property=\"og:locale\" content=\"pt_BR\" \/>\n<meta property=\"og:type\" content=\"article\" \/>\n<meta property=\"og:title\" content=\"Novo PAC investir\u00e1 R$ 30,5 bi em projetos de combust\u00edveis de baixo carbono at\u00e9 2030 - Portal MF\" \/>\n<meta property=\"og:description\" content=\"Gerar pesquisa, inova\u00e7\u00e3o e tecnologia para o desenvolvimento da maca\u00faba, uma mat\u00e9ria-prima brasileira de alto poder energ\u00e9tico que ser\u00e1 usada para produzir Combust\u00edvel Sustent\u00e1vel de Avia\u00e7\u00e3o (SAF, na sigla em ingl\u00eas) e Diesel Verde (HVO). Essa \u00e9 a principal miss\u00e3o da Acelen Renov\u00e1veis, projeto que integra o Novo PAC e cujo centro de tecnologia foi [&hellip;]\" \/>\n<meta property=\"og:url\" content=\"https:\/\/portalmf.com.br\/index.php\/2025\/09\/01\/novo-pac-investira-r-305-bi-em-projetos-de-combustiveis-de-baixo-carbono-ate-2030\/\" \/>\n<meta property=\"og:site_name\" content=\"Portal MF\" \/>\n<meta property=\"article:author\" content=\"https:\/\/www.facebook.com\/portalmfoficial\" \/>\n<meta property=\"article:published_time\" content=\"2025-09-01T22:35:00+00:00\" \/>\n<meta property=\"article:modified_time\" content=\"2025-09-01T22:35:01+00:00\" \/>\n<meta property=\"og:image\" content=\"https:\/\/portalmf.com.br\/wp-content\/uploads\/2025\/09\/Novo-PAC-investira-R-305-bi-em-projetos-de-combustiveis-de-baixo-carbono-ate-2030.jpg\" \/>\n\t<meta property=\"og:image:width\" content=\"768\" \/>\n\t<meta property=\"og:image:height\" content=\"576\" \/>\n\t<meta property=\"og:image:type\" content=\"image\/jpeg\" \/>\n<meta name=\"author\" content=\"Reda\u00e7\u00e3o Portal MF\" \/>\n<meta name=\"twitter:card\" content=\"summary_large_image\" \/>\n<meta name=\"twitter:creator\" content=\"@https:\/\/x.com\/portalmfoficial\" \/>\n<meta name=\"twitter:label1\" content=\"Escrito por\" \/>\n\t<meta name=\"twitter:data1\" content=\"Reda\u00e7\u00e3o Portal MF\" \/>\n\t<meta name=\"twitter:label2\" content=\"Est. tempo de leitura\" \/>\n\t<meta name=\"twitter:data2\" content=\"5 minutos\" \/>\n<script type=\"application\/ld+json\" class=\"yoast-schema-graph\">{\"@context\":\"https:\/\/schema.org\",\"@graph\":[{\"@type\":\"WebPage\",\"@id\":\"https:\/\/portalmf.com.br\/index.php\/2025\/09\/01\/novo-pac-investira-r-305-bi-em-projetos-de-combustiveis-de-baixo-carbono-ate-2030\/\",\"url\":\"https:\/\/portalmf.com.br\/index.php\/2025\/09\/01\/novo-pac-investira-r-305-bi-em-projetos-de-combustiveis-de-baixo-carbono-ate-2030\/\",\"name\":\"Novo PAC investir\u00e1 R$ 30,5 bi em projetos de combust\u00edveis de baixo carbono at\u00e9 2030 - Portal MF\",\"isPartOf\":{\"@id\":\"https:\/\/portalmf.com.br\/#website\"},\"primaryImageOfPage\":{\"@id\":\"https:\/\/portalmf.com.br\/index.php\/2025\/09\/01\/novo-pac-investira-r-305-bi-em-projetos-de-combustiveis-de-baixo-carbono-ate-2030\/#primaryimage\"},\"image\":{\"@id\":\"https:\/\/portalmf.com.br\/index.php\/2025\/09\/01\/novo-pac-investira-r-305-bi-em-projetos-de-combustiveis-de-baixo-carbono-ate-2030\/#primaryimage\"},\"thumbnailUrl\":\"https:\/\/portalmf.com.br\/wp-content\/uploads\/2025\/09\/Novo-PAC-investira-R-305-bi-em-projetos-de-combustiveis-de-baixo-carbono-ate-2030.jpg\",\"datePublished\":\"2025-09-01T22:35:00+00:00\",\"dateModified\":\"2025-09-01T22:35:01+00:00\",\"author\":{\"@id\":\"https:\/\/portalmf.com.br\/#\/schema\/person\/9ec101baf56233e53520c26de5d6f6f0\"},\"breadcrumb\":{\"@id\":\"https:\/\/portalmf.com.br\/index.php\/2025\/09\/01\/novo-pac-investira-r-305-bi-em-projetos-de-combustiveis-de-baixo-carbono-ate-2030\/#breadcrumb\"},\"inLanguage\":\"pt-BR\",\"potentialAction\":[{\"@type\":\"ReadAction\",\"target\":[\"https:\/\/portalmf.com.br\/index.php\/2025\/09\/01\/novo-pac-investira-r-305-bi-em-projetos-de-combustiveis-de-baixo-carbono-ate-2030\/\"]}]},{\"@type\":\"ImageObject\",\"inLanguage\":\"pt-BR\",\"@id\":\"https:\/\/portalmf.com.br\/index.php\/2025\/09\/01\/novo-pac-investira-r-305-bi-em-projetos-de-combustiveis-de-baixo-carbono-ate-2030\/#primaryimage\",\"url\":\"https:\/\/portalmf.com.br\/wp-content\/uploads\/2025\/09\/Novo-PAC-investira-R-305-bi-em-projetos-de-combustiveis-de-baixo-carbono-ate-2030.jpg\",\"contentUrl\":\"https:\/\/portalmf.com.br\/wp-content\/uploads\/2025\/09\/Novo-PAC-investira-R-305-bi-em-projetos-de-combustiveis-de-baixo-carbono-ate-2030.jpg\",\"width\":768,\"height\":576},{\"@type\":\"BreadcrumbList\",\"@id\":\"https:\/\/portalmf.com.br\/index.php\/2025\/09\/01\/novo-pac-investira-r-305-bi-em-projetos-de-combustiveis-de-baixo-carbono-ate-2030\/#breadcrumb\",\"itemListElement\":[{\"@type\":\"ListItem\",\"position\":1,\"name\":\"In\u00edcio\",\"item\":\"https:\/\/portalmf.com.br\/\"},{\"@type\":\"ListItem\",\"position\":2,\"name\":\"Novo PAC investir\u00e1 R$ 30,5 bi em projetos de combust\u00edveis de baixo carbono at\u00e9 2030\"}]},{\"@type\":\"WebSite\",\"@id\":\"https:\/\/portalmf.com.br\/#website\",\"url\":\"https:\/\/portalmf.com.br\/\",\"name\":\"Portal MF\",\"description\":\"Voc\u00ea conectado com a informa\u00e7\u00e3o\",\"potentialAction\":[{\"@type\":\"SearchAction\",\"target\":{\"@type\":\"EntryPoint\",\"urlTemplate\":\"https:\/\/portalmf.com.br\/?s={search_term_string}\"},\"query-input\":\"required name=search_term_string\"}],\"inLanguage\":\"pt-BR\"},{\"@type\":\"Person\",\"@id\":\"https:\/\/portalmf.com.br\/#\/schema\/person\/9ec101baf56233e53520c26de5d6f6f0\",\"name\":\"Reda\u00e7\u00e3o Portal MF\",\"image\":{\"@type\":\"ImageObject\",\"inLanguage\":\"pt-BR\",\"@id\":\"https:\/\/portalmf.com.br\/#\/schema\/person\/image\/\",\"url\":\"https:\/\/secure.gravatar.com\/avatar\/41b9aaeb2100835f7c64362330f74c7f?s=96&d=mm&r=g\",\"contentUrl\":\"https:\/\/secure.gravatar.com\/avatar\/41b9aaeb2100835f7c64362330f74c7f?s=96&d=mm&r=g\",\"caption\":\"Reda\u00e7\u00e3o Portal MF\"},\"description\":\"Sejam bem-vindos o portal de informa\u00e7\u00f5es de entretenimento de Feira de Santana, desde 2006 realiza coberturas dos principais eventos com entrevistas exclusivas com as principais personalidades mundiais. Fique conectado tamb\u00e9m nas redes sociais.\",\"sameAs\":[\"http:\/\/www.portalmf.com.br\/\",\"https:\/\/www.facebook.com\/portalmfoficial\",\"https:\/\/www.instagram.com\/portalmf\/\",\"https:\/\/x.com\/https:\/\/x.com\/portalmfoficial\",\"https:\/\/www.youtube.com\/@portalmfoficial\"],\"url\":\"https:\/\/portalmf.com.br\/index.php\/author\/junior\/\"}]}<\/script>\n<!-- \/ Yoast SEO plugin. -->","yoast_head_json":{"title":"Novo PAC investir\u00e1 R$ 30,5 bi em projetos de combust\u00edveis de baixo carbono at\u00e9 2030 - Portal MF","robots":{"index":"index","follow":"follow","max-snippet":"max-snippet:-1","max-image-preview":"max-image-preview:large","max-video-preview":"max-video-preview:-1"},"canonical":"https:\/\/portalmf.com.br\/index.php\/2025\/09\/01\/novo-pac-investira-r-305-bi-em-projetos-de-combustiveis-de-baixo-carbono-ate-2030\/","og_locale":"pt_BR","og_type":"article","og_title":"Novo PAC investir\u00e1 R$ 30,5 bi em projetos de combust\u00edveis de baixo carbono at\u00e9 2030 - Portal MF","og_description":"Gerar pesquisa, inova\u00e7\u00e3o e tecnologia para o desenvolvimento da maca\u00faba, uma mat\u00e9ria-prima brasileira de alto poder energ\u00e9tico que ser\u00e1 usada para produzir Combust\u00edvel Sustent\u00e1vel de Avia\u00e7\u00e3o (SAF, na sigla em ingl\u00eas) e Diesel Verde (HVO). Essa \u00e9 a principal miss\u00e3o da Acelen Renov\u00e1veis, projeto que integra o Novo PAC e cujo centro de tecnologia foi [&hellip;]","og_url":"https:\/\/portalmf.com.br\/index.php\/2025\/09\/01\/novo-pac-investira-r-305-bi-em-projetos-de-combustiveis-de-baixo-carbono-ate-2030\/","og_site_name":"Portal MF","article_author":"https:\/\/www.facebook.com\/portalmfoficial","article_published_time":"2025-09-01T22:35:00+00:00","article_modified_time":"2025-09-01T22:35:01+00:00","og_image":[{"width":768,"height":576,"url":"https:\/\/portalmf.com.br\/wp-content\/uploads\/2025\/09\/Novo-PAC-investira-R-305-bi-em-projetos-de-combustiveis-de-baixo-carbono-ate-2030.jpg","type":"image\/jpeg"}],"author":"Reda\u00e7\u00e3o Portal MF","twitter_card":"summary_large_image","twitter_creator":"@https:\/\/x.com\/portalmfoficial","twitter_misc":{"Escrito por":"Reda\u00e7\u00e3o Portal MF","Est. tempo de leitura":"5 minutos"},"schema":{"@context":"https:\/\/schema.org","@graph":[{"@type":"WebPage","@id":"https:\/\/portalmf.com.br\/index.php\/2025\/09\/01\/novo-pac-investira-r-305-bi-em-projetos-de-combustiveis-de-baixo-carbono-ate-2030\/","url":"https:\/\/portalmf.com.br\/index.php\/2025\/09\/01\/novo-pac-investira-r-305-bi-em-projetos-de-combustiveis-de-baixo-carbono-ate-2030\/","name":"Novo PAC investir\u00e1 R$ 30,5 bi em projetos de combust\u00edveis de baixo carbono at\u00e9 2030 - Portal MF","isPartOf":{"@id":"https:\/\/portalmf.com.br\/#website"},"primaryImageOfPage":{"@id":"https:\/\/portalmf.com.br\/index.php\/2025\/09\/01\/novo-pac-investira-r-305-bi-em-projetos-de-combustiveis-de-baixo-carbono-ate-2030\/#primaryimage"},"image":{"@id":"https:\/\/portalmf.com.br\/index.php\/2025\/09\/01\/novo-pac-investira-r-305-bi-em-projetos-de-combustiveis-de-baixo-carbono-ate-2030\/#primaryimage"},"thumbnailUrl":"https:\/\/portalmf.com.br\/wp-content\/uploads\/2025\/09\/Novo-PAC-investira-R-305-bi-em-projetos-de-combustiveis-de-baixo-carbono-ate-2030.jpg","datePublished":"2025-09-01T22:35:00+00:00","dateModified":"2025-09-01T22:35:01+00:00","author":{"@id":"https:\/\/portalmf.com.br\/#\/schema\/person\/9ec101baf56233e53520c26de5d6f6f0"},"breadcrumb":{"@id":"https:\/\/portalmf.com.br\/index.php\/2025\/09\/01\/novo-pac-investira-r-305-bi-em-projetos-de-combustiveis-de-baixo-carbono-ate-2030\/#breadcrumb"},"inLanguage":"pt-BR","potentialAction":[{"@type":"ReadAction","target":["https:\/\/portalmf.com.br\/index.php\/2025\/09\/01\/novo-pac-investira-r-305-bi-em-projetos-de-combustiveis-de-baixo-carbono-ate-2030\/"]}]},{"@type":"ImageObject","inLanguage":"pt-BR","@id":"https:\/\/portalmf.com.br\/index.php\/2025\/09\/01\/novo-pac-investira-r-305-bi-em-projetos-de-combustiveis-de-baixo-carbono-ate-2030\/#primaryimage","url":"https:\/\/portalmf.com.br\/wp-content\/uploads\/2025\/09\/Novo-PAC-investira-R-305-bi-em-projetos-de-combustiveis-de-baixo-carbono-ate-2030.jpg","contentUrl":"https:\/\/portalmf.com.br\/wp-content\/uploads\/2025\/09\/Novo-PAC-investira-R-305-bi-em-projetos-de-combustiveis-de-baixo-carbono-ate-2030.jpg","width":768,"height":576},{"@type":"BreadcrumbList","@id":"https:\/\/portalmf.com.br\/index.php\/2025\/09\/01\/novo-pac-investira-r-305-bi-em-projetos-de-combustiveis-de-baixo-carbono-ate-2030\/#breadcrumb","itemListElement":[{"@type":"ListItem","position":1,"name":"In\u00edcio","item":"https:\/\/portalmf.com.br\/"},{"@type":"ListItem","position":2,"name":"Novo PAC investir\u00e1 R$ 30,5 bi em projetos de combust\u00edveis de baixo carbono at\u00e9 2030"}]},{"@type":"WebSite","@id":"https:\/\/portalmf.com.br\/#website","url":"https:\/\/portalmf.com.br\/","name":"Portal MF","description":"Voc\u00ea conectado com a informa\u00e7\u00e3o","potentialAction":[{"@type":"SearchAction","target":{"@type":"EntryPoint","urlTemplate":"https:\/\/portalmf.com.br\/?s={search_term_string}"},"query-input":"required name=search_term_string"}],"inLanguage":"pt-BR"},{"@type":"Person","@id":"https:\/\/portalmf.com.br\/#\/schema\/person\/9ec101baf56233e53520c26de5d6f6f0","name":"Reda\u00e7\u00e3o Portal MF","image":{"@type":"ImageObject","inLanguage":"pt-BR","@id":"https:\/\/portalmf.com.br\/#\/schema\/person\/image\/","url":"https:\/\/secure.gravatar.com\/avatar\/41b9aaeb2100835f7c64362330f74c7f?s=96&d=mm&r=g","contentUrl":"https:\/\/secure.gravatar.com\/avatar\/41b9aaeb2100835f7c64362330f74c7f?s=96&d=mm&r=g","caption":"Reda\u00e7\u00e3o Portal MF"},"description":"Sejam bem-vindos o portal de informa\u00e7\u00f5es de entretenimento de Feira de Santana, desde 2006 realiza coberturas dos principais eventos com entrevistas exclusivas com as principais personalidades mundiais. Fique conectado tamb\u00e9m nas redes sociais.","sameAs":["http:\/\/www.portalmf.com.br\/","https:\/\/www.facebook.com\/portalmfoficial","https:\/\/www.instagram.com\/portalmf\/","https:\/\/x.com\/https:\/\/x.com\/portalmfoficial","https:\/\/www.youtube.com\/@portalmfoficial"],"url":"https:\/\/portalmf.com.br\/index.php\/author\/junior\/"}]}},"_links":{"self":[{"href":"https:\/\/portalmf.com.br\/index.php\/wp-json\/wp\/v2\/posts\/38508"}],"collection":[{"href":"https:\/\/portalmf.com.br\/index.php\/wp-json\/wp\/v2\/posts"}],"about":[{"href":"https:\/\/portalmf.com.br\/index.php\/wp-json\/wp\/v2\/types\/post"}],"author":[{"embeddable":true,"href":"https:\/\/portalmf.com.br\/index.php\/wp-json\/wp\/v2\/users\/3"}],"replies":[{"embeddable":true,"href":"https:\/\/portalmf.com.br\/index.php\/wp-json\/wp\/v2\/comments?post=38508"}],"version-history":[{"count":1,"href":"https:\/\/portalmf.com.br\/index.php\/wp-json\/wp\/v2\/posts\/38508\/revisions"}],"predecessor-version":[{"id":38510,"href":"https:\/\/portalmf.com.br\/index.php\/wp-json\/wp\/v2\/posts\/38508\/revisions\/38510"}],"wp:featuredmedia":[{"embeddable":true,"href":"https:\/\/portalmf.com.br\/index.php\/wp-json\/wp\/v2\/media\/38509"}],"wp:attachment":[{"href":"https:\/\/portalmf.com.br\/index.php\/wp-json\/wp\/v2\/media?parent=38508"}],"wp:term":[{"taxonomy":"category","embeddable":true,"href":"https:\/\/portalmf.com.br\/index.php\/wp-json\/wp\/v2\/categories?post=38508"},{"taxonomy":"post_tag","embeddable":true,"href":"https:\/\/portalmf.com.br\/index.php\/wp-json\/wp\/v2\/tags?post=38508"}],"curies":[{"name":"wp","href":"https:\/\/api.w.org\/{rel}","templated":true}]}}