{"id":3846,"date":"2022-08-31T13:00:00","date_gmt":"2022-08-31T16:00:00","guid":{"rendered":"http:\/\/portalmf.com.br\/?p=3846"},"modified":"2022-08-31T13:41:32","modified_gmt":"2022-08-31T16:41:32","slug":"tse-aprova-restricao-ao-porte-de-armas-nas-secoes-eleitorais","status":"publish","type":"post","link":"https:\/\/portalmf.com.br\/index.php\/2022\/08\/31\/tse-aprova-restricao-ao-porte-de-armas-nas-secoes-eleitorais\/","title":{"rendered":"TSE aprova restri\u00e7\u00e3o ao porte de armas nas se\u00e7\u00f5es eleitorais"},"content":{"rendered":"\n<p>O TSE aprovou por unanimidade, nesta ter\u00e7a-feira (30),&nbsp;uma restri\u00e7\u00e3o ao porte de armas nos dias das&nbsp;<strong>elei\u00e7\u00f5es&nbsp;<\/strong>em outubro deste ano. O&nbsp;porte de armas de fogo ser\u00e1 proibido nas se\u00e7\u00f5es eleitorais e no per\u00edmetro de 100 metros nas 48 horas que antecedem pleito e nas 24 horas seguintes.<\/p>\n\n\n\n<p>A \u00fanica exce\u00e7\u00e3o relacionada \u00e0 decis\u00e3o do plen\u00e1rio ser\u00e1 feita \u00e0s for\u00e7as de seguran\u00e7a que estiverem trabalhando nos dias de vota\u00e7\u00e3o. O tribunal analisou uma&nbsp;consulta apresentada pelo deputado federal Alencar Santana (PT) no in\u00edcio de julho, relatada pelo ministro Ricardo Lewandowski.<\/p>\n\n\n\n<p>O processo&nbsp;foi enviado ao TSE ap\u00f3s Jorge Guaranho, agente penal bolsonarista, matar a tiros Marcelo Arruda, guarda municipal petista em Foz do Igua\u00e7u, durante uma festa de anivers\u00e1rio com tem\u00e1tica voltada ao ex-presidente Luiz In\u00e1cio Lula da Silva (PT).<\/p>\n\n\n\n<p>Em seu voto, Lewandowski destacou&nbsp;crescimento do n\u00famero de armas de fogo em posse de Ca\u00e7adores, Atiradores e Colecionadores, os chamados CACs e o aumento da polariza\u00e7\u00e3o pol\u00edtica no Brasil.&nbsp;<\/p>\n\n\n\n<p><em>&#8220;N\u00e3o vejo como deixar de constatar que ao quadro de aumento da viol\u00eancia e da polariza\u00e7\u00e3o, soma-se a n\u00e3o menos preocupante amplia\u00e7\u00e3o da posse e circula\u00e7\u00e3o de armas de fogo em todo o territ\u00f3rio nacional. S\u00e3o alarmantes os n\u00fameros concernentes ao n\u00famero de armas de fogo em posse da popula\u00e7\u00e3o&#8221;,<\/em> afirmou o ministro.<\/p>\n\n\n\n<p>Na consulta, a oposi\u00e7\u00e3o pedia a &#8220;proibi\u00e7\u00e3o da circula\u00e7\u00e3o de pessoas portando armas e a entrada nos locais de vota\u00e7\u00e3o e sess\u00f5es eleitorais&#8221;. O argumento \u00e9 que a seguran\u00e7a do processo eleitoral, dos eleitores e dos candidatos est\u00e3o &#8220;sob elevado risco, inclusive de vida, num momento em que se agudizam as amea\u00e7as e os ataques da turba ensandecida&#8221;, aponta o texto.<\/p>\n\n\n\n<p>Com informa\u00e7\u00f5es do IG<\/p>\n","protected":false},"excerpt":{"rendered":"<p>O TSE aprovou por unanimidade, nesta ter\u00e7a-feira (30),&nbsp;uma restri\u00e7\u00e3o ao porte de armas nos dias das&nbsp;elei\u00e7\u00f5es&nbsp;em outubro deste ano. O&nbsp;porte de armas de fogo ser\u00e1 proibido nas se\u00e7\u00f5es eleitorais e no per\u00edmetro de 100 metros nas 48 horas que antecedem pleito e nas 24 horas seguintes. A \u00fanica exce\u00e7\u00e3o relacionada \u00e0 decis\u00e3o do plen\u00e1rio ser\u00e1 [&hellip;]<\/p>\n","protected":false},"author":2,"featured_media":3847,"comment_status":"open","ping_status":"open","sticky":false,"template":"","format":"standard","meta":{"_monsterinsights_skip_tracking":false,"_monsterinsights_sitenote_active":false,"_monsterinsights_sitenote_note":"","_monsterinsights_sitenote_category":0,"footnotes":""},"categories":[34],"tags":[],"yoast_head":"<!-- This site is optimized with the Yoast SEO plugin v22.9 - https:\/\/yoast.com\/wordpress\/plugins\/seo\/ -->\n<title>TSE aprova restri\u00e7\u00e3o ao porte de armas nas se\u00e7\u00f5es eleitorais - Portal MF<\/title>\n<meta name=\"robots\" content=\"index, follow, max-snippet:-1, max-image-preview:large, max-video-preview:-1\" \/>\n<link rel=\"canonical\" href=\"https:\/\/portalmf.com.br\/index.php\/2022\/08\/31\/tse-aprova-restricao-ao-porte-de-armas-nas-secoes-eleitorais\/\" \/>\n<meta property=\"og:locale\" content=\"pt_BR\" \/>\n<meta property=\"og:type\" content=\"article\" \/>\n<meta property=\"og:title\" content=\"TSE aprova restri\u00e7\u00e3o ao porte de armas nas se\u00e7\u00f5es eleitorais - Portal MF\" \/>\n<meta property=\"og:description\" content=\"O TSE aprovou por unanimidade, nesta ter\u00e7a-feira (30),&nbsp;uma restri\u00e7\u00e3o ao porte de armas nos dias das&nbsp;elei\u00e7\u00f5es&nbsp;em outubro deste ano. O&nbsp;porte de armas de fogo ser\u00e1 proibido nas se\u00e7\u00f5es eleitorais e no per\u00edmetro de 100 metros nas 48 horas que antecedem pleito e nas 24 horas seguintes. A \u00fanica exce\u00e7\u00e3o relacionada \u00e0 decis\u00e3o do plen\u00e1rio ser\u00e1 [&hellip;]\" \/>\n<meta property=\"og:url\" content=\"https:\/\/portalmf.com.br\/index.php\/2022\/08\/31\/tse-aprova-restricao-ao-porte-de-armas-nas-secoes-eleitorais\/\" \/>\n<meta property=\"og:site_name\" content=\"Portal MF\" \/>\n<meta property=\"article:author\" content=\"reginaldojrfsa\" \/>\n<meta property=\"article:published_time\" content=\"2022-08-31T16:00:00+00:00\" \/>\n<meta property=\"article:modified_time\" content=\"2022-08-31T16:41:32+00:00\" \/>\n<meta property=\"og:image\" content=\"https:\/\/portalmf.com.br\/wp-content\/uploads\/2022\/08\/urna_eletronica.jpg\" \/>\n\t<meta property=\"og:image:width\" content=\"1200\" \/>\n\t<meta property=\"og:image:height\" content=\"800\" \/>\n\t<meta property=\"og:image:type\" content=\"image\/jpeg\" \/>\n<meta name=\"author\" content=\"Reginaldo J\u00fanior\" \/>\n<meta name=\"twitter:card\" content=\"summary_large_image\" \/>\n<meta name=\"twitter:creator\" content=\"@reginaldojrmf\" \/>\n<meta name=\"twitter:label1\" content=\"Escrito por\" \/>\n\t<meta name=\"twitter:data1\" content=\"Reginaldo J\u00fanior\" \/>\n\t<meta name=\"twitter:label2\" content=\"Est. tempo de leitura\" \/>\n\t<meta name=\"twitter:data2\" content=\"2 minutos\" \/>\n<script type=\"application\/ld+json\" class=\"yoast-schema-graph\">{\"@context\":\"https:\/\/schema.org\",\"@graph\":[{\"@type\":\"WebPage\",\"@id\":\"https:\/\/portalmf.com.br\/index.php\/2022\/08\/31\/tse-aprova-restricao-ao-porte-de-armas-nas-secoes-eleitorais\/\",\"url\":\"https:\/\/portalmf.com.br\/index.php\/2022\/08\/31\/tse-aprova-restricao-ao-porte-de-armas-nas-secoes-eleitorais\/\",\"name\":\"TSE aprova restri\u00e7\u00e3o ao porte de armas nas se\u00e7\u00f5es eleitorais - Portal MF\",\"isPartOf\":{\"@id\":\"https:\/\/portalmf.com.br\/#website\"},\"primaryImageOfPage\":{\"@id\":\"https:\/\/portalmf.com.br\/index.php\/2022\/08\/31\/tse-aprova-restricao-ao-porte-de-armas-nas-secoes-eleitorais\/#primaryimage\"},\"image\":{\"@id\":\"https:\/\/portalmf.com.br\/index.php\/2022\/08\/31\/tse-aprova-restricao-ao-porte-de-armas-nas-secoes-eleitorais\/#primaryimage\"},\"thumbnailUrl\":\"https:\/\/portalmf.com.br\/wp-content\/uploads\/2022\/08\/urna_eletronica.jpg\",\"datePublished\":\"2022-08-31T16:00:00+00:00\",\"dateModified\":\"2022-08-31T16:41:32+00:00\",\"author\":{\"@id\":\"https:\/\/portalmf.com.br\/#\/schema\/person\/11c82086fe8abc05a19147e964587285\"},\"breadcrumb\":{\"@id\":\"https:\/\/portalmf.com.br\/index.php\/2022\/08\/31\/tse-aprova-restricao-ao-porte-de-armas-nas-secoes-eleitorais\/#breadcrumb\"},\"inLanguage\":\"pt-BR\",\"potentialAction\":[{\"@type\":\"ReadAction\",\"target\":[\"https:\/\/portalmf.com.br\/index.php\/2022\/08\/31\/tse-aprova-restricao-ao-porte-de-armas-nas-secoes-eleitorais\/\"]}]},{\"@type\":\"ImageObject\",\"inLanguage\":\"pt-BR\",\"@id\":\"https:\/\/portalmf.com.br\/index.php\/2022\/08\/31\/tse-aprova-restricao-ao-porte-de-armas-nas-secoes-eleitorais\/#primaryimage\",\"url\":\"https:\/\/portalmf.com.br\/wp-content\/uploads\/2022\/08\/urna_eletronica.jpg\",\"contentUrl\":\"https:\/\/portalmf.com.br\/wp-content\/uploads\/2022\/08\/urna_eletronica.jpg\",\"width\":1200,\"height\":800},{\"@type\":\"BreadcrumbList\",\"@id\":\"https:\/\/portalmf.com.br\/index.php\/2022\/08\/31\/tse-aprova-restricao-ao-porte-de-armas-nas-secoes-eleitorais\/#breadcrumb\",\"itemListElement\":[{\"@type\":\"ListItem\",\"position\":1,\"name\":\"In\u00edcio\",\"item\":\"https:\/\/portalmf.com.br\/\"},{\"@type\":\"ListItem\",\"position\":2,\"name\":\"TSE aprova restri\u00e7\u00e3o ao porte de armas nas se\u00e7\u00f5es eleitorais\"}]},{\"@type\":\"WebSite\",\"@id\":\"https:\/\/portalmf.com.br\/#website\",\"url\":\"https:\/\/portalmf.com.br\/\",\"name\":\"Portal MF\",\"description\":\"Voc\u00ea conectado com a informa\u00e7\u00e3o\",\"potentialAction\":[{\"@type\":\"SearchAction\",\"target\":{\"@type\":\"EntryPoint\",\"urlTemplate\":\"https:\/\/portalmf.com.br\/?s={search_term_string}\"},\"query-input\":\"required name=search_term_string\"}],\"inLanguage\":\"pt-BR\"},{\"@type\":\"Person\",\"@id\":\"https:\/\/portalmf.com.br\/#\/schema\/person\/11c82086fe8abc05a19147e964587285\",\"name\":\"Reginaldo J\u00fanior\",\"image\":{\"@type\":\"ImageObject\",\"inLanguage\":\"pt-BR\",\"@id\":\"https:\/\/portalmf.com.br\/#\/schema\/person\/image\/\",\"url\":\"https:\/\/secure.gravatar.com\/avatar\/32a3c797cd0ac47cc53b8644c62776f9?s=96&d=mm&r=g\",\"contentUrl\":\"https:\/\/secure.gravatar.com\/avatar\/32a3c797cd0ac47cc53b8644c62776f9?s=96&d=mm&r=g\",\"caption\":\"Reginaldo J\u00fanior\"},\"description\":\"Jornalista e idealizador Portal MF\",\"sameAs\":[\"https:\/\/portalmf.com.br\/index.php\/author\/reginaldojr\/\",\"reginaldojrfsa\",\"reginaldojuniormf\",\"https:\/\/x.com\/reginaldojrmf\"],\"url\":\"https:\/\/portalmf.com.br\/index.php\/author\/reginaldojr\/\"}]}<\/script>\n<!-- \/ Yoast SEO plugin. -->","yoast_head_json":{"title":"TSE aprova restri\u00e7\u00e3o ao porte de armas nas se\u00e7\u00f5es eleitorais - Portal MF","robots":{"index":"index","follow":"follow","max-snippet":"max-snippet:-1","max-image-preview":"max-image-preview:large","max-video-preview":"max-video-preview:-1"},"canonical":"https:\/\/portalmf.com.br\/index.php\/2022\/08\/31\/tse-aprova-restricao-ao-porte-de-armas-nas-secoes-eleitorais\/","og_locale":"pt_BR","og_type":"article","og_title":"TSE aprova restri\u00e7\u00e3o ao porte de armas nas se\u00e7\u00f5es eleitorais - Portal MF","og_description":"O TSE aprovou por unanimidade, nesta ter\u00e7a-feira (30),&nbsp;uma restri\u00e7\u00e3o ao porte de armas nos dias das&nbsp;elei\u00e7\u00f5es&nbsp;em outubro deste ano. O&nbsp;porte de armas de fogo ser\u00e1 proibido nas se\u00e7\u00f5es eleitorais e no per\u00edmetro de 100 metros nas 48 horas que antecedem pleito e nas 24 horas seguintes. A \u00fanica exce\u00e7\u00e3o relacionada \u00e0 decis\u00e3o do plen\u00e1rio ser\u00e1 [&hellip;]","og_url":"https:\/\/portalmf.com.br\/index.php\/2022\/08\/31\/tse-aprova-restricao-ao-porte-de-armas-nas-secoes-eleitorais\/","og_site_name":"Portal MF","article_author":"reginaldojrfsa","article_published_time":"2022-08-31T16:00:00+00:00","article_modified_time":"2022-08-31T16:41:32+00:00","og_image":[{"width":1200,"height":800,"url":"https:\/\/portalmf.com.br\/wp-content\/uploads\/2022\/08\/urna_eletronica.jpg","type":"image\/jpeg"}],"author":"Reginaldo J\u00fanior","twitter_card":"summary_large_image","twitter_creator":"@reginaldojrmf","twitter_misc":{"Escrito por":"Reginaldo J\u00fanior","Est. tempo de leitura":"2 minutos"},"schema":{"@context":"https:\/\/schema.org","@graph":[{"@type":"WebPage","@id":"https:\/\/portalmf.com.br\/index.php\/2022\/08\/31\/tse-aprova-restricao-ao-porte-de-armas-nas-secoes-eleitorais\/","url":"https:\/\/portalmf.com.br\/index.php\/2022\/08\/31\/tse-aprova-restricao-ao-porte-de-armas-nas-secoes-eleitorais\/","name":"TSE aprova restri\u00e7\u00e3o ao porte de armas nas se\u00e7\u00f5es eleitorais - Portal MF","isPartOf":{"@id":"https:\/\/portalmf.com.br\/#website"},"primaryImageOfPage":{"@id":"https:\/\/portalmf.com.br\/index.php\/2022\/08\/31\/tse-aprova-restricao-ao-porte-de-armas-nas-secoes-eleitorais\/#primaryimage"},"image":{"@id":"https:\/\/portalmf.com.br\/index.php\/2022\/08\/31\/tse-aprova-restricao-ao-porte-de-armas-nas-secoes-eleitorais\/#primaryimage"},"thumbnailUrl":"https:\/\/portalmf.com.br\/wp-content\/uploads\/2022\/08\/urna_eletronica.jpg","datePublished":"2022-08-31T16:00:00+00:00","dateModified":"2022-08-31T16:41:32+00:00","author":{"@id":"https:\/\/portalmf.com.br\/#\/schema\/person\/11c82086fe8abc05a19147e964587285"},"breadcrumb":{"@id":"https:\/\/portalmf.com.br\/index.php\/2022\/08\/31\/tse-aprova-restricao-ao-porte-de-armas-nas-secoes-eleitorais\/#breadcrumb"},"inLanguage":"pt-BR","potentialAction":[{"@type":"ReadAction","target":["https:\/\/portalmf.com.br\/index.php\/2022\/08\/31\/tse-aprova-restricao-ao-porte-de-armas-nas-secoes-eleitorais\/"]}]},{"@type":"ImageObject","inLanguage":"pt-BR","@id":"https:\/\/portalmf.com.br\/index.php\/2022\/08\/31\/tse-aprova-restricao-ao-porte-de-armas-nas-secoes-eleitorais\/#primaryimage","url":"https:\/\/portalmf.com.br\/wp-content\/uploads\/2022\/08\/urna_eletronica.jpg","contentUrl":"https:\/\/portalmf.com.br\/wp-content\/uploads\/2022\/08\/urna_eletronica.jpg","width":1200,"height":800},{"@type":"BreadcrumbList","@id":"https:\/\/portalmf.com.br\/index.php\/2022\/08\/31\/tse-aprova-restricao-ao-porte-de-armas-nas-secoes-eleitorais\/#breadcrumb","itemListElement":[{"@type":"ListItem","position":1,"name":"In\u00edcio","item":"https:\/\/portalmf.com.br\/"},{"@type":"ListItem","position":2,"name":"TSE aprova restri\u00e7\u00e3o ao porte de armas nas se\u00e7\u00f5es eleitorais"}]},{"@type":"WebSite","@id":"https:\/\/portalmf.com.br\/#website","url":"https:\/\/portalmf.com.br\/","name":"Portal MF","description":"Voc\u00ea conectado com a informa\u00e7\u00e3o","potentialAction":[{"@type":"SearchAction","target":{"@type":"EntryPoint","urlTemplate":"https:\/\/portalmf.com.br\/?s={search_term_string}"},"query-input":"required name=search_term_string"}],"inLanguage":"pt-BR"},{"@type":"Person","@id":"https:\/\/portalmf.com.br\/#\/schema\/person\/11c82086fe8abc05a19147e964587285","name":"Reginaldo J\u00fanior","image":{"@type":"ImageObject","inLanguage":"pt-BR","@id":"https:\/\/portalmf.com.br\/#\/schema\/person\/image\/","url":"https:\/\/secure.gravatar.com\/avatar\/32a3c797cd0ac47cc53b8644c62776f9?s=96&d=mm&r=g","contentUrl":"https:\/\/secure.gravatar.com\/avatar\/32a3c797cd0ac47cc53b8644c62776f9?s=96&d=mm&r=g","caption":"Reginaldo J\u00fanior"},"description":"Jornalista e idealizador Portal MF","sameAs":["https:\/\/portalmf.com.br\/index.php\/author\/reginaldojr\/","reginaldojrfsa","reginaldojuniormf","https:\/\/x.com\/reginaldojrmf"],"url":"https:\/\/portalmf.com.br\/index.php\/author\/reginaldojr\/"}]}},"_links":{"self":[{"href":"https:\/\/portalmf.com.br\/index.php\/wp-json\/wp\/v2\/posts\/3846"}],"collection":[{"href":"https:\/\/portalmf.com.br\/index.php\/wp-json\/wp\/v2\/posts"}],"about":[{"href":"https:\/\/portalmf.com.br\/index.php\/wp-json\/wp\/v2\/types\/post"}],"author":[{"embeddable":true,"href":"https:\/\/portalmf.com.br\/index.php\/wp-json\/wp\/v2\/users\/2"}],"replies":[{"embeddable":true,"href":"https:\/\/portalmf.com.br\/index.php\/wp-json\/wp\/v2\/comments?post=3846"}],"version-history":[{"count":1,"href":"https:\/\/portalmf.com.br\/index.php\/wp-json\/wp\/v2\/posts\/3846\/revisions"}],"predecessor-version":[{"id":3848,"href":"https:\/\/portalmf.com.br\/index.php\/wp-json\/wp\/v2\/posts\/3846\/revisions\/3848"}],"wp:featuredmedia":[{"embeddable":true,"href":"https:\/\/portalmf.com.br\/index.php\/wp-json\/wp\/v2\/media\/3847"}],"wp:attachment":[{"href":"https:\/\/portalmf.com.br\/index.php\/wp-json\/wp\/v2\/media?parent=3846"}],"wp:term":[{"taxonomy":"category","embeddable":true,"href":"https:\/\/portalmf.com.br\/index.php\/wp-json\/wp\/v2\/categories?post=3846"},{"taxonomy":"post_tag","embeddable":true,"href":"https:\/\/portalmf.com.br\/index.php\/wp-json\/wp\/v2\/tags?post=3846"}],"curies":[{"name":"wp","href":"https:\/\/api.w.org\/{rel}","templated":true}]}}