{"id":3843,"date":"2022-08-31T12:34:00","date_gmt":"2022-08-31T15:34:00","guid":{"rendered":"http:\/\/portalmf.com.br\/?p=3843"},"modified":"2022-08-31T13:36:05","modified_gmt":"2022-08-31T16:36:05","slug":"acm-neto-percorre-25-cidades-baianas-de-sete-regioes-ate-domingo","status":"publish","type":"post","link":"https:\/\/portalmf.com.br\/index.php\/2022\/08\/31\/acm-neto-percorre-25-cidades-baianas-de-sete-regioes-ate-domingo\/","title":{"rendered":"ACM Neto percorre 25 cidades baianas de sete regi\u00f5es at\u00e9 domingo"},"content":{"rendered":"\n<p>O candidato a governador ACM Neto (Uni\u00e3o Brasil) vai participa de eventos pol\u00edticos em 25 cidades de sete regi\u00f5es da Bahia at\u00e9 este domingo (4). Numa verdadeira maratona, ser\u00e3o visitadas cidades da Chapada Diamantina, Sudoeste, regi\u00e3o de Irec\u00ea, Sert\u00e3o, Rio S\u00e3o Francisco, Vale do Jiquiri\u00e7\u00e1 e Bacia do Paramirim.<\/p>\n\n\n\n<p>Ser\u00e1 a agenda mais intensa pelo interior baiano desde o in\u00edcio da campanha e da pr\u00e9-camoanha. Com ela, ACM Neto vai se aproximar das 300 cidades percorridas antes das elei\u00e7\u00f5es. Na noite de ter\u00e7a-feira (30), o candidato participou de um encontro em Pojuca.<\/p>\n\n\n\n<p>Nesta quarta-feira (31), a agenda come\u00e7a em Ibicoara, \u00e0s 10h, com carreata pela cidade. Em seguida, acompanhado dos candidatos a vice-governadora Ana Coelho (Republicanos), e ao Senado Cac\u00e1 Le\u00e3o (PP), Neto segue para visitas a Barra da Estiva e Itua\u00e7u. O dia termina com uma caminhada ao lado da popula\u00e7\u00e3o e com evento em Anag\u00e9 a partir das 16h.<\/p>\n\n\n\n<p>Quinta-feira (1\u00b0) o candidato ter\u00e1 eventos pol\u00edticos em Gentio do Ouro, Central e Jussara. Para fechar a agenda, Neto participar\u00e1 de um evento em Xique-Xique junto ao prefeito da cidade, Reinaldinho (MDB). J\u00e1 na sexta-feira (2) o dia come\u00e7a com carreata e encontro em Caetit\u00e9, \u00e0s 10h.<\/p>\n\n\n\n<p>Depois, os candidatos seguem para carreatas em Lagoa Real, Pinda\u00ed e Ibiassuc\u00ea. \u00c0 noite, Neto participa de encontro em Cacul\u00e9 junto a lideran\u00e7as pol\u00edticas da regi\u00e3o. O evento est\u00e1 previsto para come\u00e7ar \u00e0s 19h.<\/p>\n\n\n\n<p>No s\u00e1bado (3), a comitiva de ACM Neto realiza carreatas que passam por Jaguaquara &#8211; onde tamb\u00e9m visitam o entroncamento, na BR-116 &#8211; Itiru\u00e7u, Lajedo do Tabocal, Planaltina e Nova Itarana. Ainda no dia 3, o candidato participa de carreata e evento pol\u00edtico em Marac\u00e1s, \u00e0s 14h45. O dia termina com um ato em Milagres, \u00e0s 19h.<\/p>\n\n\n\n<p>Domingo (4), \u00faltimo dia de agendas pelo interior nesta semana, ACM Neto far\u00e1 carreata nas cidades de Tanque Novo, Botupor\u00e3, e atos em Livramento, \u00e0s 14h, e Paramirim, onde se encontra com a popula\u00e7\u00e3o da cidade a partir das 16h30.<\/p>\n\n\n\n<p>A meta do candidato ao Governo da Bahia \u00e9 percorrer mais de 300 cidades at\u00e9 o fim da campanha. Desde 2021, ACM Neto iniciou sua caminhada pelo interior do estado para entender as peculiaridades e os maiores problemas de cada regi\u00e3o. Assim, construiu um Plano de Governo que leva em considera\u00e7\u00e3o as caracter\u00edsticas de cada localidade da Bahia e com a\u00e7\u00f5es direcionadas para a realidade vivida em todos os cantos do estado.<\/p>\n\n\n\n<p>Pesquisa eleitoral<\/p>\n\n\n\n<p>As \u00faltimas pesquisas eleitorais para o Governo da Bahia, divulgadas na \u00faltima semana pelo Datafolha e pelo IPEC mostraram que ACM Neto segue na lideran\u00e7a, e poder\u00e1 ser eleito ainda no primeiro turno.<\/p>\n\n\n\n<p>Enquanto Neto acumulou 56% (IPEC) e 54% (Datafolha) das inten\u00e7\u00f5es de votos, a soma dos percentuais dos seus advers\u00e1rios n\u00e3o chegou a 30% da prefer\u00eancia dos entrevistados.<\/p>\n","protected":false},"excerpt":{"rendered":"<p>O candidato a governador ACM Neto (Uni\u00e3o Brasil) vai participa de eventos pol\u00edticos em 25 cidades de sete regi\u00f5es da Bahia at\u00e9 este domingo (4). Numa verdadeira maratona, ser\u00e3o visitadas cidades da Chapada Diamantina, Sudoeste, regi\u00e3o de Irec\u00ea, Sert\u00e3o, Rio S\u00e3o Francisco, Vale do Jiquiri\u00e7\u00e1 e Bacia do Paramirim. Ser\u00e1 a agenda mais intensa pelo [&hellip;]<\/p>\n","protected":false},"author":2,"featured_media":3844,"comment_status":"open","ping_status":"open","sticky":false,"template":"","format":"standard","meta":{"_monsterinsights_skip_tracking":false,"_monsterinsights_sitenote_active":false,"_monsterinsights_sitenote_note":"","_monsterinsights_sitenote_category":0,"footnotes":""},"categories":[34],"tags":[69,66],"yoast_head":"<!-- This site is optimized with the Yoast SEO plugin v22.9 - https:\/\/yoast.com\/wordpress\/plugins\/seo\/ -->\n<title>ACM Neto percorre 25 cidades baianas de sete regi\u00f5es at\u00e9 domingo - Portal MF<\/title>\n<meta name=\"robots\" content=\"index, follow, max-snippet:-1, max-image-preview:large, max-video-preview:-1\" \/>\n<link rel=\"canonical\" href=\"https:\/\/portalmf.com.br\/index.php\/2022\/08\/31\/acm-neto-percorre-25-cidades-baianas-de-sete-regioes-ate-domingo\/\" \/>\n<meta property=\"og:locale\" content=\"pt_BR\" \/>\n<meta property=\"og:type\" content=\"article\" \/>\n<meta property=\"og:title\" content=\"ACM Neto percorre 25 cidades baianas de sete regi\u00f5es at\u00e9 domingo - Portal MF\" \/>\n<meta property=\"og:description\" content=\"O candidato a governador ACM Neto (Uni\u00e3o Brasil) vai participa de eventos pol\u00edticos em 25 cidades de sete regi\u00f5es da Bahia at\u00e9 este domingo (4). Numa verdadeira maratona, ser\u00e3o visitadas cidades da Chapada Diamantina, Sudoeste, regi\u00e3o de Irec\u00ea, Sert\u00e3o, Rio S\u00e3o Francisco, Vale do Jiquiri\u00e7\u00e1 e Bacia do Paramirim. Ser\u00e1 a agenda mais intensa pelo [&hellip;]\" \/>\n<meta property=\"og:url\" content=\"https:\/\/portalmf.com.br\/index.php\/2022\/08\/31\/acm-neto-percorre-25-cidades-baianas-de-sete-regioes-ate-domingo\/\" \/>\n<meta property=\"og:site_name\" content=\"Portal MF\" \/>\n<meta property=\"article:author\" content=\"reginaldojrfsa\" \/>\n<meta property=\"article:published_time\" content=\"2022-08-31T15:34:00+00:00\" \/>\n<meta property=\"article:modified_time\" content=\"2022-08-31T16:36:05+00:00\" \/>\n<meta property=\"og:image\" content=\"https:\/\/portalmf.com.br\/wp-content\/uploads\/2022\/08\/ACM-Neto-1.jpeg\" \/>\n\t<meta property=\"og:image:width\" content=\"1280\" \/>\n\t<meta property=\"og:image:height\" content=\"854\" \/>\n\t<meta property=\"og:image:type\" content=\"image\/jpeg\" \/>\n<meta name=\"author\" content=\"Reginaldo J\u00fanior\" \/>\n<meta name=\"twitter:card\" content=\"summary_large_image\" \/>\n<meta name=\"twitter:creator\" content=\"@reginaldojrmf\" \/>\n<meta name=\"twitter:label1\" content=\"Escrito por\" \/>\n\t<meta name=\"twitter:data1\" content=\"Reginaldo J\u00fanior\" \/>\n\t<meta name=\"twitter:label2\" content=\"Est. tempo de leitura\" \/>\n\t<meta name=\"twitter:data2\" content=\"3 minutos\" \/>\n<script type=\"application\/ld+json\" class=\"yoast-schema-graph\">{\"@context\":\"https:\/\/schema.org\",\"@graph\":[{\"@type\":\"WebPage\",\"@id\":\"https:\/\/portalmf.com.br\/index.php\/2022\/08\/31\/acm-neto-percorre-25-cidades-baianas-de-sete-regioes-ate-domingo\/\",\"url\":\"https:\/\/portalmf.com.br\/index.php\/2022\/08\/31\/acm-neto-percorre-25-cidades-baianas-de-sete-regioes-ate-domingo\/\",\"name\":\"ACM Neto percorre 25 cidades baianas de sete regi\u00f5es at\u00e9 domingo - Portal MF\",\"isPartOf\":{\"@id\":\"https:\/\/portalmf.com.br\/#website\"},\"primaryImageOfPage\":{\"@id\":\"https:\/\/portalmf.com.br\/index.php\/2022\/08\/31\/acm-neto-percorre-25-cidades-baianas-de-sete-regioes-ate-domingo\/#primaryimage\"},\"image\":{\"@id\":\"https:\/\/portalmf.com.br\/index.php\/2022\/08\/31\/acm-neto-percorre-25-cidades-baianas-de-sete-regioes-ate-domingo\/#primaryimage\"},\"thumbnailUrl\":\"https:\/\/portalmf.com.br\/wp-content\/uploads\/2022\/08\/ACM-Neto-1.jpeg\",\"datePublished\":\"2022-08-31T15:34:00+00:00\",\"dateModified\":\"2022-08-31T16:36:05+00:00\",\"author\":{\"@id\":\"https:\/\/portalmf.com.br\/#\/schema\/person\/11c82086fe8abc05a19147e964587285\"},\"breadcrumb\":{\"@id\":\"https:\/\/portalmf.com.br\/index.php\/2022\/08\/31\/acm-neto-percorre-25-cidades-baianas-de-sete-regioes-ate-domingo\/#breadcrumb\"},\"inLanguage\":\"pt-BR\",\"potentialAction\":[{\"@type\":\"ReadAction\",\"target\":[\"https:\/\/portalmf.com.br\/index.php\/2022\/08\/31\/acm-neto-percorre-25-cidades-baianas-de-sete-regioes-ate-domingo\/\"]}]},{\"@type\":\"ImageObject\",\"inLanguage\":\"pt-BR\",\"@id\":\"https:\/\/portalmf.com.br\/index.php\/2022\/08\/31\/acm-neto-percorre-25-cidades-baianas-de-sete-regioes-ate-domingo\/#primaryimage\",\"url\":\"https:\/\/portalmf.com.br\/wp-content\/uploads\/2022\/08\/ACM-Neto-1.jpeg\",\"contentUrl\":\"https:\/\/portalmf.com.br\/wp-content\/uploads\/2022\/08\/ACM-Neto-1.jpeg\",\"width\":1280,\"height\":854},{\"@type\":\"BreadcrumbList\",\"@id\":\"https:\/\/portalmf.com.br\/index.php\/2022\/08\/31\/acm-neto-percorre-25-cidades-baianas-de-sete-regioes-ate-domingo\/#breadcrumb\",\"itemListElement\":[{\"@type\":\"ListItem\",\"position\":1,\"name\":\"In\u00edcio\",\"item\":\"https:\/\/portalmf.com.br\/\"},{\"@type\":\"ListItem\",\"position\":2,\"name\":\"ACM Neto percorre 25 cidades baianas de sete regi\u00f5es at\u00e9 domingo\"}]},{\"@type\":\"WebSite\",\"@id\":\"https:\/\/portalmf.com.br\/#website\",\"url\":\"https:\/\/portalmf.com.br\/\",\"name\":\"Portal MF\",\"description\":\"Voc\u00ea conectado com a informa\u00e7\u00e3o\",\"potentialAction\":[{\"@type\":\"SearchAction\",\"target\":{\"@type\":\"EntryPoint\",\"urlTemplate\":\"https:\/\/portalmf.com.br\/?s={search_term_string}\"},\"query-input\":\"required name=search_term_string\"}],\"inLanguage\":\"pt-BR\"},{\"@type\":\"Person\",\"@id\":\"https:\/\/portalmf.com.br\/#\/schema\/person\/11c82086fe8abc05a19147e964587285\",\"name\":\"Reginaldo J\u00fanior\",\"image\":{\"@type\":\"ImageObject\",\"inLanguage\":\"pt-BR\",\"@id\":\"https:\/\/portalmf.com.br\/#\/schema\/person\/image\/\",\"url\":\"https:\/\/secure.gravatar.com\/avatar\/32a3c797cd0ac47cc53b8644c62776f9?s=96&d=mm&r=g\",\"contentUrl\":\"https:\/\/secure.gravatar.com\/avatar\/32a3c797cd0ac47cc53b8644c62776f9?s=96&d=mm&r=g\",\"caption\":\"Reginaldo J\u00fanior\"},\"description\":\"Jornalista e idealizador Portal MF\",\"sameAs\":[\"https:\/\/portalmf.com.br\/index.php\/author\/reginaldojr\/\",\"reginaldojrfsa\",\"reginaldojuniormf\",\"https:\/\/x.com\/reginaldojrmf\"],\"url\":\"https:\/\/portalmf.com.br\/index.php\/author\/reginaldojr\/\"}]}<\/script>\n<!-- \/ Yoast SEO plugin. -->","yoast_head_json":{"title":"ACM Neto percorre 25 cidades baianas de sete regi\u00f5es at\u00e9 domingo - Portal MF","robots":{"index":"index","follow":"follow","max-snippet":"max-snippet:-1","max-image-preview":"max-image-preview:large","max-video-preview":"max-video-preview:-1"},"canonical":"https:\/\/portalmf.com.br\/index.php\/2022\/08\/31\/acm-neto-percorre-25-cidades-baianas-de-sete-regioes-ate-domingo\/","og_locale":"pt_BR","og_type":"article","og_title":"ACM Neto percorre 25 cidades baianas de sete regi\u00f5es at\u00e9 domingo - Portal MF","og_description":"O candidato a governador ACM Neto (Uni\u00e3o Brasil) vai participa de eventos pol\u00edticos em 25 cidades de sete regi\u00f5es da Bahia at\u00e9 este domingo (4). Numa verdadeira maratona, ser\u00e3o visitadas cidades da Chapada Diamantina, Sudoeste, regi\u00e3o de Irec\u00ea, Sert\u00e3o, Rio S\u00e3o Francisco, Vale do Jiquiri\u00e7\u00e1 e Bacia do Paramirim. Ser\u00e1 a agenda mais intensa pelo [&hellip;]","og_url":"https:\/\/portalmf.com.br\/index.php\/2022\/08\/31\/acm-neto-percorre-25-cidades-baianas-de-sete-regioes-ate-domingo\/","og_site_name":"Portal MF","article_author":"reginaldojrfsa","article_published_time":"2022-08-31T15:34:00+00:00","article_modified_time":"2022-08-31T16:36:05+00:00","og_image":[{"width":1280,"height":854,"url":"https:\/\/portalmf.com.br\/wp-content\/uploads\/2022\/08\/ACM-Neto-1.jpeg","type":"image\/jpeg"}],"author":"Reginaldo J\u00fanior","twitter_card":"summary_large_image","twitter_creator":"@reginaldojrmf","twitter_misc":{"Escrito por":"Reginaldo J\u00fanior","Est. tempo de leitura":"3 minutos"},"schema":{"@context":"https:\/\/schema.org","@graph":[{"@type":"WebPage","@id":"https:\/\/portalmf.com.br\/index.php\/2022\/08\/31\/acm-neto-percorre-25-cidades-baianas-de-sete-regioes-ate-domingo\/","url":"https:\/\/portalmf.com.br\/index.php\/2022\/08\/31\/acm-neto-percorre-25-cidades-baianas-de-sete-regioes-ate-domingo\/","name":"ACM Neto percorre 25 cidades baianas de sete regi\u00f5es at\u00e9 domingo - Portal MF","isPartOf":{"@id":"https:\/\/portalmf.com.br\/#website"},"primaryImageOfPage":{"@id":"https:\/\/portalmf.com.br\/index.php\/2022\/08\/31\/acm-neto-percorre-25-cidades-baianas-de-sete-regioes-ate-domingo\/#primaryimage"},"image":{"@id":"https:\/\/portalmf.com.br\/index.php\/2022\/08\/31\/acm-neto-percorre-25-cidades-baianas-de-sete-regioes-ate-domingo\/#primaryimage"},"thumbnailUrl":"https:\/\/portalmf.com.br\/wp-content\/uploads\/2022\/08\/ACM-Neto-1.jpeg","datePublished":"2022-08-31T15:34:00+00:00","dateModified":"2022-08-31T16:36:05+00:00","author":{"@id":"https:\/\/portalmf.com.br\/#\/schema\/person\/11c82086fe8abc05a19147e964587285"},"breadcrumb":{"@id":"https:\/\/portalmf.com.br\/index.php\/2022\/08\/31\/acm-neto-percorre-25-cidades-baianas-de-sete-regioes-ate-domingo\/#breadcrumb"},"inLanguage":"pt-BR","potentialAction":[{"@type":"ReadAction","target":["https:\/\/portalmf.com.br\/index.php\/2022\/08\/31\/acm-neto-percorre-25-cidades-baianas-de-sete-regioes-ate-domingo\/"]}]},{"@type":"ImageObject","inLanguage":"pt-BR","@id":"https:\/\/portalmf.com.br\/index.php\/2022\/08\/31\/acm-neto-percorre-25-cidades-baianas-de-sete-regioes-ate-domingo\/#primaryimage","url":"https:\/\/portalmf.com.br\/wp-content\/uploads\/2022\/08\/ACM-Neto-1.jpeg","contentUrl":"https:\/\/portalmf.com.br\/wp-content\/uploads\/2022\/08\/ACM-Neto-1.jpeg","width":1280,"height":854},{"@type":"BreadcrumbList","@id":"https:\/\/portalmf.com.br\/index.php\/2022\/08\/31\/acm-neto-percorre-25-cidades-baianas-de-sete-regioes-ate-domingo\/#breadcrumb","itemListElement":[{"@type":"ListItem","position":1,"name":"In\u00edcio","item":"https:\/\/portalmf.com.br\/"},{"@type":"ListItem","position":2,"name":"ACM Neto percorre 25 cidades baianas de sete regi\u00f5es at\u00e9 domingo"}]},{"@type":"WebSite","@id":"https:\/\/portalmf.com.br\/#website","url":"https:\/\/portalmf.com.br\/","name":"Portal MF","description":"Voc\u00ea conectado com a informa\u00e7\u00e3o","potentialAction":[{"@type":"SearchAction","target":{"@type":"EntryPoint","urlTemplate":"https:\/\/portalmf.com.br\/?s={search_term_string}"},"query-input":"required name=search_term_string"}],"inLanguage":"pt-BR"},{"@type":"Person","@id":"https:\/\/portalmf.com.br\/#\/schema\/person\/11c82086fe8abc05a19147e964587285","name":"Reginaldo J\u00fanior","image":{"@type":"ImageObject","inLanguage":"pt-BR","@id":"https:\/\/portalmf.com.br\/#\/schema\/person\/image\/","url":"https:\/\/secure.gravatar.com\/avatar\/32a3c797cd0ac47cc53b8644c62776f9?s=96&d=mm&r=g","contentUrl":"https:\/\/secure.gravatar.com\/avatar\/32a3c797cd0ac47cc53b8644c62776f9?s=96&d=mm&r=g","caption":"Reginaldo J\u00fanior"},"description":"Jornalista e idealizador Portal MF","sameAs":["https:\/\/portalmf.com.br\/index.php\/author\/reginaldojr\/","reginaldojrfsa","reginaldojuniormf","https:\/\/x.com\/reginaldojrmf"],"url":"https:\/\/portalmf.com.br\/index.php\/author\/reginaldojr\/"}]}},"_links":{"self":[{"href":"https:\/\/portalmf.com.br\/index.php\/wp-json\/wp\/v2\/posts\/3843"}],"collection":[{"href":"https:\/\/portalmf.com.br\/index.php\/wp-json\/wp\/v2\/posts"}],"about":[{"href":"https:\/\/portalmf.com.br\/index.php\/wp-json\/wp\/v2\/types\/post"}],"author":[{"embeddable":true,"href":"https:\/\/portalmf.com.br\/index.php\/wp-json\/wp\/v2\/users\/2"}],"replies":[{"embeddable":true,"href":"https:\/\/portalmf.com.br\/index.php\/wp-json\/wp\/v2\/comments?post=3843"}],"version-history":[{"count":1,"href":"https:\/\/portalmf.com.br\/index.php\/wp-json\/wp\/v2\/posts\/3843\/revisions"}],"predecessor-version":[{"id":3845,"href":"https:\/\/portalmf.com.br\/index.php\/wp-json\/wp\/v2\/posts\/3843\/revisions\/3845"}],"wp:featuredmedia":[{"embeddable":true,"href":"https:\/\/portalmf.com.br\/index.php\/wp-json\/wp\/v2\/media\/3844"}],"wp:attachment":[{"href":"https:\/\/portalmf.com.br\/index.php\/wp-json\/wp\/v2\/media?parent=3843"}],"wp:term":[{"taxonomy":"category","embeddable":true,"href":"https:\/\/portalmf.com.br\/index.php\/wp-json\/wp\/v2\/categories?post=3843"},{"taxonomy":"post_tag","embeddable":true,"href":"https:\/\/portalmf.com.br\/index.php\/wp-json\/wp\/v2\/tags?post=3843"}],"curies":[{"name":"wp","href":"https:\/\/api.w.org\/{rel}","templated":true}]}}