{"id":3840,"date":"2022-08-31T11:29:00","date_gmt":"2022-08-31T14:29:00","guid":{"rendered":"http:\/\/portalmf.com.br\/?p=3840"},"modified":"2022-08-31T13:33:37","modified_gmt":"2022-08-31T16:33:37","slug":"jeronimo-destaca-importancia-de-feira-de-santana-e-garante-atencao-para-cultura-e-aeroporto-da-cidade","status":"publish","type":"post","link":"https:\/\/portalmf.com.br\/index.php\/2022\/08\/31\/jeronimo-destaca-importancia-de-feira-de-santana-e-garante-atencao-para-cultura-e-aeroporto-da-cidade\/","title":{"rendered":"Jer\u00f4nimo destaca import\u00e2ncia de Feira de Santana e garante aten\u00e7\u00e3o para cultura e aeroporto da cidade"},"content":{"rendered":"\n<p>O candidato a governador Jer\u00f4nimo Rodrigues (PT) garantiu que ir\u00e1 atuar pelo fortalecimento de eventos culturais e empresariais em Feira de Santana, al\u00e9m do compromisso de atuar pela moderniza\u00e7\u00e3o e melhoria do aeroporto da cidade. O petista concedeu entrevista \u00e0 r\u00e1dio Princesa, de Feira de Santana, nesta quarta-feira (31).<\/p>\n\n\n\n<p><em>&#8220;Eu digo aqui e me comprometo: Feira de Santana ter\u00e1 um centro de conven\u00e7\u00f5es do tamanho que merece. Vamos atuar para fortalecer e incentivar o cen\u00e1rio cultural, social e econ\u00f4mico da cidade<\/em>&#8220;, afirmou o candidato do Time de Lula na Bahia.<\/p>\n\n\n\n<p><em>&#8220;Eu defendo e vou trabalhar pelo aeroporto de Feira de Santana. Feira \u00e9 uma cidade de extrema import\u00e2ncia para Bahia e assim ser\u00e1 tratada. Um aeroporto de qualidade \u00e9 muito importante para garantir o desenvolvimento econ\u00f4mico&#8221;,<\/em> complementou o petista.<\/p>\n\n\n\n<p>Jer\u00f4nimo lembrou ainda que sua hist\u00f3ria se mistura com a de Feira de Santana. O candidato destacou sua rela\u00e7\u00e3o com a UEFS, universidade da qual \u00e9 professor licenciado, e salientou que ir\u00e1 atuar para promover uma parceria entre a universidade e a popula\u00e7\u00e3o.<\/p>\n\n\n\n<p><em>&#8220;N\u00f3s estamos rodando toda Bahia na nossa campanha, estamos ouvindo e dialogando para conhecer ainda mais as demandas da popula\u00e7\u00e3o e isso n\u00e3o ser\u00e1 diferente com Feira. Atuarei em parceria com os prefeitos e cons\u00f3rcios para modernizar e dinamizar a economia da cidade&#8221;,<\/em> garantiu Jer\u00f4nimo.<\/p>\n\n\n\n<p><strong>Educa\u00e7\u00e3o<\/strong><\/p>\n\n\n\n<p><em>&#8220;&#8216;Eu quero e gosto sempre de destacar a import\u00e2ncia de ampliarmos os investimentos em Educa\u00e7\u00e3o. Investir na educa\u00e7\u00e3o da Bahia significa obter resultados de curto, de m\u00e9dio e longo prazo. Com investimentos neste segmento iremos melhorar os ind\u00edces de aprendizado, formar melhor o cidad\u00e3o, o trabalhador e assim, garantir uma melhora de vida para nossa popula\u00e7\u00e3o<\/em>&#8220;, afirmou Jer\u00f4nimo.<\/p>\n\n\n\n<p>O petista lembrou ainda que mais de R$ 4,5 bilh\u00f5es foram investidos nas escolas p\u00fablicas, com obras de infraestrutura, melhoria de equipamentos e valoriza\u00e7\u00e3o dos profissionais. O candidato de Lula na Bahia garantiu que ir\u00e1 fortalecer o Programa Mais Futuro, que garante assist\u00eancia estudantil, os programas Partiu Est\u00e1gio e Primeiro Emprego, que atuam para inserir os jovens no mercado de trabalho, fortalecer o Universidade para Todos e ampliar o Educar para Trabalhar, que atualmente atende 141 mil estudantes.<\/p>\n","protected":false},"excerpt":{"rendered":"<p>O candidato a governador Jer\u00f4nimo Rodrigues (PT) garantiu que ir\u00e1 atuar pelo fortalecimento de eventos culturais e empresariais em Feira de Santana, al\u00e9m do compromisso de atuar pela moderniza\u00e7\u00e3o e melhoria do aeroporto da cidade. O petista concedeu entrevista \u00e0 r\u00e1dio Princesa, de Feira de Santana, nesta quarta-feira (31). &#8220;Eu digo aqui e me comprometo: [&hellip;]<\/p>\n","protected":false},"author":2,"featured_media":3841,"comment_status":"open","ping_status":"open","sticky":false,"template":"","format":"standard","meta":{"_monsterinsights_skip_tracking":false,"_monsterinsights_sitenote_active":false,"_monsterinsights_sitenote_note":"","_monsterinsights_sitenote_category":0,"footnotes":""},"categories":[34],"tags":[123,73,70],"yoast_head":"<!-- This site is optimized with the Yoast SEO plugin v22.9 - https:\/\/yoast.com\/wordpress\/plugins\/seo\/ -->\n<title>Jer\u00f4nimo destaca import\u00e2ncia de Feira de Santana e garante aten\u00e7\u00e3o para cultura e aeroporto da cidade - Portal MF<\/title>\n<meta name=\"robots\" content=\"index, follow, max-snippet:-1, max-image-preview:large, max-video-preview:-1\" \/>\n<link rel=\"canonical\" href=\"https:\/\/portalmf.com.br\/index.php\/2022\/08\/31\/jeronimo-destaca-importancia-de-feira-de-santana-e-garante-atencao-para-cultura-e-aeroporto-da-cidade\/\" \/>\n<meta property=\"og:locale\" content=\"pt_BR\" \/>\n<meta property=\"og:type\" content=\"article\" \/>\n<meta property=\"og:title\" content=\"Jer\u00f4nimo destaca import\u00e2ncia de Feira de Santana e garante aten\u00e7\u00e3o para cultura e aeroporto da cidade - Portal MF\" \/>\n<meta property=\"og:description\" content=\"O candidato a governador Jer\u00f4nimo Rodrigues (PT) garantiu que ir\u00e1 atuar pelo fortalecimento de eventos culturais e empresariais em Feira de Santana, al\u00e9m do compromisso de atuar pela moderniza\u00e7\u00e3o e melhoria do aeroporto da cidade. O petista concedeu entrevista \u00e0 r\u00e1dio Princesa, de Feira de Santana, nesta quarta-feira (31). &#8220;Eu digo aqui e me comprometo: [&hellip;]\" \/>\n<meta property=\"og:url\" content=\"https:\/\/portalmf.com.br\/index.php\/2022\/08\/31\/jeronimo-destaca-importancia-de-feira-de-santana-e-garante-atencao-para-cultura-e-aeroporto-da-cidade\/\" \/>\n<meta property=\"og:site_name\" content=\"Portal MF\" \/>\n<meta property=\"article:author\" content=\"reginaldojrfsa\" \/>\n<meta property=\"article:published_time\" content=\"2022-08-31T14:29:00+00:00\" \/>\n<meta property=\"article:modified_time\" content=\"2022-08-31T16:33:37+00:00\" \/>\n<meta property=\"og:image\" content=\"https:\/\/portalmf.com.br\/wp-content\/uploads\/2022\/08\/WhatsApp-Image-2022-08-31-at-08.48.12.jpeg\" \/>\n\t<meta property=\"og:image:width\" content=\"1280\" \/>\n\t<meta property=\"og:image:height\" content=\"853\" \/>\n\t<meta property=\"og:image:type\" content=\"image\/jpeg\" \/>\n<meta name=\"author\" content=\"Reginaldo J\u00fanior\" \/>\n<meta name=\"twitter:card\" content=\"summary_large_image\" \/>\n<meta name=\"twitter:creator\" content=\"@reginaldojrmf\" \/>\n<meta name=\"twitter:label1\" content=\"Escrito por\" \/>\n\t<meta name=\"twitter:data1\" content=\"Reginaldo J\u00fanior\" \/>\n\t<meta name=\"twitter:label2\" content=\"Est. tempo de leitura\" \/>\n\t<meta name=\"twitter:data2\" content=\"2 minutos\" \/>\n<script type=\"application\/ld+json\" class=\"yoast-schema-graph\">{\"@context\":\"https:\/\/schema.org\",\"@graph\":[{\"@type\":\"WebPage\",\"@id\":\"https:\/\/portalmf.com.br\/index.php\/2022\/08\/31\/jeronimo-destaca-importancia-de-feira-de-santana-e-garante-atencao-para-cultura-e-aeroporto-da-cidade\/\",\"url\":\"https:\/\/portalmf.com.br\/index.php\/2022\/08\/31\/jeronimo-destaca-importancia-de-feira-de-santana-e-garante-atencao-para-cultura-e-aeroporto-da-cidade\/\",\"name\":\"Jer\u00f4nimo destaca import\u00e2ncia de Feira de Santana e garante aten\u00e7\u00e3o para cultura e aeroporto da cidade - Portal MF\",\"isPartOf\":{\"@id\":\"https:\/\/portalmf.com.br\/#website\"},\"primaryImageOfPage\":{\"@id\":\"https:\/\/portalmf.com.br\/index.php\/2022\/08\/31\/jeronimo-destaca-importancia-de-feira-de-santana-e-garante-atencao-para-cultura-e-aeroporto-da-cidade\/#primaryimage\"},\"image\":{\"@id\":\"https:\/\/portalmf.com.br\/index.php\/2022\/08\/31\/jeronimo-destaca-importancia-de-feira-de-santana-e-garante-atencao-para-cultura-e-aeroporto-da-cidade\/#primaryimage\"},\"thumbnailUrl\":\"https:\/\/portalmf.com.br\/wp-content\/uploads\/2022\/08\/WhatsApp-Image-2022-08-31-at-08.48.12.jpeg\",\"datePublished\":\"2022-08-31T14:29:00+00:00\",\"dateModified\":\"2022-08-31T16:33:37+00:00\",\"author\":{\"@id\":\"https:\/\/portalmf.com.br\/#\/schema\/person\/11c82086fe8abc05a19147e964587285\"},\"breadcrumb\":{\"@id\":\"https:\/\/portalmf.com.br\/index.php\/2022\/08\/31\/jeronimo-destaca-importancia-de-feira-de-santana-e-garante-atencao-para-cultura-e-aeroporto-da-cidade\/#breadcrumb\"},\"inLanguage\":\"pt-BR\",\"potentialAction\":[{\"@type\":\"ReadAction\",\"target\":[\"https:\/\/portalmf.com.br\/index.php\/2022\/08\/31\/jeronimo-destaca-importancia-de-feira-de-santana-e-garante-atencao-para-cultura-e-aeroporto-da-cidade\/\"]}]},{\"@type\":\"ImageObject\",\"inLanguage\":\"pt-BR\",\"@id\":\"https:\/\/portalmf.com.br\/index.php\/2022\/08\/31\/jeronimo-destaca-importancia-de-feira-de-santana-e-garante-atencao-para-cultura-e-aeroporto-da-cidade\/#primaryimage\",\"url\":\"https:\/\/portalmf.com.br\/wp-content\/uploads\/2022\/08\/WhatsApp-Image-2022-08-31-at-08.48.12.jpeg\",\"contentUrl\":\"https:\/\/portalmf.com.br\/wp-content\/uploads\/2022\/08\/WhatsApp-Image-2022-08-31-at-08.48.12.jpeg\",\"width\":1280,\"height\":853},{\"@type\":\"BreadcrumbList\",\"@id\":\"https:\/\/portalmf.com.br\/index.php\/2022\/08\/31\/jeronimo-destaca-importancia-de-feira-de-santana-e-garante-atencao-para-cultura-e-aeroporto-da-cidade\/#breadcrumb\",\"itemListElement\":[{\"@type\":\"ListItem\",\"position\":1,\"name\":\"In\u00edcio\",\"item\":\"https:\/\/portalmf.com.br\/\"},{\"@type\":\"ListItem\",\"position\":2,\"name\":\"Jer\u00f4nimo destaca import\u00e2ncia de Feira de Santana e garante aten\u00e7\u00e3o para cultura e aeroporto da cidade\"}]},{\"@type\":\"WebSite\",\"@id\":\"https:\/\/portalmf.com.br\/#website\",\"url\":\"https:\/\/portalmf.com.br\/\",\"name\":\"Portal MF\",\"description\":\"Voc\u00ea conectado com a informa\u00e7\u00e3o\",\"potentialAction\":[{\"@type\":\"SearchAction\",\"target\":{\"@type\":\"EntryPoint\",\"urlTemplate\":\"https:\/\/portalmf.com.br\/?s={search_term_string}\"},\"query-input\":\"required name=search_term_string\"}],\"inLanguage\":\"pt-BR\"},{\"@type\":\"Person\",\"@id\":\"https:\/\/portalmf.com.br\/#\/schema\/person\/11c82086fe8abc05a19147e964587285\",\"name\":\"Reginaldo J\u00fanior\",\"image\":{\"@type\":\"ImageObject\",\"inLanguage\":\"pt-BR\",\"@id\":\"https:\/\/portalmf.com.br\/#\/schema\/person\/image\/\",\"url\":\"https:\/\/secure.gravatar.com\/avatar\/32a3c797cd0ac47cc53b8644c62776f9?s=96&d=mm&r=g\",\"contentUrl\":\"https:\/\/secure.gravatar.com\/avatar\/32a3c797cd0ac47cc53b8644c62776f9?s=96&d=mm&r=g\",\"caption\":\"Reginaldo J\u00fanior\"},\"description\":\"Jornalista e idealizador Portal MF\",\"sameAs\":[\"https:\/\/portalmf.com.br\/index.php\/author\/reginaldojr\/\",\"reginaldojrfsa\",\"reginaldojuniormf\",\"https:\/\/x.com\/reginaldojrmf\"],\"url\":\"https:\/\/portalmf.com.br\/index.php\/author\/reginaldojr\/\"}]}<\/script>\n<!-- \/ Yoast SEO plugin. -->","yoast_head_json":{"title":"Jer\u00f4nimo destaca import\u00e2ncia de Feira de Santana e garante aten\u00e7\u00e3o para cultura e aeroporto da cidade - Portal MF","robots":{"index":"index","follow":"follow","max-snippet":"max-snippet:-1","max-image-preview":"max-image-preview:large","max-video-preview":"max-video-preview:-1"},"canonical":"https:\/\/portalmf.com.br\/index.php\/2022\/08\/31\/jeronimo-destaca-importancia-de-feira-de-santana-e-garante-atencao-para-cultura-e-aeroporto-da-cidade\/","og_locale":"pt_BR","og_type":"article","og_title":"Jer\u00f4nimo destaca import\u00e2ncia de Feira de Santana e garante aten\u00e7\u00e3o para cultura e aeroporto da cidade - Portal MF","og_description":"O candidato a governador Jer\u00f4nimo Rodrigues (PT) garantiu que ir\u00e1 atuar pelo fortalecimento de eventos culturais e empresariais em Feira de Santana, al\u00e9m do compromisso de atuar pela moderniza\u00e7\u00e3o e melhoria do aeroporto da cidade. O petista concedeu entrevista \u00e0 r\u00e1dio Princesa, de Feira de Santana, nesta quarta-feira (31). &#8220;Eu digo aqui e me comprometo: [&hellip;]","og_url":"https:\/\/portalmf.com.br\/index.php\/2022\/08\/31\/jeronimo-destaca-importancia-de-feira-de-santana-e-garante-atencao-para-cultura-e-aeroporto-da-cidade\/","og_site_name":"Portal MF","article_author":"reginaldojrfsa","article_published_time":"2022-08-31T14:29:00+00:00","article_modified_time":"2022-08-31T16:33:37+00:00","og_image":[{"width":1280,"height":853,"url":"https:\/\/portalmf.com.br\/wp-content\/uploads\/2022\/08\/WhatsApp-Image-2022-08-31-at-08.48.12.jpeg","type":"image\/jpeg"}],"author":"Reginaldo J\u00fanior","twitter_card":"summary_large_image","twitter_creator":"@reginaldojrmf","twitter_misc":{"Escrito por":"Reginaldo J\u00fanior","Est. tempo de leitura":"2 minutos"},"schema":{"@context":"https:\/\/schema.org","@graph":[{"@type":"WebPage","@id":"https:\/\/portalmf.com.br\/index.php\/2022\/08\/31\/jeronimo-destaca-importancia-de-feira-de-santana-e-garante-atencao-para-cultura-e-aeroporto-da-cidade\/","url":"https:\/\/portalmf.com.br\/index.php\/2022\/08\/31\/jeronimo-destaca-importancia-de-feira-de-santana-e-garante-atencao-para-cultura-e-aeroporto-da-cidade\/","name":"Jer\u00f4nimo destaca import\u00e2ncia de Feira de Santana e garante aten\u00e7\u00e3o para cultura e aeroporto da cidade - Portal MF","isPartOf":{"@id":"https:\/\/portalmf.com.br\/#website"},"primaryImageOfPage":{"@id":"https:\/\/portalmf.com.br\/index.php\/2022\/08\/31\/jeronimo-destaca-importancia-de-feira-de-santana-e-garante-atencao-para-cultura-e-aeroporto-da-cidade\/#primaryimage"},"image":{"@id":"https:\/\/portalmf.com.br\/index.php\/2022\/08\/31\/jeronimo-destaca-importancia-de-feira-de-santana-e-garante-atencao-para-cultura-e-aeroporto-da-cidade\/#primaryimage"},"thumbnailUrl":"https:\/\/portalmf.com.br\/wp-content\/uploads\/2022\/08\/WhatsApp-Image-2022-08-31-at-08.48.12.jpeg","datePublished":"2022-08-31T14:29:00+00:00","dateModified":"2022-08-31T16:33:37+00:00","author":{"@id":"https:\/\/portalmf.com.br\/#\/schema\/person\/11c82086fe8abc05a19147e964587285"},"breadcrumb":{"@id":"https:\/\/portalmf.com.br\/index.php\/2022\/08\/31\/jeronimo-destaca-importancia-de-feira-de-santana-e-garante-atencao-para-cultura-e-aeroporto-da-cidade\/#breadcrumb"},"inLanguage":"pt-BR","potentialAction":[{"@type":"ReadAction","target":["https:\/\/portalmf.com.br\/index.php\/2022\/08\/31\/jeronimo-destaca-importancia-de-feira-de-santana-e-garante-atencao-para-cultura-e-aeroporto-da-cidade\/"]}]},{"@type":"ImageObject","inLanguage":"pt-BR","@id":"https:\/\/portalmf.com.br\/index.php\/2022\/08\/31\/jeronimo-destaca-importancia-de-feira-de-santana-e-garante-atencao-para-cultura-e-aeroporto-da-cidade\/#primaryimage","url":"https:\/\/portalmf.com.br\/wp-content\/uploads\/2022\/08\/WhatsApp-Image-2022-08-31-at-08.48.12.jpeg","contentUrl":"https:\/\/portalmf.com.br\/wp-content\/uploads\/2022\/08\/WhatsApp-Image-2022-08-31-at-08.48.12.jpeg","width":1280,"height":853},{"@type":"BreadcrumbList","@id":"https:\/\/portalmf.com.br\/index.php\/2022\/08\/31\/jeronimo-destaca-importancia-de-feira-de-santana-e-garante-atencao-para-cultura-e-aeroporto-da-cidade\/#breadcrumb","itemListElement":[{"@type":"ListItem","position":1,"name":"In\u00edcio","item":"https:\/\/portalmf.com.br\/"},{"@type":"ListItem","position":2,"name":"Jer\u00f4nimo destaca import\u00e2ncia de Feira de Santana e garante aten\u00e7\u00e3o para cultura e aeroporto da cidade"}]},{"@type":"WebSite","@id":"https:\/\/portalmf.com.br\/#website","url":"https:\/\/portalmf.com.br\/","name":"Portal MF","description":"Voc\u00ea conectado com a informa\u00e7\u00e3o","potentialAction":[{"@type":"SearchAction","target":{"@type":"EntryPoint","urlTemplate":"https:\/\/portalmf.com.br\/?s={search_term_string}"},"query-input":"required name=search_term_string"}],"inLanguage":"pt-BR"},{"@type":"Person","@id":"https:\/\/portalmf.com.br\/#\/schema\/person\/11c82086fe8abc05a19147e964587285","name":"Reginaldo J\u00fanior","image":{"@type":"ImageObject","inLanguage":"pt-BR","@id":"https:\/\/portalmf.com.br\/#\/schema\/person\/image\/","url":"https:\/\/secure.gravatar.com\/avatar\/32a3c797cd0ac47cc53b8644c62776f9?s=96&d=mm&r=g","contentUrl":"https:\/\/secure.gravatar.com\/avatar\/32a3c797cd0ac47cc53b8644c62776f9?s=96&d=mm&r=g","caption":"Reginaldo J\u00fanior"},"description":"Jornalista e idealizador Portal MF","sameAs":["https:\/\/portalmf.com.br\/index.php\/author\/reginaldojr\/","reginaldojrfsa","reginaldojuniormf","https:\/\/x.com\/reginaldojrmf"],"url":"https:\/\/portalmf.com.br\/index.php\/author\/reginaldojr\/"}]}},"_links":{"self":[{"href":"https:\/\/portalmf.com.br\/index.php\/wp-json\/wp\/v2\/posts\/3840"}],"collection":[{"href":"https:\/\/portalmf.com.br\/index.php\/wp-json\/wp\/v2\/posts"}],"about":[{"href":"https:\/\/portalmf.com.br\/index.php\/wp-json\/wp\/v2\/types\/post"}],"author":[{"embeddable":true,"href":"https:\/\/portalmf.com.br\/index.php\/wp-json\/wp\/v2\/users\/2"}],"replies":[{"embeddable":true,"href":"https:\/\/portalmf.com.br\/index.php\/wp-json\/wp\/v2\/comments?post=3840"}],"version-history":[{"count":1,"href":"https:\/\/portalmf.com.br\/index.php\/wp-json\/wp\/v2\/posts\/3840\/revisions"}],"predecessor-version":[{"id":3842,"href":"https:\/\/portalmf.com.br\/index.php\/wp-json\/wp\/v2\/posts\/3840\/revisions\/3842"}],"wp:featuredmedia":[{"embeddable":true,"href":"https:\/\/portalmf.com.br\/index.php\/wp-json\/wp\/v2\/media\/3841"}],"wp:attachment":[{"href":"https:\/\/portalmf.com.br\/index.php\/wp-json\/wp\/v2\/media?parent=3840"}],"wp:term":[{"taxonomy":"category","embeddable":true,"href":"https:\/\/portalmf.com.br\/index.php\/wp-json\/wp\/v2\/categories?post=3840"},{"taxonomy":"post_tag","embeddable":true,"href":"https:\/\/portalmf.com.br\/index.php\/wp-json\/wp\/v2\/tags?post=3840"}],"curies":[{"name":"wp","href":"https:\/\/api.w.org\/{rel}","templated":true}]}}