{"id":38350,"date":"2025-08-22T22:00:23","date_gmt":"2025-08-23T01:00:23","guid":{"rendered":"https:\/\/portalmf.com.br\/?p=38350"},"modified":"2025-08-22T22:00:25","modified_gmt":"2025-08-23T01:00:25","slug":"quaest-divulga-pesquisa-para-os-governos-de-sp-rj-mg-pr-pe-go-rs-e-ba","status":"publish","type":"post","link":"https:\/\/portalmf.com.br\/index.php\/2025\/08\/22\/quaest-divulga-pesquisa-para-os-governos-de-sp-rj-mg-pr-pe-go-rs-e-ba\/","title":{"rendered":"Quaest divulga pesquisa para os governos de SP, RJ, MG, PR, PE, GO, RS e BA"},"content":{"rendered":"\n<p>Pesquisa&nbsp;Genial\/Quaest&nbsp;divulgada nesta sexta-feira (22) avalia a disputa para o governo de oito estados em 2026.<\/p>\n\n\n\n<p>O levantamento ouviu&nbsp;10.146 pessoas&nbsp;em oito estados entre os dias 13 e 17 de agosto. A margem de erro para o estado de S\u00e3o Paulo \u00e9 de&nbsp;dois pontos percentuais, para mais ou para menos.<\/p>\n\n\n\n<p>J\u00e1 para as demais unidades federativas (Minas Gerais, Rio de Janeiro, Bahia, Goi\u00e1s, Paran\u00e1, Rio Grande do Sul e Pernambuco), o \u00edndice \u00e9 de&nbsp;tr\u00eas pontos percentuais, para mais ou para menos. O n\u00edvel de confian\u00e7a geral da pesquisa \u00e9 de&nbsp;95%.<\/p>\n\n\n\n<p><strong>Confira a seguir os cen\u00e1rios testados para cada estado:<\/strong><\/p>\n\n\n\n<h2 class=\"wp-block-heading\">S\u00e3o Paulo<\/h2>\n\n\n\n<ul>\n<li><strong>Tarc\u00edsio de Freitas (Republicanos):<\/strong>&nbsp;43%<\/li>\n\n\n\n<li><strong>Geraldo Alckmin (PSB):<\/strong>&nbsp;21%<\/li>\n\n\n\n<li><strong>Erika Hilton (PSOL):<\/strong>&nbsp;8%<\/li>\n\n\n\n<li><strong>Paulo Serra (PSDB):<\/strong>&nbsp;3%<\/li>\n\n\n\n<li><strong>Felipe d&#8217;\u00c1vila (Novo):<\/strong>&nbsp;2%<\/li>\n\n\n\n<li><strong>Indecisos:<\/strong>&nbsp;7%<\/li>\n\n\n\n<li><strong>Branco\/nulo\/n\u00e3o vai votar:<\/strong>&nbsp;16%<\/li>\n<\/ul>\n\n\n\n<h2 class=\"wp-block-heading\">Rio de Janeiro<\/h2>\n\n\n\n<ul>\n<li><strong>Eduardo Paes (PSD):<\/strong>&nbsp;35%<\/li>\n\n\n\n<li><strong>Rodrigo Barcellar (PL):<\/strong>&nbsp;9%<\/li>\n\n\n\n<li><strong>Washington Reis (MDB):<\/strong>&nbsp;5%<\/li>\n\n\n\n<li><strong>Monica Benicio (PSOL):<\/strong>&nbsp;4%<\/li>\n\n\n\n<li><strong>Italo Marsili (Novo):<\/strong>&nbsp;2%<\/li>\n\n\n\n<li><strong>Indecisos:<\/strong>&nbsp;15%<\/li>\n\n\n\n<li><strong>Branco\/nulo\/n\u00e3o vai votar:<\/strong>&nbsp;30%<\/li>\n<\/ul>\n\n\n\n<h2 class=\"wp-block-heading\">Minas Gerais<\/h2>\n\n\n\n<ul>\n<li><strong>Cleitinho (Republicanos):<\/strong>&nbsp;28%<\/li>\n\n\n\n<li><strong>Alexandre Kalil (sem partido):<\/strong>&nbsp;16%<\/li>\n\n\n\n<li><strong>Rodrigo Pacheco (PSD):<\/strong>&nbsp;9%<\/li>\n\n\n\n<li><strong>Mateus Sim\u00f5es (Novo):<\/strong>&nbsp;4%<\/li>\n\n\n\n<li><strong>Indecisos:<\/strong>&nbsp;17%<\/li>\n\n\n\n<li><strong>Branco\/nulo\/n\u00e3o vai votar:<\/strong>&nbsp;26%<\/li>\n<\/ul>\n\n\n\n<h2 class=\"wp-block-heading\">Paran\u00e1<\/h2>\n\n\n\n<ul>\n<li><strong>Sergio Moro (Uni\u00e3o):<\/strong>&nbsp;38%<\/li>\n\n\n\n<li><strong>Paulo Eduardo Martins (Novo):<\/strong>&nbsp;8%<\/li>\n\n\n\n<li><strong>Enio Verri (PT):<\/strong>&nbsp;7%<\/li>\n\n\n\n<li><strong>Guto Silva (PSD):<\/strong>&nbsp;6%<\/li>\n\n\n\n<li><strong>Indecisos:<\/strong>&nbsp;13%<\/li>\n\n\n\n<li><strong>Branco\/nulo\/n\u00e3o vai votar:<\/strong>&nbsp;28%<\/li>\n<\/ul>\n\n\n\n<h2 class=\"wp-block-heading\">Pernambuco<\/h2>\n\n\n\n<ul>\n<li><strong>Jo\u00e3o Campos (PSB):<\/strong>&nbsp;55%<\/li>\n\n\n\n<li><strong>Raquel Lyra (PSD):<\/strong>&nbsp;24%<\/li>\n\n\n\n<li><strong>Gilson Machado (PL):<\/strong>&nbsp;6%<\/li>\n\n\n\n<li><strong>Eduardo Moura (Novo):<\/strong>&nbsp;4%<\/li>\n\n\n\n<li><strong>Indecisos:<\/strong>&nbsp;4%<\/li>\n\n\n\n<li><strong>Branco\/nulo\/n\u00e3o vai votar:<\/strong>&nbsp;7%<\/li>\n<\/ul>\n\n\n\n<h2 class=\"wp-block-heading\">Goi\u00e1s<\/h2>\n\n\n\n<ul>\n<li><strong>Daniel Vilela (MDB):<\/strong>&nbsp;26%<\/li>\n\n\n\n<li><strong>Marconi Perillo (PSDB):<\/strong>&nbsp;22%<\/li>\n\n\n\n<li><strong>Wilder Morais (PL):<\/strong>&nbsp;10%<\/li>\n\n\n\n<li><strong>Adriana Accorsi (PT):<\/strong>&nbsp;8%<\/li>\n\n\n\n<li><strong>Tel\u00eamaco Brand\u00e3o (Novo):<\/strong>&nbsp;1%<\/li>\n\n\n\n<li><strong>Indecisos:<\/strong>&nbsp;14%<\/li>\n\n\n\n<li><strong>Branco\/nulo\/n\u00e3o vai votar:<\/strong>&nbsp;19%<\/li>\n<\/ul>\n\n\n\n<h2 class=\"wp-block-heading\">Rio Grande do Sul<\/h2>\n\n\n\n<ul>\n<li><strong>Juliana Brizola (PDT):<\/strong>&nbsp;21%<\/li>\n\n\n\n<li><strong>Zucco (PL):<\/strong>&nbsp;20%<\/li>\n\n\n\n<li><strong>Edegar Pretto (PT):<\/strong>&nbsp;11%<\/li>\n\n\n\n<li><strong>Gabriel Souza (MDB):<\/strong>&nbsp;5%<\/li>\n\n\n\n<li><strong>Felipe Camozzato (Novo):<\/strong>&nbsp;4%<\/li>\n\n\n\n<li><strong>Indecisos:<\/strong>&nbsp;19%<\/li>\n\n\n\n<li><strong>Branco\/nulo\/n\u00e3o vai votar:<\/strong>&nbsp;20%<\/li>\n<\/ul>\n\n\n\n<h2 class=\"wp-block-heading\">Bahia<\/h2>\n\n\n\n<ul>\n<li><strong>ACM Neto (Uni\u00e3o):<\/strong>&nbsp;41%<\/li>\n\n\n\n<li><strong>Jer\u00f4nimo Rodrigues (PT):<\/strong>&nbsp;34%<\/li>\n\n\n\n<li><strong>Jo\u00e3o Roma (PL):<\/strong>&nbsp;4%<\/li>\n\n\n\n<li><strong>Kleber Rosa (PSOL):<\/strong>&nbsp;2%<\/li>\n\n\n\n<li><strong>Jos\u00e9 Aleluia (Novo):<\/strong>&nbsp;1%<\/li>\n\n\n\n<li><strong>Indecisos:<\/strong>&nbsp;4%<\/li>\n\n\n\n<li><strong>Branco\/nulo\/n\u00e3o vai votar:<\/strong>&nbsp;14%<\/li>\n<\/ul>\n\n\n\n<p>Com informa\u00e7\u00f5es da CNN Brasil<\/p>\n","protected":false},"excerpt":{"rendered":"<p>Pesquisa&nbsp;Genial\/Quaest&nbsp;divulgada nesta sexta-feira (22) avalia a disputa para o governo de oito estados em 2026. O levantamento ouviu&nbsp;10.146 pessoas&nbsp;em oito estados entre os dias 13 e 17 de agosto. A margem de erro para o estado de S\u00e3o Paulo \u00e9 de&nbsp;dois pontos percentuais, para mais ou para menos. J\u00e1 para as demais unidades federativas (Minas [&hellip;]<\/p>\n","protected":false},"author":3,"featured_media":3460,"comment_status":"open","ping_status":"open","sticky":false,"template":"","format":"standard","meta":{"_monsterinsights_skip_tracking":false,"_monsterinsights_sitenote_active":false,"_monsterinsights_sitenote_note":"","_monsterinsights_sitenote_category":0,"footnotes":""},"categories":[301,34],"tags":[],"yoast_head":"<!-- This site is optimized with the Yoast SEO plugin v22.9 - https:\/\/yoast.com\/wordpress\/plugins\/seo\/ -->\n<title>Quaest divulga pesquisa para os governos de SP, RJ, MG, PR, PE, GO, RS e BA - Portal MF<\/title>\n<meta name=\"robots\" content=\"index, follow, max-snippet:-1, max-image-preview:large, max-video-preview:-1\" \/>\n<link rel=\"canonical\" href=\"https:\/\/portalmf.com.br\/index.php\/2025\/08\/22\/quaest-divulga-pesquisa-para-os-governos-de-sp-rj-mg-pr-pe-go-rs-e-ba\/\" \/>\n<meta property=\"og:locale\" content=\"pt_BR\" \/>\n<meta property=\"og:type\" content=\"article\" \/>\n<meta property=\"og:title\" content=\"Quaest divulga pesquisa para os governos de SP, RJ, MG, PR, PE, GO, RS e BA - Portal MF\" \/>\n<meta property=\"og:description\" content=\"Pesquisa&nbsp;Genial\/Quaest&nbsp;divulgada nesta sexta-feira (22) avalia a disputa para o governo de oito estados em 2026. O levantamento ouviu&nbsp;10.146 pessoas&nbsp;em oito estados entre os dias 13 e 17 de agosto. A margem de erro para o estado de S\u00e3o Paulo \u00e9 de&nbsp;dois pontos percentuais, para mais ou para menos. J\u00e1 para as demais unidades federativas (Minas [&hellip;]\" \/>\n<meta property=\"og:url\" content=\"https:\/\/portalmf.com.br\/index.php\/2025\/08\/22\/quaest-divulga-pesquisa-para-os-governos-de-sp-rj-mg-pr-pe-go-rs-e-ba\/\" \/>\n<meta property=\"og:site_name\" content=\"Portal MF\" \/>\n<meta property=\"article:author\" content=\"https:\/\/www.facebook.com\/portalmfoficial\" \/>\n<meta property=\"article:published_time\" content=\"2025-08-23T01:00:23+00:00\" \/>\n<meta property=\"article:modified_time\" content=\"2025-08-23T01:00:25+00:00\" \/>\n<meta property=\"og:image\" content=\"https:\/\/portalmf.com.br\/wp-content\/uploads\/2022\/08\/urna-eletronica.jpg\" \/>\n\t<meta property=\"og:image:width\" content=\"1200\" \/>\n\t<meta property=\"og:image:height\" content=\"1200\" \/>\n\t<meta property=\"og:image:type\" content=\"image\/jpeg\" \/>\n<meta name=\"author\" content=\"Reda\u00e7\u00e3o Portal MF\" \/>\n<meta name=\"twitter:card\" content=\"summary_large_image\" \/>\n<meta name=\"twitter:creator\" content=\"@https:\/\/x.com\/portalmfoficial\" \/>\n<meta name=\"twitter:label1\" content=\"Escrito por\" \/>\n\t<meta name=\"twitter:data1\" content=\"Reda\u00e7\u00e3o Portal MF\" \/>\n\t<meta name=\"twitter:label2\" content=\"Est. tempo de leitura\" \/>\n\t<meta name=\"twitter:data2\" content=\"2 minutos\" \/>\n<script type=\"application\/ld+json\" class=\"yoast-schema-graph\">{\"@context\":\"https:\/\/schema.org\",\"@graph\":[{\"@type\":\"WebPage\",\"@id\":\"https:\/\/portalmf.com.br\/index.php\/2025\/08\/22\/quaest-divulga-pesquisa-para-os-governos-de-sp-rj-mg-pr-pe-go-rs-e-ba\/\",\"url\":\"https:\/\/portalmf.com.br\/index.php\/2025\/08\/22\/quaest-divulga-pesquisa-para-os-governos-de-sp-rj-mg-pr-pe-go-rs-e-ba\/\",\"name\":\"Quaest divulga pesquisa para os governos de SP, RJ, MG, PR, PE, GO, RS e BA - Portal MF\",\"isPartOf\":{\"@id\":\"https:\/\/portalmf.com.br\/#website\"},\"primaryImageOfPage\":{\"@id\":\"https:\/\/portalmf.com.br\/index.php\/2025\/08\/22\/quaest-divulga-pesquisa-para-os-governos-de-sp-rj-mg-pr-pe-go-rs-e-ba\/#primaryimage\"},\"image\":{\"@id\":\"https:\/\/portalmf.com.br\/index.php\/2025\/08\/22\/quaest-divulga-pesquisa-para-os-governos-de-sp-rj-mg-pr-pe-go-rs-e-ba\/#primaryimage\"},\"thumbnailUrl\":\"https:\/\/portalmf.com.br\/wp-content\/uploads\/2022\/08\/urna-eletronica.jpg\",\"datePublished\":\"2025-08-23T01:00:23+00:00\",\"dateModified\":\"2025-08-23T01:00:25+00:00\",\"author\":{\"@id\":\"https:\/\/portalmf.com.br\/#\/schema\/person\/9ec101baf56233e53520c26de5d6f6f0\"},\"breadcrumb\":{\"@id\":\"https:\/\/portalmf.com.br\/index.php\/2025\/08\/22\/quaest-divulga-pesquisa-para-os-governos-de-sp-rj-mg-pr-pe-go-rs-e-ba\/#breadcrumb\"},\"inLanguage\":\"pt-BR\",\"potentialAction\":[{\"@type\":\"ReadAction\",\"target\":[\"https:\/\/portalmf.com.br\/index.php\/2025\/08\/22\/quaest-divulga-pesquisa-para-os-governos-de-sp-rj-mg-pr-pe-go-rs-e-ba\/\"]}]},{\"@type\":\"ImageObject\",\"inLanguage\":\"pt-BR\",\"@id\":\"https:\/\/portalmf.com.br\/index.php\/2025\/08\/22\/quaest-divulga-pesquisa-para-os-governos-de-sp-rj-mg-pr-pe-go-rs-e-ba\/#primaryimage\",\"url\":\"https:\/\/portalmf.com.br\/wp-content\/uploads\/2022\/08\/urna-eletronica.jpg\",\"contentUrl\":\"https:\/\/portalmf.com.br\/wp-content\/uploads\/2022\/08\/urna-eletronica.jpg\",\"width\":1200,\"height\":1200},{\"@type\":\"BreadcrumbList\",\"@id\":\"https:\/\/portalmf.com.br\/index.php\/2025\/08\/22\/quaest-divulga-pesquisa-para-os-governos-de-sp-rj-mg-pr-pe-go-rs-e-ba\/#breadcrumb\",\"itemListElement\":[{\"@type\":\"ListItem\",\"position\":1,\"name\":\"In\u00edcio\",\"item\":\"https:\/\/portalmf.com.br\/\"},{\"@type\":\"ListItem\",\"position\":2,\"name\":\"Quaest divulga pesquisa para os governos de SP, RJ, MG, PR, PE, GO, RS e BA\"}]},{\"@type\":\"WebSite\",\"@id\":\"https:\/\/portalmf.com.br\/#website\",\"url\":\"https:\/\/portalmf.com.br\/\",\"name\":\"Portal MF\",\"description\":\"Voc\u00ea conectado com a informa\u00e7\u00e3o\",\"potentialAction\":[{\"@type\":\"SearchAction\",\"target\":{\"@type\":\"EntryPoint\",\"urlTemplate\":\"https:\/\/portalmf.com.br\/?s={search_term_string}\"},\"query-input\":\"required name=search_term_string\"}],\"inLanguage\":\"pt-BR\"},{\"@type\":\"Person\",\"@id\":\"https:\/\/portalmf.com.br\/#\/schema\/person\/9ec101baf56233e53520c26de5d6f6f0\",\"name\":\"Reda\u00e7\u00e3o Portal MF\",\"image\":{\"@type\":\"ImageObject\",\"inLanguage\":\"pt-BR\",\"@id\":\"https:\/\/portalmf.com.br\/#\/schema\/person\/image\/\",\"url\":\"https:\/\/secure.gravatar.com\/avatar\/41b9aaeb2100835f7c64362330f74c7f?s=96&d=mm&r=g\",\"contentUrl\":\"https:\/\/secure.gravatar.com\/avatar\/41b9aaeb2100835f7c64362330f74c7f?s=96&d=mm&r=g\",\"caption\":\"Reda\u00e7\u00e3o Portal MF\"},\"description\":\"Sejam bem-vindos o portal de informa\u00e7\u00f5es de entretenimento de Feira de Santana, desde 2006 realiza coberturas dos principais eventos com entrevistas exclusivas com as principais personalidades mundiais. Fique conectado tamb\u00e9m nas redes sociais.\",\"sameAs\":[\"http:\/\/www.portalmf.com.br\/\",\"https:\/\/www.facebook.com\/portalmfoficial\",\"https:\/\/www.instagram.com\/portalmf\/\",\"https:\/\/x.com\/https:\/\/x.com\/portalmfoficial\",\"https:\/\/www.youtube.com\/@portalmfoficial\"],\"url\":\"https:\/\/portalmf.com.br\/index.php\/author\/junior\/\"}]}<\/script>\n<!-- \/ Yoast SEO plugin. -->","yoast_head_json":{"title":"Quaest divulga pesquisa para os governos de SP, RJ, MG, PR, PE, GO, RS e BA - Portal MF","robots":{"index":"index","follow":"follow","max-snippet":"max-snippet:-1","max-image-preview":"max-image-preview:large","max-video-preview":"max-video-preview:-1"},"canonical":"https:\/\/portalmf.com.br\/index.php\/2025\/08\/22\/quaest-divulga-pesquisa-para-os-governos-de-sp-rj-mg-pr-pe-go-rs-e-ba\/","og_locale":"pt_BR","og_type":"article","og_title":"Quaest divulga pesquisa para os governos de SP, RJ, MG, PR, PE, GO, RS e BA - Portal MF","og_description":"Pesquisa&nbsp;Genial\/Quaest&nbsp;divulgada nesta sexta-feira (22) avalia a disputa para o governo de oito estados em 2026. O levantamento ouviu&nbsp;10.146 pessoas&nbsp;em oito estados entre os dias 13 e 17 de agosto. A margem de erro para o estado de S\u00e3o Paulo \u00e9 de&nbsp;dois pontos percentuais, para mais ou para menos. J\u00e1 para as demais unidades federativas (Minas [&hellip;]","og_url":"https:\/\/portalmf.com.br\/index.php\/2025\/08\/22\/quaest-divulga-pesquisa-para-os-governos-de-sp-rj-mg-pr-pe-go-rs-e-ba\/","og_site_name":"Portal MF","article_author":"https:\/\/www.facebook.com\/portalmfoficial","article_published_time":"2025-08-23T01:00:23+00:00","article_modified_time":"2025-08-23T01:00:25+00:00","og_image":[{"width":1200,"height":1200,"url":"https:\/\/portalmf.com.br\/wp-content\/uploads\/2022\/08\/urna-eletronica.jpg","type":"image\/jpeg"}],"author":"Reda\u00e7\u00e3o Portal MF","twitter_card":"summary_large_image","twitter_creator":"@https:\/\/x.com\/portalmfoficial","twitter_misc":{"Escrito por":"Reda\u00e7\u00e3o Portal MF","Est. tempo de leitura":"2 minutos"},"schema":{"@context":"https:\/\/schema.org","@graph":[{"@type":"WebPage","@id":"https:\/\/portalmf.com.br\/index.php\/2025\/08\/22\/quaest-divulga-pesquisa-para-os-governos-de-sp-rj-mg-pr-pe-go-rs-e-ba\/","url":"https:\/\/portalmf.com.br\/index.php\/2025\/08\/22\/quaest-divulga-pesquisa-para-os-governos-de-sp-rj-mg-pr-pe-go-rs-e-ba\/","name":"Quaest divulga pesquisa para os governos de SP, RJ, MG, PR, PE, GO, RS e BA - Portal MF","isPartOf":{"@id":"https:\/\/portalmf.com.br\/#website"},"primaryImageOfPage":{"@id":"https:\/\/portalmf.com.br\/index.php\/2025\/08\/22\/quaest-divulga-pesquisa-para-os-governos-de-sp-rj-mg-pr-pe-go-rs-e-ba\/#primaryimage"},"image":{"@id":"https:\/\/portalmf.com.br\/index.php\/2025\/08\/22\/quaest-divulga-pesquisa-para-os-governos-de-sp-rj-mg-pr-pe-go-rs-e-ba\/#primaryimage"},"thumbnailUrl":"https:\/\/portalmf.com.br\/wp-content\/uploads\/2022\/08\/urna-eletronica.jpg","datePublished":"2025-08-23T01:00:23+00:00","dateModified":"2025-08-23T01:00:25+00:00","author":{"@id":"https:\/\/portalmf.com.br\/#\/schema\/person\/9ec101baf56233e53520c26de5d6f6f0"},"breadcrumb":{"@id":"https:\/\/portalmf.com.br\/index.php\/2025\/08\/22\/quaest-divulga-pesquisa-para-os-governos-de-sp-rj-mg-pr-pe-go-rs-e-ba\/#breadcrumb"},"inLanguage":"pt-BR","potentialAction":[{"@type":"ReadAction","target":["https:\/\/portalmf.com.br\/index.php\/2025\/08\/22\/quaest-divulga-pesquisa-para-os-governos-de-sp-rj-mg-pr-pe-go-rs-e-ba\/"]}]},{"@type":"ImageObject","inLanguage":"pt-BR","@id":"https:\/\/portalmf.com.br\/index.php\/2025\/08\/22\/quaest-divulga-pesquisa-para-os-governos-de-sp-rj-mg-pr-pe-go-rs-e-ba\/#primaryimage","url":"https:\/\/portalmf.com.br\/wp-content\/uploads\/2022\/08\/urna-eletronica.jpg","contentUrl":"https:\/\/portalmf.com.br\/wp-content\/uploads\/2022\/08\/urna-eletronica.jpg","width":1200,"height":1200},{"@type":"BreadcrumbList","@id":"https:\/\/portalmf.com.br\/index.php\/2025\/08\/22\/quaest-divulga-pesquisa-para-os-governos-de-sp-rj-mg-pr-pe-go-rs-e-ba\/#breadcrumb","itemListElement":[{"@type":"ListItem","position":1,"name":"In\u00edcio","item":"https:\/\/portalmf.com.br\/"},{"@type":"ListItem","position":2,"name":"Quaest divulga pesquisa para os governos de SP, RJ, MG, PR, PE, GO, RS e BA"}]},{"@type":"WebSite","@id":"https:\/\/portalmf.com.br\/#website","url":"https:\/\/portalmf.com.br\/","name":"Portal MF","description":"Voc\u00ea conectado com a informa\u00e7\u00e3o","potentialAction":[{"@type":"SearchAction","target":{"@type":"EntryPoint","urlTemplate":"https:\/\/portalmf.com.br\/?s={search_term_string}"},"query-input":"required name=search_term_string"}],"inLanguage":"pt-BR"},{"@type":"Person","@id":"https:\/\/portalmf.com.br\/#\/schema\/person\/9ec101baf56233e53520c26de5d6f6f0","name":"Reda\u00e7\u00e3o Portal MF","image":{"@type":"ImageObject","inLanguage":"pt-BR","@id":"https:\/\/portalmf.com.br\/#\/schema\/person\/image\/","url":"https:\/\/secure.gravatar.com\/avatar\/41b9aaeb2100835f7c64362330f74c7f?s=96&d=mm&r=g","contentUrl":"https:\/\/secure.gravatar.com\/avatar\/41b9aaeb2100835f7c64362330f74c7f?s=96&d=mm&r=g","caption":"Reda\u00e7\u00e3o Portal MF"},"description":"Sejam bem-vindos o portal de informa\u00e7\u00f5es de entretenimento de Feira de Santana, desde 2006 realiza coberturas dos principais eventos com entrevistas exclusivas com as principais personalidades mundiais. Fique conectado tamb\u00e9m nas redes sociais.","sameAs":["http:\/\/www.portalmf.com.br\/","https:\/\/www.facebook.com\/portalmfoficial","https:\/\/www.instagram.com\/portalmf\/","https:\/\/x.com\/https:\/\/x.com\/portalmfoficial","https:\/\/www.youtube.com\/@portalmfoficial"],"url":"https:\/\/portalmf.com.br\/index.php\/author\/junior\/"}]}},"_links":{"self":[{"href":"https:\/\/portalmf.com.br\/index.php\/wp-json\/wp\/v2\/posts\/38350"}],"collection":[{"href":"https:\/\/portalmf.com.br\/index.php\/wp-json\/wp\/v2\/posts"}],"about":[{"href":"https:\/\/portalmf.com.br\/index.php\/wp-json\/wp\/v2\/types\/post"}],"author":[{"embeddable":true,"href":"https:\/\/portalmf.com.br\/index.php\/wp-json\/wp\/v2\/users\/3"}],"replies":[{"embeddable":true,"href":"https:\/\/portalmf.com.br\/index.php\/wp-json\/wp\/v2\/comments?post=38350"}],"version-history":[{"count":1,"href":"https:\/\/portalmf.com.br\/index.php\/wp-json\/wp\/v2\/posts\/38350\/revisions"}],"predecessor-version":[{"id":38351,"href":"https:\/\/portalmf.com.br\/index.php\/wp-json\/wp\/v2\/posts\/38350\/revisions\/38351"}],"wp:featuredmedia":[{"embeddable":true,"href":"https:\/\/portalmf.com.br\/index.php\/wp-json\/wp\/v2\/media\/3460"}],"wp:attachment":[{"href":"https:\/\/portalmf.com.br\/index.php\/wp-json\/wp\/v2\/media?parent=38350"}],"wp:term":[{"taxonomy":"category","embeddable":true,"href":"https:\/\/portalmf.com.br\/index.php\/wp-json\/wp\/v2\/categories?post=38350"},{"taxonomy":"post_tag","embeddable":true,"href":"https:\/\/portalmf.com.br\/index.php\/wp-json\/wp\/v2\/tags?post=38350"}],"curies":[{"name":"wp","href":"https:\/\/api.w.org\/{rel}","templated":true}]}}