{"id":3827,"date":"2022-08-31T10:44:46","date_gmt":"2022-08-31T13:44:46","guid":{"rendered":"http:\/\/portalmf.com.br\/?p=3827"},"modified":"2022-08-31T10:44:47","modified_gmt":"2022-08-31T13:44:47","slug":"julio-caldas-fara-show-gratuito-em-feira-de-santana-nesta-quinta-1","status":"publish","type":"post","link":"https:\/\/portalmf.com.br\/index.php\/2022\/08\/31\/julio-caldas-fara-show-gratuito-em-feira-de-santana-nesta-quinta-1\/","title":{"rendered":"Julio Caldas far\u00e1 show gratuito em Feira de Santana, nesta quinta (1\u00b0)"},"content":{"rendered":"\n<p>Um dos mais virtuosos guitarristas da cena do Blues da Bahia, Julio Caldas, se apresenta nesta quinta-feira (1o), no Festival Liter\u00e1rio e Cultural de Feira de Santana (FLIFS). No show \u201cIbero Blues\u201d, o m\u00fasico toca guitarra, lap steel e canta ao lado do baixista Gilmario Celso, do baterista Brian Knave e de Rogerio Ferrer, no piano, um repert\u00f3rio autoral, formado por can\u00e7\u00f5es escritas durante o per\u00edodo de isolamento social imposto pela pandemia de Covid-19. O show come\u00e7a \u00e0s 20 horas, na Pra\u00e7a Padre Ov\u00eddio Centro, com acesso gratuito.<\/p>\n\n\n\n<p>O blues \u00e9 o fio condutor do show onde Julio Caldas que explora as possibilidades sonoras, os climas e improvisa\u00e7\u00f5es jazz\u00edsticas, figurando no repert\u00f3rio composi\u00e7\u00f5es de \u00edcones do blues, como BB King, Jimi Hendrix e Janis Joplin, junto \u00e0s m\u00fasicas autorais compostas pelo artista em parcerias com Fabio Shiva, Em\u00edlio Cunha, Kal Rebello e M\u00e1rcia Caldas.<\/p>\n\n\n\n<p><em>&#8220;O repert\u00f3rio desse show desenha sonoridades que remetem ao delta blues e ao clima musical do Mississipi, fundamentando conceitos importantes para a apresenta\u00e7\u00e3o das m\u00fasicas que far\u00e3o parte do meu pr\u00f3ximo disco, &#8216;Ibero Blues&#8217;, que est\u00e1 em processo de produ\u00e7\u00e3o.&#8221;<\/em>, explica Julio Caldas.<\/p>\n\n\n\n<p>Sobre o artista &#8211; J\u00falio Caldas \u00e9 m\u00fasico, produtor e pesquisador de instrumentos de cordas dedilhadas e possui sete \u00e1lbuns lan\u00e7ados: Pitecantropus Erectus; Caf\u00e9 com Blues \u2013 Tipo Exporta\u00e7\u00e3o; Julio Caldas Quarteto \u2013 Choro Rock; Viola de Arame; Julio Caldas &amp; Choro Rock \u2013 Circuito Guitarra Baiana; Blues, Bai\u00f5es e Psicodelia e Can\u00e7\u00f5es Amigas, este \u00faltimo lan\u00e7ado em 2020 em todas as plataformas digitais. Integrou a banda conquistense Caf\u00e9 Com Blues e j\u00e1 se apresentou ao lado de grandes nomes da m\u00fasica brasileira, como Beth Carvalho, Caetano Veloso, Gilberto Gil, Maria Beth\u00e2nia, Pepeu Gomes e Danilo Caymmi.<\/p>\n\n\n\n<p><strong>Festival Liter\u00e1rio e Cultural de Feira de Santana (FLIFS)<\/strong><\/p>\n\n\n\n<p>A FLIFS \u00e9 a primeira feira liter\u00e1ria da Bahia, realizada pela Universidade Estadual de Feira de Santana (UEFS) e pelo Servi\u00e7o Social do Com\u00e9rcio (Sesc), em parceria com o N\u00facleo Territorial de Educa\u00e7\u00e3o do Portal do Ser\u00e3o (NTE 19), a Secretaria de Educa\u00e7\u00e3o de Feira de Santana, a Arquidiocese de Feira e o Instituto Federal da Bahia (Ifba). Nos \u00faltimos 14 anos, lan\u00e7ou 640 livros, realizou 47 conversas com escritores, 172 conta\u00e7\u00f5es de hist\u00f3rias, 84 mesas liter\u00e1rias e de debates e 100 oficinas.<\/p>\n\n\n\n<p>A programa\u00e7\u00e3o completa do evento est\u00e1 dispon\u00edvel no site <em><a href=\"http:\/\/www.flifsoficial.uefs.br\/\">http:\/\/www.flifsoficial.uefs.br\/<\/a><\/em><\/p>\n","protected":false},"excerpt":{"rendered":"<p>Um dos mais virtuosos guitarristas da cena do Blues da Bahia, Julio Caldas, se apresenta nesta quinta-feira (1o), no Festival Liter\u00e1rio e Cultural de Feira de Santana (FLIFS). No show \u201cIbero Blues\u201d, o m\u00fasico toca guitarra, lap steel e canta ao lado do baixista Gilmario Celso, do baterista Brian Knave e de Rogerio Ferrer, no [&hellip;]<\/p>\n","protected":false},"author":2,"featured_media":3828,"comment_status":"open","ping_status":"open","sticky":false,"template":"","format":"standard","meta":{"_monsterinsights_skip_tracking":false,"_monsterinsights_sitenote_active":false,"_monsterinsights_sitenote_note":"","_monsterinsights_sitenote_category":0,"footnotes":""},"categories":[40],"tags":[131,130],"yoast_head":"<!-- This site is optimized with the Yoast SEO plugin v22.9 - https:\/\/yoast.com\/wordpress\/plugins\/seo\/ -->\n<title>Julio Caldas far\u00e1 show gratuito em Feira de Santana, nesta quinta (1\u00b0) - Portal MF<\/title>\n<meta name=\"robots\" content=\"index, follow, max-snippet:-1, max-image-preview:large, max-video-preview:-1\" \/>\n<link rel=\"canonical\" href=\"https:\/\/portalmf.com.br\/index.php\/2022\/08\/31\/julio-caldas-fara-show-gratuito-em-feira-de-santana-nesta-quinta-1\/\" \/>\n<meta property=\"og:locale\" content=\"pt_BR\" \/>\n<meta property=\"og:type\" content=\"article\" \/>\n<meta property=\"og:title\" content=\"Julio Caldas far\u00e1 show gratuito em Feira de Santana, nesta quinta (1\u00b0) - Portal MF\" \/>\n<meta property=\"og:description\" content=\"Um dos mais virtuosos guitarristas da cena do Blues da Bahia, Julio Caldas, se apresenta nesta quinta-feira (1o), no Festival Liter\u00e1rio e Cultural de Feira de Santana (FLIFS). No show \u201cIbero Blues\u201d, o m\u00fasico toca guitarra, lap steel e canta ao lado do baixista Gilmario Celso, do baterista Brian Knave e de Rogerio Ferrer, no [&hellip;]\" \/>\n<meta property=\"og:url\" content=\"https:\/\/portalmf.com.br\/index.php\/2022\/08\/31\/julio-caldas-fara-show-gratuito-em-feira-de-santana-nesta-quinta-1\/\" \/>\n<meta property=\"og:site_name\" content=\"Portal MF\" \/>\n<meta property=\"article:author\" content=\"reginaldojrfsa\" \/>\n<meta property=\"article:published_time\" content=\"2022-08-31T13:44:46+00:00\" \/>\n<meta property=\"article:modified_time\" content=\"2022-08-31T13:44:47+00:00\" \/>\n<meta property=\"og:image\" content=\"https:\/\/portalmf.com.br\/wp-content\/uploads\/2022\/08\/JULIO-CALDAS.jpeg\" \/>\n\t<meta property=\"og:image:width\" content=\"1280\" \/>\n\t<meta property=\"og:image:height\" content=\"853\" \/>\n\t<meta property=\"og:image:type\" content=\"image\/jpeg\" \/>\n<meta name=\"author\" content=\"Reginaldo J\u00fanior\" \/>\n<meta name=\"twitter:card\" content=\"summary_large_image\" \/>\n<meta name=\"twitter:creator\" content=\"@reginaldojrmf\" \/>\n<meta name=\"twitter:label1\" content=\"Escrito por\" \/>\n\t<meta name=\"twitter:data1\" content=\"Reginaldo J\u00fanior\" \/>\n\t<meta name=\"twitter:label2\" content=\"Est. tempo de leitura\" \/>\n\t<meta name=\"twitter:data2\" content=\"3 minutos\" \/>\n<script type=\"application\/ld+json\" class=\"yoast-schema-graph\">{\"@context\":\"https:\/\/schema.org\",\"@graph\":[{\"@type\":\"WebPage\",\"@id\":\"https:\/\/portalmf.com.br\/index.php\/2022\/08\/31\/julio-caldas-fara-show-gratuito-em-feira-de-santana-nesta-quinta-1\/\",\"url\":\"https:\/\/portalmf.com.br\/index.php\/2022\/08\/31\/julio-caldas-fara-show-gratuito-em-feira-de-santana-nesta-quinta-1\/\",\"name\":\"Julio Caldas far\u00e1 show gratuito em Feira de Santana, nesta quinta (1\u00b0) - Portal MF\",\"isPartOf\":{\"@id\":\"https:\/\/portalmf.com.br\/#website\"},\"primaryImageOfPage\":{\"@id\":\"https:\/\/portalmf.com.br\/index.php\/2022\/08\/31\/julio-caldas-fara-show-gratuito-em-feira-de-santana-nesta-quinta-1\/#primaryimage\"},\"image\":{\"@id\":\"https:\/\/portalmf.com.br\/index.php\/2022\/08\/31\/julio-caldas-fara-show-gratuito-em-feira-de-santana-nesta-quinta-1\/#primaryimage\"},\"thumbnailUrl\":\"https:\/\/portalmf.com.br\/wp-content\/uploads\/2022\/08\/JULIO-CALDAS.jpeg\",\"datePublished\":\"2022-08-31T13:44:46+00:00\",\"dateModified\":\"2022-08-31T13:44:47+00:00\",\"author\":{\"@id\":\"https:\/\/portalmf.com.br\/#\/schema\/person\/11c82086fe8abc05a19147e964587285\"},\"breadcrumb\":{\"@id\":\"https:\/\/portalmf.com.br\/index.php\/2022\/08\/31\/julio-caldas-fara-show-gratuito-em-feira-de-santana-nesta-quinta-1\/#breadcrumb\"},\"inLanguage\":\"pt-BR\",\"potentialAction\":[{\"@type\":\"ReadAction\",\"target\":[\"https:\/\/portalmf.com.br\/index.php\/2022\/08\/31\/julio-caldas-fara-show-gratuito-em-feira-de-santana-nesta-quinta-1\/\"]}]},{\"@type\":\"ImageObject\",\"inLanguage\":\"pt-BR\",\"@id\":\"https:\/\/portalmf.com.br\/index.php\/2022\/08\/31\/julio-caldas-fara-show-gratuito-em-feira-de-santana-nesta-quinta-1\/#primaryimage\",\"url\":\"https:\/\/portalmf.com.br\/wp-content\/uploads\/2022\/08\/JULIO-CALDAS.jpeg\",\"contentUrl\":\"https:\/\/portalmf.com.br\/wp-content\/uploads\/2022\/08\/JULIO-CALDAS.jpeg\",\"width\":1280,\"height\":853,\"caption\":\"Foto: Agnaldo Matos\"},{\"@type\":\"BreadcrumbList\",\"@id\":\"https:\/\/portalmf.com.br\/index.php\/2022\/08\/31\/julio-caldas-fara-show-gratuito-em-feira-de-santana-nesta-quinta-1\/#breadcrumb\",\"itemListElement\":[{\"@type\":\"ListItem\",\"position\":1,\"name\":\"In\u00edcio\",\"item\":\"https:\/\/portalmf.com.br\/\"},{\"@type\":\"ListItem\",\"position\":2,\"name\":\"Julio Caldas far\u00e1 show gratuito em Feira de Santana, nesta quinta (1\u00b0)\"}]},{\"@type\":\"WebSite\",\"@id\":\"https:\/\/portalmf.com.br\/#website\",\"url\":\"https:\/\/portalmf.com.br\/\",\"name\":\"Portal MF\",\"description\":\"Voc\u00ea conectado com a informa\u00e7\u00e3o\",\"potentialAction\":[{\"@type\":\"SearchAction\",\"target\":{\"@type\":\"EntryPoint\",\"urlTemplate\":\"https:\/\/portalmf.com.br\/?s={search_term_string}\"},\"query-input\":\"required name=search_term_string\"}],\"inLanguage\":\"pt-BR\"},{\"@type\":\"Person\",\"@id\":\"https:\/\/portalmf.com.br\/#\/schema\/person\/11c82086fe8abc05a19147e964587285\",\"name\":\"Reginaldo J\u00fanior\",\"image\":{\"@type\":\"ImageObject\",\"inLanguage\":\"pt-BR\",\"@id\":\"https:\/\/portalmf.com.br\/#\/schema\/person\/image\/\",\"url\":\"https:\/\/secure.gravatar.com\/avatar\/32a3c797cd0ac47cc53b8644c62776f9?s=96&d=mm&r=g\",\"contentUrl\":\"https:\/\/secure.gravatar.com\/avatar\/32a3c797cd0ac47cc53b8644c62776f9?s=96&d=mm&r=g\",\"caption\":\"Reginaldo J\u00fanior\"},\"description\":\"Jornalista e idealizador Portal MF\",\"sameAs\":[\"https:\/\/portalmf.com.br\/index.php\/author\/reginaldojr\/\",\"reginaldojrfsa\",\"reginaldojuniormf\",\"https:\/\/x.com\/reginaldojrmf\"],\"url\":\"https:\/\/portalmf.com.br\/index.php\/author\/reginaldojr\/\"}]}<\/script>\n<!-- \/ Yoast SEO plugin. -->","yoast_head_json":{"title":"Julio Caldas far\u00e1 show gratuito em Feira de Santana, nesta quinta (1\u00b0) - Portal MF","robots":{"index":"index","follow":"follow","max-snippet":"max-snippet:-1","max-image-preview":"max-image-preview:large","max-video-preview":"max-video-preview:-1"},"canonical":"https:\/\/portalmf.com.br\/index.php\/2022\/08\/31\/julio-caldas-fara-show-gratuito-em-feira-de-santana-nesta-quinta-1\/","og_locale":"pt_BR","og_type":"article","og_title":"Julio Caldas far\u00e1 show gratuito em Feira de Santana, nesta quinta (1\u00b0) - Portal MF","og_description":"Um dos mais virtuosos guitarristas da cena do Blues da Bahia, Julio Caldas, se apresenta nesta quinta-feira (1o), no Festival Liter\u00e1rio e Cultural de Feira de Santana (FLIFS). No show \u201cIbero Blues\u201d, o m\u00fasico toca guitarra, lap steel e canta ao lado do baixista Gilmario Celso, do baterista Brian Knave e de Rogerio Ferrer, no [&hellip;]","og_url":"https:\/\/portalmf.com.br\/index.php\/2022\/08\/31\/julio-caldas-fara-show-gratuito-em-feira-de-santana-nesta-quinta-1\/","og_site_name":"Portal MF","article_author":"reginaldojrfsa","article_published_time":"2022-08-31T13:44:46+00:00","article_modified_time":"2022-08-31T13:44:47+00:00","og_image":[{"width":1280,"height":853,"url":"https:\/\/portalmf.com.br\/wp-content\/uploads\/2022\/08\/JULIO-CALDAS.jpeg","type":"image\/jpeg"}],"author":"Reginaldo J\u00fanior","twitter_card":"summary_large_image","twitter_creator":"@reginaldojrmf","twitter_misc":{"Escrito por":"Reginaldo J\u00fanior","Est. tempo de leitura":"3 minutos"},"schema":{"@context":"https:\/\/schema.org","@graph":[{"@type":"WebPage","@id":"https:\/\/portalmf.com.br\/index.php\/2022\/08\/31\/julio-caldas-fara-show-gratuito-em-feira-de-santana-nesta-quinta-1\/","url":"https:\/\/portalmf.com.br\/index.php\/2022\/08\/31\/julio-caldas-fara-show-gratuito-em-feira-de-santana-nesta-quinta-1\/","name":"Julio Caldas far\u00e1 show gratuito em Feira de Santana, nesta quinta (1\u00b0) - Portal MF","isPartOf":{"@id":"https:\/\/portalmf.com.br\/#website"},"primaryImageOfPage":{"@id":"https:\/\/portalmf.com.br\/index.php\/2022\/08\/31\/julio-caldas-fara-show-gratuito-em-feira-de-santana-nesta-quinta-1\/#primaryimage"},"image":{"@id":"https:\/\/portalmf.com.br\/index.php\/2022\/08\/31\/julio-caldas-fara-show-gratuito-em-feira-de-santana-nesta-quinta-1\/#primaryimage"},"thumbnailUrl":"https:\/\/portalmf.com.br\/wp-content\/uploads\/2022\/08\/JULIO-CALDAS.jpeg","datePublished":"2022-08-31T13:44:46+00:00","dateModified":"2022-08-31T13:44:47+00:00","author":{"@id":"https:\/\/portalmf.com.br\/#\/schema\/person\/11c82086fe8abc05a19147e964587285"},"breadcrumb":{"@id":"https:\/\/portalmf.com.br\/index.php\/2022\/08\/31\/julio-caldas-fara-show-gratuito-em-feira-de-santana-nesta-quinta-1\/#breadcrumb"},"inLanguage":"pt-BR","potentialAction":[{"@type":"ReadAction","target":["https:\/\/portalmf.com.br\/index.php\/2022\/08\/31\/julio-caldas-fara-show-gratuito-em-feira-de-santana-nesta-quinta-1\/"]}]},{"@type":"ImageObject","inLanguage":"pt-BR","@id":"https:\/\/portalmf.com.br\/index.php\/2022\/08\/31\/julio-caldas-fara-show-gratuito-em-feira-de-santana-nesta-quinta-1\/#primaryimage","url":"https:\/\/portalmf.com.br\/wp-content\/uploads\/2022\/08\/JULIO-CALDAS.jpeg","contentUrl":"https:\/\/portalmf.com.br\/wp-content\/uploads\/2022\/08\/JULIO-CALDAS.jpeg","width":1280,"height":853,"caption":"Foto: Agnaldo Matos"},{"@type":"BreadcrumbList","@id":"https:\/\/portalmf.com.br\/index.php\/2022\/08\/31\/julio-caldas-fara-show-gratuito-em-feira-de-santana-nesta-quinta-1\/#breadcrumb","itemListElement":[{"@type":"ListItem","position":1,"name":"In\u00edcio","item":"https:\/\/portalmf.com.br\/"},{"@type":"ListItem","position":2,"name":"Julio Caldas far\u00e1 show gratuito em Feira de Santana, nesta quinta (1\u00b0)"}]},{"@type":"WebSite","@id":"https:\/\/portalmf.com.br\/#website","url":"https:\/\/portalmf.com.br\/","name":"Portal MF","description":"Voc\u00ea conectado com a informa\u00e7\u00e3o","potentialAction":[{"@type":"SearchAction","target":{"@type":"EntryPoint","urlTemplate":"https:\/\/portalmf.com.br\/?s={search_term_string}"},"query-input":"required name=search_term_string"}],"inLanguage":"pt-BR"},{"@type":"Person","@id":"https:\/\/portalmf.com.br\/#\/schema\/person\/11c82086fe8abc05a19147e964587285","name":"Reginaldo J\u00fanior","image":{"@type":"ImageObject","inLanguage":"pt-BR","@id":"https:\/\/portalmf.com.br\/#\/schema\/person\/image\/","url":"https:\/\/secure.gravatar.com\/avatar\/32a3c797cd0ac47cc53b8644c62776f9?s=96&d=mm&r=g","contentUrl":"https:\/\/secure.gravatar.com\/avatar\/32a3c797cd0ac47cc53b8644c62776f9?s=96&d=mm&r=g","caption":"Reginaldo J\u00fanior"},"description":"Jornalista e idealizador Portal MF","sameAs":["https:\/\/portalmf.com.br\/index.php\/author\/reginaldojr\/","reginaldojrfsa","reginaldojuniormf","https:\/\/x.com\/reginaldojrmf"],"url":"https:\/\/portalmf.com.br\/index.php\/author\/reginaldojr\/"}]}},"_links":{"self":[{"href":"https:\/\/portalmf.com.br\/index.php\/wp-json\/wp\/v2\/posts\/3827"}],"collection":[{"href":"https:\/\/portalmf.com.br\/index.php\/wp-json\/wp\/v2\/posts"}],"about":[{"href":"https:\/\/portalmf.com.br\/index.php\/wp-json\/wp\/v2\/types\/post"}],"author":[{"embeddable":true,"href":"https:\/\/portalmf.com.br\/index.php\/wp-json\/wp\/v2\/users\/2"}],"replies":[{"embeddable":true,"href":"https:\/\/portalmf.com.br\/index.php\/wp-json\/wp\/v2\/comments?post=3827"}],"version-history":[{"count":1,"href":"https:\/\/portalmf.com.br\/index.php\/wp-json\/wp\/v2\/posts\/3827\/revisions"}],"predecessor-version":[{"id":3829,"href":"https:\/\/portalmf.com.br\/index.php\/wp-json\/wp\/v2\/posts\/3827\/revisions\/3829"}],"wp:featuredmedia":[{"embeddable":true,"href":"https:\/\/portalmf.com.br\/index.php\/wp-json\/wp\/v2\/media\/3828"}],"wp:attachment":[{"href":"https:\/\/portalmf.com.br\/index.php\/wp-json\/wp\/v2\/media?parent=3827"}],"wp:term":[{"taxonomy":"category","embeddable":true,"href":"https:\/\/portalmf.com.br\/index.php\/wp-json\/wp\/v2\/categories?post=3827"},{"taxonomy":"post_tag","embeddable":true,"href":"https:\/\/portalmf.com.br\/index.php\/wp-json\/wp\/v2\/tags?post=3827"}],"curies":[{"name":"wp","href":"https:\/\/api.w.org\/{rel}","templated":true}]}}