{"id":3824,"date":"2022-08-30T10:38:00","date_gmt":"2022-08-30T13:38:00","guid":{"rendered":"http:\/\/portalmf.com.br\/?p=3824"},"modified":"2022-08-31T10:40:12","modified_gmt":"2022-08-31T13:40:12","slug":"a-associacao-de-surdos-de-feira-de-santana-e-a-central-de-libras-estao-promovendo-a-campanha-setembro-surdo-em-feira-de-santana","status":"publish","type":"post","link":"https:\/\/portalmf.com.br\/index.php\/2022\/08\/30\/a-associacao-de-surdos-de-feira-de-santana-e-a-central-de-libras-estao-promovendo-a-campanha-setembro-surdo-em-feira-de-santana\/","title":{"rendered":"A Associa\u00e7\u00e3o de Surdos de Feira de Santana e a Central de Libras est\u00e3o promovendo a campanha Setembro Surdo em Feira de Santana."},"content":{"rendered":"\n<p>O m\u00eas de setembro evidencia causas da comunidade surda porque foi nele que aconteceram eventos de relev\u00e2ncia hist\u00f3rica da educa\u00e7\u00e3o dos surdos, como a Semana Internacional do Surdos, que acontece anualmente desde 1958.<\/p>\n\n\n\n<p>Al\u00e9m disso, o m\u00eas \u00e9 voltado para celebra\u00e7\u00f5es das conquistas da comunidade surda no Brasil, para realizar atividades voltadas \u00e0s pessoas com defici\u00eancia auditiva, al\u00e9m de buscar por direitos e condi\u00e7\u00f5es de vida mais acess\u00edvel e inclusiva.<\/p>\n\n\n\n<p>Em Feira de Santana, a comunidade surda vai realizar visitas nas escolas do munic\u00edpio para conscientizar as pessoas sobre a inclus\u00e3o de crian\u00e7as surdas na sala de aula, participar tamb\u00e9m da Tribuna Livre na C\u00e2mara Municipal de Feira de Santana abordando o assunto para a Casa Legislativa e para popula\u00e7\u00e3o feirense, al\u00e9m de promover palestras, apresenta\u00e7\u00f5es culturais, como teatro e m\u00fasica .<\/p>\n\n\n\n<p><strong>Veja a programa\u00e7\u00e3o:<\/strong><br>01\/09: 08h30 Tribuna Livre<br>25\/09: manh\u00e3<br>9h30: Abertura com a presidente Elaine Figueredo e diretoria da ASFS.10h \/ 11h: Palestra com o Prof. Me. Charles Lary e media\u00e7\u00e3o de Emanuelle Dantas.11h \/ 11h30: Apresenta\u00e7\u00e3o e entrevista da modelo Vanuzia com media\u00e7\u00e3o de Ozael.12h \/ 13h30: Almo\u00e7o.<br>25\/09: tarde<br>14h: Bingo15h: Teatro com Surdos17h: Lanche17h30: Bate-papo e encerramento.<\/p>\n\n\n\n<p>Local: Kilo Grill<\/p>\n\n\n\n<p>Durante todo o m\u00eas de setembro acontecer\u00e1 a\u00e7\u00f5es nas escolas para conscientiza\u00e7\u00e3o e inclus\u00e3o da comunidade surda.<\/p>\n","protected":false},"excerpt":{"rendered":"<p>O m\u00eas de setembro evidencia causas da comunidade surda porque foi nele que aconteceram eventos de relev\u00e2ncia hist\u00f3rica da educa\u00e7\u00e3o dos surdos, como a Semana Internacional do Surdos, que acontece anualmente desde 1958. Al\u00e9m disso, o m\u00eas \u00e9 voltado para celebra\u00e7\u00f5es das conquistas da comunidade surda no Brasil, para realizar atividades voltadas \u00e0s pessoas com [&hellip;]<\/p>\n","protected":false},"author":2,"featured_media":3825,"comment_status":"open","ping_status":"open","sticky":false,"template":"","format":"standard","meta":{"_monsterinsights_skip_tracking":false,"_monsterinsights_sitenote_active":false,"_monsterinsights_sitenote_note":"","_monsterinsights_sitenote_category":0,"footnotes":""},"categories":[34],"tags":[],"yoast_head":"<!-- This site is optimized with the Yoast SEO plugin v22.9 - https:\/\/yoast.com\/wordpress\/plugins\/seo\/ -->\n<title>A Associa\u00e7\u00e3o de Surdos de Feira de Santana e a Central de Libras est\u00e3o promovendo a campanha Setembro Surdo em Feira de Santana. - Portal MF<\/title>\n<meta name=\"robots\" content=\"index, follow, max-snippet:-1, max-image-preview:large, max-video-preview:-1\" \/>\n<link rel=\"canonical\" href=\"https:\/\/portalmf.com.br\/index.php\/2022\/08\/30\/a-associacao-de-surdos-de-feira-de-santana-e-a-central-de-libras-estao-promovendo-a-campanha-setembro-surdo-em-feira-de-santana\/\" \/>\n<meta property=\"og:locale\" content=\"pt_BR\" \/>\n<meta property=\"og:type\" content=\"article\" \/>\n<meta property=\"og:title\" content=\"A Associa\u00e7\u00e3o de Surdos de Feira de Santana e a Central de Libras est\u00e3o promovendo a campanha Setembro Surdo em Feira de Santana. - Portal MF\" \/>\n<meta property=\"og:description\" content=\"O m\u00eas de setembro evidencia causas da comunidade surda porque foi nele que aconteceram eventos de relev\u00e2ncia hist\u00f3rica da educa\u00e7\u00e3o dos surdos, como a Semana Internacional do Surdos, que acontece anualmente desde 1958. Al\u00e9m disso, o m\u00eas \u00e9 voltado para celebra\u00e7\u00f5es das conquistas da comunidade surda no Brasil, para realizar atividades voltadas \u00e0s pessoas com [&hellip;]\" \/>\n<meta property=\"og:url\" content=\"https:\/\/portalmf.com.br\/index.php\/2022\/08\/30\/a-associacao-de-surdos-de-feira-de-santana-e-a-central-de-libras-estao-promovendo-a-campanha-setembro-surdo-em-feira-de-santana\/\" \/>\n<meta property=\"og:site_name\" content=\"Portal MF\" \/>\n<meta property=\"article:author\" content=\"reginaldojrfsa\" \/>\n<meta property=\"article:published_time\" content=\"2022-08-30T13:38:00+00:00\" \/>\n<meta property=\"article:modified_time\" content=\"2022-08-31T13:40:12+00:00\" \/>\n<meta property=\"og:image\" content=\"https:\/\/portalmf.com.br\/wp-content\/uploads\/2022\/08\/WhatsApp-Image-2022-08-31-at-09.42.50.jpeg\" \/>\n\t<meta property=\"og:image:width\" content=\"1279\" \/>\n\t<meta property=\"og:image:height\" content=\"1280\" \/>\n\t<meta property=\"og:image:type\" content=\"image\/jpeg\" \/>\n<meta name=\"author\" content=\"Reginaldo J\u00fanior\" \/>\n<meta name=\"twitter:card\" content=\"summary_large_image\" \/>\n<meta name=\"twitter:creator\" content=\"@reginaldojrmf\" \/>\n<meta name=\"twitter:label1\" content=\"Escrito por\" \/>\n\t<meta name=\"twitter:data1\" content=\"Reginaldo J\u00fanior\" \/>\n\t<meta name=\"twitter:label2\" content=\"Est. tempo de leitura\" \/>\n\t<meta name=\"twitter:data2\" content=\"2 minutos\" \/>\n<script type=\"application\/ld+json\" class=\"yoast-schema-graph\">{\"@context\":\"https:\/\/schema.org\",\"@graph\":[{\"@type\":\"WebPage\",\"@id\":\"https:\/\/portalmf.com.br\/index.php\/2022\/08\/30\/a-associacao-de-surdos-de-feira-de-santana-e-a-central-de-libras-estao-promovendo-a-campanha-setembro-surdo-em-feira-de-santana\/\",\"url\":\"https:\/\/portalmf.com.br\/index.php\/2022\/08\/30\/a-associacao-de-surdos-de-feira-de-santana-e-a-central-de-libras-estao-promovendo-a-campanha-setembro-surdo-em-feira-de-santana\/\",\"name\":\"A Associa\u00e7\u00e3o de Surdos de Feira de Santana e a Central de Libras est\u00e3o promovendo a campanha Setembro Surdo em Feira de Santana. - Portal MF\",\"isPartOf\":{\"@id\":\"https:\/\/portalmf.com.br\/#website\"},\"primaryImageOfPage\":{\"@id\":\"https:\/\/portalmf.com.br\/index.php\/2022\/08\/30\/a-associacao-de-surdos-de-feira-de-santana-e-a-central-de-libras-estao-promovendo-a-campanha-setembro-surdo-em-feira-de-santana\/#primaryimage\"},\"image\":{\"@id\":\"https:\/\/portalmf.com.br\/index.php\/2022\/08\/30\/a-associacao-de-surdos-de-feira-de-santana-e-a-central-de-libras-estao-promovendo-a-campanha-setembro-surdo-em-feira-de-santana\/#primaryimage\"},\"thumbnailUrl\":\"https:\/\/portalmf.com.br\/wp-content\/uploads\/2022\/08\/WhatsApp-Image-2022-08-31-at-09.42.50.jpeg\",\"datePublished\":\"2022-08-30T13:38:00+00:00\",\"dateModified\":\"2022-08-31T13:40:12+00:00\",\"author\":{\"@id\":\"https:\/\/portalmf.com.br\/#\/schema\/person\/11c82086fe8abc05a19147e964587285\"},\"breadcrumb\":{\"@id\":\"https:\/\/portalmf.com.br\/index.php\/2022\/08\/30\/a-associacao-de-surdos-de-feira-de-santana-e-a-central-de-libras-estao-promovendo-a-campanha-setembro-surdo-em-feira-de-santana\/#breadcrumb\"},\"inLanguage\":\"pt-BR\",\"potentialAction\":[{\"@type\":\"ReadAction\",\"target\":[\"https:\/\/portalmf.com.br\/index.php\/2022\/08\/30\/a-associacao-de-surdos-de-feira-de-santana-e-a-central-de-libras-estao-promovendo-a-campanha-setembro-surdo-em-feira-de-santana\/\"]}]},{\"@type\":\"ImageObject\",\"inLanguage\":\"pt-BR\",\"@id\":\"https:\/\/portalmf.com.br\/index.php\/2022\/08\/30\/a-associacao-de-surdos-de-feira-de-santana-e-a-central-de-libras-estao-promovendo-a-campanha-setembro-surdo-em-feira-de-santana\/#primaryimage\",\"url\":\"https:\/\/portalmf.com.br\/wp-content\/uploads\/2022\/08\/WhatsApp-Image-2022-08-31-at-09.42.50.jpeg\",\"contentUrl\":\"https:\/\/portalmf.com.br\/wp-content\/uploads\/2022\/08\/WhatsApp-Image-2022-08-31-at-09.42.50.jpeg\",\"width\":1279,\"height\":1280},{\"@type\":\"BreadcrumbList\",\"@id\":\"https:\/\/portalmf.com.br\/index.php\/2022\/08\/30\/a-associacao-de-surdos-de-feira-de-santana-e-a-central-de-libras-estao-promovendo-a-campanha-setembro-surdo-em-feira-de-santana\/#breadcrumb\",\"itemListElement\":[{\"@type\":\"ListItem\",\"position\":1,\"name\":\"In\u00edcio\",\"item\":\"https:\/\/portalmf.com.br\/\"},{\"@type\":\"ListItem\",\"position\":2,\"name\":\"A Associa\u00e7\u00e3o de Surdos de Feira de Santana e a Central de Libras est\u00e3o promovendo a campanha Setembro Surdo em Feira de Santana.\"}]},{\"@type\":\"WebSite\",\"@id\":\"https:\/\/portalmf.com.br\/#website\",\"url\":\"https:\/\/portalmf.com.br\/\",\"name\":\"Portal MF\",\"description\":\"Voc\u00ea conectado com a informa\u00e7\u00e3o\",\"potentialAction\":[{\"@type\":\"SearchAction\",\"target\":{\"@type\":\"EntryPoint\",\"urlTemplate\":\"https:\/\/portalmf.com.br\/?s={search_term_string}\"},\"query-input\":\"required name=search_term_string\"}],\"inLanguage\":\"pt-BR\"},{\"@type\":\"Person\",\"@id\":\"https:\/\/portalmf.com.br\/#\/schema\/person\/11c82086fe8abc05a19147e964587285\",\"name\":\"Reginaldo J\u00fanior\",\"image\":{\"@type\":\"ImageObject\",\"inLanguage\":\"pt-BR\",\"@id\":\"https:\/\/portalmf.com.br\/#\/schema\/person\/image\/\",\"url\":\"https:\/\/secure.gravatar.com\/avatar\/32a3c797cd0ac47cc53b8644c62776f9?s=96&d=mm&r=g\",\"contentUrl\":\"https:\/\/secure.gravatar.com\/avatar\/32a3c797cd0ac47cc53b8644c62776f9?s=96&d=mm&r=g\",\"caption\":\"Reginaldo J\u00fanior\"},\"description\":\"Jornalista e idealizador Portal MF\",\"sameAs\":[\"https:\/\/portalmf.com.br\/index.php\/author\/reginaldojr\/\",\"reginaldojrfsa\",\"reginaldojuniormf\",\"https:\/\/x.com\/reginaldojrmf\"],\"url\":\"https:\/\/portalmf.com.br\/index.php\/author\/reginaldojr\/\"}]}<\/script>\n<!-- \/ Yoast SEO plugin. -->","yoast_head_json":{"title":"A Associa\u00e7\u00e3o de Surdos de Feira de Santana e a Central de Libras est\u00e3o promovendo a campanha Setembro Surdo em Feira de Santana. - Portal MF","robots":{"index":"index","follow":"follow","max-snippet":"max-snippet:-1","max-image-preview":"max-image-preview:large","max-video-preview":"max-video-preview:-1"},"canonical":"https:\/\/portalmf.com.br\/index.php\/2022\/08\/30\/a-associacao-de-surdos-de-feira-de-santana-e-a-central-de-libras-estao-promovendo-a-campanha-setembro-surdo-em-feira-de-santana\/","og_locale":"pt_BR","og_type":"article","og_title":"A Associa\u00e7\u00e3o de Surdos de Feira de Santana e a Central de Libras est\u00e3o promovendo a campanha Setembro Surdo em Feira de Santana. - Portal MF","og_description":"O m\u00eas de setembro evidencia causas da comunidade surda porque foi nele que aconteceram eventos de relev\u00e2ncia hist\u00f3rica da educa\u00e7\u00e3o dos surdos, como a Semana Internacional do Surdos, que acontece anualmente desde 1958. Al\u00e9m disso, o m\u00eas \u00e9 voltado para celebra\u00e7\u00f5es das conquistas da comunidade surda no Brasil, para realizar atividades voltadas \u00e0s pessoas com [&hellip;]","og_url":"https:\/\/portalmf.com.br\/index.php\/2022\/08\/30\/a-associacao-de-surdos-de-feira-de-santana-e-a-central-de-libras-estao-promovendo-a-campanha-setembro-surdo-em-feira-de-santana\/","og_site_name":"Portal MF","article_author":"reginaldojrfsa","article_published_time":"2022-08-30T13:38:00+00:00","article_modified_time":"2022-08-31T13:40:12+00:00","og_image":[{"width":1279,"height":1280,"url":"https:\/\/portalmf.com.br\/wp-content\/uploads\/2022\/08\/WhatsApp-Image-2022-08-31-at-09.42.50.jpeg","type":"image\/jpeg"}],"author":"Reginaldo J\u00fanior","twitter_card":"summary_large_image","twitter_creator":"@reginaldojrmf","twitter_misc":{"Escrito por":"Reginaldo J\u00fanior","Est. tempo de leitura":"2 minutos"},"schema":{"@context":"https:\/\/schema.org","@graph":[{"@type":"WebPage","@id":"https:\/\/portalmf.com.br\/index.php\/2022\/08\/30\/a-associacao-de-surdos-de-feira-de-santana-e-a-central-de-libras-estao-promovendo-a-campanha-setembro-surdo-em-feira-de-santana\/","url":"https:\/\/portalmf.com.br\/index.php\/2022\/08\/30\/a-associacao-de-surdos-de-feira-de-santana-e-a-central-de-libras-estao-promovendo-a-campanha-setembro-surdo-em-feira-de-santana\/","name":"A Associa\u00e7\u00e3o de Surdos de Feira de Santana e a Central de Libras est\u00e3o promovendo a campanha Setembro Surdo em Feira de Santana. - Portal MF","isPartOf":{"@id":"https:\/\/portalmf.com.br\/#website"},"primaryImageOfPage":{"@id":"https:\/\/portalmf.com.br\/index.php\/2022\/08\/30\/a-associacao-de-surdos-de-feira-de-santana-e-a-central-de-libras-estao-promovendo-a-campanha-setembro-surdo-em-feira-de-santana\/#primaryimage"},"image":{"@id":"https:\/\/portalmf.com.br\/index.php\/2022\/08\/30\/a-associacao-de-surdos-de-feira-de-santana-e-a-central-de-libras-estao-promovendo-a-campanha-setembro-surdo-em-feira-de-santana\/#primaryimage"},"thumbnailUrl":"https:\/\/portalmf.com.br\/wp-content\/uploads\/2022\/08\/WhatsApp-Image-2022-08-31-at-09.42.50.jpeg","datePublished":"2022-08-30T13:38:00+00:00","dateModified":"2022-08-31T13:40:12+00:00","author":{"@id":"https:\/\/portalmf.com.br\/#\/schema\/person\/11c82086fe8abc05a19147e964587285"},"breadcrumb":{"@id":"https:\/\/portalmf.com.br\/index.php\/2022\/08\/30\/a-associacao-de-surdos-de-feira-de-santana-e-a-central-de-libras-estao-promovendo-a-campanha-setembro-surdo-em-feira-de-santana\/#breadcrumb"},"inLanguage":"pt-BR","potentialAction":[{"@type":"ReadAction","target":["https:\/\/portalmf.com.br\/index.php\/2022\/08\/30\/a-associacao-de-surdos-de-feira-de-santana-e-a-central-de-libras-estao-promovendo-a-campanha-setembro-surdo-em-feira-de-santana\/"]}]},{"@type":"ImageObject","inLanguage":"pt-BR","@id":"https:\/\/portalmf.com.br\/index.php\/2022\/08\/30\/a-associacao-de-surdos-de-feira-de-santana-e-a-central-de-libras-estao-promovendo-a-campanha-setembro-surdo-em-feira-de-santana\/#primaryimage","url":"https:\/\/portalmf.com.br\/wp-content\/uploads\/2022\/08\/WhatsApp-Image-2022-08-31-at-09.42.50.jpeg","contentUrl":"https:\/\/portalmf.com.br\/wp-content\/uploads\/2022\/08\/WhatsApp-Image-2022-08-31-at-09.42.50.jpeg","width":1279,"height":1280},{"@type":"BreadcrumbList","@id":"https:\/\/portalmf.com.br\/index.php\/2022\/08\/30\/a-associacao-de-surdos-de-feira-de-santana-e-a-central-de-libras-estao-promovendo-a-campanha-setembro-surdo-em-feira-de-santana\/#breadcrumb","itemListElement":[{"@type":"ListItem","position":1,"name":"In\u00edcio","item":"https:\/\/portalmf.com.br\/"},{"@type":"ListItem","position":2,"name":"A Associa\u00e7\u00e3o de Surdos de Feira de Santana e a Central de Libras est\u00e3o promovendo a campanha Setembro Surdo em Feira de Santana."}]},{"@type":"WebSite","@id":"https:\/\/portalmf.com.br\/#website","url":"https:\/\/portalmf.com.br\/","name":"Portal MF","description":"Voc\u00ea conectado com a informa\u00e7\u00e3o","potentialAction":[{"@type":"SearchAction","target":{"@type":"EntryPoint","urlTemplate":"https:\/\/portalmf.com.br\/?s={search_term_string}"},"query-input":"required name=search_term_string"}],"inLanguage":"pt-BR"},{"@type":"Person","@id":"https:\/\/portalmf.com.br\/#\/schema\/person\/11c82086fe8abc05a19147e964587285","name":"Reginaldo J\u00fanior","image":{"@type":"ImageObject","inLanguage":"pt-BR","@id":"https:\/\/portalmf.com.br\/#\/schema\/person\/image\/","url":"https:\/\/secure.gravatar.com\/avatar\/32a3c797cd0ac47cc53b8644c62776f9?s=96&d=mm&r=g","contentUrl":"https:\/\/secure.gravatar.com\/avatar\/32a3c797cd0ac47cc53b8644c62776f9?s=96&d=mm&r=g","caption":"Reginaldo J\u00fanior"},"description":"Jornalista e idealizador Portal MF","sameAs":["https:\/\/portalmf.com.br\/index.php\/author\/reginaldojr\/","reginaldojrfsa","reginaldojuniormf","https:\/\/x.com\/reginaldojrmf"],"url":"https:\/\/portalmf.com.br\/index.php\/author\/reginaldojr\/"}]}},"_links":{"self":[{"href":"https:\/\/portalmf.com.br\/index.php\/wp-json\/wp\/v2\/posts\/3824"}],"collection":[{"href":"https:\/\/portalmf.com.br\/index.php\/wp-json\/wp\/v2\/posts"}],"about":[{"href":"https:\/\/portalmf.com.br\/index.php\/wp-json\/wp\/v2\/types\/post"}],"author":[{"embeddable":true,"href":"https:\/\/portalmf.com.br\/index.php\/wp-json\/wp\/v2\/users\/2"}],"replies":[{"embeddable":true,"href":"https:\/\/portalmf.com.br\/index.php\/wp-json\/wp\/v2\/comments?post=3824"}],"version-history":[{"count":1,"href":"https:\/\/portalmf.com.br\/index.php\/wp-json\/wp\/v2\/posts\/3824\/revisions"}],"predecessor-version":[{"id":3826,"href":"https:\/\/portalmf.com.br\/index.php\/wp-json\/wp\/v2\/posts\/3824\/revisions\/3826"}],"wp:featuredmedia":[{"embeddable":true,"href":"https:\/\/portalmf.com.br\/index.php\/wp-json\/wp\/v2\/media\/3825"}],"wp:attachment":[{"href":"https:\/\/portalmf.com.br\/index.php\/wp-json\/wp\/v2\/media?parent=3824"}],"wp:term":[{"taxonomy":"category","embeddable":true,"href":"https:\/\/portalmf.com.br\/index.php\/wp-json\/wp\/v2\/categories?post=3824"},{"taxonomy":"post_tag","embeddable":true,"href":"https:\/\/portalmf.com.br\/index.php\/wp-json\/wp\/v2\/tags?post=3824"}],"curies":[{"name":"wp","href":"https:\/\/api.w.org\/{rel}","templated":true}]}}