{"id":3813,"date":"2022-08-30T16:27:19","date_gmt":"2022-08-30T19:27:19","guid":{"rendered":"http:\/\/portalmf.com.br\/?p=3813"},"modified":"2022-08-30T16:27:20","modified_gmt":"2022-08-30T19:27:20","slug":"roberto-kuelho-se-apresenta-no-mercado-de-arte-popular","status":"publish","type":"post","link":"https:\/\/portalmf.com.br\/index.php\/2022\/08\/30\/roberto-kuelho-se-apresenta-no-mercado-de-arte-popular\/","title":{"rendered":"Roberto Kuelho se apresenta no Mercado de Arte Popular"},"content":{"rendered":"\n<p>O cantor e compositor&nbsp;baiano Roberto Kuelho&nbsp;leva, no pr\u00f3ximo s\u00e1bado (3), o Show \u2018Movimente\u2019 para o Mercado de Arte Popular, que fica no Centro de Feira de Santana.<\/p>\n\n\n\n<p>O show aberto e gratuito vai contar com as participa\u00e7\u00f5es dos artistas Paullo&nbsp;Bind\u00e1&nbsp;e Kareen Mendes&nbsp;e tem apoio da Prefeitura de Feira de Santana, ArtMap e comerciantes locais.<\/p>\n\n\n\n<p>Antes da apresenta\u00e7\u00e3o aberta e gratuita de s\u00e1bado, o artista vai se apresentar no dia 31 de agosto na UBC JAM, um encontro exclusivo para artistas associados \u00e0 UBC, Uni\u00e3o Brasileira de Compositores, que visa conectar e dar visibilidade para novos talentos da m\u00fasica.<\/p>\n\n\n\n<p>Kuelho j\u00e1 escreveu can\u00e7\u00f5es para Terra Samba, Psirico, \u00c9 O Tchan, Harmonia do Samba, entre outros grupos. Al\u00e9m disso, o artista, que recentemente lan\u00e7ou o single \u2018Joga Por Cima\u2019, em parceria com o cantor paulista Camilo NP, atualmente est\u00e1 trabalhando em seu EP in\u00e9dito intitulado &#8220;Festividades&#8221;, previsto para ser lan\u00e7ado ainda este ano.<\/p>\n\n\n\n<figure class=\"wp-block-image size-large\"><img fetchpriority=\"high\" decoding=\"async\" width=\"924\" height=\"1024\" src=\"http:\/\/portalmf.com.br\/wp-content\/uploads\/2022\/08\/Roberto-Kuelho-2-924x1024.jpeg\" alt=\"\" class=\"wp-image-3814\" srcset=\"https:\/\/portalmf.com.br\/wp-content\/uploads\/2022\/08\/Roberto-Kuelho-2-924x1024.jpeg 924w, https:\/\/portalmf.com.br\/wp-content\/uploads\/2022\/08\/Roberto-Kuelho-2-271x300.jpeg 271w, https:\/\/portalmf.com.br\/wp-content\/uploads\/2022\/08\/Roberto-Kuelho-2-768x851.jpeg 768w, https:\/\/portalmf.com.br\/wp-content\/uploads\/2022\/08\/Roberto-Kuelho-2-1386x1536.jpeg 1386w, https:\/\/portalmf.com.br\/wp-content\/uploads\/2022\/08\/Roberto-Kuelho-2-1170x1296.jpeg 1170w, https:\/\/portalmf.com.br\/wp-content\/uploads\/2022\/08\/Roberto-Kuelho-2-585x648.jpeg 585w, https:\/\/portalmf.com.br\/wp-content\/uploads\/2022\/08\/Roberto-Kuelho-2.jpeg 1444w\" sizes=\"(max-width: 924px) 100vw, 924px\" \/><\/figure>\n","protected":false},"excerpt":{"rendered":"<p>O cantor e compositor&nbsp;baiano Roberto Kuelho&nbsp;leva, no pr\u00f3ximo s\u00e1bado (3), o Show \u2018Movimente\u2019 para o Mercado de Arte Popular, que fica no Centro de Feira de Santana. O show aberto e gratuito vai contar com as participa\u00e7\u00f5es dos artistas Paullo&nbsp;Bind\u00e1&nbsp;e Kareen Mendes&nbsp;e tem apoio da Prefeitura de Feira de Santana, ArtMap e comerciantes locais. Antes [&hellip;]<\/p>\n","protected":false},"author":2,"featured_media":3815,"comment_status":"open","ping_status":"open","sticky":false,"template":"","format":"standard","meta":{"_monsterinsights_skip_tracking":false,"_monsterinsights_sitenote_active":false,"_monsterinsights_sitenote_note":"","_monsterinsights_sitenote_category":0,"footnotes":""},"categories":[40,47],"tags":[123,126,125],"yoast_head":"<!-- This site is optimized with the Yoast SEO plugin v22.9 - https:\/\/yoast.com\/wordpress\/plugins\/seo\/ -->\n<title>Roberto Kuelho se apresenta no Mercado de Arte Popular - Portal MF<\/title>\n<meta name=\"robots\" content=\"index, follow, max-snippet:-1, max-image-preview:large, max-video-preview:-1\" \/>\n<link rel=\"canonical\" href=\"https:\/\/portalmf.com.br\/index.php\/2022\/08\/30\/roberto-kuelho-se-apresenta-no-mercado-de-arte-popular\/\" \/>\n<meta property=\"og:locale\" content=\"pt_BR\" \/>\n<meta property=\"og:type\" content=\"article\" \/>\n<meta property=\"og:title\" content=\"Roberto Kuelho se apresenta no Mercado de Arte Popular - Portal MF\" \/>\n<meta property=\"og:description\" content=\"O cantor e compositor&nbsp;baiano Roberto Kuelho&nbsp;leva, no pr\u00f3ximo s\u00e1bado (3), o Show \u2018Movimente\u2019 para o Mercado de Arte Popular, que fica no Centro de Feira de Santana. O show aberto e gratuito vai contar com as participa\u00e7\u00f5es dos artistas Paullo&nbsp;Bind\u00e1&nbsp;e Kareen Mendes&nbsp;e tem apoio da Prefeitura de Feira de Santana, ArtMap e comerciantes locais. Antes [&hellip;]\" \/>\n<meta property=\"og:url\" content=\"https:\/\/portalmf.com.br\/index.php\/2022\/08\/30\/roberto-kuelho-se-apresenta-no-mercado-de-arte-popular\/\" \/>\n<meta property=\"og:site_name\" content=\"Portal MF\" \/>\n<meta property=\"article:author\" content=\"reginaldojrfsa\" \/>\n<meta property=\"article:published_time\" content=\"2022-08-30T19:27:19+00:00\" \/>\n<meta property=\"article:modified_time\" content=\"2022-08-30T19:27:20+00:00\" \/>\n<meta property=\"og:image\" content=\"https:\/\/portalmf.com.br\/wp-content\/uploads\/2022\/08\/Roberto-Kuelho-1.jpeg\" \/>\n\t<meta property=\"og:image:width\" content=\"1600\" \/>\n\t<meta property=\"og:image:height\" content=\"1216\" \/>\n\t<meta property=\"og:image:type\" content=\"image\/jpeg\" \/>\n<meta name=\"author\" content=\"Reginaldo J\u00fanior\" \/>\n<meta name=\"twitter:card\" content=\"summary_large_image\" \/>\n<meta name=\"twitter:creator\" content=\"@reginaldojrmf\" \/>\n<meta name=\"twitter:label1\" content=\"Escrito por\" \/>\n\t<meta name=\"twitter:data1\" content=\"Reginaldo J\u00fanior\" \/>\n\t<meta name=\"twitter:label2\" content=\"Est. tempo de leitura\" \/>\n\t<meta name=\"twitter:data2\" content=\"2 minutos\" \/>\n<script type=\"application\/ld+json\" class=\"yoast-schema-graph\">{\"@context\":\"https:\/\/schema.org\",\"@graph\":[{\"@type\":\"WebPage\",\"@id\":\"https:\/\/portalmf.com.br\/index.php\/2022\/08\/30\/roberto-kuelho-se-apresenta-no-mercado-de-arte-popular\/\",\"url\":\"https:\/\/portalmf.com.br\/index.php\/2022\/08\/30\/roberto-kuelho-se-apresenta-no-mercado-de-arte-popular\/\",\"name\":\"Roberto Kuelho se apresenta no Mercado de Arte Popular - Portal MF\",\"isPartOf\":{\"@id\":\"https:\/\/portalmf.com.br\/#website\"},\"primaryImageOfPage\":{\"@id\":\"https:\/\/portalmf.com.br\/index.php\/2022\/08\/30\/roberto-kuelho-se-apresenta-no-mercado-de-arte-popular\/#primaryimage\"},\"image\":{\"@id\":\"https:\/\/portalmf.com.br\/index.php\/2022\/08\/30\/roberto-kuelho-se-apresenta-no-mercado-de-arte-popular\/#primaryimage\"},\"thumbnailUrl\":\"https:\/\/portalmf.com.br\/wp-content\/uploads\/2022\/08\/Roberto-Kuelho-1.jpeg\",\"datePublished\":\"2022-08-30T19:27:19+00:00\",\"dateModified\":\"2022-08-30T19:27:20+00:00\",\"author\":{\"@id\":\"https:\/\/portalmf.com.br\/#\/schema\/person\/11c82086fe8abc05a19147e964587285\"},\"breadcrumb\":{\"@id\":\"https:\/\/portalmf.com.br\/index.php\/2022\/08\/30\/roberto-kuelho-se-apresenta-no-mercado-de-arte-popular\/#breadcrumb\"},\"inLanguage\":\"pt-BR\",\"potentialAction\":[{\"@type\":\"ReadAction\",\"target\":[\"https:\/\/portalmf.com.br\/index.php\/2022\/08\/30\/roberto-kuelho-se-apresenta-no-mercado-de-arte-popular\/\"]}]},{\"@type\":\"ImageObject\",\"inLanguage\":\"pt-BR\",\"@id\":\"https:\/\/portalmf.com.br\/index.php\/2022\/08\/30\/roberto-kuelho-se-apresenta-no-mercado-de-arte-popular\/#primaryimage\",\"url\":\"https:\/\/portalmf.com.br\/wp-content\/uploads\/2022\/08\/Roberto-Kuelho-1.jpeg\",\"contentUrl\":\"https:\/\/portalmf.com.br\/wp-content\/uploads\/2022\/08\/Roberto-Kuelho-1.jpeg\",\"width\":1600,\"height\":1216},{\"@type\":\"BreadcrumbList\",\"@id\":\"https:\/\/portalmf.com.br\/index.php\/2022\/08\/30\/roberto-kuelho-se-apresenta-no-mercado-de-arte-popular\/#breadcrumb\",\"itemListElement\":[{\"@type\":\"ListItem\",\"position\":1,\"name\":\"In\u00edcio\",\"item\":\"https:\/\/portalmf.com.br\/\"},{\"@type\":\"ListItem\",\"position\":2,\"name\":\"Roberto Kuelho se apresenta no Mercado de Arte Popular\"}]},{\"@type\":\"WebSite\",\"@id\":\"https:\/\/portalmf.com.br\/#website\",\"url\":\"https:\/\/portalmf.com.br\/\",\"name\":\"Portal MF\",\"description\":\"Voc\u00ea conectado com a informa\u00e7\u00e3o\",\"potentialAction\":[{\"@type\":\"SearchAction\",\"target\":{\"@type\":\"EntryPoint\",\"urlTemplate\":\"https:\/\/portalmf.com.br\/?s={search_term_string}\"},\"query-input\":\"required name=search_term_string\"}],\"inLanguage\":\"pt-BR\"},{\"@type\":\"Person\",\"@id\":\"https:\/\/portalmf.com.br\/#\/schema\/person\/11c82086fe8abc05a19147e964587285\",\"name\":\"Reginaldo J\u00fanior\",\"image\":{\"@type\":\"ImageObject\",\"inLanguage\":\"pt-BR\",\"@id\":\"https:\/\/portalmf.com.br\/#\/schema\/person\/image\/\",\"url\":\"https:\/\/secure.gravatar.com\/avatar\/32a3c797cd0ac47cc53b8644c62776f9?s=96&d=mm&r=g\",\"contentUrl\":\"https:\/\/secure.gravatar.com\/avatar\/32a3c797cd0ac47cc53b8644c62776f9?s=96&d=mm&r=g\",\"caption\":\"Reginaldo J\u00fanior\"},\"description\":\"Jornalista e idealizador Portal MF\",\"sameAs\":[\"https:\/\/portalmf.com.br\/index.php\/author\/reginaldojr\/\",\"reginaldojrfsa\",\"reginaldojuniormf\",\"https:\/\/x.com\/reginaldojrmf\"],\"url\":\"https:\/\/portalmf.com.br\/index.php\/author\/reginaldojr\/\"}]}<\/script>\n<!-- \/ Yoast SEO plugin. -->","yoast_head_json":{"title":"Roberto Kuelho se apresenta no Mercado de Arte Popular - Portal MF","robots":{"index":"index","follow":"follow","max-snippet":"max-snippet:-1","max-image-preview":"max-image-preview:large","max-video-preview":"max-video-preview:-1"},"canonical":"https:\/\/portalmf.com.br\/index.php\/2022\/08\/30\/roberto-kuelho-se-apresenta-no-mercado-de-arte-popular\/","og_locale":"pt_BR","og_type":"article","og_title":"Roberto Kuelho se apresenta no Mercado de Arte Popular - Portal MF","og_description":"O cantor e compositor&nbsp;baiano Roberto Kuelho&nbsp;leva, no pr\u00f3ximo s\u00e1bado (3), o Show \u2018Movimente\u2019 para o Mercado de Arte Popular, que fica no Centro de Feira de Santana. O show aberto e gratuito vai contar com as participa\u00e7\u00f5es dos artistas Paullo&nbsp;Bind\u00e1&nbsp;e Kareen Mendes&nbsp;e tem apoio da Prefeitura de Feira de Santana, ArtMap e comerciantes locais. Antes [&hellip;]","og_url":"https:\/\/portalmf.com.br\/index.php\/2022\/08\/30\/roberto-kuelho-se-apresenta-no-mercado-de-arte-popular\/","og_site_name":"Portal MF","article_author":"reginaldojrfsa","article_published_time":"2022-08-30T19:27:19+00:00","article_modified_time":"2022-08-30T19:27:20+00:00","og_image":[{"width":1600,"height":1216,"url":"https:\/\/portalmf.com.br\/wp-content\/uploads\/2022\/08\/Roberto-Kuelho-1.jpeg","type":"image\/jpeg"}],"author":"Reginaldo J\u00fanior","twitter_card":"summary_large_image","twitter_creator":"@reginaldojrmf","twitter_misc":{"Escrito por":"Reginaldo J\u00fanior","Est. tempo de leitura":"2 minutos"},"schema":{"@context":"https:\/\/schema.org","@graph":[{"@type":"WebPage","@id":"https:\/\/portalmf.com.br\/index.php\/2022\/08\/30\/roberto-kuelho-se-apresenta-no-mercado-de-arte-popular\/","url":"https:\/\/portalmf.com.br\/index.php\/2022\/08\/30\/roberto-kuelho-se-apresenta-no-mercado-de-arte-popular\/","name":"Roberto Kuelho se apresenta no Mercado de Arte Popular - Portal MF","isPartOf":{"@id":"https:\/\/portalmf.com.br\/#website"},"primaryImageOfPage":{"@id":"https:\/\/portalmf.com.br\/index.php\/2022\/08\/30\/roberto-kuelho-se-apresenta-no-mercado-de-arte-popular\/#primaryimage"},"image":{"@id":"https:\/\/portalmf.com.br\/index.php\/2022\/08\/30\/roberto-kuelho-se-apresenta-no-mercado-de-arte-popular\/#primaryimage"},"thumbnailUrl":"https:\/\/portalmf.com.br\/wp-content\/uploads\/2022\/08\/Roberto-Kuelho-1.jpeg","datePublished":"2022-08-30T19:27:19+00:00","dateModified":"2022-08-30T19:27:20+00:00","author":{"@id":"https:\/\/portalmf.com.br\/#\/schema\/person\/11c82086fe8abc05a19147e964587285"},"breadcrumb":{"@id":"https:\/\/portalmf.com.br\/index.php\/2022\/08\/30\/roberto-kuelho-se-apresenta-no-mercado-de-arte-popular\/#breadcrumb"},"inLanguage":"pt-BR","potentialAction":[{"@type":"ReadAction","target":["https:\/\/portalmf.com.br\/index.php\/2022\/08\/30\/roberto-kuelho-se-apresenta-no-mercado-de-arte-popular\/"]}]},{"@type":"ImageObject","inLanguage":"pt-BR","@id":"https:\/\/portalmf.com.br\/index.php\/2022\/08\/30\/roberto-kuelho-se-apresenta-no-mercado-de-arte-popular\/#primaryimage","url":"https:\/\/portalmf.com.br\/wp-content\/uploads\/2022\/08\/Roberto-Kuelho-1.jpeg","contentUrl":"https:\/\/portalmf.com.br\/wp-content\/uploads\/2022\/08\/Roberto-Kuelho-1.jpeg","width":1600,"height":1216},{"@type":"BreadcrumbList","@id":"https:\/\/portalmf.com.br\/index.php\/2022\/08\/30\/roberto-kuelho-se-apresenta-no-mercado-de-arte-popular\/#breadcrumb","itemListElement":[{"@type":"ListItem","position":1,"name":"In\u00edcio","item":"https:\/\/portalmf.com.br\/"},{"@type":"ListItem","position":2,"name":"Roberto Kuelho se apresenta no Mercado de Arte Popular"}]},{"@type":"WebSite","@id":"https:\/\/portalmf.com.br\/#website","url":"https:\/\/portalmf.com.br\/","name":"Portal MF","description":"Voc\u00ea conectado com a informa\u00e7\u00e3o","potentialAction":[{"@type":"SearchAction","target":{"@type":"EntryPoint","urlTemplate":"https:\/\/portalmf.com.br\/?s={search_term_string}"},"query-input":"required name=search_term_string"}],"inLanguage":"pt-BR"},{"@type":"Person","@id":"https:\/\/portalmf.com.br\/#\/schema\/person\/11c82086fe8abc05a19147e964587285","name":"Reginaldo J\u00fanior","image":{"@type":"ImageObject","inLanguage":"pt-BR","@id":"https:\/\/portalmf.com.br\/#\/schema\/person\/image\/","url":"https:\/\/secure.gravatar.com\/avatar\/32a3c797cd0ac47cc53b8644c62776f9?s=96&d=mm&r=g","contentUrl":"https:\/\/secure.gravatar.com\/avatar\/32a3c797cd0ac47cc53b8644c62776f9?s=96&d=mm&r=g","caption":"Reginaldo J\u00fanior"},"description":"Jornalista e idealizador Portal MF","sameAs":["https:\/\/portalmf.com.br\/index.php\/author\/reginaldojr\/","reginaldojrfsa","reginaldojuniormf","https:\/\/x.com\/reginaldojrmf"],"url":"https:\/\/portalmf.com.br\/index.php\/author\/reginaldojr\/"}]}},"_links":{"self":[{"href":"https:\/\/portalmf.com.br\/index.php\/wp-json\/wp\/v2\/posts\/3813"}],"collection":[{"href":"https:\/\/portalmf.com.br\/index.php\/wp-json\/wp\/v2\/posts"}],"about":[{"href":"https:\/\/portalmf.com.br\/index.php\/wp-json\/wp\/v2\/types\/post"}],"author":[{"embeddable":true,"href":"https:\/\/portalmf.com.br\/index.php\/wp-json\/wp\/v2\/users\/2"}],"replies":[{"embeddable":true,"href":"https:\/\/portalmf.com.br\/index.php\/wp-json\/wp\/v2\/comments?post=3813"}],"version-history":[{"count":1,"href":"https:\/\/portalmf.com.br\/index.php\/wp-json\/wp\/v2\/posts\/3813\/revisions"}],"predecessor-version":[{"id":3816,"href":"https:\/\/portalmf.com.br\/index.php\/wp-json\/wp\/v2\/posts\/3813\/revisions\/3816"}],"wp:featuredmedia":[{"embeddable":true,"href":"https:\/\/portalmf.com.br\/index.php\/wp-json\/wp\/v2\/media\/3815"}],"wp:attachment":[{"href":"https:\/\/portalmf.com.br\/index.php\/wp-json\/wp\/v2\/media?parent=3813"}],"wp:term":[{"taxonomy":"category","embeddable":true,"href":"https:\/\/portalmf.com.br\/index.php\/wp-json\/wp\/v2\/categories?post=3813"},{"taxonomy":"post_tag","embeddable":true,"href":"https:\/\/portalmf.com.br\/index.php\/wp-json\/wp\/v2\/tags?post=3813"}],"curies":[{"name":"wp","href":"https:\/\/api.w.org\/{rel}","templated":true}]}}