{"id":3809,"date":"2022-08-30T16:24:40","date_gmt":"2022-08-30T19:24:40","guid":{"rendered":"http:\/\/portalmf.com.br\/?p=3809"},"modified":"2022-08-30T16:24:41","modified_gmt":"2022-08-30T19:24:41","slug":"espetaculo-masha-e-o-urso-no-teatro-chega-a-feira-de-santana","status":"publish","type":"post","link":"https:\/\/portalmf.com.br\/index.php\/2022\/08\/30\/espetaculo-masha-e-o-urso-no-teatro-chega-a-feira-de-santana\/","title":{"rendered":"Espet\u00e1culo \u201cMasha e o Urso no teatro\u201d chega a Feira de Santana"},"content":{"rendered":"\n<p>Dos mesmos criadores do desenho animado, Feira de Santana recebe, diretamente de S\u00e3o Paulo, o verdadeiro e original espet\u00e1culo Masha e o Urso &#8211; No Teatro. Um conto de fadas majestoso inspirado no desenho que \u00e9 l\u00edder de audi\u00eancia na&nbsp;Boomerang&nbsp;e&nbsp;Cartoon&nbsp;Network.<\/p>\n\n\n\n<p>As apresenta\u00e7\u00f5es acontecer\u00e3o no dia&nbsp;04 de setembro (domingo), em duas sess\u00f5es,&nbsp;\u00e0s&nbsp;15h&nbsp;e \u00e0s 17h,&nbsp;no&nbsp;Centro de Cultura Am\u00e9lio Amorim.<\/p>\n\n\n\n<p>No teatro, a apresenta\u00e7\u00e3o contar\u00e1 v\u00e1rias aventuras de Masha, seu amigo urso e sua turma.<\/p>\n\n\n\n<p>O espet\u00e1culo traz ao palco can\u00e7\u00f5es com efeitos de ilumina\u00e7\u00e3o e cen\u00e1rios coloridos, fazendo com que o resumo da obra prenda a aten\u00e7\u00e3o das crian\u00e7as e de toda a fam\u00edlia.<\/p>\n\n\n\n<p>S\u00e3o cerca de 20 profissionais, entre atores e t\u00e9cnicos, que se revezam trazendo ao p\u00fablico o melhor em tecnologia para agradar n\u00e3o somente aos pequenos, mas toda a fam\u00edlia.<\/p>\n\n\n\n<figure class=\"wp-block-image size-full\"><img fetchpriority=\"high\" decoding=\"async\" width=\"680\" height=\"520\" src=\"http:\/\/portalmf.com.br\/wp-content\/uploads\/2022\/08\/WhatsApp-Image-2022-08-30-at-15.43.01.jpeg\" alt=\"\" class=\"wp-image-3810\" srcset=\"https:\/\/portalmf.com.br\/wp-content\/uploads\/2022\/08\/WhatsApp-Image-2022-08-30-at-15.43.01.jpeg 680w, https:\/\/portalmf.com.br\/wp-content\/uploads\/2022\/08\/WhatsApp-Image-2022-08-30-at-15.43.01-300x229.jpeg 300w, https:\/\/portalmf.com.br\/wp-content\/uploads\/2022\/08\/WhatsApp-Image-2022-08-30-at-15.43.01-585x447.jpeg 585w\" sizes=\"(max-width: 680px) 100vw, 680px\" \/><\/figure>\n","protected":false},"excerpt":{"rendered":"<p>Dos mesmos criadores do desenho animado, Feira de Santana recebe, diretamente de S\u00e3o Paulo, o verdadeiro e original espet\u00e1culo Masha e o Urso &#8211; No Teatro. Um conto de fadas majestoso inspirado no desenho que \u00e9 l\u00edder de audi\u00eancia na&nbsp;Boomerang&nbsp;e&nbsp;Cartoon&nbsp;Network. As apresenta\u00e7\u00f5es acontecer\u00e3o no dia&nbsp;04 de setembro (domingo), em duas sess\u00f5es,&nbsp;\u00e0s&nbsp;15h&nbsp;e \u00e0s 17h,&nbsp;no&nbsp;Centro de Cultura [&hellip;]<\/p>\n","protected":false},"author":2,"featured_media":3811,"comment_status":"open","ping_status":"open","sticky":false,"template":"","format":"standard","meta":{"_monsterinsights_skip_tracking":false,"_monsterinsights_sitenote_active":false,"_monsterinsights_sitenote_note":"","_monsterinsights_sitenote_category":0,"footnotes":""},"categories":[40,47],"tags":[124,123,121,120,122],"yoast_head":"<!-- This site is optimized with the Yoast SEO plugin v22.9 - https:\/\/yoast.com\/wordpress\/plugins\/seo\/ -->\n<title>Espet\u00e1culo \u201cMasha e o Urso no teatro\u201d chega a Feira de Santana - Portal MF<\/title>\n<meta name=\"robots\" content=\"index, follow, max-snippet:-1, max-image-preview:large, max-video-preview:-1\" \/>\n<link rel=\"canonical\" href=\"https:\/\/portalmf.com.br\/index.php\/2022\/08\/30\/espetaculo-masha-e-o-urso-no-teatro-chega-a-feira-de-santana\/\" \/>\n<meta property=\"og:locale\" content=\"pt_BR\" \/>\n<meta property=\"og:type\" content=\"article\" \/>\n<meta property=\"og:title\" content=\"Espet\u00e1culo \u201cMasha e o Urso no teatro\u201d chega a Feira de Santana - Portal MF\" \/>\n<meta property=\"og:description\" content=\"Dos mesmos criadores do desenho animado, Feira de Santana recebe, diretamente de S\u00e3o Paulo, o verdadeiro e original espet\u00e1culo Masha e o Urso &#8211; No Teatro. Um conto de fadas majestoso inspirado no desenho que \u00e9 l\u00edder de audi\u00eancia na&nbsp;Boomerang&nbsp;e&nbsp;Cartoon&nbsp;Network. As apresenta\u00e7\u00f5es acontecer\u00e3o no dia&nbsp;04 de setembro (domingo), em duas sess\u00f5es,&nbsp;\u00e0s&nbsp;15h&nbsp;e \u00e0s 17h,&nbsp;no&nbsp;Centro de Cultura [&hellip;]\" \/>\n<meta property=\"og:url\" content=\"https:\/\/portalmf.com.br\/index.php\/2022\/08\/30\/espetaculo-masha-e-o-urso-no-teatro-chega-a-feira-de-santana\/\" \/>\n<meta property=\"og:site_name\" content=\"Portal MF\" \/>\n<meta property=\"article:author\" content=\"reginaldojrfsa\" \/>\n<meta property=\"article:published_time\" content=\"2022-08-30T19:24:40+00:00\" \/>\n<meta property=\"article:modified_time\" content=\"2022-08-30T19:24:41+00:00\" \/>\n<meta property=\"og:image\" content=\"https:\/\/portalmf.com.br\/wp-content\/uploads\/2022\/08\/masha-urso.jpg\" \/>\n\t<meta property=\"og:image:width\" content=\"1200\" \/>\n\t<meta property=\"og:image:height\" content=\"719\" \/>\n\t<meta property=\"og:image:type\" content=\"image\/jpeg\" \/>\n<meta name=\"author\" content=\"Reginaldo J\u00fanior\" \/>\n<meta name=\"twitter:card\" content=\"summary_large_image\" \/>\n<meta name=\"twitter:creator\" content=\"@reginaldojrmf\" \/>\n<meta name=\"twitter:label1\" content=\"Escrito por\" \/>\n\t<meta name=\"twitter:data1\" content=\"Reginaldo J\u00fanior\" \/>\n\t<meta name=\"twitter:label2\" content=\"Est. tempo de leitura\" \/>\n\t<meta name=\"twitter:data2\" content=\"1 minuto\" \/>\n<script type=\"application\/ld+json\" class=\"yoast-schema-graph\">{\"@context\":\"https:\/\/schema.org\",\"@graph\":[{\"@type\":\"WebPage\",\"@id\":\"https:\/\/portalmf.com.br\/index.php\/2022\/08\/30\/espetaculo-masha-e-o-urso-no-teatro-chega-a-feira-de-santana\/\",\"url\":\"https:\/\/portalmf.com.br\/index.php\/2022\/08\/30\/espetaculo-masha-e-o-urso-no-teatro-chega-a-feira-de-santana\/\",\"name\":\"Espet\u00e1culo \u201cMasha e o Urso no teatro\u201d chega a Feira de Santana - Portal MF\",\"isPartOf\":{\"@id\":\"https:\/\/portalmf.com.br\/#website\"},\"primaryImageOfPage\":{\"@id\":\"https:\/\/portalmf.com.br\/index.php\/2022\/08\/30\/espetaculo-masha-e-o-urso-no-teatro-chega-a-feira-de-santana\/#primaryimage\"},\"image\":{\"@id\":\"https:\/\/portalmf.com.br\/index.php\/2022\/08\/30\/espetaculo-masha-e-o-urso-no-teatro-chega-a-feira-de-santana\/#primaryimage\"},\"thumbnailUrl\":\"https:\/\/portalmf.com.br\/wp-content\/uploads\/2022\/08\/masha-urso.jpg\",\"datePublished\":\"2022-08-30T19:24:40+00:00\",\"dateModified\":\"2022-08-30T19:24:41+00:00\",\"author\":{\"@id\":\"https:\/\/portalmf.com.br\/#\/schema\/person\/11c82086fe8abc05a19147e964587285\"},\"breadcrumb\":{\"@id\":\"https:\/\/portalmf.com.br\/index.php\/2022\/08\/30\/espetaculo-masha-e-o-urso-no-teatro-chega-a-feira-de-santana\/#breadcrumb\"},\"inLanguage\":\"pt-BR\",\"potentialAction\":[{\"@type\":\"ReadAction\",\"target\":[\"https:\/\/portalmf.com.br\/index.php\/2022\/08\/30\/espetaculo-masha-e-o-urso-no-teatro-chega-a-feira-de-santana\/\"]}]},{\"@type\":\"ImageObject\",\"inLanguage\":\"pt-BR\",\"@id\":\"https:\/\/portalmf.com.br\/index.php\/2022\/08\/30\/espetaculo-masha-e-o-urso-no-teatro-chega-a-feira-de-santana\/#primaryimage\",\"url\":\"https:\/\/portalmf.com.br\/wp-content\/uploads\/2022\/08\/masha-urso.jpg\",\"contentUrl\":\"https:\/\/portalmf.com.br\/wp-content\/uploads\/2022\/08\/masha-urso.jpg\",\"width\":1200,\"height\":719},{\"@type\":\"BreadcrumbList\",\"@id\":\"https:\/\/portalmf.com.br\/index.php\/2022\/08\/30\/espetaculo-masha-e-o-urso-no-teatro-chega-a-feira-de-santana\/#breadcrumb\",\"itemListElement\":[{\"@type\":\"ListItem\",\"position\":1,\"name\":\"In\u00edcio\",\"item\":\"https:\/\/portalmf.com.br\/\"},{\"@type\":\"ListItem\",\"position\":2,\"name\":\"Espet\u00e1culo \u201cMasha e o Urso no teatro\u201d chega a Feira de Santana\"}]},{\"@type\":\"WebSite\",\"@id\":\"https:\/\/portalmf.com.br\/#website\",\"url\":\"https:\/\/portalmf.com.br\/\",\"name\":\"Portal MF\",\"description\":\"Voc\u00ea conectado com a informa\u00e7\u00e3o\",\"potentialAction\":[{\"@type\":\"SearchAction\",\"target\":{\"@type\":\"EntryPoint\",\"urlTemplate\":\"https:\/\/portalmf.com.br\/?s={search_term_string}\"},\"query-input\":\"required name=search_term_string\"}],\"inLanguage\":\"pt-BR\"},{\"@type\":\"Person\",\"@id\":\"https:\/\/portalmf.com.br\/#\/schema\/person\/11c82086fe8abc05a19147e964587285\",\"name\":\"Reginaldo J\u00fanior\",\"image\":{\"@type\":\"ImageObject\",\"inLanguage\":\"pt-BR\",\"@id\":\"https:\/\/portalmf.com.br\/#\/schema\/person\/image\/\",\"url\":\"https:\/\/secure.gravatar.com\/avatar\/32a3c797cd0ac47cc53b8644c62776f9?s=96&d=mm&r=g\",\"contentUrl\":\"https:\/\/secure.gravatar.com\/avatar\/32a3c797cd0ac47cc53b8644c62776f9?s=96&d=mm&r=g\",\"caption\":\"Reginaldo J\u00fanior\"},\"description\":\"Jornalista e idealizador Portal MF\",\"sameAs\":[\"https:\/\/portalmf.com.br\/index.php\/author\/reginaldojr\/\",\"reginaldojrfsa\",\"reginaldojuniormf\",\"https:\/\/x.com\/reginaldojrmf\"],\"url\":\"https:\/\/portalmf.com.br\/index.php\/author\/reginaldojr\/\"}]}<\/script>\n<!-- \/ Yoast SEO plugin. -->","yoast_head_json":{"title":"Espet\u00e1culo \u201cMasha e o Urso no teatro\u201d chega a Feira de Santana - Portal MF","robots":{"index":"index","follow":"follow","max-snippet":"max-snippet:-1","max-image-preview":"max-image-preview:large","max-video-preview":"max-video-preview:-1"},"canonical":"https:\/\/portalmf.com.br\/index.php\/2022\/08\/30\/espetaculo-masha-e-o-urso-no-teatro-chega-a-feira-de-santana\/","og_locale":"pt_BR","og_type":"article","og_title":"Espet\u00e1culo \u201cMasha e o Urso no teatro\u201d chega a Feira de Santana - Portal MF","og_description":"Dos mesmos criadores do desenho animado, Feira de Santana recebe, diretamente de S\u00e3o Paulo, o verdadeiro e original espet\u00e1culo Masha e o Urso &#8211; No Teatro. Um conto de fadas majestoso inspirado no desenho que \u00e9 l\u00edder de audi\u00eancia na&nbsp;Boomerang&nbsp;e&nbsp;Cartoon&nbsp;Network. As apresenta\u00e7\u00f5es acontecer\u00e3o no dia&nbsp;04 de setembro (domingo), em duas sess\u00f5es,&nbsp;\u00e0s&nbsp;15h&nbsp;e \u00e0s 17h,&nbsp;no&nbsp;Centro de Cultura [&hellip;]","og_url":"https:\/\/portalmf.com.br\/index.php\/2022\/08\/30\/espetaculo-masha-e-o-urso-no-teatro-chega-a-feira-de-santana\/","og_site_name":"Portal MF","article_author":"reginaldojrfsa","article_published_time":"2022-08-30T19:24:40+00:00","article_modified_time":"2022-08-30T19:24:41+00:00","og_image":[{"width":1200,"height":719,"url":"https:\/\/portalmf.com.br\/wp-content\/uploads\/2022\/08\/masha-urso.jpg","type":"image\/jpeg"}],"author":"Reginaldo J\u00fanior","twitter_card":"summary_large_image","twitter_creator":"@reginaldojrmf","twitter_misc":{"Escrito por":"Reginaldo J\u00fanior","Est. tempo de leitura":"1 minuto"},"schema":{"@context":"https:\/\/schema.org","@graph":[{"@type":"WebPage","@id":"https:\/\/portalmf.com.br\/index.php\/2022\/08\/30\/espetaculo-masha-e-o-urso-no-teatro-chega-a-feira-de-santana\/","url":"https:\/\/portalmf.com.br\/index.php\/2022\/08\/30\/espetaculo-masha-e-o-urso-no-teatro-chega-a-feira-de-santana\/","name":"Espet\u00e1culo \u201cMasha e o Urso no teatro\u201d chega a Feira de Santana - Portal MF","isPartOf":{"@id":"https:\/\/portalmf.com.br\/#website"},"primaryImageOfPage":{"@id":"https:\/\/portalmf.com.br\/index.php\/2022\/08\/30\/espetaculo-masha-e-o-urso-no-teatro-chega-a-feira-de-santana\/#primaryimage"},"image":{"@id":"https:\/\/portalmf.com.br\/index.php\/2022\/08\/30\/espetaculo-masha-e-o-urso-no-teatro-chega-a-feira-de-santana\/#primaryimage"},"thumbnailUrl":"https:\/\/portalmf.com.br\/wp-content\/uploads\/2022\/08\/masha-urso.jpg","datePublished":"2022-08-30T19:24:40+00:00","dateModified":"2022-08-30T19:24:41+00:00","author":{"@id":"https:\/\/portalmf.com.br\/#\/schema\/person\/11c82086fe8abc05a19147e964587285"},"breadcrumb":{"@id":"https:\/\/portalmf.com.br\/index.php\/2022\/08\/30\/espetaculo-masha-e-o-urso-no-teatro-chega-a-feira-de-santana\/#breadcrumb"},"inLanguage":"pt-BR","potentialAction":[{"@type":"ReadAction","target":["https:\/\/portalmf.com.br\/index.php\/2022\/08\/30\/espetaculo-masha-e-o-urso-no-teatro-chega-a-feira-de-santana\/"]}]},{"@type":"ImageObject","inLanguage":"pt-BR","@id":"https:\/\/portalmf.com.br\/index.php\/2022\/08\/30\/espetaculo-masha-e-o-urso-no-teatro-chega-a-feira-de-santana\/#primaryimage","url":"https:\/\/portalmf.com.br\/wp-content\/uploads\/2022\/08\/masha-urso.jpg","contentUrl":"https:\/\/portalmf.com.br\/wp-content\/uploads\/2022\/08\/masha-urso.jpg","width":1200,"height":719},{"@type":"BreadcrumbList","@id":"https:\/\/portalmf.com.br\/index.php\/2022\/08\/30\/espetaculo-masha-e-o-urso-no-teatro-chega-a-feira-de-santana\/#breadcrumb","itemListElement":[{"@type":"ListItem","position":1,"name":"In\u00edcio","item":"https:\/\/portalmf.com.br\/"},{"@type":"ListItem","position":2,"name":"Espet\u00e1culo \u201cMasha e o Urso no teatro\u201d chega a Feira de Santana"}]},{"@type":"WebSite","@id":"https:\/\/portalmf.com.br\/#website","url":"https:\/\/portalmf.com.br\/","name":"Portal MF","description":"Voc\u00ea conectado com a informa\u00e7\u00e3o","potentialAction":[{"@type":"SearchAction","target":{"@type":"EntryPoint","urlTemplate":"https:\/\/portalmf.com.br\/?s={search_term_string}"},"query-input":"required name=search_term_string"}],"inLanguage":"pt-BR"},{"@type":"Person","@id":"https:\/\/portalmf.com.br\/#\/schema\/person\/11c82086fe8abc05a19147e964587285","name":"Reginaldo J\u00fanior","image":{"@type":"ImageObject","inLanguage":"pt-BR","@id":"https:\/\/portalmf.com.br\/#\/schema\/person\/image\/","url":"https:\/\/secure.gravatar.com\/avatar\/32a3c797cd0ac47cc53b8644c62776f9?s=96&d=mm&r=g","contentUrl":"https:\/\/secure.gravatar.com\/avatar\/32a3c797cd0ac47cc53b8644c62776f9?s=96&d=mm&r=g","caption":"Reginaldo J\u00fanior"},"description":"Jornalista e idealizador Portal MF","sameAs":["https:\/\/portalmf.com.br\/index.php\/author\/reginaldojr\/","reginaldojrfsa","reginaldojuniormf","https:\/\/x.com\/reginaldojrmf"],"url":"https:\/\/portalmf.com.br\/index.php\/author\/reginaldojr\/"}]}},"_links":{"self":[{"href":"https:\/\/portalmf.com.br\/index.php\/wp-json\/wp\/v2\/posts\/3809"}],"collection":[{"href":"https:\/\/portalmf.com.br\/index.php\/wp-json\/wp\/v2\/posts"}],"about":[{"href":"https:\/\/portalmf.com.br\/index.php\/wp-json\/wp\/v2\/types\/post"}],"author":[{"embeddable":true,"href":"https:\/\/portalmf.com.br\/index.php\/wp-json\/wp\/v2\/users\/2"}],"replies":[{"embeddable":true,"href":"https:\/\/portalmf.com.br\/index.php\/wp-json\/wp\/v2\/comments?post=3809"}],"version-history":[{"count":1,"href":"https:\/\/portalmf.com.br\/index.php\/wp-json\/wp\/v2\/posts\/3809\/revisions"}],"predecessor-version":[{"id":3812,"href":"https:\/\/portalmf.com.br\/index.php\/wp-json\/wp\/v2\/posts\/3809\/revisions\/3812"}],"wp:featuredmedia":[{"embeddable":true,"href":"https:\/\/portalmf.com.br\/index.php\/wp-json\/wp\/v2\/media\/3811"}],"wp:attachment":[{"href":"https:\/\/portalmf.com.br\/index.php\/wp-json\/wp\/v2\/media?parent=3809"}],"wp:term":[{"taxonomy":"category","embeddable":true,"href":"https:\/\/portalmf.com.br\/index.php\/wp-json\/wp\/v2\/categories?post=3809"},{"taxonomy":"post_tag","embeddable":true,"href":"https:\/\/portalmf.com.br\/index.php\/wp-json\/wp\/v2\/tags?post=3809"}],"curies":[{"name":"wp","href":"https:\/\/api.w.org\/{rel}","templated":true}]}}