{"id":3793,"date":"2022-08-29T18:27:49","date_gmt":"2022-08-29T21:27:49","guid":{"rendered":"http:\/\/portalmf.com.br\/?p=3793"},"modified":"2022-08-29T18:27:51","modified_gmt":"2022-08-29T21:27:51","slug":"ministra-do-tse-ordena-remocao-imediata-de-post-de-eduardo-bolsonaro-contra-lula","status":"publish","type":"post","link":"https:\/\/portalmf.com.br\/index.php\/2022\/08\/29\/ministra-do-tse-ordena-remocao-imediata-de-post-de-eduardo-bolsonaro-contra-lula\/","title":{"rendered":"Ministra do TSE ordena remo\u00e7\u00e3o imediata de post de Eduardo Bolsonaro contra Lula"},"content":{"rendered":"\n<p>A ministra Maria Claudia Bucchianeri, do Tribunal Superior Eleitoral (TSE), determinou a remo\u00e7\u00e3o imediata de uma publica\u00e7\u00e3o feita pelo deputado Eduardo Bolsonaro no Twitter com &#8216;grave descontextualiza\u00e7\u00e3o&#8217; de uma declara\u00e7\u00e3o dada pelo ex-presidente Luiz In\u00e1cio Lula da Silva.&nbsp;<\/p>\n\n\n\n<p>O post alegava que o petista iria &#8216;<em>acabar com o emprego dos motoboys&#8217; ou &#8216;acabar com a modalidade&#8217; de &#8216;trabalho por aplicativo&#8217;, <\/em>o que, segundo Maria Claudia &#8216;jamais aconteceu&#8217;. Segundo a ministra &#8216;jamais houve&#8217; qualquer afirma\u00e7\u00e3o de Lula &#8216;no sentido de &#8220;encerramento&#8221; dessas fun\u00e7\u00f5es ou de proibi\u00e7\u00e3o do trabalho por aplicativo, mas, apenas, a inten\u00e7\u00e3o de revestir tais postos de trabalho de mais direitos e garantias&#8217;.<\/p>\n\n\n\n<p>&nbsp;<em>&#8216;O caso, portanto, \u00e9 de grave descontextualiza\u00e7\u00e3o discursiva que subverteu e desvirtuou por completo o conte\u00fado da mensagem divulgada, com aptid\u00e3o para induzir os eleitores e as eleitoras a erro, em especial os que s\u00e3o vinculados a esse setor, a respeito do real pensamento de determinado candidato sobre assunto de relevante interesse p\u00fablico&#8217;,<\/em> ponderou a ministra em despacho assinado na noite deste domingo, 28.<\/p>\n\n\n\n<p>Segundo a magistrada, a descontextualiza\u00e7\u00e3o de falas de Lula &#8216;descambou na cria\u00e7\u00e3o de um conte\u00fado discursivo jamais dito, a autorizar a interven\u00e7\u00e3o corretiva da Justi\u00e7a Eleitoral, como forma de assegurar m\u00ednima higidez do ambiente informativo, em cujo contexto o cidad\u00e3o eleitor deve formar sua escolha&#8217;.<\/p>\n\n\n\n<p>Com informa\u00e7\u00f5es do Terra<\/p>\n","protected":false},"excerpt":{"rendered":"<p>A ministra Maria Claudia Bucchianeri, do Tribunal Superior Eleitoral (TSE), determinou a remo\u00e7\u00e3o imediata de uma publica\u00e7\u00e3o feita pelo deputado Eduardo Bolsonaro no Twitter com &#8216;grave descontextualiza\u00e7\u00e3o&#8217; de uma declara\u00e7\u00e3o dada pelo ex-presidente Luiz In\u00e1cio Lula da Silva.&nbsp; O post alegava que o petista iria &#8216;acabar com o emprego dos motoboys&#8217; ou &#8216;acabar com a [&hellip;]<\/p>\n","protected":false},"author":2,"featured_media":3794,"comment_status":"open","ping_status":"open","sticky":false,"template":"","format":"standard","meta":{"_monsterinsights_skip_tracking":false,"_monsterinsights_sitenote_active":false,"_monsterinsights_sitenote_note":"","_monsterinsights_sitenote_category":0,"footnotes":""},"categories":[34],"tags":[],"yoast_head":"<!-- This site is optimized with the Yoast SEO plugin v22.9 - https:\/\/yoast.com\/wordpress\/plugins\/seo\/ -->\n<title>Ministra do TSE ordena remo\u00e7\u00e3o imediata de post de Eduardo Bolsonaro contra Lula - Portal MF<\/title>\n<meta name=\"robots\" content=\"index, follow, max-snippet:-1, max-image-preview:large, max-video-preview:-1\" \/>\n<link rel=\"canonical\" href=\"https:\/\/portalmf.com.br\/index.php\/2022\/08\/29\/ministra-do-tse-ordena-remocao-imediata-de-post-de-eduardo-bolsonaro-contra-lula\/\" \/>\n<meta property=\"og:locale\" content=\"pt_BR\" \/>\n<meta property=\"og:type\" content=\"article\" \/>\n<meta property=\"og:title\" content=\"Ministra do TSE ordena remo\u00e7\u00e3o imediata de post de Eduardo Bolsonaro contra Lula - Portal MF\" \/>\n<meta property=\"og:description\" content=\"A ministra Maria Claudia Bucchianeri, do Tribunal Superior Eleitoral (TSE), determinou a remo\u00e7\u00e3o imediata de uma publica\u00e7\u00e3o feita pelo deputado Eduardo Bolsonaro no Twitter com &#8216;grave descontextualiza\u00e7\u00e3o&#8217; de uma declara\u00e7\u00e3o dada pelo ex-presidente Luiz In\u00e1cio Lula da Silva.&nbsp; O post alegava que o petista iria &#8216;acabar com o emprego dos motoboys&#8217; ou &#8216;acabar com a [&hellip;]\" \/>\n<meta property=\"og:url\" content=\"https:\/\/portalmf.com.br\/index.php\/2022\/08\/29\/ministra-do-tse-ordena-remocao-imediata-de-post-de-eduardo-bolsonaro-contra-lula\/\" \/>\n<meta property=\"og:site_name\" content=\"Portal MF\" \/>\n<meta property=\"article:author\" content=\"reginaldojrfsa\" \/>\n<meta property=\"article:published_time\" content=\"2022-08-29T21:27:49+00:00\" \/>\n<meta property=\"article:modified_time\" content=\"2022-08-29T21:27:51+00:00\" \/>\n<meta property=\"og:image\" content=\"https:\/\/portalmf.com.br\/wp-content\/uploads\/2022\/08\/Eduardo-Bolsonaro.jpg\" \/>\n\t<meta property=\"og:image:width\" content=\"800\" \/>\n\t<meta property=\"og:image:height\" content=\"447\" \/>\n\t<meta property=\"og:image:type\" content=\"image\/jpeg\" \/>\n<meta name=\"author\" content=\"Reginaldo J\u00fanior\" \/>\n<meta name=\"twitter:card\" content=\"summary_large_image\" \/>\n<meta name=\"twitter:creator\" content=\"@reginaldojrmf\" \/>\n<meta name=\"twitter:label1\" content=\"Escrito por\" \/>\n\t<meta name=\"twitter:data1\" content=\"Reginaldo J\u00fanior\" \/>\n\t<meta name=\"twitter:label2\" content=\"Est. tempo de leitura\" \/>\n\t<meta name=\"twitter:data2\" content=\"2 minutos\" \/>\n<script type=\"application\/ld+json\" class=\"yoast-schema-graph\">{\"@context\":\"https:\/\/schema.org\",\"@graph\":[{\"@type\":\"WebPage\",\"@id\":\"https:\/\/portalmf.com.br\/index.php\/2022\/08\/29\/ministra-do-tse-ordena-remocao-imediata-de-post-de-eduardo-bolsonaro-contra-lula\/\",\"url\":\"https:\/\/portalmf.com.br\/index.php\/2022\/08\/29\/ministra-do-tse-ordena-remocao-imediata-de-post-de-eduardo-bolsonaro-contra-lula\/\",\"name\":\"Ministra do TSE ordena remo\u00e7\u00e3o imediata de post de Eduardo Bolsonaro contra Lula - Portal MF\",\"isPartOf\":{\"@id\":\"https:\/\/portalmf.com.br\/#website\"},\"primaryImageOfPage\":{\"@id\":\"https:\/\/portalmf.com.br\/index.php\/2022\/08\/29\/ministra-do-tse-ordena-remocao-imediata-de-post-de-eduardo-bolsonaro-contra-lula\/#primaryimage\"},\"image\":{\"@id\":\"https:\/\/portalmf.com.br\/index.php\/2022\/08\/29\/ministra-do-tse-ordena-remocao-imediata-de-post-de-eduardo-bolsonaro-contra-lula\/#primaryimage\"},\"thumbnailUrl\":\"https:\/\/portalmf.com.br\/wp-content\/uploads\/2022\/08\/Eduardo-Bolsonaro.jpg\",\"datePublished\":\"2022-08-29T21:27:49+00:00\",\"dateModified\":\"2022-08-29T21:27:51+00:00\",\"author\":{\"@id\":\"https:\/\/portalmf.com.br\/#\/schema\/person\/11c82086fe8abc05a19147e964587285\"},\"breadcrumb\":{\"@id\":\"https:\/\/portalmf.com.br\/index.php\/2022\/08\/29\/ministra-do-tse-ordena-remocao-imediata-de-post-de-eduardo-bolsonaro-contra-lula\/#breadcrumb\"},\"inLanguage\":\"pt-BR\",\"potentialAction\":[{\"@type\":\"ReadAction\",\"target\":[\"https:\/\/portalmf.com.br\/index.php\/2022\/08\/29\/ministra-do-tse-ordena-remocao-imediata-de-post-de-eduardo-bolsonaro-contra-lula\/\"]}]},{\"@type\":\"ImageObject\",\"inLanguage\":\"pt-BR\",\"@id\":\"https:\/\/portalmf.com.br\/index.php\/2022\/08\/29\/ministra-do-tse-ordena-remocao-imediata-de-post-de-eduardo-bolsonaro-contra-lula\/#primaryimage\",\"url\":\"https:\/\/portalmf.com.br\/wp-content\/uploads\/2022\/08\/Eduardo-Bolsonaro.jpg\",\"contentUrl\":\"https:\/\/portalmf.com.br\/wp-content\/uploads\/2022\/08\/Eduardo-Bolsonaro.jpg\",\"width\":800,\"height\":447,\"caption\":\"30\/10\/2019. Cr\u00e9dito Lula Marques\/fotospublicas. Deputado Eduardo Bolsonaro (PSL).\"},{\"@type\":\"BreadcrumbList\",\"@id\":\"https:\/\/portalmf.com.br\/index.php\/2022\/08\/29\/ministra-do-tse-ordena-remocao-imediata-de-post-de-eduardo-bolsonaro-contra-lula\/#breadcrumb\",\"itemListElement\":[{\"@type\":\"ListItem\",\"position\":1,\"name\":\"In\u00edcio\",\"item\":\"https:\/\/portalmf.com.br\/\"},{\"@type\":\"ListItem\",\"position\":2,\"name\":\"Ministra do TSE ordena remo\u00e7\u00e3o imediata de post de Eduardo Bolsonaro contra Lula\"}]},{\"@type\":\"WebSite\",\"@id\":\"https:\/\/portalmf.com.br\/#website\",\"url\":\"https:\/\/portalmf.com.br\/\",\"name\":\"Portal MF\",\"description\":\"Voc\u00ea conectado com a informa\u00e7\u00e3o\",\"potentialAction\":[{\"@type\":\"SearchAction\",\"target\":{\"@type\":\"EntryPoint\",\"urlTemplate\":\"https:\/\/portalmf.com.br\/?s={search_term_string}\"},\"query-input\":\"required name=search_term_string\"}],\"inLanguage\":\"pt-BR\"},{\"@type\":\"Person\",\"@id\":\"https:\/\/portalmf.com.br\/#\/schema\/person\/11c82086fe8abc05a19147e964587285\",\"name\":\"Reginaldo J\u00fanior\",\"image\":{\"@type\":\"ImageObject\",\"inLanguage\":\"pt-BR\",\"@id\":\"https:\/\/portalmf.com.br\/#\/schema\/person\/image\/\",\"url\":\"https:\/\/secure.gravatar.com\/avatar\/32a3c797cd0ac47cc53b8644c62776f9?s=96&d=mm&r=g\",\"contentUrl\":\"https:\/\/secure.gravatar.com\/avatar\/32a3c797cd0ac47cc53b8644c62776f9?s=96&d=mm&r=g\",\"caption\":\"Reginaldo J\u00fanior\"},\"description\":\"Jornalista e idealizador Portal MF\",\"sameAs\":[\"https:\/\/portalmf.com.br\/index.php\/author\/reginaldojr\/\",\"reginaldojrfsa\",\"reginaldojuniormf\",\"https:\/\/x.com\/reginaldojrmf\"],\"url\":\"https:\/\/portalmf.com.br\/index.php\/author\/reginaldojr\/\"}]}<\/script>\n<!-- \/ Yoast SEO plugin. -->","yoast_head_json":{"title":"Ministra do TSE ordena remo\u00e7\u00e3o imediata de post de Eduardo Bolsonaro contra Lula - Portal MF","robots":{"index":"index","follow":"follow","max-snippet":"max-snippet:-1","max-image-preview":"max-image-preview:large","max-video-preview":"max-video-preview:-1"},"canonical":"https:\/\/portalmf.com.br\/index.php\/2022\/08\/29\/ministra-do-tse-ordena-remocao-imediata-de-post-de-eduardo-bolsonaro-contra-lula\/","og_locale":"pt_BR","og_type":"article","og_title":"Ministra do TSE ordena remo\u00e7\u00e3o imediata de post de Eduardo Bolsonaro contra Lula - Portal MF","og_description":"A ministra Maria Claudia Bucchianeri, do Tribunal Superior Eleitoral (TSE), determinou a remo\u00e7\u00e3o imediata de uma publica\u00e7\u00e3o feita pelo deputado Eduardo Bolsonaro no Twitter com &#8216;grave descontextualiza\u00e7\u00e3o&#8217; de uma declara\u00e7\u00e3o dada pelo ex-presidente Luiz In\u00e1cio Lula da Silva.&nbsp; O post alegava que o petista iria &#8216;acabar com o emprego dos motoboys&#8217; ou &#8216;acabar com a [&hellip;]","og_url":"https:\/\/portalmf.com.br\/index.php\/2022\/08\/29\/ministra-do-tse-ordena-remocao-imediata-de-post-de-eduardo-bolsonaro-contra-lula\/","og_site_name":"Portal MF","article_author":"reginaldojrfsa","article_published_time":"2022-08-29T21:27:49+00:00","article_modified_time":"2022-08-29T21:27:51+00:00","og_image":[{"width":800,"height":447,"url":"https:\/\/portalmf.com.br\/wp-content\/uploads\/2022\/08\/Eduardo-Bolsonaro.jpg","type":"image\/jpeg"}],"author":"Reginaldo J\u00fanior","twitter_card":"summary_large_image","twitter_creator":"@reginaldojrmf","twitter_misc":{"Escrito por":"Reginaldo J\u00fanior","Est. tempo de leitura":"2 minutos"},"schema":{"@context":"https:\/\/schema.org","@graph":[{"@type":"WebPage","@id":"https:\/\/portalmf.com.br\/index.php\/2022\/08\/29\/ministra-do-tse-ordena-remocao-imediata-de-post-de-eduardo-bolsonaro-contra-lula\/","url":"https:\/\/portalmf.com.br\/index.php\/2022\/08\/29\/ministra-do-tse-ordena-remocao-imediata-de-post-de-eduardo-bolsonaro-contra-lula\/","name":"Ministra do TSE ordena remo\u00e7\u00e3o imediata de post de Eduardo Bolsonaro contra Lula - Portal MF","isPartOf":{"@id":"https:\/\/portalmf.com.br\/#website"},"primaryImageOfPage":{"@id":"https:\/\/portalmf.com.br\/index.php\/2022\/08\/29\/ministra-do-tse-ordena-remocao-imediata-de-post-de-eduardo-bolsonaro-contra-lula\/#primaryimage"},"image":{"@id":"https:\/\/portalmf.com.br\/index.php\/2022\/08\/29\/ministra-do-tse-ordena-remocao-imediata-de-post-de-eduardo-bolsonaro-contra-lula\/#primaryimage"},"thumbnailUrl":"https:\/\/portalmf.com.br\/wp-content\/uploads\/2022\/08\/Eduardo-Bolsonaro.jpg","datePublished":"2022-08-29T21:27:49+00:00","dateModified":"2022-08-29T21:27:51+00:00","author":{"@id":"https:\/\/portalmf.com.br\/#\/schema\/person\/11c82086fe8abc05a19147e964587285"},"breadcrumb":{"@id":"https:\/\/portalmf.com.br\/index.php\/2022\/08\/29\/ministra-do-tse-ordena-remocao-imediata-de-post-de-eduardo-bolsonaro-contra-lula\/#breadcrumb"},"inLanguage":"pt-BR","potentialAction":[{"@type":"ReadAction","target":["https:\/\/portalmf.com.br\/index.php\/2022\/08\/29\/ministra-do-tse-ordena-remocao-imediata-de-post-de-eduardo-bolsonaro-contra-lula\/"]}]},{"@type":"ImageObject","inLanguage":"pt-BR","@id":"https:\/\/portalmf.com.br\/index.php\/2022\/08\/29\/ministra-do-tse-ordena-remocao-imediata-de-post-de-eduardo-bolsonaro-contra-lula\/#primaryimage","url":"https:\/\/portalmf.com.br\/wp-content\/uploads\/2022\/08\/Eduardo-Bolsonaro.jpg","contentUrl":"https:\/\/portalmf.com.br\/wp-content\/uploads\/2022\/08\/Eduardo-Bolsonaro.jpg","width":800,"height":447,"caption":"30\/10\/2019. Cr\u00e9dito Lula Marques\/fotospublicas. Deputado Eduardo Bolsonaro (PSL)."},{"@type":"BreadcrumbList","@id":"https:\/\/portalmf.com.br\/index.php\/2022\/08\/29\/ministra-do-tse-ordena-remocao-imediata-de-post-de-eduardo-bolsonaro-contra-lula\/#breadcrumb","itemListElement":[{"@type":"ListItem","position":1,"name":"In\u00edcio","item":"https:\/\/portalmf.com.br\/"},{"@type":"ListItem","position":2,"name":"Ministra do TSE ordena remo\u00e7\u00e3o imediata de post de Eduardo Bolsonaro contra Lula"}]},{"@type":"WebSite","@id":"https:\/\/portalmf.com.br\/#website","url":"https:\/\/portalmf.com.br\/","name":"Portal MF","description":"Voc\u00ea conectado com a informa\u00e7\u00e3o","potentialAction":[{"@type":"SearchAction","target":{"@type":"EntryPoint","urlTemplate":"https:\/\/portalmf.com.br\/?s={search_term_string}"},"query-input":"required name=search_term_string"}],"inLanguage":"pt-BR"},{"@type":"Person","@id":"https:\/\/portalmf.com.br\/#\/schema\/person\/11c82086fe8abc05a19147e964587285","name":"Reginaldo J\u00fanior","image":{"@type":"ImageObject","inLanguage":"pt-BR","@id":"https:\/\/portalmf.com.br\/#\/schema\/person\/image\/","url":"https:\/\/secure.gravatar.com\/avatar\/32a3c797cd0ac47cc53b8644c62776f9?s=96&d=mm&r=g","contentUrl":"https:\/\/secure.gravatar.com\/avatar\/32a3c797cd0ac47cc53b8644c62776f9?s=96&d=mm&r=g","caption":"Reginaldo J\u00fanior"},"description":"Jornalista e idealizador Portal MF","sameAs":["https:\/\/portalmf.com.br\/index.php\/author\/reginaldojr\/","reginaldojrfsa","reginaldojuniormf","https:\/\/x.com\/reginaldojrmf"],"url":"https:\/\/portalmf.com.br\/index.php\/author\/reginaldojr\/"}]}},"_links":{"self":[{"href":"https:\/\/portalmf.com.br\/index.php\/wp-json\/wp\/v2\/posts\/3793"}],"collection":[{"href":"https:\/\/portalmf.com.br\/index.php\/wp-json\/wp\/v2\/posts"}],"about":[{"href":"https:\/\/portalmf.com.br\/index.php\/wp-json\/wp\/v2\/types\/post"}],"author":[{"embeddable":true,"href":"https:\/\/portalmf.com.br\/index.php\/wp-json\/wp\/v2\/users\/2"}],"replies":[{"embeddable":true,"href":"https:\/\/portalmf.com.br\/index.php\/wp-json\/wp\/v2\/comments?post=3793"}],"version-history":[{"count":1,"href":"https:\/\/portalmf.com.br\/index.php\/wp-json\/wp\/v2\/posts\/3793\/revisions"}],"predecessor-version":[{"id":3795,"href":"https:\/\/portalmf.com.br\/index.php\/wp-json\/wp\/v2\/posts\/3793\/revisions\/3795"}],"wp:featuredmedia":[{"embeddable":true,"href":"https:\/\/portalmf.com.br\/index.php\/wp-json\/wp\/v2\/media\/3794"}],"wp:attachment":[{"href":"https:\/\/portalmf.com.br\/index.php\/wp-json\/wp\/v2\/media?parent=3793"}],"wp:term":[{"taxonomy":"category","embeddable":true,"href":"https:\/\/portalmf.com.br\/index.php\/wp-json\/wp\/v2\/categories?post=3793"},{"taxonomy":"post_tag","embeddable":true,"href":"https:\/\/portalmf.com.br\/index.php\/wp-json\/wp\/v2\/tags?post=3793"}],"curies":[{"name":"wp","href":"https:\/\/api.w.org\/{rel}","templated":true}]}}