{"id":37906,"date":"2025-08-01T15:13:38","date_gmt":"2025-08-01T18:13:38","guid":{"rendered":"https:\/\/portalmf.com.br\/?p=37906"},"modified":"2025-08-01T15:31:13","modified_gmt":"2025-08-01T18:31:13","slug":"xanddy-harmonia-anuncia-bloco-da-torcida-e-retorna-as-muquiranas-no-carnaval-2026","status":"publish","type":"post","link":"https:\/\/portalmf.com.br\/index.php\/2025\/08\/01\/xanddy-harmonia-anuncia-bloco-da-torcida-e-retorna-as-muquiranas-no-carnaval-2026\/","title":{"rendered":"Xanddy Harmonia anuncia Bloco da Torcida e retorna \u00e0s Muquiranas no Carnaval 2026"},"content":{"rendered":"\n<p>Xanddy Harmonia acaba de divulgar as primeiras novidades para o Carnaval 2026. No domingo, Xanddy retorna ao comando do Bloco da Torcida &#8211; antigo Bloco Daquele Jeito, matando a saudade dos f\u00e3s que tanto ama e que sentiram falta do bloco em 2025.<\/p>\n\n\n\n<p>Como se n\u00e3o bastasse, 2026 tamb\u00e9m marca a estreia de um novo projeto: o Bloco da Segunda. A proposta \u00e9 trazer um formato diferente para a torcida, com abad\u00e1s exclusivos e em quantidade limitada.<\/p>\n\n\n\n<p>E as novidades n\u00e3o param por a\u00ed, depois de 10 anos, o cantor est\u00e1 de volta \u00e0s Muquiranas, onde vai homenagear os 60 anos do bloco com um desfile especial no s\u00e1bado de Carnaval.<\/p>\n\n\n\n<p>Nos pr\u00f3ximos dias, Xanddy vai divulgar toda a agenda do seu Carnaval, que este ano ter\u00e1 como tema os 110 anos do Samba \u2013 ritmo que sempre esteve presente na trajet\u00f3ria do artista.<\/p>\n\n\n\n<p><em>&#8220;Nosso encontro em 2026 ser\u00e1 lindo e muito especial. Estou preparando muitas novidades para a minha torcida&#8221;,<\/em> afirmou Xanddy.<\/p>\n\n\n\n<p>Os abad\u00e1s para o Bloco da Torcida e o Bloco da Segunda j\u00e1 est\u00e3o \u00e0 venda na plataforma Quero Abad\u00e1. J\u00e1 As Muquiranas est\u00e3o com vendas na sede oficial do bloco.<\/p>\n","protected":false},"excerpt":{"rendered":"<p>Xanddy Harmonia acaba de divulgar as primeiras novidades para o Carnaval 2026. No domingo, Xanddy retorna ao comando do Bloco da Torcida &#8211; antigo Bloco Daquele Jeito, matando a saudade dos f\u00e3s que tanto ama e que sentiram falta do bloco em 2025. Como se n\u00e3o bastasse, 2026 tamb\u00e9m marca a estreia de um novo [&hellip;]<\/p>\n","protected":false},"author":3,"featured_media":29979,"comment_status":"open","ping_status":"open","sticky":false,"template":"","format":"standard","meta":{"_monsterinsights_skip_tracking":false,"_monsterinsights_sitenote_active":false,"_monsterinsights_sitenote_note":"","_monsterinsights_sitenote_category":0,"footnotes":""},"categories":[44,48],"tags":[],"yoast_head":"<!-- This site is optimized with the Yoast SEO plugin v22.9 - https:\/\/yoast.com\/wordpress\/plugins\/seo\/ -->\n<title>Xanddy Harmonia anuncia Bloco da Torcida e retorna \u00e0s Muquiranas no Carnaval 2026 - Portal MF<\/title>\n<meta name=\"robots\" content=\"index, follow, max-snippet:-1, max-image-preview:large, max-video-preview:-1\" \/>\n<link rel=\"canonical\" href=\"https:\/\/portalmf.com.br\/index.php\/2025\/08\/01\/xanddy-harmonia-anuncia-bloco-da-torcida-e-retorna-as-muquiranas-no-carnaval-2026\/\" \/>\n<meta property=\"og:locale\" content=\"pt_BR\" \/>\n<meta property=\"og:type\" content=\"article\" \/>\n<meta property=\"og:title\" content=\"Xanddy Harmonia anuncia Bloco da Torcida e retorna \u00e0s Muquiranas no Carnaval 2026 - Portal MF\" \/>\n<meta property=\"og:description\" content=\"Xanddy Harmonia acaba de divulgar as primeiras novidades para o Carnaval 2026. No domingo, Xanddy retorna ao comando do Bloco da Torcida &#8211; antigo Bloco Daquele Jeito, matando a saudade dos f\u00e3s que tanto ama e que sentiram falta do bloco em 2025. Como se n\u00e3o bastasse, 2026 tamb\u00e9m marca a estreia de um novo [&hellip;]\" \/>\n<meta property=\"og:url\" content=\"https:\/\/portalmf.com.br\/index.php\/2025\/08\/01\/xanddy-harmonia-anuncia-bloco-da-torcida-e-retorna-as-muquiranas-no-carnaval-2026\/\" \/>\n<meta property=\"og:site_name\" content=\"Portal MF\" \/>\n<meta property=\"article:author\" content=\"https:\/\/www.facebook.com\/portalmfoficial\" \/>\n<meta property=\"article:published_time\" content=\"2025-08-01T18:13:38+00:00\" \/>\n<meta property=\"article:modified_time\" content=\"2025-08-01T18:31:13+00:00\" \/>\n<meta property=\"og:image\" content=\"https:\/\/portalmf.com.br\/wp-content\/uploads\/2024\/09\/Xanddy-Harmonia_site-e1737754458178.jpg\" \/>\n\t<meta property=\"og:image:width\" content=\"800\" \/>\n\t<meta property=\"og:image:height\" content=\"470\" \/>\n\t<meta property=\"og:image:type\" content=\"image\/jpeg\" \/>\n<meta name=\"author\" content=\"Reda\u00e7\u00e3o Portal MF\" \/>\n<meta name=\"twitter:card\" content=\"summary_large_image\" \/>\n<meta name=\"twitter:creator\" content=\"@https:\/\/x.com\/portalmfoficial\" \/>\n<meta name=\"twitter:label1\" content=\"Escrito por\" \/>\n\t<meta name=\"twitter:data1\" content=\"Reda\u00e7\u00e3o Portal MF\" \/>\n\t<meta name=\"twitter:label2\" content=\"Est. tempo de leitura\" \/>\n\t<meta name=\"twitter:data2\" content=\"2 minutos\" \/>\n<script type=\"application\/ld+json\" class=\"yoast-schema-graph\">{\"@context\":\"https:\/\/schema.org\",\"@graph\":[{\"@type\":\"WebPage\",\"@id\":\"https:\/\/portalmf.com.br\/index.php\/2025\/08\/01\/xanddy-harmonia-anuncia-bloco-da-torcida-e-retorna-as-muquiranas-no-carnaval-2026\/\",\"url\":\"https:\/\/portalmf.com.br\/index.php\/2025\/08\/01\/xanddy-harmonia-anuncia-bloco-da-torcida-e-retorna-as-muquiranas-no-carnaval-2026\/\",\"name\":\"Xanddy Harmonia anuncia Bloco da Torcida e retorna \u00e0s Muquiranas no Carnaval 2026 - Portal MF\",\"isPartOf\":{\"@id\":\"https:\/\/portalmf.com.br\/#website\"},\"primaryImageOfPage\":{\"@id\":\"https:\/\/portalmf.com.br\/index.php\/2025\/08\/01\/xanddy-harmonia-anuncia-bloco-da-torcida-e-retorna-as-muquiranas-no-carnaval-2026\/#primaryimage\"},\"image\":{\"@id\":\"https:\/\/portalmf.com.br\/index.php\/2025\/08\/01\/xanddy-harmonia-anuncia-bloco-da-torcida-e-retorna-as-muquiranas-no-carnaval-2026\/#primaryimage\"},\"thumbnailUrl\":\"https:\/\/portalmf.com.br\/wp-content\/uploads\/2024\/09\/Xanddy-Harmonia_site-e1737754458178.jpg\",\"datePublished\":\"2025-08-01T18:13:38+00:00\",\"dateModified\":\"2025-08-01T18:31:13+00:00\",\"author\":{\"@id\":\"https:\/\/portalmf.com.br\/#\/schema\/person\/9ec101baf56233e53520c26de5d6f6f0\"},\"breadcrumb\":{\"@id\":\"https:\/\/portalmf.com.br\/index.php\/2025\/08\/01\/xanddy-harmonia-anuncia-bloco-da-torcida-e-retorna-as-muquiranas-no-carnaval-2026\/#breadcrumb\"},\"inLanguage\":\"pt-BR\",\"potentialAction\":[{\"@type\":\"ReadAction\",\"target\":[\"https:\/\/portalmf.com.br\/index.php\/2025\/08\/01\/xanddy-harmonia-anuncia-bloco-da-torcida-e-retorna-as-muquiranas-no-carnaval-2026\/\"]}]},{\"@type\":\"ImageObject\",\"inLanguage\":\"pt-BR\",\"@id\":\"https:\/\/portalmf.com.br\/index.php\/2025\/08\/01\/xanddy-harmonia-anuncia-bloco-da-torcida-e-retorna-as-muquiranas-no-carnaval-2026\/#primaryimage\",\"url\":\"https:\/\/portalmf.com.br\/wp-content\/uploads\/2024\/09\/Xanddy-Harmonia_site-e1737754458178.jpg\",\"contentUrl\":\"https:\/\/portalmf.com.br\/wp-content\/uploads\/2024\/09\/Xanddy-Harmonia_site-e1737754458178.jpg\",\"width\":800,\"height\":470},{\"@type\":\"BreadcrumbList\",\"@id\":\"https:\/\/portalmf.com.br\/index.php\/2025\/08\/01\/xanddy-harmonia-anuncia-bloco-da-torcida-e-retorna-as-muquiranas-no-carnaval-2026\/#breadcrumb\",\"itemListElement\":[{\"@type\":\"ListItem\",\"position\":1,\"name\":\"In\u00edcio\",\"item\":\"https:\/\/portalmf.com.br\/\"},{\"@type\":\"ListItem\",\"position\":2,\"name\":\"Xanddy Harmonia anuncia Bloco da Torcida e retorna \u00e0s Muquiranas no Carnaval 2026\"}]},{\"@type\":\"WebSite\",\"@id\":\"https:\/\/portalmf.com.br\/#website\",\"url\":\"https:\/\/portalmf.com.br\/\",\"name\":\"Portal MF\",\"description\":\"Voc\u00ea conectado com a informa\u00e7\u00e3o\",\"potentialAction\":[{\"@type\":\"SearchAction\",\"target\":{\"@type\":\"EntryPoint\",\"urlTemplate\":\"https:\/\/portalmf.com.br\/?s={search_term_string}\"},\"query-input\":\"required name=search_term_string\"}],\"inLanguage\":\"pt-BR\"},{\"@type\":\"Person\",\"@id\":\"https:\/\/portalmf.com.br\/#\/schema\/person\/9ec101baf56233e53520c26de5d6f6f0\",\"name\":\"Reda\u00e7\u00e3o Portal MF\",\"image\":{\"@type\":\"ImageObject\",\"inLanguage\":\"pt-BR\",\"@id\":\"https:\/\/portalmf.com.br\/#\/schema\/person\/image\/\",\"url\":\"https:\/\/secure.gravatar.com\/avatar\/41b9aaeb2100835f7c64362330f74c7f?s=96&d=mm&r=g\",\"contentUrl\":\"https:\/\/secure.gravatar.com\/avatar\/41b9aaeb2100835f7c64362330f74c7f?s=96&d=mm&r=g\",\"caption\":\"Reda\u00e7\u00e3o Portal MF\"},\"description\":\"Sejam bem-vindos o portal de informa\u00e7\u00f5es de entretenimento de Feira de Santana, desde 2006 realiza coberturas dos principais eventos com entrevistas exclusivas com as principais personalidades mundiais. Fique conectado tamb\u00e9m nas redes sociais.\",\"sameAs\":[\"http:\/\/www.portalmf.com.br\/\",\"https:\/\/www.facebook.com\/portalmfoficial\",\"https:\/\/www.instagram.com\/portalmf\/\",\"https:\/\/x.com\/https:\/\/x.com\/portalmfoficial\",\"https:\/\/www.youtube.com\/@portalmfoficial\"],\"url\":\"https:\/\/portalmf.com.br\/index.php\/author\/junior\/\"}]}<\/script>\n<!-- \/ Yoast SEO plugin. -->","yoast_head_json":{"title":"Xanddy Harmonia anuncia Bloco da Torcida e retorna \u00e0s Muquiranas no Carnaval 2026 - Portal MF","robots":{"index":"index","follow":"follow","max-snippet":"max-snippet:-1","max-image-preview":"max-image-preview:large","max-video-preview":"max-video-preview:-1"},"canonical":"https:\/\/portalmf.com.br\/index.php\/2025\/08\/01\/xanddy-harmonia-anuncia-bloco-da-torcida-e-retorna-as-muquiranas-no-carnaval-2026\/","og_locale":"pt_BR","og_type":"article","og_title":"Xanddy Harmonia anuncia Bloco da Torcida e retorna \u00e0s Muquiranas no Carnaval 2026 - Portal MF","og_description":"Xanddy Harmonia acaba de divulgar as primeiras novidades para o Carnaval 2026. No domingo, Xanddy retorna ao comando do Bloco da Torcida &#8211; antigo Bloco Daquele Jeito, matando a saudade dos f\u00e3s que tanto ama e que sentiram falta do bloco em 2025. Como se n\u00e3o bastasse, 2026 tamb\u00e9m marca a estreia de um novo [&hellip;]","og_url":"https:\/\/portalmf.com.br\/index.php\/2025\/08\/01\/xanddy-harmonia-anuncia-bloco-da-torcida-e-retorna-as-muquiranas-no-carnaval-2026\/","og_site_name":"Portal MF","article_author":"https:\/\/www.facebook.com\/portalmfoficial","article_published_time":"2025-08-01T18:13:38+00:00","article_modified_time":"2025-08-01T18:31:13+00:00","og_image":[{"width":800,"height":470,"url":"https:\/\/portalmf.com.br\/wp-content\/uploads\/2024\/09\/Xanddy-Harmonia_site-e1737754458178.jpg","type":"image\/jpeg"}],"author":"Reda\u00e7\u00e3o Portal MF","twitter_card":"summary_large_image","twitter_creator":"@https:\/\/x.com\/portalmfoficial","twitter_misc":{"Escrito por":"Reda\u00e7\u00e3o Portal MF","Est. tempo de leitura":"2 minutos"},"schema":{"@context":"https:\/\/schema.org","@graph":[{"@type":"WebPage","@id":"https:\/\/portalmf.com.br\/index.php\/2025\/08\/01\/xanddy-harmonia-anuncia-bloco-da-torcida-e-retorna-as-muquiranas-no-carnaval-2026\/","url":"https:\/\/portalmf.com.br\/index.php\/2025\/08\/01\/xanddy-harmonia-anuncia-bloco-da-torcida-e-retorna-as-muquiranas-no-carnaval-2026\/","name":"Xanddy Harmonia anuncia Bloco da Torcida e retorna \u00e0s Muquiranas no Carnaval 2026 - Portal MF","isPartOf":{"@id":"https:\/\/portalmf.com.br\/#website"},"primaryImageOfPage":{"@id":"https:\/\/portalmf.com.br\/index.php\/2025\/08\/01\/xanddy-harmonia-anuncia-bloco-da-torcida-e-retorna-as-muquiranas-no-carnaval-2026\/#primaryimage"},"image":{"@id":"https:\/\/portalmf.com.br\/index.php\/2025\/08\/01\/xanddy-harmonia-anuncia-bloco-da-torcida-e-retorna-as-muquiranas-no-carnaval-2026\/#primaryimage"},"thumbnailUrl":"https:\/\/portalmf.com.br\/wp-content\/uploads\/2024\/09\/Xanddy-Harmonia_site-e1737754458178.jpg","datePublished":"2025-08-01T18:13:38+00:00","dateModified":"2025-08-01T18:31:13+00:00","author":{"@id":"https:\/\/portalmf.com.br\/#\/schema\/person\/9ec101baf56233e53520c26de5d6f6f0"},"breadcrumb":{"@id":"https:\/\/portalmf.com.br\/index.php\/2025\/08\/01\/xanddy-harmonia-anuncia-bloco-da-torcida-e-retorna-as-muquiranas-no-carnaval-2026\/#breadcrumb"},"inLanguage":"pt-BR","potentialAction":[{"@type":"ReadAction","target":["https:\/\/portalmf.com.br\/index.php\/2025\/08\/01\/xanddy-harmonia-anuncia-bloco-da-torcida-e-retorna-as-muquiranas-no-carnaval-2026\/"]}]},{"@type":"ImageObject","inLanguage":"pt-BR","@id":"https:\/\/portalmf.com.br\/index.php\/2025\/08\/01\/xanddy-harmonia-anuncia-bloco-da-torcida-e-retorna-as-muquiranas-no-carnaval-2026\/#primaryimage","url":"https:\/\/portalmf.com.br\/wp-content\/uploads\/2024\/09\/Xanddy-Harmonia_site-e1737754458178.jpg","contentUrl":"https:\/\/portalmf.com.br\/wp-content\/uploads\/2024\/09\/Xanddy-Harmonia_site-e1737754458178.jpg","width":800,"height":470},{"@type":"BreadcrumbList","@id":"https:\/\/portalmf.com.br\/index.php\/2025\/08\/01\/xanddy-harmonia-anuncia-bloco-da-torcida-e-retorna-as-muquiranas-no-carnaval-2026\/#breadcrumb","itemListElement":[{"@type":"ListItem","position":1,"name":"In\u00edcio","item":"https:\/\/portalmf.com.br\/"},{"@type":"ListItem","position":2,"name":"Xanddy Harmonia anuncia Bloco da Torcida e retorna \u00e0s Muquiranas no Carnaval 2026"}]},{"@type":"WebSite","@id":"https:\/\/portalmf.com.br\/#website","url":"https:\/\/portalmf.com.br\/","name":"Portal MF","description":"Voc\u00ea conectado com a informa\u00e7\u00e3o","potentialAction":[{"@type":"SearchAction","target":{"@type":"EntryPoint","urlTemplate":"https:\/\/portalmf.com.br\/?s={search_term_string}"},"query-input":"required name=search_term_string"}],"inLanguage":"pt-BR"},{"@type":"Person","@id":"https:\/\/portalmf.com.br\/#\/schema\/person\/9ec101baf56233e53520c26de5d6f6f0","name":"Reda\u00e7\u00e3o Portal MF","image":{"@type":"ImageObject","inLanguage":"pt-BR","@id":"https:\/\/portalmf.com.br\/#\/schema\/person\/image\/","url":"https:\/\/secure.gravatar.com\/avatar\/41b9aaeb2100835f7c64362330f74c7f?s=96&d=mm&r=g","contentUrl":"https:\/\/secure.gravatar.com\/avatar\/41b9aaeb2100835f7c64362330f74c7f?s=96&d=mm&r=g","caption":"Reda\u00e7\u00e3o Portal MF"},"description":"Sejam bem-vindos o portal de informa\u00e7\u00f5es de entretenimento de Feira de Santana, desde 2006 realiza coberturas dos principais eventos com entrevistas exclusivas com as principais personalidades mundiais. Fique conectado tamb\u00e9m nas redes sociais.","sameAs":["http:\/\/www.portalmf.com.br\/","https:\/\/www.facebook.com\/portalmfoficial","https:\/\/www.instagram.com\/portalmf\/","https:\/\/x.com\/https:\/\/x.com\/portalmfoficial","https:\/\/www.youtube.com\/@portalmfoficial"],"url":"https:\/\/portalmf.com.br\/index.php\/author\/junior\/"}]}},"_links":{"self":[{"href":"https:\/\/portalmf.com.br\/index.php\/wp-json\/wp\/v2\/posts\/37906"}],"collection":[{"href":"https:\/\/portalmf.com.br\/index.php\/wp-json\/wp\/v2\/posts"}],"about":[{"href":"https:\/\/portalmf.com.br\/index.php\/wp-json\/wp\/v2\/types\/post"}],"author":[{"embeddable":true,"href":"https:\/\/portalmf.com.br\/index.php\/wp-json\/wp\/v2\/users\/3"}],"replies":[{"embeddable":true,"href":"https:\/\/portalmf.com.br\/index.php\/wp-json\/wp\/v2\/comments?post=37906"}],"version-history":[{"count":2,"href":"https:\/\/portalmf.com.br\/index.php\/wp-json\/wp\/v2\/posts\/37906\/revisions"}],"predecessor-version":[{"id":37908,"href":"https:\/\/portalmf.com.br\/index.php\/wp-json\/wp\/v2\/posts\/37906\/revisions\/37908"}],"wp:featuredmedia":[{"embeddable":true,"href":"https:\/\/portalmf.com.br\/index.php\/wp-json\/wp\/v2\/media\/29979"}],"wp:attachment":[{"href":"https:\/\/portalmf.com.br\/index.php\/wp-json\/wp\/v2\/media?parent=37906"}],"wp:term":[{"taxonomy":"category","embeddable":true,"href":"https:\/\/portalmf.com.br\/index.php\/wp-json\/wp\/v2\/categories?post=37906"},{"taxonomy":"post_tag","embeddable":true,"href":"https:\/\/portalmf.com.br\/index.php\/wp-json\/wp\/v2\/tags?post=37906"}],"curies":[{"name":"wp","href":"https:\/\/api.w.org\/{rel}","templated":true}]}}