{"id":3790,"date":"2022-08-29T18:23:52","date_gmt":"2022-08-29T21:23:52","guid":{"rendered":"http:\/\/portalmf.com.br\/?p=3790"},"modified":"2022-08-29T18:23:54","modified_gmt":"2022-08-29T21:23:54","slug":"cerca-de-9-mil-pessoas-sao-acompanhadas-para-abandono-do-fumo-e-outras-drogas-no-caps-ad","status":"publish","type":"post","link":"https:\/\/portalmf.com.br\/index.php\/2022\/08\/29\/cerca-de-9-mil-pessoas-sao-acompanhadas-para-abandono-do-fumo-e-outras-drogas-no-caps-ad\/","title":{"rendered":"Cerca de 9 mil pessoas s\u00e3o acompanhadas para abandono do fumo e outras drogas no CAPS AD"},"content":{"rendered":"\n<p>Vencer o v\u00edcio de fumar \u00e9 uma tarefa dif\u00edcil para quem tornou da pr\u00e1tica um h\u00e1bito di\u00e1rio. Come\u00e7a com apenas um cigarro e, sem perceber, o indiv\u00edduo j\u00e1 fumou toda a carteira. No Centro de Aten\u00e7\u00e3o Psicossocial \u00c1lcool e Drogas (CAPs AD) de Feira de Santana \u00e9 poss\u00edvel encontrar ajuda e receber toda a assist\u00eancia e acompanhamento necess\u00e1rios.<\/p>\n\n\n\n<p>Atualmente, o \u00f3rg\u00e3o vinculado \u00e0 Secretaria Municipal de Sa\u00fade ajuda 8.903 pacientes que fizeram uso de subst\u00e2ncias psicoativas, sendo que 2 mil est\u00e3o ativos no tratamento.<\/p>\n\n\n\n<p>O Dia Nacional de Combate ao Fumo, comemorado nesta segunda-feira, 29, \u00e9 marcado pela sensibiliza\u00e7\u00e3o sobre os danos causados \u00e0 sa\u00fade pelo h\u00e1bito de fumar.<\/p>\n\n\n\n<p>Segundo a enfermeira e coordenadora do CAPs AD, Mariana Rios, \u00e9 trat\u00e1vel e exige do paciente muita for\u00e7a de vontade.&nbsp;Como estrat\u00e9gia para que esses pacientes continuem o tratamento, a equipe est\u00e1 realizando a busca ativa e visita domiciliar, al\u00e9m de manter o contato telef\u00f4nico frequente.<\/p>\n\n\n\n<p><em>\u201cA assist\u00eancia tamb\u00e9m envolve o acompanhamento de grupos terap\u00eauticos com reuni\u00f5es semanais, nas quais fazemos as libera\u00e7\u00f5es de medicamentos. O mais importante, no entanto, \u00e9 entender que esse processo permite que o usu\u00e1rio mude radicalmente a sua vida\u201d,<\/em> destaca a coordenadora.<\/p>\n\n\n\n<p>O CAPs AD \u00e9 refer\u00eancia no tratamento e faz em m\u00e9dia 80 atendimentos di\u00e1rios. O servi\u00e7o especializado \u00e9 prestado por uma equipe multidisciplinar formada por psic\u00f3logos, terapeutas ocupacionais, assistentes sociais, enfermeiros e psiquiatras. A unidade fica situada na rua Paris, 41, bairro Santa M\u00f4nica.<\/p>\n\n\n\n<p>Vale ressaltar que a assist\u00eancia contra o tabagismo \u00e9 descentralizada e tamb\u00e9m pode ser feita nas unidades de sa\u00fade da rede municipal.<\/p>\n\n\n\n<p>Com informa\u00e7\u00f5es da Secom\/PMFS<\/p>\n","protected":false},"excerpt":{"rendered":"<p>Vencer o v\u00edcio de fumar \u00e9 uma tarefa dif\u00edcil para quem tornou da pr\u00e1tica um h\u00e1bito di\u00e1rio. Come\u00e7a com apenas um cigarro e, sem perceber, o indiv\u00edduo j\u00e1 fumou toda a carteira. No Centro de Aten\u00e7\u00e3o Psicossocial \u00c1lcool e Drogas (CAPs AD) de Feira de Santana \u00e9 poss\u00edvel encontrar ajuda e receber toda a assist\u00eancia [&hellip;]<\/p>\n","protected":false},"author":2,"featured_media":3791,"comment_status":"open","ping_status":"open","sticky":false,"template":"","format":"standard","meta":{"_monsterinsights_skip_tracking":false,"_monsterinsights_sitenote_active":false,"_monsterinsights_sitenote_note":"","_monsterinsights_sitenote_category":0,"footnotes":""},"categories":[34],"tags":[],"yoast_head":"<!-- This site is optimized with the Yoast SEO plugin v22.9 - https:\/\/yoast.com\/wordpress\/plugins\/seo\/ -->\n<title>Cerca de 9 mil pessoas s\u00e3o acompanhadas para abandono do fumo e outras drogas no CAPS AD - Portal MF<\/title>\n<meta name=\"robots\" content=\"index, follow, max-snippet:-1, max-image-preview:large, max-video-preview:-1\" \/>\n<link rel=\"canonical\" href=\"https:\/\/portalmf.com.br\/index.php\/2022\/08\/29\/cerca-de-9-mil-pessoas-sao-acompanhadas-para-abandono-do-fumo-e-outras-drogas-no-caps-ad\/\" \/>\n<meta property=\"og:locale\" content=\"pt_BR\" \/>\n<meta property=\"og:type\" content=\"article\" \/>\n<meta property=\"og:title\" content=\"Cerca de 9 mil pessoas s\u00e3o acompanhadas para abandono do fumo e outras drogas no CAPS AD - Portal MF\" \/>\n<meta property=\"og:description\" content=\"Vencer o v\u00edcio de fumar \u00e9 uma tarefa dif\u00edcil para quem tornou da pr\u00e1tica um h\u00e1bito di\u00e1rio. Come\u00e7a com apenas um cigarro e, sem perceber, o indiv\u00edduo j\u00e1 fumou toda a carteira. No Centro de Aten\u00e7\u00e3o Psicossocial \u00c1lcool e Drogas (CAPs AD) de Feira de Santana \u00e9 poss\u00edvel encontrar ajuda e receber toda a assist\u00eancia [&hellip;]\" \/>\n<meta property=\"og:url\" content=\"https:\/\/portalmf.com.br\/index.php\/2022\/08\/29\/cerca-de-9-mil-pessoas-sao-acompanhadas-para-abandono-do-fumo-e-outras-drogas-no-caps-ad\/\" \/>\n<meta property=\"og:site_name\" content=\"Portal MF\" \/>\n<meta property=\"article:author\" content=\"reginaldojrfsa\" \/>\n<meta property=\"article:published_time\" content=\"2022-08-29T21:23:52+00:00\" \/>\n<meta property=\"article:modified_time\" content=\"2022-08-29T21:23:54+00:00\" \/>\n<meta property=\"og:image\" content=\"https:\/\/portalmf.com.br\/wp-content\/uploads\/2022\/08\/combate-ao-tabagismo-Foto-ACM-1.jpg\" \/>\n\t<meta property=\"og:image:width\" content=\"1299\" \/>\n\t<meta property=\"og:image:height\" content=\"866\" \/>\n\t<meta property=\"og:image:type\" content=\"image\/jpeg\" \/>\n<meta name=\"author\" content=\"Reginaldo J\u00fanior\" \/>\n<meta name=\"twitter:card\" content=\"summary_large_image\" \/>\n<meta name=\"twitter:creator\" content=\"@reginaldojrmf\" \/>\n<meta name=\"twitter:label1\" content=\"Escrito por\" \/>\n\t<meta name=\"twitter:data1\" content=\"Reginaldo J\u00fanior\" \/>\n\t<meta name=\"twitter:label2\" content=\"Est. tempo de leitura\" \/>\n\t<meta name=\"twitter:data2\" content=\"2 minutos\" \/>\n<script type=\"application\/ld+json\" class=\"yoast-schema-graph\">{\"@context\":\"https:\/\/schema.org\",\"@graph\":[{\"@type\":\"WebPage\",\"@id\":\"https:\/\/portalmf.com.br\/index.php\/2022\/08\/29\/cerca-de-9-mil-pessoas-sao-acompanhadas-para-abandono-do-fumo-e-outras-drogas-no-caps-ad\/\",\"url\":\"https:\/\/portalmf.com.br\/index.php\/2022\/08\/29\/cerca-de-9-mil-pessoas-sao-acompanhadas-para-abandono-do-fumo-e-outras-drogas-no-caps-ad\/\",\"name\":\"Cerca de 9 mil pessoas s\u00e3o acompanhadas para abandono do fumo e outras drogas no CAPS AD - Portal MF\",\"isPartOf\":{\"@id\":\"https:\/\/portalmf.com.br\/#website\"},\"primaryImageOfPage\":{\"@id\":\"https:\/\/portalmf.com.br\/index.php\/2022\/08\/29\/cerca-de-9-mil-pessoas-sao-acompanhadas-para-abandono-do-fumo-e-outras-drogas-no-caps-ad\/#primaryimage\"},\"image\":{\"@id\":\"https:\/\/portalmf.com.br\/index.php\/2022\/08\/29\/cerca-de-9-mil-pessoas-sao-acompanhadas-para-abandono-do-fumo-e-outras-drogas-no-caps-ad\/#primaryimage\"},\"thumbnailUrl\":\"https:\/\/portalmf.com.br\/wp-content\/uploads\/2022\/08\/combate-ao-tabagismo-Foto-ACM-1.jpg\",\"datePublished\":\"2022-08-29T21:23:52+00:00\",\"dateModified\":\"2022-08-29T21:23:54+00:00\",\"author\":{\"@id\":\"https:\/\/portalmf.com.br\/#\/schema\/person\/11c82086fe8abc05a19147e964587285\"},\"breadcrumb\":{\"@id\":\"https:\/\/portalmf.com.br\/index.php\/2022\/08\/29\/cerca-de-9-mil-pessoas-sao-acompanhadas-para-abandono-do-fumo-e-outras-drogas-no-caps-ad\/#breadcrumb\"},\"inLanguage\":\"pt-BR\",\"potentialAction\":[{\"@type\":\"ReadAction\",\"target\":[\"https:\/\/portalmf.com.br\/index.php\/2022\/08\/29\/cerca-de-9-mil-pessoas-sao-acompanhadas-para-abandono-do-fumo-e-outras-drogas-no-caps-ad\/\"]}]},{\"@type\":\"ImageObject\",\"inLanguage\":\"pt-BR\",\"@id\":\"https:\/\/portalmf.com.br\/index.php\/2022\/08\/29\/cerca-de-9-mil-pessoas-sao-acompanhadas-para-abandono-do-fumo-e-outras-drogas-no-caps-ad\/#primaryimage\",\"url\":\"https:\/\/portalmf.com.br\/wp-content\/uploads\/2022\/08\/combate-ao-tabagismo-Foto-ACM-1.jpg\",\"contentUrl\":\"https:\/\/portalmf.com.br\/wp-content\/uploads\/2022\/08\/combate-ao-tabagismo-Foto-ACM-1.jpg\",\"width\":1299,\"height\":866,\"caption\":\"Foto: ACM\"},{\"@type\":\"BreadcrumbList\",\"@id\":\"https:\/\/portalmf.com.br\/index.php\/2022\/08\/29\/cerca-de-9-mil-pessoas-sao-acompanhadas-para-abandono-do-fumo-e-outras-drogas-no-caps-ad\/#breadcrumb\",\"itemListElement\":[{\"@type\":\"ListItem\",\"position\":1,\"name\":\"In\u00edcio\",\"item\":\"https:\/\/portalmf.com.br\/\"},{\"@type\":\"ListItem\",\"position\":2,\"name\":\"Cerca de 9 mil pessoas s\u00e3o acompanhadas para abandono do fumo e outras drogas no CAPS AD\"}]},{\"@type\":\"WebSite\",\"@id\":\"https:\/\/portalmf.com.br\/#website\",\"url\":\"https:\/\/portalmf.com.br\/\",\"name\":\"Portal MF\",\"description\":\"Voc\u00ea conectado com a informa\u00e7\u00e3o\",\"potentialAction\":[{\"@type\":\"SearchAction\",\"target\":{\"@type\":\"EntryPoint\",\"urlTemplate\":\"https:\/\/portalmf.com.br\/?s={search_term_string}\"},\"query-input\":\"required name=search_term_string\"}],\"inLanguage\":\"pt-BR\"},{\"@type\":\"Person\",\"@id\":\"https:\/\/portalmf.com.br\/#\/schema\/person\/11c82086fe8abc05a19147e964587285\",\"name\":\"Reginaldo J\u00fanior\",\"image\":{\"@type\":\"ImageObject\",\"inLanguage\":\"pt-BR\",\"@id\":\"https:\/\/portalmf.com.br\/#\/schema\/person\/image\/\",\"url\":\"https:\/\/secure.gravatar.com\/avatar\/32a3c797cd0ac47cc53b8644c62776f9?s=96&d=mm&r=g\",\"contentUrl\":\"https:\/\/secure.gravatar.com\/avatar\/32a3c797cd0ac47cc53b8644c62776f9?s=96&d=mm&r=g\",\"caption\":\"Reginaldo J\u00fanior\"},\"description\":\"Jornalista e idealizador Portal MF\",\"sameAs\":[\"https:\/\/portalmf.com.br\/index.php\/author\/reginaldojr\/\",\"reginaldojrfsa\",\"reginaldojuniormf\",\"https:\/\/x.com\/reginaldojrmf\"],\"url\":\"https:\/\/portalmf.com.br\/index.php\/author\/reginaldojr\/\"}]}<\/script>\n<!-- \/ Yoast SEO plugin. -->","yoast_head_json":{"title":"Cerca de 9 mil pessoas s\u00e3o acompanhadas para abandono do fumo e outras drogas no CAPS AD - Portal MF","robots":{"index":"index","follow":"follow","max-snippet":"max-snippet:-1","max-image-preview":"max-image-preview:large","max-video-preview":"max-video-preview:-1"},"canonical":"https:\/\/portalmf.com.br\/index.php\/2022\/08\/29\/cerca-de-9-mil-pessoas-sao-acompanhadas-para-abandono-do-fumo-e-outras-drogas-no-caps-ad\/","og_locale":"pt_BR","og_type":"article","og_title":"Cerca de 9 mil pessoas s\u00e3o acompanhadas para abandono do fumo e outras drogas no CAPS AD - Portal MF","og_description":"Vencer o v\u00edcio de fumar \u00e9 uma tarefa dif\u00edcil para quem tornou da pr\u00e1tica um h\u00e1bito di\u00e1rio. Come\u00e7a com apenas um cigarro e, sem perceber, o indiv\u00edduo j\u00e1 fumou toda a carteira. No Centro de Aten\u00e7\u00e3o Psicossocial \u00c1lcool e Drogas (CAPs AD) de Feira de Santana \u00e9 poss\u00edvel encontrar ajuda e receber toda a assist\u00eancia [&hellip;]","og_url":"https:\/\/portalmf.com.br\/index.php\/2022\/08\/29\/cerca-de-9-mil-pessoas-sao-acompanhadas-para-abandono-do-fumo-e-outras-drogas-no-caps-ad\/","og_site_name":"Portal MF","article_author":"reginaldojrfsa","article_published_time":"2022-08-29T21:23:52+00:00","article_modified_time":"2022-08-29T21:23:54+00:00","og_image":[{"width":1299,"height":866,"url":"https:\/\/portalmf.com.br\/wp-content\/uploads\/2022\/08\/combate-ao-tabagismo-Foto-ACM-1.jpg","type":"image\/jpeg"}],"author":"Reginaldo J\u00fanior","twitter_card":"summary_large_image","twitter_creator":"@reginaldojrmf","twitter_misc":{"Escrito por":"Reginaldo J\u00fanior","Est. tempo de leitura":"2 minutos"},"schema":{"@context":"https:\/\/schema.org","@graph":[{"@type":"WebPage","@id":"https:\/\/portalmf.com.br\/index.php\/2022\/08\/29\/cerca-de-9-mil-pessoas-sao-acompanhadas-para-abandono-do-fumo-e-outras-drogas-no-caps-ad\/","url":"https:\/\/portalmf.com.br\/index.php\/2022\/08\/29\/cerca-de-9-mil-pessoas-sao-acompanhadas-para-abandono-do-fumo-e-outras-drogas-no-caps-ad\/","name":"Cerca de 9 mil pessoas s\u00e3o acompanhadas para abandono do fumo e outras drogas no CAPS AD - Portal MF","isPartOf":{"@id":"https:\/\/portalmf.com.br\/#website"},"primaryImageOfPage":{"@id":"https:\/\/portalmf.com.br\/index.php\/2022\/08\/29\/cerca-de-9-mil-pessoas-sao-acompanhadas-para-abandono-do-fumo-e-outras-drogas-no-caps-ad\/#primaryimage"},"image":{"@id":"https:\/\/portalmf.com.br\/index.php\/2022\/08\/29\/cerca-de-9-mil-pessoas-sao-acompanhadas-para-abandono-do-fumo-e-outras-drogas-no-caps-ad\/#primaryimage"},"thumbnailUrl":"https:\/\/portalmf.com.br\/wp-content\/uploads\/2022\/08\/combate-ao-tabagismo-Foto-ACM-1.jpg","datePublished":"2022-08-29T21:23:52+00:00","dateModified":"2022-08-29T21:23:54+00:00","author":{"@id":"https:\/\/portalmf.com.br\/#\/schema\/person\/11c82086fe8abc05a19147e964587285"},"breadcrumb":{"@id":"https:\/\/portalmf.com.br\/index.php\/2022\/08\/29\/cerca-de-9-mil-pessoas-sao-acompanhadas-para-abandono-do-fumo-e-outras-drogas-no-caps-ad\/#breadcrumb"},"inLanguage":"pt-BR","potentialAction":[{"@type":"ReadAction","target":["https:\/\/portalmf.com.br\/index.php\/2022\/08\/29\/cerca-de-9-mil-pessoas-sao-acompanhadas-para-abandono-do-fumo-e-outras-drogas-no-caps-ad\/"]}]},{"@type":"ImageObject","inLanguage":"pt-BR","@id":"https:\/\/portalmf.com.br\/index.php\/2022\/08\/29\/cerca-de-9-mil-pessoas-sao-acompanhadas-para-abandono-do-fumo-e-outras-drogas-no-caps-ad\/#primaryimage","url":"https:\/\/portalmf.com.br\/wp-content\/uploads\/2022\/08\/combate-ao-tabagismo-Foto-ACM-1.jpg","contentUrl":"https:\/\/portalmf.com.br\/wp-content\/uploads\/2022\/08\/combate-ao-tabagismo-Foto-ACM-1.jpg","width":1299,"height":866,"caption":"Foto: ACM"},{"@type":"BreadcrumbList","@id":"https:\/\/portalmf.com.br\/index.php\/2022\/08\/29\/cerca-de-9-mil-pessoas-sao-acompanhadas-para-abandono-do-fumo-e-outras-drogas-no-caps-ad\/#breadcrumb","itemListElement":[{"@type":"ListItem","position":1,"name":"In\u00edcio","item":"https:\/\/portalmf.com.br\/"},{"@type":"ListItem","position":2,"name":"Cerca de 9 mil pessoas s\u00e3o acompanhadas para abandono do fumo e outras drogas no CAPS AD"}]},{"@type":"WebSite","@id":"https:\/\/portalmf.com.br\/#website","url":"https:\/\/portalmf.com.br\/","name":"Portal MF","description":"Voc\u00ea conectado com a informa\u00e7\u00e3o","potentialAction":[{"@type":"SearchAction","target":{"@type":"EntryPoint","urlTemplate":"https:\/\/portalmf.com.br\/?s={search_term_string}"},"query-input":"required name=search_term_string"}],"inLanguage":"pt-BR"},{"@type":"Person","@id":"https:\/\/portalmf.com.br\/#\/schema\/person\/11c82086fe8abc05a19147e964587285","name":"Reginaldo J\u00fanior","image":{"@type":"ImageObject","inLanguage":"pt-BR","@id":"https:\/\/portalmf.com.br\/#\/schema\/person\/image\/","url":"https:\/\/secure.gravatar.com\/avatar\/32a3c797cd0ac47cc53b8644c62776f9?s=96&d=mm&r=g","contentUrl":"https:\/\/secure.gravatar.com\/avatar\/32a3c797cd0ac47cc53b8644c62776f9?s=96&d=mm&r=g","caption":"Reginaldo J\u00fanior"},"description":"Jornalista e idealizador Portal MF","sameAs":["https:\/\/portalmf.com.br\/index.php\/author\/reginaldojr\/","reginaldojrfsa","reginaldojuniormf","https:\/\/x.com\/reginaldojrmf"],"url":"https:\/\/portalmf.com.br\/index.php\/author\/reginaldojr\/"}]}},"_links":{"self":[{"href":"https:\/\/portalmf.com.br\/index.php\/wp-json\/wp\/v2\/posts\/3790"}],"collection":[{"href":"https:\/\/portalmf.com.br\/index.php\/wp-json\/wp\/v2\/posts"}],"about":[{"href":"https:\/\/portalmf.com.br\/index.php\/wp-json\/wp\/v2\/types\/post"}],"author":[{"embeddable":true,"href":"https:\/\/portalmf.com.br\/index.php\/wp-json\/wp\/v2\/users\/2"}],"replies":[{"embeddable":true,"href":"https:\/\/portalmf.com.br\/index.php\/wp-json\/wp\/v2\/comments?post=3790"}],"version-history":[{"count":1,"href":"https:\/\/portalmf.com.br\/index.php\/wp-json\/wp\/v2\/posts\/3790\/revisions"}],"predecessor-version":[{"id":3792,"href":"https:\/\/portalmf.com.br\/index.php\/wp-json\/wp\/v2\/posts\/3790\/revisions\/3792"}],"wp:featuredmedia":[{"embeddable":true,"href":"https:\/\/portalmf.com.br\/index.php\/wp-json\/wp\/v2\/media\/3791"}],"wp:attachment":[{"href":"https:\/\/portalmf.com.br\/index.php\/wp-json\/wp\/v2\/media?parent=3790"}],"wp:term":[{"taxonomy":"category","embeddable":true,"href":"https:\/\/portalmf.com.br\/index.php\/wp-json\/wp\/v2\/categories?post=3790"},{"taxonomy":"post_tag","embeddable":true,"href":"https:\/\/portalmf.com.br\/index.php\/wp-json\/wp\/v2\/tags?post=3790"}],"curies":[{"name":"wp","href":"https:\/\/api.w.org\/{rel}","templated":true}]}}