{"id":3764,"date":"2022-08-29T17:18:58","date_gmt":"2022-08-29T20:18:58","guid":{"rendered":"http:\/\/portalmf.com.br\/?p=3764"},"modified":"2022-08-29T17:19:00","modified_gmt":"2022-08-29T20:19:00","slug":"nos-ultimos-16-anos-o-governo-nao-esteve-comprometido-com-a-industrializacao-do-interior-diz-acm-neto","status":"publish","type":"post","link":"https:\/\/portalmf.com.br\/index.php\/2022\/08\/29\/nos-ultimos-16-anos-o-governo-nao-esteve-comprometido-com-a-industrializacao-do-interior-diz-acm-neto\/","title":{"rendered":"\u201cNos \u00faltimos 16 anos, o governo n\u00e3o esteve comprometido com a industrializa\u00e7\u00e3o do interior\u201d, diz ACM Neto"},"content":{"rendered":"\n<p>O candidato a governador ACM Neto (Uni\u00e3o Brasil) afirmou no s\u00e1bado (27), em Pau Brasil, que pretende liderar um novo ciclo de industrializa\u00e7\u00e3o do interior da Bahia, a fim de recuperar os empregos nos menores munic\u00edpios. Disse ainda que nos \u00faltimos 16 anos os governos petistas n\u00e3o estiveram comprometidos com o tema, e que por isso diversas empresas se mudaram para estados vizinhos.<\/p>\n\n\n\n<p><em>\u201cQuando a gente olha para o interior da Bahia, percebe que nos \u00faltimos 16 anos n\u00e3o houve investimentos para que o interior crescesse. Com isso, as empresas deixaram a Bahia e foram para outros estados. E com elas, os empregos tamb\u00e9m foram embora. Tudo isso sob olhar complacente do governo do estado\u201d,<\/em> discursou.<\/p>\n\n\n\n<p>Neto destacou que o seu plano de governo traz propostas para reindustrializar a Bahia de forma regionalizada, ou seja, explorando o potencial de cada por\u00e7\u00e3o do estado. <em>\u201cNo passado, n\u00f3s vimos a Bahia ter um ciclo de desenvolvimento industrial no interior, e \u00e9 isso que eu quero recuperar. Vamos levar f\u00e1bricas para o interior, dar oportunidade de emprego para as pessoas vencerem na vida\u201d, <\/em>completou.<\/p>\n\n\n\n<p>Em Pau Brasil, o candidato do Uni\u00e3o Brasil participou de uma carreata e depois de um com\u00edcio, nos seu primeiros eventos p\u00fablicos ao lado da prefeita Babi de Prado (PSD), que deixou a base governista em julho e declarou apoio ao candidato de oposi\u00e7\u00e3o. A agenda tamb\u00e9m contou com Cac\u00e1 Le\u00e3o (PP), candidato ao Senado da coliga\u00e7\u00e3o Pra Mudar a Bahia.<\/p>\n\n\n\n<p>Em seu discurso, Babi de Prado pediu para que Neto ajudasse a criar empregos na microrregi\u00e3o de Pau Brasil, pois essa \u00e9 a maior necessidade dos que nascem e crescem no munic\u00edpio<em>. \u201cPrefeita, tendo ouvido o seu discurso, n\u00e3o posso deixar de destacar que, infelizmente, a Bahia est\u00e1 em primeiro lugar do Brasil em n\u00famero de desempregados\u201d,<\/em> respondeu Neto.<\/p>\n\n\n\n<p><em>\u201cA prefeita pediu que, caso eu seja eleito, ajude a trazer uma ind\u00fastria para Pau Brasil. E eu quero dizer que isso \u00e9 poss\u00edvel. Mas, \u00e9 preciso ter vontade pol\u00edtica e \u00e9 preciso ter um governador comprometido com a gera\u00e7\u00e3o de empregos, coisa que a Bahia n\u00e3o teve nos \u00faltimos 16 anos\u201d,<\/em> completou o candidato.<\/p>\n","protected":false},"excerpt":{"rendered":"<p>O candidato a governador ACM Neto (Uni\u00e3o Brasil) afirmou no s\u00e1bado (27), em Pau Brasil, que pretende liderar um novo ciclo de industrializa\u00e7\u00e3o do interior da Bahia, a fim de recuperar os empregos nos menores munic\u00edpios. Disse ainda que nos \u00faltimos 16 anos os governos petistas n\u00e3o estiveram comprometidos com o tema, e que por [&hellip;]<\/p>\n","protected":false},"author":2,"featured_media":3765,"comment_status":"open","ping_status":"open","sticky":false,"template":"","format":"standard","meta":{"_monsterinsights_skip_tracking":false,"_monsterinsights_sitenote_active":false,"_monsterinsights_sitenote_note":"","_monsterinsights_sitenote_category":0,"footnotes":""},"categories":[34],"tags":[],"yoast_head":"<!-- This site is optimized with the Yoast SEO plugin v22.9 - https:\/\/yoast.com\/wordpress\/plugins\/seo\/ -->\n<title>\u201cNos \u00faltimos 16 anos, o governo n\u00e3o esteve comprometido com a industrializa\u00e7\u00e3o do interior\u201d, diz ACM Neto - Portal MF<\/title>\n<meta name=\"robots\" content=\"index, follow, max-snippet:-1, max-image-preview:large, max-video-preview:-1\" \/>\n<link rel=\"canonical\" href=\"https:\/\/portalmf.com.br\/index.php\/2022\/08\/29\/nos-ultimos-16-anos-o-governo-nao-esteve-comprometido-com-a-industrializacao-do-interior-diz-acm-neto\/\" \/>\n<meta property=\"og:locale\" content=\"pt_BR\" \/>\n<meta property=\"og:type\" content=\"article\" \/>\n<meta property=\"og:title\" content=\"\u201cNos \u00faltimos 16 anos, o governo n\u00e3o esteve comprometido com a industrializa\u00e7\u00e3o do interior\u201d, diz ACM Neto - Portal MF\" \/>\n<meta property=\"og:description\" content=\"O candidato a governador ACM Neto (Uni\u00e3o Brasil) afirmou no s\u00e1bado (27), em Pau Brasil, que pretende liderar um novo ciclo de industrializa\u00e7\u00e3o do interior da Bahia, a fim de recuperar os empregos nos menores munic\u00edpios. Disse ainda que nos \u00faltimos 16 anos os governos petistas n\u00e3o estiveram comprometidos com o tema, e que por [&hellip;]\" \/>\n<meta property=\"og:url\" content=\"https:\/\/portalmf.com.br\/index.php\/2022\/08\/29\/nos-ultimos-16-anos-o-governo-nao-esteve-comprometido-com-a-industrializacao-do-interior-diz-acm-neto\/\" \/>\n<meta property=\"og:site_name\" content=\"Portal MF\" \/>\n<meta property=\"article:author\" content=\"reginaldojrfsa\" \/>\n<meta property=\"article:published_time\" content=\"2022-08-29T20:18:58+00:00\" \/>\n<meta property=\"article:modified_time\" content=\"2022-08-29T20:19:00+00:00\" \/>\n<meta property=\"og:image\" content=\"https:\/\/portalmf.com.br\/wp-content\/uploads\/2022\/08\/WhatsApp-Image-2022-08-28-at-17.32.47.jpeg\" \/>\n\t<meta property=\"og:image:width\" content=\"1280\" \/>\n\t<meta property=\"og:image:height\" content=\"853\" \/>\n\t<meta property=\"og:image:type\" content=\"image\/jpeg\" \/>\n<meta name=\"author\" content=\"Reginaldo J\u00fanior\" \/>\n<meta name=\"twitter:card\" content=\"summary_large_image\" \/>\n<meta name=\"twitter:creator\" content=\"@reginaldojrmf\" \/>\n<meta name=\"twitter:label1\" content=\"Escrito por\" \/>\n\t<meta name=\"twitter:data1\" content=\"Reginaldo J\u00fanior\" \/>\n\t<meta name=\"twitter:label2\" content=\"Est. tempo de leitura\" \/>\n\t<meta name=\"twitter:data2\" content=\"2 minutos\" \/>\n<script type=\"application\/ld+json\" class=\"yoast-schema-graph\">{\"@context\":\"https:\/\/schema.org\",\"@graph\":[{\"@type\":\"WebPage\",\"@id\":\"https:\/\/portalmf.com.br\/index.php\/2022\/08\/29\/nos-ultimos-16-anos-o-governo-nao-esteve-comprometido-com-a-industrializacao-do-interior-diz-acm-neto\/\",\"url\":\"https:\/\/portalmf.com.br\/index.php\/2022\/08\/29\/nos-ultimos-16-anos-o-governo-nao-esteve-comprometido-com-a-industrializacao-do-interior-diz-acm-neto\/\",\"name\":\"\u201cNos \u00faltimos 16 anos, o governo n\u00e3o esteve comprometido com a industrializa\u00e7\u00e3o do interior\u201d, diz ACM Neto - Portal MF\",\"isPartOf\":{\"@id\":\"https:\/\/portalmf.com.br\/#website\"},\"primaryImageOfPage\":{\"@id\":\"https:\/\/portalmf.com.br\/index.php\/2022\/08\/29\/nos-ultimos-16-anos-o-governo-nao-esteve-comprometido-com-a-industrializacao-do-interior-diz-acm-neto\/#primaryimage\"},\"image\":{\"@id\":\"https:\/\/portalmf.com.br\/index.php\/2022\/08\/29\/nos-ultimos-16-anos-o-governo-nao-esteve-comprometido-com-a-industrializacao-do-interior-diz-acm-neto\/#primaryimage\"},\"thumbnailUrl\":\"https:\/\/portalmf.com.br\/wp-content\/uploads\/2022\/08\/WhatsApp-Image-2022-08-28-at-17.32.47.jpeg\",\"datePublished\":\"2022-08-29T20:18:58+00:00\",\"dateModified\":\"2022-08-29T20:19:00+00:00\",\"author\":{\"@id\":\"https:\/\/portalmf.com.br\/#\/schema\/person\/11c82086fe8abc05a19147e964587285\"},\"breadcrumb\":{\"@id\":\"https:\/\/portalmf.com.br\/index.php\/2022\/08\/29\/nos-ultimos-16-anos-o-governo-nao-esteve-comprometido-com-a-industrializacao-do-interior-diz-acm-neto\/#breadcrumb\"},\"inLanguage\":\"pt-BR\",\"potentialAction\":[{\"@type\":\"ReadAction\",\"target\":[\"https:\/\/portalmf.com.br\/index.php\/2022\/08\/29\/nos-ultimos-16-anos-o-governo-nao-esteve-comprometido-com-a-industrializacao-do-interior-diz-acm-neto\/\"]}]},{\"@type\":\"ImageObject\",\"inLanguage\":\"pt-BR\",\"@id\":\"https:\/\/portalmf.com.br\/index.php\/2022\/08\/29\/nos-ultimos-16-anos-o-governo-nao-esteve-comprometido-com-a-industrializacao-do-interior-diz-acm-neto\/#primaryimage\",\"url\":\"https:\/\/portalmf.com.br\/wp-content\/uploads\/2022\/08\/WhatsApp-Image-2022-08-28-at-17.32.47.jpeg\",\"contentUrl\":\"https:\/\/portalmf.com.br\/wp-content\/uploads\/2022\/08\/WhatsApp-Image-2022-08-28-at-17.32.47.jpeg\",\"width\":1280,\"height\":853},{\"@type\":\"BreadcrumbList\",\"@id\":\"https:\/\/portalmf.com.br\/index.php\/2022\/08\/29\/nos-ultimos-16-anos-o-governo-nao-esteve-comprometido-com-a-industrializacao-do-interior-diz-acm-neto\/#breadcrumb\",\"itemListElement\":[{\"@type\":\"ListItem\",\"position\":1,\"name\":\"In\u00edcio\",\"item\":\"https:\/\/portalmf.com.br\/\"},{\"@type\":\"ListItem\",\"position\":2,\"name\":\"\u201cNos \u00faltimos 16 anos, o governo n\u00e3o esteve comprometido com a industrializa\u00e7\u00e3o do interior\u201d, diz ACM Neto\"}]},{\"@type\":\"WebSite\",\"@id\":\"https:\/\/portalmf.com.br\/#website\",\"url\":\"https:\/\/portalmf.com.br\/\",\"name\":\"Portal MF\",\"description\":\"Voc\u00ea conectado com a informa\u00e7\u00e3o\",\"potentialAction\":[{\"@type\":\"SearchAction\",\"target\":{\"@type\":\"EntryPoint\",\"urlTemplate\":\"https:\/\/portalmf.com.br\/?s={search_term_string}\"},\"query-input\":\"required name=search_term_string\"}],\"inLanguage\":\"pt-BR\"},{\"@type\":\"Person\",\"@id\":\"https:\/\/portalmf.com.br\/#\/schema\/person\/11c82086fe8abc05a19147e964587285\",\"name\":\"Reginaldo J\u00fanior\",\"image\":{\"@type\":\"ImageObject\",\"inLanguage\":\"pt-BR\",\"@id\":\"https:\/\/portalmf.com.br\/#\/schema\/person\/image\/\",\"url\":\"https:\/\/secure.gravatar.com\/avatar\/32a3c797cd0ac47cc53b8644c62776f9?s=96&d=mm&r=g\",\"contentUrl\":\"https:\/\/secure.gravatar.com\/avatar\/32a3c797cd0ac47cc53b8644c62776f9?s=96&d=mm&r=g\",\"caption\":\"Reginaldo J\u00fanior\"},\"description\":\"Jornalista e idealizador Portal MF\",\"sameAs\":[\"https:\/\/portalmf.com.br\/index.php\/author\/reginaldojr\/\",\"reginaldojrfsa\",\"reginaldojuniormf\",\"https:\/\/x.com\/reginaldojrmf\"],\"url\":\"https:\/\/portalmf.com.br\/index.php\/author\/reginaldojr\/\"}]}<\/script>\n<!-- \/ Yoast SEO plugin. -->","yoast_head_json":{"title":"\u201cNos \u00faltimos 16 anos, o governo n\u00e3o esteve comprometido com a industrializa\u00e7\u00e3o do interior\u201d, diz ACM Neto - Portal MF","robots":{"index":"index","follow":"follow","max-snippet":"max-snippet:-1","max-image-preview":"max-image-preview:large","max-video-preview":"max-video-preview:-1"},"canonical":"https:\/\/portalmf.com.br\/index.php\/2022\/08\/29\/nos-ultimos-16-anos-o-governo-nao-esteve-comprometido-com-a-industrializacao-do-interior-diz-acm-neto\/","og_locale":"pt_BR","og_type":"article","og_title":"\u201cNos \u00faltimos 16 anos, o governo n\u00e3o esteve comprometido com a industrializa\u00e7\u00e3o do interior\u201d, diz ACM Neto - Portal MF","og_description":"O candidato a governador ACM Neto (Uni\u00e3o Brasil) afirmou no s\u00e1bado (27), em Pau Brasil, que pretende liderar um novo ciclo de industrializa\u00e7\u00e3o do interior da Bahia, a fim de recuperar os empregos nos menores munic\u00edpios. Disse ainda que nos \u00faltimos 16 anos os governos petistas n\u00e3o estiveram comprometidos com o tema, e que por [&hellip;]","og_url":"https:\/\/portalmf.com.br\/index.php\/2022\/08\/29\/nos-ultimos-16-anos-o-governo-nao-esteve-comprometido-com-a-industrializacao-do-interior-diz-acm-neto\/","og_site_name":"Portal MF","article_author":"reginaldojrfsa","article_published_time":"2022-08-29T20:18:58+00:00","article_modified_time":"2022-08-29T20:19:00+00:00","og_image":[{"width":1280,"height":853,"url":"https:\/\/portalmf.com.br\/wp-content\/uploads\/2022\/08\/WhatsApp-Image-2022-08-28-at-17.32.47.jpeg","type":"image\/jpeg"}],"author":"Reginaldo J\u00fanior","twitter_card":"summary_large_image","twitter_creator":"@reginaldojrmf","twitter_misc":{"Escrito por":"Reginaldo J\u00fanior","Est. tempo de leitura":"2 minutos"},"schema":{"@context":"https:\/\/schema.org","@graph":[{"@type":"WebPage","@id":"https:\/\/portalmf.com.br\/index.php\/2022\/08\/29\/nos-ultimos-16-anos-o-governo-nao-esteve-comprometido-com-a-industrializacao-do-interior-diz-acm-neto\/","url":"https:\/\/portalmf.com.br\/index.php\/2022\/08\/29\/nos-ultimos-16-anos-o-governo-nao-esteve-comprometido-com-a-industrializacao-do-interior-diz-acm-neto\/","name":"\u201cNos \u00faltimos 16 anos, o governo n\u00e3o esteve comprometido com a industrializa\u00e7\u00e3o do interior\u201d, diz ACM Neto - Portal MF","isPartOf":{"@id":"https:\/\/portalmf.com.br\/#website"},"primaryImageOfPage":{"@id":"https:\/\/portalmf.com.br\/index.php\/2022\/08\/29\/nos-ultimos-16-anos-o-governo-nao-esteve-comprometido-com-a-industrializacao-do-interior-diz-acm-neto\/#primaryimage"},"image":{"@id":"https:\/\/portalmf.com.br\/index.php\/2022\/08\/29\/nos-ultimos-16-anos-o-governo-nao-esteve-comprometido-com-a-industrializacao-do-interior-diz-acm-neto\/#primaryimage"},"thumbnailUrl":"https:\/\/portalmf.com.br\/wp-content\/uploads\/2022\/08\/WhatsApp-Image-2022-08-28-at-17.32.47.jpeg","datePublished":"2022-08-29T20:18:58+00:00","dateModified":"2022-08-29T20:19:00+00:00","author":{"@id":"https:\/\/portalmf.com.br\/#\/schema\/person\/11c82086fe8abc05a19147e964587285"},"breadcrumb":{"@id":"https:\/\/portalmf.com.br\/index.php\/2022\/08\/29\/nos-ultimos-16-anos-o-governo-nao-esteve-comprometido-com-a-industrializacao-do-interior-diz-acm-neto\/#breadcrumb"},"inLanguage":"pt-BR","potentialAction":[{"@type":"ReadAction","target":["https:\/\/portalmf.com.br\/index.php\/2022\/08\/29\/nos-ultimos-16-anos-o-governo-nao-esteve-comprometido-com-a-industrializacao-do-interior-diz-acm-neto\/"]}]},{"@type":"ImageObject","inLanguage":"pt-BR","@id":"https:\/\/portalmf.com.br\/index.php\/2022\/08\/29\/nos-ultimos-16-anos-o-governo-nao-esteve-comprometido-com-a-industrializacao-do-interior-diz-acm-neto\/#primaryimage","url":"https:\/\/portalmf.com.br\/wp-content\/uploads\/2022\/08\/WhatsApp-Image-2022-08-28-at-17.32.47.jpeg","contentUrl":"https:\/\/portalmf.com.br\/wp-content\/uploads\/2022\/08\/WhatsApp-Image-2022-08-28-at-17.32.47.jpeg","width":1280,"height":853},{"@type":"BreadcrumbList","@id":"https:\/\/portalmf.com.br\/index.php\/2022\/08\/29\/nos-ultimos-16-anos-o-governo-nao-esteve-comprometido-com-a-industrializacao-do-interior-diz-acm-neto\/#breadcrumb","itemListElement":[{"@type":"ListItem","position":1,"name":"In\u00edcio","item":"https:\/\/portalmf.com.br\/"},{"@type":"ListItem","position":2,"name":"\u201cNos \u00faltimos 16 anos, o governo n\u00e3o esteve comprometido com a industrializa\u00e7\u00e3o do interior\u201d, diz ACM Neto"}]},{"@type":"WebSite","@id":"https:\/\/portalmf.com.br\/#website","url":"https:\/\/portalmf.com.br\/","name":"Portal MF","description":"Voc\u00ea conectado com a informa\u00e7\u00e3o","potentialAction":[{"@type":"SearchAction","target":{"@type":"EntryPoint","urlTemplate":"https:\/\/portalmf.com.br\/?s={search_term_string}"},"query-input":"required name=search_term_string"}],"inLanguage":"pt-BR"},{"@type":"Person","@id":"https:\/\/portalmf.com.br\/#\/schema\/person\/11c82086fe8abc05a19147e964587285","name":"Reginaldo J\u00fanior","image":{"@type":"ImageObject","inLanguage":"pt-BR","@id":"https:\/\/portalmf.com.br\/#\/schema\/person\/image\/","url":"https:\/\/secure.gravatar.com\/avatar\/32a3c797cd0ac47cc53b8644c62776f9?s=96&d=mm&r=g","contentUrl":"https:\/\/secure.gravatar.com\/avatar\/32a3c797cd0ac47cc53b8644c62776f9?s=96&d=mm&r=g","caption":"Reginaldo J\u00fanior"},"description":"Jornalista e idealizador Portal MF","sameAs":["https:\/\/portalmf.com.br\/index.php\/author\/reginaldojr\/","reginaldojrfsa","reginaldojuniormf","https:\/\/x.com\/reginaldojrmf"],"url":"https:\/\/portalmf.com.br\/index.php\/author\/reginaldojr\/"}]}},"_links":{"self":[{"href":"https:\/\/portalmf.com.br\/index.php\/wp-json\/wp\/v2\/posts\/3764"}],"collection":[{"href":"https:\/\/portalmf.com.br\/index.php\/wp-json\/wp\/v2\/posts"}],"about":[{"href":"https:\/\/portalmf.com.br\/index.php\/wp-json\/wp\/v2\/types\/post"}],"author":[{"embeddable":true,"href":"https:\/\/portalmf.com.br\/index.php\/wp-json\/wp\/v2\/users\/2"}],"replies":[{"embeddable":true,"href":"https:\/\/portalmf.com.br\/index.php\/wp-json\/wp\/v2\/comments?post=3764"}],"version-history":[{"count":1,"href":"https:\/\/portalmf.com.br\/index.php\/wp-json\/wp\/v2\/posts\/3764\/revisions"}],"predecessor-version":[{"id":3766,"href":"https:\/\/portalmf.com.br\/index.php\/wp-json\/wp\/v2\/posts\/3764\/revisions\/3766"}],"wp:featuredmedia":[{"embeddable":true,"href":"https:\/\/portalmf.com.br\/index.php\/wp-json\/wp\/v2\/media\/3765"}],"wp:attachment":[{"href":"https:\/\/portalmf.com.br\/index.php\/wp-json\/wp\/v2\/media?parent=3764"}],"wp:term":[{"taxonomy":"category","embeddable":true,"href":"https:\/\/portalmf.com.br\/index.php\/wp-json\/wp\/v2\/categories?post=3764"},{"taxonomy":"post_tag","embeddable":true,"href":"https:\/\/portalmf.com.br\/index.php\/wp-json\/wp\/v2\/tags?post=3764"}],"curies":[{"name":"wp","href":"https:\/\/api.w.org\/{rel}","templated":true}]}}