{"id":3752,"date":"2022-08-29T16:02:00","date_gmt":"2022-08-29T19:02:00","guid":{"rendered":"http:\/\/portalmf.com.br\/?p=3752"},"modified":"2022-08-29T17:02:46","modified_gmt":"2022-08-29T20:02:46","slug":"babado-novo-divulga-tema-do-carnaval-2023","status":"publish","type":"post","link":"https:\/\/portalmf.com.br\/index.php\/2022\/08\/29\/babado-novo-divulga-tema-do-carnaval-2023\/","title":{"rendered":"Babado Novo divulga tema do Carnaval 2023"},"content":{"rendered":"\n<p>A banda Babado Novo, liderada pela cantora Mari Antunes acaba de divulgar qual ser\u00e1 o tema de seu Carnaval em 2023. O grupo puxar\u00e1 o Bloco Uau, na ter\u00e7a-feira de Carnaval e trar\u00e1 o Metaverso como tema.<\/p>\n\n\n\n<p>Trazendo a realidade virtual, presente na Web 3.0, o Metaverso promete ser uma revolu\u00e7\u00e3o na maneira como as pessoas se relacionam no ambiente digital, onde cada um pode ser, fazer e construir o que quiser.<\/p>\n\n\n\n<p>E foi pensando nessa realidade t\u00e3o atual, que o Babado Novo vai ousar e trazer a autenticidade que o Metaverso exige, unindo ousadia e liberdade \u2013 Mari Antunes levar\u00e1 a Web 3.0 para as ruas no Carnaval de Salvador e por onde passar, durante a folia em 2023.<\/p>\n\n\n\n<p>As fantasias que ser\u00e3o utilizadas por Mari Antunes nos 6 dias de festa vir\u00e3o todas inspiradas nas cores, tend\u00eancias e viv\u00eancias que o Metaverso traz para quem est\u00e1 inserido nesse ambiente. Com refer\u00eancias que integram o mundo virtual e o f\u00edsico, Mari ter\u00e1 em todos os seus looks cores fortes, vibrantes e que marcar\u00e3o visualmente o p\u00fablico que estiver nas ruas do Carnaval de Salvador, onde o Uau desfila, al\u00e9m de todas as apresenta\u00e7\u00f5es da cantora pelo pa\u00eds durante a folia momesca.<\/p>\n\n\n\n<p>O Bloco Uau j\u00e1 est\u00e1 sendo vendido na Sanfolia e est\u00e1 com pre\u00e7os especiais. Esse \u00e9 o momento de vivenciar uma nova realidade e uma experi\u00eancia \u00fanica junto com o Babado Novo. N\u00e3o perca tempo!<\/p>\n","protected":false},"excerpt":{"rendered":"<p>A banda Babado Novo, liderada pela cantora Mari Antunes acaba de divulgar qual ser\u00e1 o tema de seu Carnaval em 2023. O grupo puxar\u00e1 o Bloco Uau, na ter\u00e7a-feira de Carnaval e trar\u00e1 o Metaverso como tema. Trazendo a realidade virtual, presente na Web 3.0, o Metaverso promete ser uma revolu\u00e7\u00e3o na maneira como as [&hellip;]<\/p>\n","protected":false},"author":2,"featured_media":3753,"comment_status":"open","ping_status":"open","sticky":false,"template":"","format":"standard","meta":{"_monsterinsights_skip_tracking":false,"_monsterinsights_sitenote_active":false,"_monsterinsights_sitenote_note":"","_monsterinsights_sitenote_category":0,"footnotes":""},"categories":[44,47],"tags":[93,95,97,98,99,94,96],"yoast_head":"<!-- This site is optimized with the Yoast SEO plugin v22.9 - https:\/\/yoast.com\/wordpress\/plugins\/seo\/ -->\n<title>Babado Novo divulga tema do Carnaval 2023 - Portal MF<\/title>\n<meta name=\"robots\" content=\"index, follow, max-snippet:-1, max-image-preview:large, max-video-preview:-1\" \/>\n<link rel=\"canonical\" href=\"https:\/\/portalmf.com.br\/index.php\/2022\/08\/29\/babado-novo-divulga-tema-do-carnaval-2023\/\" \/>\n<meta property=\"og:locale\" content=\"pt_BR\" \/>\n<meta property=\"og:type\" content=\"article\" \/>\n<meta property=\"og:title\" content=\"Babado Novo divulga tema do Carnaval 2023 - Portal MF\" \/>\n<meta property=\"og:description\" content=\"A banda Babado Novo, liderada pela cantora Mari Antunes acaba de divulgar qual ser\u00e1 o tema de seu Carnaval em 2023. O grupo puxar\u00e1 o Bloco Uau, na ter\u00e7a-feira de Carnaval e trar\u00e1 o Metaverso como tema. Trazendo a realidade virtual, presente na Web 3.0, o Metaverso promete ser uma revolu\u00e7\u00e3o na maneira como as [&hellip;]\" \/>\n<meta property=\"og:url\" content=\"https:\/\/portalmf.com.br\/index.php\/2022\/08\/29\/babado-novo-divulga-tema-do-carnaval-2023\/\" \/>\n<meta property=\"og:site_name\" content=\"Portal MF\" \/>\n<meta property=\"article:author\" content=\"reginaldojrfsa\" \/>\n<meta property=\"article:published_time\" content=\"2022-08-29T19:02:00+00:00\" \/>\n<meta property=\"article:modified_time\" content=\"2022-08-29T20:02:46+00:00\" \/>\n<meta property=\"og:image\" content=\"https:\/\/portalmf.com.br\/wp-content\/uploads\/2022\/08\/Babado-Novo.jpeg\" \/>\n\t<meta property=\"og:image:width\" content=\"619\" \/>\n\t<meta property=\"og:image:height\" content=\"495\" \/>\n\t<meta property=\"og:image:type\" content=\"image\/jpeg\" \/>\n<meta name=\"author\" content=\"Reginaldo J\u00fanior\" \/>\n<meta name=\"twitter:card\" content=\"summary_large_image\" \/>\n<meta name=\"twitter:creator\" content=\"@reginaldojrmf\" \/>\n<meta name=\"twitter:label1\" content=\"Escrito por\" \/>\n\t<meta name=\"twitter:data1\" content=\"Reginaldo J\u00fanior\" \/>\n\t<meta name=\"twitter:label2\" content=\"Est. tempo de leitura\" \/>\n\t<meta name=\"twitter:data2\" content=\"2 minutos\" \/>\n<script type=\"application\/ld+json\" class=\"yoast-schema-graph\">{\"@context\":\"https:\/\/schema.org\",\"@graph\":[{\"@type\":\"WebPage\",\"@id\":\"https:\/\/portalmf.com.br\/index.php\/2022\/08\/29\/babado-novo-divulga-tema-do-carnaval-2023\/\",\"url\":\"https:\/\/portalmf.com.br\/index.php\/2022\/08\/29\/babado-novo-divulga-tema-do-carnaval-2023\/\",\"name\":\"Babado Novo divulga tema do Carnaval 2023 - Portal MF\",\"isPartOf\":{\"@id\":\"https:\/\/portalmf.com.br\/#website\"},\"primaryImageOfPage\":{\"@id\":\"https:\/\/portalmf.com.br\/index.php\/2022\/08\/29\/babado-novo-divulga-tema-do-carnaval-2023\/#primaryimage\"},\"image\":{\"@id\":\"https:\/\/portalmf.com.br\/index.php\/2022\/08\/29\/babado-novo-divulga-tema-do-carnaval-2023\/#primaryimage\"},\"thumbnailUrl\":\"https:\/\/portalmf.com.br\/wp-content\/uploads\/2022\/08\/Babado-Novo.jpeg\",\"datePublished\":\"2022-08-29T19:02:00+00:00\",\"dateModified\":\"2022-08-29T20:02:46+00:00\",\"author\":{\"@id\":\"https:\/\/portalmf.com.br\/#\/schema\/person\/11c82086fe8abc05a19147e964587285\"},\"breadcrumb\":{\"@id\":\"https:\/\/portalmf.com.br\/index.php\/2022\/08\/29\/babado-novo-divulga-tema-do-carnaval-2023\/#breadcrumb\"},\"inLanguage\":\"pt-BR\",\"potentialAction\":[{\"@type\":\"ReadAction\",\"target\":[\"https:\/\/portalmf.com.br\/index.php\/2022\/08\/29\/babado-novo-divulga-tema-do-carnaval-2023\/\"]}]},{\"@type\":\"ImageObject\",\"inLanguage\":\"pt-BR\",\"@id\":\"https:\/\/portalmf.com.br\/index.php\/2022\/08\/29\/babado-novo-divulga-tema-do-carnaval-2023\/#primaryimage\",\"url\":\"https:\/\/portalmf.com.br\/wp-content\/uploads\/2022\/08\/Babado-Novo.jpeg\",\"contentUrl\":\"https:\/\/portalmf.com.br\/wp-content\/uploads\/2022\/08\/Babado-Novo.jpeg\",\"width\":619,\"height\":495},{\"@type\":\"BreadcrumbList\",\"@id\":\"https:\/\/portalmf.com.br\/index.php\/2022\/08\/29\/babado-novo-divulga-tema-do-carnaval-2023\/#breadcrumb\",\"itemListElement\":[{\"@type\":\"ListItem\",\"position\":1,\"name\":\"In\u00edcio\",\"item\":\"https:\/\/portalmf.com.br\/\"},{\"@type\":\"ListItem\",\"position\":2,\"name\":\"Babado Novo divulga tema do Carnaval 2023\"}]},{\"@type\":\"WebSite\",\"@id\":\"https:\/\/portalmf.com.br\/#website\",\"url\":\"https:\/\/portalmf.com.br\/\",\"name\":\"Portal MF\",\"description\":\"Voc\u00ea conectado com a informa\u00e7\u00e3o\",\"potentialAction\":[{\"@type\":\"SearchAction\",\"target\":{\"@type\":\"EntryPoint\",\"urlTemplate\":\"https:\/\/portalmf.com.br\/?s={search_term_string}\"},\"query-input\":\"required name=search_term_string\"}],\"inLanguage\":\"pt-BR\"},{\"@type\":\"Person\",\"@id\":\"https:\/\/portalmf.com.br\/#\/schema\/person\/11c82086fe8abc05a19147e964587285\",\"name\":\"Reginaldo J\u00fanior\",\"image\":{\"@type\":\"ImageObject\",\"inLanguage\":\"pt-BR\",\"@id\":\"https:\/\/portalmf.com.br\/#\/schema\/person\/image\/\",\"url\":\"https:\/\/secure.gravatar.com\/avatar\/32a3c797cd0ac47cc53b8644c62776f9?s=96&d=mm&r=g\",\"contentUrl\":\"https:\/\/secure.gravatar.com\/avatar\/32a3c797cd0ac47cc53b8644c62776f9?s=96&d=mm&r=g\",\"caption\":\"Reginaldo J\u00fanior\"},\"description\":\"Jornalista e idealizador Portal MF\",\"sameAs\":[\"https:\/\/portalmf.com.br\/index.php\/author\/reginaldojr\/\",\"reginaldojrfsa\",\"reginaldojuniormf\",\"https:\/\/x.com\/reginaldojrmf\"],\"url\":\"https:\/\/portalmf.com.br\/index.php\/author\/reginaldojr\/\"}]}<\/script>\n<!-- \/ Yoast SEO plugin. -->","yoast_head_json":{"title":"Babado Novo divulga tema do Carnaval 2023 - Portal MF","robots":{"index":"index","follow":"follow","max-snippet":"max-snippet:-1","max-image-preview":"max-image-preview:large","max-video-preview":"max-video-preview:-1"},"canonical":"https:\/\/portalmf.com.br\/index.php\/2022\/08\/29\/babado-novo-divulga-tema-do-carnaval-2023\/","og_locale":"pt_BR","og_type":"article","og_title":"Babado Novo divulga tema do Carnaval 2023 - Portal MF","og_description":"A banda Babado Novo, liderada pela cantora Mari Antunes acaba de divulgar qual ser\u00e1 o tema de seu Carnaval em 2023. O grupo puxar\u00e1 o Bloco Uau, na ter\u00e7a-feira de Carnaval e trar\u00e1 o Metaverso como tema. Trazendo a realidade virtual, presente na Web 3.0, o Metaverso promete ser uma revolu\u00e7\u00e3o na maneira como as [&hellip;]","og_url":"https:\/\/portalmf.com.br\/index.php\/2022\/08\/29\/babado-novo-divulga-tema-do-carnaval-2023\/","og_site_name":"Portal MF","article_author":"reginaldojrfsa","article_published_time":"2022-08-29T19:02:00+00:00","article_modified_time":"2022-08-29T20:02:46+00:00","og_image":[{"width":619,"height":495,"url":"https:\/\/portalmf.com.br\/wp-content\/uploads\/2022\/08\/Babado-Novo.jpeg","type":"image\/jpeg"}],"author":"Reginaldo J\u00fanior","twitter_card":"summary_large_image","twitter_creator":"@reginaldojrmf","twitter_misc":{"Escrito por":"Reginaldo J\u00fanior","Est. tempo de leitura":"2 minutos"},"schema":{"@context":"https:\/\/schema.org","@graph":[{"@type":"WebPage","@id":"https:\/\/portalmf.com.br\/index.php\/2022\/08\/29\/babado-novo-divulga-tema-do-carnaval-2023\/","url":"https:\/\/portalmf.com.br\/index.php\/2022\/08\/29\/babado-novo-divulga-tema-do-carnaval-2023\/","name":"Babado Novo divulga tema do Carnaval 2023 - Portal MF","isPartOf":{"@id":"https:\/\/portalmf.com.br\/#website"},"primaryImageOfPage":{"@id":"https:\/\/portalmf.com.br\/index.php\/2022\/08\/29\/babado-novo-divulga-tema-do-carnaval-2023\/#primaryimage"},"image":{"@id":"https:\/\/portalmf.com.br\/index.php\/2022\/08\/29\/babado-novo-divulga-tema-do-carnaval-2023\/#primaryimage"},"thumbnailUrl":"https:\/\/portalmf.com.br\/wp-content\/uploads\/2022\/08\/Babado-Novo.jpeg","datePublished":"2022-08-29T19:02:00+00:00","dateModified":"2022-08-29T20:02:46+00:00","author":{"@id":"https:\/\/portalmf.com.br\/#\/schema\/person\/11c82086fe8abc05a19147e964587285"},"breadcrumb":{"@id":"https:\/\/portalmf.com.br\/index.php\/2022\/08\/29\/babado-novo-divulga-tema-do-carnaval-2023\/#breadcrumb"},"inLanguage":"pt-BR","potentialAction":[{"@type":"ReadAction","target":["https:\/\/portalmf.com.br\/index.php\/2022\/08\/29\/babado-novo-divulga-tema-do-carnaval-2023\/"]}]},{"@type":"ImageObject","inLanguage":"pt-BR","@id":"https:\/\/portalmf.com.br\/index.php\/2022\/08\/29\/babado-novo-divulga-tema-do-carnaval-2023\/#primaryimage","url":"https:\/\/portalmf.com.br\/wp-content\/uploads\/2022\/08\/Babado-Novo.jpeg","contentUrl":"https:\/\/portalmf.com.br\/wp-content\/uploads\/2022\/08\/Babado-Novo.jpeg","width":619,"height":495},{"@type":"BreadcrumbList","@id":"https:\/\/portalmf.com.br\/index.php\/2022\/08\/29\/babado-novo-divulga-tema-do-carnaval-2023\/#breadcrumb","itemListElement":[{"@type":"ListItem","position":1,"name":"In\u00edcio","item":"https:\/\/portalmf.com.br\/"},{"@type":"ListItem","position":2,"name":"Babado Novo divulga tema do Carnaval 2023"}]},{"@type":"WebSite","@id":"https:\/\/portalmf.com.br\/#website","url":"https:\/\/portalmf.com.br\/","name":"Portal MF","description":"Voc\u00ea conectado com a informa\u00e7\u00e3o","potentialAction":[{"@type":"SearchAction","target":{"@type":"EntryPoint","urlTemplate":"https:\/\/portalmf.com.br\/?s={search_term_string}"},"query-input":"required name=search_term_string"}],"inLanguage":"pt-BR"},{"@type":"Person","@id":"https:\/\/portalmf.com.br\/#\/schema\/person\/11c82086fe8abc05a19147e964587285","name":"Reginaldo J\u00fanior","image":{"@type":"ImageObject","inLanguage":"pt-BR","@id":"https:\/\/portalmf.com.br\/#\/schema\/person\/image\/","url":"https:\/\/secure.gravatar.com\/avatar\/32a3c797cd0ac47cc53b8644c62776f9?s=96&d=mm&r=g","contentUrl":"https:\/\/secure.gravatar.com\/avatar\/32a3c797cd0ac47cc53b8644c62776f9?s=96&d=mm&r=g","caption":"Reginaldo J\u00fanior"},"description":"Jornalista e idealizador Portal MF","sameAs":["https:\/\/portalmf.com.br\/index.php\/author\/reginaldojr\/","reginaldojrfsa","reginaldojuniormf","https:\/\/x.com\/reginaldojrmf"],"url":"https:\/\/portalmf.com.br\/index.php\/author\/reginaldojr\/"}]}},"_links":{"self":[{"href":"https:\/\/portalmf.com.br\/index.php\/wp-json\/wp\/v2\/posts\/3752"}],"collection":[{"href":"https:\/\/portalmf.com.br\/index.php\/wp-json\/wp\/v2\/posts"}],"about":[{"href":"https:\/\/portalmf.com.br\/index.php\/wp-json\/wp\/v2\/types\/post"}],"author":[{"embeddable":true,"href":"https:\/\/portalmf.com.br\/index.php\/wp-json\/wp\/v2\/users\/2"}],"replies":[{"embeddable":true,"href":"https:\/\/portalmf.com.br\/index.php\/wp-json\/wp\/v2\/comments?post=3752"}],"version-history":[{"count":1,"href":"https:\/\/portalmf.com.br\/index.php\/wp-json\/wp\/v2\/posts\/3752\/revisions"}],"predecessor-version":[{"id":3754,"href":"https:\/\/portalmf.com.br\/index.php\/wp-json\/wp\/v2\/posts\/3752\/revisions\/3754"}],"wp:featuredmedia":[{"embeddable":true,"href":"https:\/\/portalmf.com.br\/index.php\/wp-json\/wp\/v2\/media\/3753"}],"wp:attachment":[{"href":"https:\/\/portalmf.com.br\/index.php\/wp-json\/wp\/v2\/media?parent=3752"}],"wp:term":[{"taxonomy":"category","embeddable":true,"href":"https:\/\/portalmf.com.br\/index.php\/wp-json\/wp\/v2\/categories?post=3752"},{"taxonomy":"post_tag","embeddable":true,"href":"https:\/\/portalmf.com.br\/index.php\/wp-json\/wp\/v2\/tags?post=3752"}],"curies":[{"name":"wp","href":"https:\/\/api.w.org\/{rel}","templated":true}]}}